{"id":24008,"date":"2018-06-28T08:38:48","date_gmt":"2018-06-28T06:38:48","guid":{"rendered":"http:\/\/esplac.cat\/?p=17839"},"modified":"2018-06-28T08:38:48","modified_gmt":"2018-06-28T06:38:48","slug":"convocatoria-identitat-visual-monifestat-2019","status":"publish","type":"post","link":"https:\/\/www.esplac.cat\/es\/convocatoria-identitat-visual-monifestat-2019\/","title":{"rendered":"Convocat\u00f2ria oberta: realitzaci\u00f3 de la identitat visual de la  MONIFESTA&#8217;T 2019"},"content":{"rendered":"<p style=\"text-align: justify;\">Esplais Catalans fem una convocat\u00f2ria oberta a professionals del disseny, la il\u00b7lustraci\u00f3, la publicitat, i a empreses del sector per a l\u2019enc\u00e0rrec d\u2019un treball consistent en la realitzaci\u00f3 de la identitat visual de la <strong>Monifesta&#8217;t 2019.<\/strong><\/p>\n<p style=\"text-align: justify;\">A trav\u00e9s d\u2019aquesta crida a projecte seleccionarem el\/la professional o l\u2019empresa del sector que haur\u00e0 de realitzar els treballs que s\u2019indiquen a continuaci\u00f3:<\/p>\n<ul style=\"text-align: justify;\">\n<li><strong>Disseny i realitzaci\u00f3 de la imatge gr\u00e0fica de la Monifesta&#8217;t 2019.<\/strong><\/li>\n<li><strong>Aplicaci\u00f3 d\u2019aquesta imatge al cartellisme, la papereria, el marxandatge, el web i les xarxes socials de l\u2019entitat.<\/strong><\/li>\n<\/ul>\n<p style=\"text-align: justify;\">El pressupost per al desenvolupament d\u2019aquest enc\u00e0rrec \u00e9s d\u2019un m\u00e0xim de 1600 \u20ac \u0080(IVA incl\u00f2s). La<strong> data l\u00edmit<\/strong> per a l\u2019enviament de candidatures finalitza el dilluns\u00a0<strong>16 de juliol de 2018<\/strong> a les 23.59 h.<\/p>\n<p style=\"text-align: justify;\">Volem remarcar que no sol\u00b7licitem l\u2019enviament d\u2019una proposta sin\u00f3 una selecci\u00f3 de treballs realitzats fins al moment pel candidat o la candidata.<\/p>\n<p style=\"text-align: justify;\">Us recomanem que llegiu detalladament les bases de la convocat\u00f2ria en\u00a0aquest\u00a0enlla\u00e7:<\/p>\n","protected":false},"excerpt":{"rendered":"<p>Esplais Catalans fem una convocat\u00f2ria oberta a professionals del disseny, [&hellip;]<\/p>\n","protected":false},"author":1,"featured_media":24009,"comment_status":"closed","ping_status":"open","sticky":false,"template":"","format":"standard","meta":{"om_disable_all_campaigns":false,"_monsterinsights_skip_tracking":false,"_monsterinsights_sitenote_active":false,"_monsterinsights_sitenote_note":"","_monsterinsights_sitenote_category":0,"_uf_show_specific_survey":0,"_uf_disable_surveys":false,"footnotes":""},"categories":[1115,1],"tags":[986,987,185],"class_list":["post-24008","post","type-post","status-publish","format-standard","has-post-thumbnail","hentry","category-monifestat","category-sense-categoria","tag-convocatoria","tag-identitat-visual","tag-monifestat"],"yoast_head":"<!-- This site is optimized with the Yoast SEO plugin v27.4 - https:\/\/yoast.com\/product\/yoast-seo-wordpress\/ -->\n<title>Convocat\u00f2ria oberta: realitzaci\u00f3 de la identitat visual de la MONIFESTA&#039;T 2019 - Esplac<\/title>\n<meta name=\"robots\" content=\"index, follow, max-snippet:-1, max-image-preview:large, max-video-preview:-1\" \/>\n<link rel=\"canonical\" href=\"https:\/\/www.esplac.cat\/es\/convocatoria-identitat-visual-monifestat-2019\/\" \/>\n<meta property=\"og:locale\" content=\"es_ES\" \/>\n<meta property=\"og:type\" content=\"article\" \/>\n<meta property=\"og:title\" content=\"Convocat\u00f2ria oberta: realitzaci\u00f3 de la identitat visual de la MONIFESTA&#039;T 2019 - Esplac\" \/>\n<meta property=\"og:description\" content=\"Esplais Catalans fem una convocat\u00f2ria oberta a professionals del disseny, [&hellip;]\" \/>\n<meta property=\"og:url\" content=\"https:\/\/www.esplac.cat\/es\/convocatoria-identitat-visual-monifestat-2019\/\" \/>\n<meta property=\"og:site_name\" content=\"Esplac\" \/>\n<meta property=\"article:published_time\" content=\"2018-06-28T06:38:48+00:00\" \/>\n<meta property=\"og:image\" content=\"https:\/\/www.esplac.cat\/wp-content\/uploads\/2018\/06\/disseny.jpg\" \/>\n\t<meta property=\"og:image:width\" content=\"847\" \/>\n\t<meta property=\"og:image:height\" content=\"350\" \/>\n\t<meta property=\"og:image:type\" content=\"image\/jpeg\" \/>\n<meta name=\"author\" content=\"root\" \/>\n<meta name=\"twitter:card\" content=\"summary_large_image\" \/>\n<meta name=\"twitter:label1\" content=\"Escrito por\" \/>\n\t<meta name=\"twitter:data1\" content=\"root\" \/>\n\t<meta name=\"twitter:label2\" content=\"Tiempo de lectura\" \/>\n\t<meta name=\"twitter:data2\" content=\"1 minuto\" \/>\n<script type=\"application\/ld+json\" class=\"yoast-schema-graph\">{\"@context\":\"https:\\\/\\\/schema.org\",\"@graph\":[{\"@type\":\"Article\",\"@id\":\"https:\\\/\\\/www.esplac.cat\\\/es\\\/convocatoria-identitat-visual-monifestat-2019\\\/#article\",\"isPartOf\":{\"@id\":\"https:\\\/\\\/www.esplac.cat\\\/es\\\/convocatoria-identitat-visual-monifestat-2019\\\/\"},\"author\":{\"name\":\"root\",\"@id\":\"https:\\\/\\\/www.esplac.cat\\\/#\\\/schema\\\/person\\\/8d7ee340c02b239b152b9ff2c3d40766\"},\"headline\":\"Convocat\u00f2ria oberta: realitzaci\u00f3 de la identitat visual de la MONIFESTA&#8217;T 2019\",\"datePublished\":\"2018-06-28T06:38:48+00:00\",\"mainEntityOfPage\":{\"@id\":\"https:\\\/\\\/www.esplac.cat\\\/es\\\/convocatoria-identitat-visual-monifestat-2019\\\/\"},\"wordCount\":250,\"publisher\":{\"@id\":\"https:\\\/\\\/www.esplac.cat\\\/#organization\"},\"image\":{\"@id\":\"https:\\\/\\\/www.esplac.cat\\\/es\\\/convocatoria-identitat-visual-monifestat-2019\\\/#primaryimage\"},\"thumbnailUrl\":\"https:\\\/\\\/www.esplac.cat\\\/wp-content\\\/uploads\\\/2018\\\/06\\\/disseny.jpg\",\"keywords\":[\"convocat\u00f2ria\",\"identitat visual\",\"monifesta't\"],\"articleSection\":[\"Monifesta't\",\"Sense categoria\"],\"inLanguage\":\"es\"},{\"@type\":\"WebPage\",\"@id\":\"https:\\\/\\\/www.esplac.cat\\\/es\\\/convocatoria-identitat-visual-monifestat-2019\\\/\",\"url\":\"https:\\\/\\\/www.esplac.cat\\\/es\\\/convocatoria-identitat-visual-monifestat-2019\\\/\",\"name\":\"Convocat\u00f2ria oberta: realitzaci\u00f3 de la identitat visual de la MONIFESTA'T 2019 - Esplac\",\"isPartOf\":{\"@id\":\"https:\\\/\\\/www.esplac.cat\\\/#website\"},\"primaryImageOfPage\":{\"@id\":\"https:\\\/\\\/www.esplac.cat\\\/es\\\/convocatoria-identitat-visual-monifestat-2019\\\/#primaryimage\"},\"image\":{\"@id\":\"https:\\\/\\\/www.esplac.cat\\\/es\\\/convocatoria-identitat-visual-monifestat-2019\\\/#primaryimage\"},\"thumbnailUrl\":\"https:\\\/\\\/www.esplac.cat\\\/wp-content\\\/uploads\\\/2018\\\/06\\\/disseny.jpg\",\"datePublished\":\"2018-06-28T06:38:48+00:00\",\"breadcrumb\":{\"@id\":\"https:\\\/\\\/www.esplac.cat\\\/es\\\/convocatoria-identitat-visual-monifestat-2019\\\/#breadcrumb\"},\"inLanguage\":\"es\",\"potentialAction\":[{\"@type\":\"ReadAction\",\"target\":[\"https:\\\/\\\/www.esplac.cat\\\/es\\\/convocatoria-identitat-visual-monifestat-2019\\\/\"]}]},{\"@type\":\"ImageObject\",\"inLanguage\":\"es\",\"@id\":\"https:\\\/\\\/www.esplac.cat\\\/es\\\/convocatoria-identitat-visual-monifestat-2019\\\/#primaryimage\",\"url\":\"https:\\\/\\\/www.esplac.cat\\\/wp-content\\\/uploads\\\/2018\\\/06\\\/disseny.jpg\",\"contentUrl\":\"https:\\\/\\\/www.esplac.cat\\\/wp-content\\\/uploads\\\/2018\\\/06\\\/disseny.jpg\",\"width\":847,\"height\":350},{\"@type\":\"BreadcrumbList\",\"@id\":\"https:\\\/\\\/www.esplac.cat\\\/es\\\/convocatoria-identitat-visual-monifestat-2019\\\/#breadcrumb\",\"itemListElement\":[{\"@type\":\"ListItem\",\"position\":1,\"name\":\"Inici\",\"item\":\"https:\\\/\\\/www.esplac.cat\\\/es\\\/\"},{\"@type\":\"ListItem\",\"position\":2,\"name\":\"Convocat\u00f2ria oberta: realitzaci\u00f3 de la identitat visual de la MONIFESTA&#8217;T 2019\"}]},{\"@type\":\"WebSite\",\"@id\":\"https:\\\/\\\/www.esplac.cat\\\/#website\",\"url\":\"https:\\\/\\\/www.esplac.cat\\\/\",\"name\":\"Esplac\",\"description\":\"Esplais Catalans\",\"publisher\":{\"@id\":\"https:\\\/\\\/www.esplac.cat\\\/#organization\"},\"potentialAction\":[{\"@type\":\"SearchAction\",\"target\":{\"@type\":\"EntryPoint\",\"urlTemplate\":\"https:\\\/\\\/www.esplac.cat\\\/?s={search_term_string}\"},\"query-input\":{\"@type\":\"PropertyValueSpecification\",\"valueRequired\":true,\"valueName\":\"search_term_string\"}}],\"inLanguage\":\"es\"},{\"@type\":\"Organization\",\"@id\":\"https:\\\/\\\/www.esplac.cat\\\/#organization\",\"name\":\"Esplac\",\"url\":\"https:\\\/\\\/www.esplac.cat\\\/\",\"logo\":{\"@type\":\"ImageObject\",\"inLanguage\":\"es\",\"@id\":\"https:\\\/\\\/www.esplac.cat\\\/#\\\/schema\\\/logo\\\/image\\\/\",\"url\":\"https:\\\/\\\/www.esplac.cat\\\/wp-content\\\/uploads\\\/2019\\\/08\\\/logox2.png\",\"contentUrl\":\"https:\\\/\\\/www.esplac.cat\\\/wp-content\\\/uploads\\\/2019\\\/08\\\/logox2.png\",\"width\":600,\"height\":295,\"caption\":\"Esplac\"},\"image\":{\"@id\":\"https:\\\/\\\/www.esplac.cat\\\/#\\\/schema\\\/logo\\\/image\\\/\"}},{\"@type\":\"Person\",\"@id\":\"https:\\\/\\\/www.esplac.cat\\\/#\\\/schema\\\/person\\\/8d7ee340c02b239b152b9ff2c3d40766\",\"name\":\"root\",\"image\":{\"@type\":\"ImageObject\",\"inLanguage\":\"es\",\"@id\":\"https:\\\/\\\/secure.gravatar.com\\\/avatar\\\/9356757d53af8c5db257f894fbbd9ee7446c25af07cd2e7844bd1cf43acef754?s=96&d=mm&r=g\",\"url\":\"https:\\\/\\\/secure.gravatar.com\\\/avatar\\\/9356757d53af8c5db257f894fbbd9ee7446c25af07cd2e7844bd1cf43acef754?s=96&d=mm&r=g\",\"contentUrl\":\"https:\\\/\\\/secure.gravatar.com\\\/avatar\\\/9356757d53af8c5db257f894fbbd9ee7446c25af07cd2e7844bd1cf43acef754?s=96&d=mm&r=g\",\"caption\":\"root\"}}]}<\/script>\n<!-- \/ Yoast SEO plugin. -->","yoast_head_json":{"title":"Convocat\u00f2ria oberta: realitzaci\u00f3 de la identitat visual de la MONIFESTA'T 2019 - Esplac","robots":{"index":"index","follow":"follow","max-snippet":"max-snippet:-1","max-image-preview":"max-image-preview:large","max-video-preview":"max-video-preview:-1"},"canonical":"https:\/\/www.esplac.cat\/es\/convocatoria-identitat-visual-monifestat-2019\/","og_locale":"es_ES","og_type":"article","og_title":"Convocat\u00f2ria oberta: realitzaci\u00f3 de la identitat visual de la MONIFESTA'T 2019 - Esplac","og_description":"Esplais Catalans fem una convocat\u00f2ria oberta a professionals del disseny, [&hellip;]","og_url":"https:\/\/www.esplac.cat\/es\/convocatoria-identitat-visual-monifestat-2019\/","og_site_name":"Esplac","article_published_time":"2018-06-28T06:38:48+00:00","og_image":[{"width":847,"height":350,"url":"https:\/\/www.esplac.cat\/wp-content\/uploads\/2018\/06\/disseny.jpg","type":"image\/jpeg"}],"author":"root","twitter_card":"summary_large_image","twitter_misc":{"Escrito por":"root","Tiempo de lectura":"1 minuto"},"schema":{"@context":"https:\/\/schema.org","@graph":[{"@type":"Article","@id":"https:\/\/www.esplac.cat\/es\/convocatoria-identitat-visual-monifestat-2019\/#article","isPartOf":{"@id":"https:\/\/www.esplac.cat\/es\/convocatoria-identitat-visual-monifestat-2019\/"},"author":{"name":"root","@id":"https:\/\/www.esplac.cat\/#\/schema\/person\/8d7ee340c02b239b152b9ff2c3d40766"},"headline":"Convocat\u00f2ria oberta: realitzaci\u00f3 de la identitat visual de la MONIFESTA&#8217;T 2019","datePublished":"2018-06-28T06:38:48+00:00","mainEntityOfPage":{"@id":"https:\/\/www.esplac.cat\/es\/convocatoria-identitat-visual-monifestat-2019\/"},"wordCount":250,"publisher":{"@id":"https:\/\/www.esplac.cat\/#organization"},"image":{"@id":"https:\/\/www.esplac.cat\/es\/convocatoria-identitat-visual-monifestat-2019\/#primaryimage"},"thumbnailUrl":"https:\/\/www.esplac.cat\/wp-content\/uploads\/2018\/06\/disseny.jpg","keywords":["convocat\u00f2ria","identitat visual","monifesta't"],"articleSection":["Monifesta't","Sense categoria"],"inLanguage":"es"},{"@type":"WebPage","@id":"https:\/\/www.esplac.cat\/es\/convocatoria-identitat-visual-monifestat-2019\/","url":"https:\/\/www.esplac.cat\/es\/convocatoria-identitat-visual-monifestat-2019\/","name":"Convocat\u00f2ria oberta: realitzaci\u00f3 de la identitat visual de la MONIFESTA'T 2019 - Esplac","isPartOf":{"@id":"https:\/\/www.esplac.cat\/#website"},"primaryImageOfPage":{"@id":"https:\/\/www.esplac.cat\/es\/convocatoria-identitat-visual-monifestat-2019\/#primaryimage"},"image":{"@id":"https:\/\/www.esplac.cat\/es\/convocatoria-identitat-visual-monifestat-2019\/#primaryimage"},"thumbnailUrl":"https:\/\/www.esplac.cat\/wp-content\/uploads\/2018\/06\/disseny.jpg","datePublished":"2018-06-28T06:38:48+00:00","breadcrumb":{"@id":"https:\/\/www.esplac.cat\/es\/convocatoria-identitat-visual-monifestat-2019\/#breadcrumb"},"inLanguage":"es","potentialAction":[{"@type":"ReadAction","target":["https:\/\/www.esplac.cat\/es\/convocatoria-identitat-visual-monifestat-2019\/"]}]},{"@type":"ImageObject","inLanguage":"es","@id":"https:\/\/www.esplac.cat\/es\/convocatoria-identitat-visual-monifestat-2019\/#primaryimage","url":"https:\/\/www.esplac.cat\/wp-content\/uploads\/2018\/06\/disseny.jpg","contentUrl":"https:\/\/www.esplac.cat\/wp-content\/uploads\/2018\/06\/disseny.jpg","width":847,"height":350},{"@type":"BreadcrumbList","@id":"https:\/\/www.esplac.cat\/es\/convocatoria-identitat-visual-monifestat-2019\/#breadcrumb","itemListElement":[{"@type":"ListItem","position":1,"name":"Inici","item":"https:\/\/www.esplac.cat\/es\/"},{"@type":"ListItem","position":2,"name":"Convocat\u00f2ria oberta: realitzaci\u00f3 de la identitat visual de la MONIFESTA&#8217;T 2019"}]},{"@type":"WebSite","@id":"https:\/\/www.esplac.cat\/#website","url":"https:\/\/www.esplac.cat\/","name":"Esplac","description":"Esplais Catalans","publisher":{"@id":"https:\/\/www.esplac.cat\/#organization"},"potentialAction":[{"@type":"SearchAction","target":{"@type":"EntryPoint","urlTemplate":"https:\/\/www.esplac.cat\/?s={search_term_string}"},"query-input":{"@type":"PropertyValueSpecification","valueRequired":true,"valueName":"search_term_string"}}],"inLanguage":"es"},{"@type":"Organization","@id":"https:\/\/www.esplac.cat\/#organization","name":"Esplac","url":"https:\/\/www.esplac.cat\/","logo":{"@type":"ImageObject","inLanguage":"es","@id":"https:\/\/www.esplac.cat\/#\/schema\/logo\/image\/","url":"https:\/\/www.esplac.cat\/wp-content\/uploads\/2019\/08\/logox2.png","contentUrl":"https:\/\/www.esplac.cat\/wp-content\/uploads\/2019\/08\/logox2.png","width":600,"height":295,"caption":"Esplac"},"image":{"@id":"https:\/\/www.esplac.cat\/#\/schema\/logo\/image\/"}},{"@type":"Person","@id":"https:\/\/www.esplac.cat\/#\/schema\/person\/8d7ee340c02b239b152b9ff2c3d40766","name":"root","image":{"@type":"ImageObject","inLanguage":"es","@id":"https:\/\/secure.gravatar.com\/avatar\/9356757d53af8c5db257f894fbbd9ee7446c25af07cd2e7844bd1cf43acef754?s=96&d=mm&r=g","url":"https:\/\/secure.gravatar.com\/avatar\/9356757d53af8c5db257f894fbbd9ee7446c25af07cd2e7844bd1cf43acef754?s=96&d=mm&r=g","contentUrl":"https:\/\/secure.gravatar.com\/avatar\/9356757d53af8c5db257f894fbbd9ee7446c25af07cd2e7844bd1cf43acef754?s=96&d=mm&r=g","caption":"root"}}]}},"_links":{"self":[{"href":"https:\/\/www.esplac.cat\/es\/wp-json\/wp\/v2\/posts\/24008","targetHints":{"allow":["GET"]}}],"collection":[{"href":"https:\/\/www.esplac.cat\/es\/wp-json\/wp\/v2\/posts"}],"about":[{"href":"https:\/\/www.esplac.cat\/es\/wp-json\/wp\/v2\/types\/post"}],"author":[{"embeddable":true,"href":"https:\/\/www.esplac.cat\/es\/wp-json\/wp\/v2\/users\/1"}],"replies":[{"embeddable":true,"href":"https:\/\/www.esplac.cat\/es\/wp-json\/wp\/v2\/comments?post=24008"}],"version-history":[{"count":0,"href":"https:\/\/www.esplac.cat\/es\/wp-json\/wp\/v2\/posts\/24008\/revisions"}],"wp:featuredmedia":[{"embeddable":true,"href":"https:\/\/www.esplac.cat\/es\/wp-json\/wp\/v2\/media\/24009"}],"wp:attachment":[{"href":"https:\/\/www.esplac.cat\/es\/wp-json\/wp\/v2\/media?parent=24008"}],"wp:term":[{"taxonomy":"category","embeddable":true,"href":"https:\/\/www.esplac.cat\/es\/wp-json\/wp\/v2\/categories?post=24008"},{"taxonomy":"post_tag","embeddable":true,"href":"https:\/\/www.esplac.cat\/es\/wp-json\/wp\/v2\/tags?post=24008"}],"curies":[{"name":"wp","href":"https:\/\/api.w.org\/{rel}","templated":true}]}}