{"id":24017,"date":"2018-06-20T07:58:26","date_gmt":"2018-06-20T05:58:26","guid":{"rendered":"http:\/\/esplac.cat\/?p=17827"},"modified":"2018-06-20T07:58:26","modified_gmt":"2018-06-20T05:58:26","slug":"formaciointernacionalalemanya","status":"publish","type":"post","link":"https:\/\/www.esplac.cat\/es\/formaciointernacionalalemanya\/","title":{"rendered":"Nova formaci\u00f3 internacional a Alemanya al Setembre!"},"content":{"rendered":"<h4>El tema de la formaci\u00f3 ser\u00e0 els efectes del colonialisme<\/h4>\n<p style=\"text-align: justify;\">El centre juvenil \u00ab<a href=\"https:\/\/lidicehaus.de\/home\/?L=1\"><strong>Lidice Haus<\/strong><\/a>\u00bb de Bremen (Alemanya) organitza aquest setembre una formaci\u00f3 internacional per a monitores i treballadores en l&#8217;\u00e0mbit de la joventut sobre els efectes del colonialisme. La formaci\u00f3 t\u00e9 com a objectiu sensibilitzar, informar i habilitar el di\u00e0leg sobre patrimoni colonial a Europa i transferir-lo als reptes i q\u00fcestions de les pr\u00e0ctiques de treball amb joves i l&#8217;educaci\u00f3 no-formal avui en dia.<\/p>\n<p style=\"text-align: justify;\">La formaci\u00f3 tindr\u00e0 lloc del <strong>22 al 28 de setembre de 2018<\/strong> a Bremen, al nord d&#8217;<strong>Alemanya<\/strong>, ciutat estrat\u00e8gica pel seu port durant el temps del colonialisme. Els objectius espec\u00edfics son:<\/p>\n<ul>\n<li style=\"text-align: justify;\">Aprendre m\u00e9s sobre la hist\u00f2ria colonial dels diferents pa\u00efsos europeus i el seu impacte en la societat actual.<\/li>\n<li style=\"text-align: justify;\">Questionar les narratives euroc\u00e8ntriques i la seva influ\u00e8ncia en l&#8217;escriptura de la hist\u00f2ria i l&#8217;auto-percepci\u00f3 com a europeus.<\/li>\n<li style=\"text-align: justify;\">Comparar els enfocaments de com els diferents pa\u00efsos\/societats\/governs s&#8217;ocupen del seu patrimoni colonial.<\/li>\n<li style=\"text-align: justify;\">Visualitzar i debatre sobre els reptes i els obstacles per als treballadors i educadors juvenils a l&#8217;hora de fer front a la persist\u00e8ncia de narratives colonials i estructures de poder en les realitats de la vida dels joves d&#8217;Europa.<\/li>\n<li style=\"text-align: justify;\">Construir exemples de bones pr\u00e0ctiques animant els participants a desenvolupar i planificar enfocaments concrets per a l&#8217;acci\u00f3 i conceptes educatius en el seu camp espec\u00edfic del treball amb joves.<\/li>\n<\/ul>\n<p><strong>Informaci\u00f3 Pr\u00e0ctica:<\/strong><\/p>\n<p><strong>Dates<\/strong>: 22 al 28 de setembre<br \/>\n<strong>Lloc<\/strong>: Bremen (nord d&#8217;Alemanya)<br \/>\n<strong>Places<\/strong>: 3 places per monis d\u2019Esplac<br \/>\n<strong>Requisits<\/strong>: ser membre d\u2019Esplac i tenir m\u00e9s de 18 anys.<br \/>\n<strong>Quota d\u2019inscripci\u00f3<\/strong>: 50 euros<br \/>\n<strong>Cost de despla\u00e7ament<\/strong>: subvenci\u00f3 de fins a 275 euros per participant<br \/>\nClica <a href=\"http:\/\/esplac.cat\/wp-content\/uploads\/2017\/05\/Criteris-FI.pdf\">AQU\u00cd <\/a>per a llegir els criteris de selecci\u00f3.<br \/>\nInscriu-te <a href=\"https:\/\/docs.google.com\/forms\/d\/e\/1FAIpQLScXE6K87o48ZXnf0Ys4n3Ox0XwMRuoRs9GyabHjmu5rEtdJAw\/viewform\">AQU\u00cd<\/a> fins\u00a0 l&#8217;<strong>1 de juliol<\/strong> (despr\u00e9s Esplac far\u00e0 un proc\u00e9s de selecci\u00f3 intern).<\/p>\n","protected":false},"excerpt":{"rendered":"<p>El tema de la formaci\u00f3 ser\u00e0 els efectes del colonialisme [&hellip;]<\/p>\n","protected":false},"author":3,"featured_media":24018,"comment_status":"closed","ping_status":"open","sticky":false,"template":"","format":"standard","meta":{"om_disable_all_campaigns":false,"_monsterinsights_skip_tracking":false,"_monsterinsights_sitenote_active":false,"_monsterinsights_sitenote_note":"","_monsterinsights_sitenote_category":0,"_uf_show_specific_survey":0,"_uf_disable_surveys":false,"footnotes":""},"categories":[1112,1],"tags":[],"class_list":["post-24017","post","type-post","status-publish","format-standard","has-post-thumbnail","hentry","category-esplac-al-mon","category-sense-categoria"],"yoast_head":"<!-- This site is optimized with the Yoast SEO plugin v27.5 - https:\/\/yoast.com\/product\/yoast-seo-wordpress\/ -->\n<title>Nova formaci\u00f3 internacional a Alemanya al Setembre! - Esplac<\/title>\n<meta name=\"robots\" content=\"index, follow, max-snippet:-1, max-image-preview:large, max-video-preview:-1\" \/>\n<link rel=\"canonical\" href=\"https:\/\/www.esplac.cat\/es\/formaciointernacionalalemanya\/\" \/>\n<meta property=\"og:locale\" content=\"es_ES\" \/>\n<meta property=\"og:type\" content=\"article\" \/>\n<meta property=\"og:title\" content=\"Nova formaci\u00f3 internacional a Alemanya al Setembre! - Esplac\" \/>\n<meta property=\"og:description\" content=\"El tema de la formaci\u00f3 ser\u00e0 els efectes del colonialisme [&hellip;]\" \/>\n<meta property=\"og:url\" content=\"https:\/\/www.esplac.cat\/es\/formaciointernacionalalemanya\/\" \/>\n<meta property=\"og:site_name\" content=\"Esplac\" \/>\n<meta property=\"article:published_time\" content=\"2018-06-20T05:58:26+00:00\" \/>\n<meta property=\"og:image\" content=\"https:\/\/www.esplac.cat\/wp-content\/uploads\/2018\/06\/portadamapa.jpg\" \/>\n\t<meta property=\"og:image:width\" content=\"847\" \/>\n\t<meta property=\"og:image:height\" content=\"350\" \/>\n\t<meta property=\"og:image:type\" content=\"image\/jpeg\" \/>\n<meta name=\"author\" content=\"Comunicaci\u00f3 Esplac\" \/>\n<meta name=\"twitter:card\" content=\"summary_large_image\" \/>\n<meta name=\"twitter:label1\" content=\"Escrito por\" \/>\n\t<meta name=\"twitter:data1\" content=\"Comunicaci\u00f3 Esplac\" \/>\n\t<meta name=\"twitter:label2\" content=\"Tiempo de lectura\" \/>\n\t<meta name=\"twitter:data2\" content=\"2 minutos\" \/>\n<script type=\"application\/ld+json\" class=\"yoast-schema-graph\">{\"@context\":\"https:\\\/\\\/schema.org\",\"@graph\":[{\"@type\":\"Article\",\"@id\":\"https:\\\/\\\/www.esplac.cat\\\/es\\\/formaciointernacionalalemanya\\\/#article\",\"isPartOf\":{\"@id\":\"https:\\\/\\\/www.esplac.cat\\\/es\\\/formaciointernacionalalemanya\\\/\"},\"author\":{\"name\":\"Comunicaci\u00f3 Esplac\",\"@id\":\"https:\\\/\\\/www.esplac.cat\\\/#\\\/schema\\\/person\\\/908383cf240be18b68f8855d0583faca\"},\"headline\":\"Nova formaci\u00f3 internacional a Alemanya al Setembre!\",\"datePublished\":\"2018-06-20T05:58:26+00:00\",\"mainEntityOfPage\":{\"@id\":\"https:\\\/\\\/www.esplac.cat\\\/es\\\/formaciointernacionalalemanya\\\/\"},\"wordCount\":322,\"publisher\":{\"@id\":\"https:\\\/\\\/www.esplac.cat\\\/#organization\"},\"image\":{\"@id\":\"https:\\\/\\\/www.esplac.cat\\\/es\\\/formaciointernacionalalemanya\\\/#primaryimage\"},\"thumbnailUrl\":\"https:\\\/\\\/www.esplac.cat\\\/wp-content\\\/uploads\\\/2018\\\/06\\\/portadamapa.jpg\",\"articleSection\":[\"Esplac al m\u00f3n\",\"Sense categoria\"],\"inLanguage\":\"es\"},{\"@type\":\"WebPage\",\"@id\":\"https:\\\/\\\/www.esplac.cat\\\/es\\\/formaciointernacionalalemanya\\\/\",\"url\":\"https:\\\/\\\/www.esplac.cat\\\/es\\\/formaciointernacionalalemanya\\\/\",\"name\":\"Nova formaci\u00f3 internacional a Alemanya al Setembre! - Esplac\",\"isPartOf\":{\"@id\":\"https:\\\/\\\/www.esplac.cat\\\/#website\"},\"primaryImageOfPage\":{\"@id\":\"https:\\\/\\\/www.esplac.cat\\\/es\\\/formaciointernacionalalemanya\\\/#primaryimage\"},\"image\":{\"@id\":\"https:\\\/\\\/www.esplac.cat\\\/es\\\/formaciointernacionalalemanya\\\/#primaryimage\"},\"thumbnailUrl\":\"https:\\\/\\\/www.esplac.cat\\\/wp-content\\\/uploads\\\/2018\\\/06\\\/portadamapa.jpg\",\"datePublished\":\"2018-06-20T05:58:26+00:00\",\"breadcrumb\":{\"@id\":\"https:\\\/\\\/www.esplac.cat\\\/es\\\/formaciointernacionalalemanya\\\/#breadcrumb\"},\"inLanguage\":\"es\",\"potentialAction\":[{\"@type\":\"ReadAction\",\"target\":[\"https:\\\/\\\/www.esplac.cat\\\/es\\\/formaciointernacionalalemanya\\\/\"]}]},{\"@type\":\"ImageObject\",\"inLanguage\":\"es\",\"@id\":\"https:\\\/\\\/www.esplac.cat\\\/es\\\/formaciointernacionalalemanya\\\/#primaryimage\",\"url\":\"https:\\\/\\\/www.esplac.cat\\\/wp-content\\\/uploads\\\/2018\\\/06\\\/portadamapa.jpg\",\"contentUrl\":\"https:\\\/\\\/www.esplac.cat\\\/wp-content\\\/uploads\\\/2018\\\/06\\\/portadamapa.jpg\",\"width\":847,\"height\":350},{\"@type\":\"BreadcrumbList\",\"@id\":\"https:\\\/\\\/www.esplac.cat\\\/es\\\/formaciointernacionalalemanya\\\/#breadcrumb\",\"itemListElement\":[{\"@type\":\"ListItem\",\"position\":1,\"name\":\"Inici\",\"item\":\"https:\\\/\\\/www.esplac.cat\\\/es\\\/\"},{\"@type\":\"ListItem\",\"position\":2,\"name\":\"Nova formaci\u00f3 internacional a Alemanya al Setembre!\"}]},{\"@type\":\"WebSite\",\"@id\":\"https:\\\/\\\/www.esplac.cat\\\/#website\",\"url\":\"https:\\\/\\\/www.esplac.cat\\\/\",\"name\":\"Esplac\",\"description\":\"Esplais Catalans\",\"publisher\":{\"@id\":\"https:\\\/\\\/www.esplac.cat\\\/#organization\"},\"potentialAction\":[{\"@type\":\"SearchAction\",\"target\":{\"@type\":\"EntryPoint\",\"urlTemplate\":\"https:\\\/\\\/www.esplac.cat\\\/?s={search_term_string}\"},\"query-input\":{\"@type\":\"PropertyValueSpecification\",\"valueRequired\":true,\"valueName\":\"search_term_string\"}}],\"inLanguage\":\"es\"},{\"@type\":\"Organization\",\"@id\":\"https:\\\/\\\/www.esplac.cat\\\/#organization\",\"name\":\"Esplac\",\"url\":\"https:\\\/\\\/www.esplac.cat\\\/\",\"logo\":{\"@type\":\"ImageObject\",\"inLanguage\":\"es\",\"@id\":\"https:\\\/\\\/www.esplac.cat\\\/#\\\/schema\\\/logo\\\/image\\\/\",\"url\":\"https:\\\/\\\/www.esplac.cat\\\/wp-content\\\/uploads\\\/2019\\\/08\\\/logox2.png\",\"contentUrl\":\"https:\\\/\\\/www.esplac.cat\\\/wp-content\\\/uploads\\\/2019\\\/08\\\/logox2.png\",\"width\":600,\"height\":295,\"caption\":\"Esplac\"},\"image\":{\"@id\":\"https:\\\/\\\/www.esplac.cat\\\/#\\\/schema\\\/logo\\\/image\\\/\"}},{\"@type\":\"Person\",\"@id\":\"https:\\\/\\\/www.esplac.cat\\\/#\\\/schema\\\/person\\\/908383cf240be18b68f8855d0583faca\",\"name\":\"Comunicaci\u00f3 Esplac\",\"image\":{\"@type\":\"ImageObject\",\"inLanguage\":\"es\",\"@id\":\"https:\\\/\\\/secure.gravatar.com\\\/avatar\\\/7a4cf8feb412a76ea4a740ca02d95b06b2907b5a6c648c2dd0a1082a093c3141?s=96&d=mm&r=g\",\"url\":\"https:\\\/\\\/secure.gravatar.com\\\/avatar\\\/7a4cf8feb412a76ea4a740ca02d95b06b2907b5a6c648c2dd0a1082a093c3141?s=96&d=mm&r=g\",\"contentUrl\":\"https:\\\/\\\/secure.gravatar.com\\\/avatar\\\/7a4cf8feb412a76ea4a740ca02d95b06b2907b5a6c648c2dd0a1082a093c3141?s=96&d=mm&r=g\",\"caption\":\"Comunicaci\u00f3 Esplac\"}}]}<\/script>\n<!-- \/ Yoast SEO plugin. -->","yoast_head_json":{"title":"Nova formaci\u00f3 internacional a Alemanya al Setembre! - Esplac","robots":{"index":"index","follow":"follow","max-snippet":"max-snippet:-1","max-image-preview":"max-image-preview:large","max-video-preview":"max-video-preview:-1"},"canonical":"https:\/\/www.esplac.cat\/es\/formaciointernacionalalemanya\/","og_locale":"es_ES","og_type":"article","og_title":"Nova formaci\u00f3 internacional a Alemanya al Setembre! - Esplac","og_description":"El tema de la formaci\u00f3 ser\u00e0 els efectes del colonialisme [&hellip;]","og_url":"https:\/\/www.esplac.cat\/es\/formaciointernacionalalemanya\/","og_site_name":"Esplac","article_published_time":"2018-06-20T05:58:26+00:00","og_image":[{"width":847,"height":350,"url":"https:\/\/www.esplac.cat\/wp-content\/uploads\/2018\/06\/portadamapa.jpg","type":"image\/jpeg"}],"author":"Comunicaci\u00f3 Esplac","twitter_card":"summary_large_image","twitter_misc":{"Escrito por":"Comunicaci\u00f3 Esplac","Tiempo de lectura":"2 minutos"},"schema":{"@context":"https:\/\/schema.org","@graph":[{"@type":"Article","@id":"https:\/\/www.esplac.cat\/es\/formaciointernacionalalemanya\/#article","isPartOf":{"@id":"https:\/\/www.esplac.cat\/es\/formaciointernacionalalemanya\/"},"author":{"name":"Comunicaci\u00f3 Esplac","@id":"https:\/\/www.esplac.cat\/#\/schema\/person\/908383cf240be18b68f8855d0583faca"},"headline":"Nova formaci\u00f3 internacional a Alemanya al Setembre!","datePublished":"2018-06-20T05:58:26+00:00","mainEntityOfPage":{"@id":"https:\/\/www.esplac.cat\/es\/formaciointernacionalalemanya\/"},"wordCount":322,"publisher":{"@id":"https:\/\/www.esplac.cat\/#organization"},"image":{"@id":"https:\/\/www.esplac.cat\/es\/formaciointernacionalalemanya\/#primaryimage"},"thumbnailUrl":"https:\/\/www.esplac.cat\/wp-content\/uploads\/2018\/06\/portadamapa.jpg","articleSection":["Esplac al m\u00f3n","Sense categoria"],"inLanguage":"es"},{"@type":"WebPage","@id":"https:\/\/www.esplac.cat\/es\/formaciointernacionalalemanya\/","url":"https:\/\/www.esplac.cat\/es\/formaciointernacionalalemanya\/","name":"Nova formaci\u00f3 internacional a Alemanya al Setembre! - Esplac","isPartOf":{"@id":"https:\/\/www.esplac.cat\/#website"},"primaryImageOfPage":{"@id":"https:\/\/www.esplac.cat\/es\/formaciointernacionalalemanya\/#primaryimage"},"image":{"@id":"https:\/\/www.esplac.cat\/es\/formaciointernacionalalemanya\/#primaryimage"},"thumbnailUrl":"https:\/\/www.esplac.cat\/wp-content\/uploads\/2018\/06\/portadamapa.jpg","datePublished":"2018-06-20T05:58:26+00:00","breadcrumb":{"@id":"https:\/\/www.esplac.cat\/es\/formaciointernacionalalemanya\/#breadcrumb"},"inLanguage":"es","potentialAction":[{"@type":"ReadAction","target":["https:\/\/www.esplac.cat\/es\/formaciointernacionalalemanya\/"]}]},{"@type":"ImageObject","inLanguage":"es","@id":"https:\/\/www.esplac.cat\/es\/formaciointernacionalalemanya\/#primaryimage","url":"https:\/\/www.esplac.cat\/wp-content\/uploads\/2018\/06\/portadamapa.jpg","contentUrl":"https:\/\/www.esplac.cat\/wp-content\/uploads\/2018\/06\/portadamapa.jpg","width":847,"height":350},{"@type":"BreadcrumbList","@id":"https:\/\/www.esplac.cat\/es\/formaciointernacionalalemanya\/#breadcrumb","itemListElement":[{"@type":"ListItem","position":1,"name":"Inici","item":"https:\/\/www.esplac.cat\/es\/"},{"@type":"ListItem","position":2,"name":"Nova formaci\u00f3 internacional a Alemanya al Setembre!"}]},{"@type":"WebSite","@id":"https:\/\/www.esplac.cat\/#website","url":"https:\/\/www.esplac.cat\/","name":"Esplac","description":"Esplais Catalans","publisher":{"@id":"https:\/\/www.esplac.cat\/#organization"},"potentialAction":[{"@type":"SearchAction","target":{"@type":"EntryPoint","urlTemplate":"https:\/\/www.esplac.cat\/?s={search_term_string}"},"query-input":{"@type":"PropertyValueSpecification","valueRequired":true,"valueName":"search_term_string"}}],"inLanguage":"es"},{"@type":"Organization","@id":"https:\/\/www.esplac.cat\/#organization","name":"Esplac","url":"https:\/\/www.esplac.cat\/","logo":{"@type":"ImageObject","inLanguage":"es","@id":"https:\/\/www.esplac.cat\/#\/schema\/logo\/image\/","url":"https:\/\/www.esplac.cat\/wp-content\/uploads\/2019\/08\/logox2.png","contentUrl":"https:\/\/www.esplac.cat\/wp-content\/uploads\/2019\/08\/logox2.png","width":600,"height":295,"caption":"Esplac"},"image":{"@id":"https:\/\/www.esplac.cat\/#\/schema\/logo\/image\/"}},{"@type":"Person","@id":"https:\/\/www.esplac.cat\/#\/schema\/person\/908383cf240be18b68f8855d0583faca","name":"Comunicaci\u00f3 Esplac","image":{"@type":"ImageObject","inLanguage":"es","@id":"https:\/\/secure.gravatar.com\/avatar\/7a4cf8feb412a76ea4a740ca02d95b06b2907b5a6c648c2dd0a1082a093c3141?s=96&d=mm&r=g","url":"https:\/\/secure.gravatar.com\/avatar\/7a4cf8feb412a76ea4a740ca02d95b06b2907b5a6c648c2dd0a1082a093c3141?s=96&d=mm&r=g","contentUrl":"https:\/\/secure.gravatar.com\/avatar\/7a4cf8feb412a76ea4a740ca02d95b06b2907b5a6c648c2dd0a1082a093c3141?s=96&d=mm&r=g","caption":"Comunicaci\u00f3 Esplac"}}]}},"_links":{"self":[{"href":"https:\/\/www.esplac.cat\/es\/wp-json\/wp\/v2\/posts\/24017","targetHints":{"allow":["GET"]}}],"collection":[{"href":"https:\/\/www.esplac.cat\/es\/wp-json\/wp\/v2\/posts"}],"about":[{"href":"https:\/\/www.esplac.cat\/es\/wp-json\/wp\/v2\/types\/post"}],"author":[{"embeddable":true,"href":"https:\/\/www.esplac.cat\/es\/wp-json\/wp\/v2\/users\/3"}],"replies":[{"embeddable":true,"href":"https:\/\/www.esplac.cat\/es\/wp-json\/wp\/v2\/comments?post=24017"}],"version-history":[{"count":0,"href":"https:\/\/www.esplac.cat\/es\/wp-json\/wp\/v2\/posts\/24017\/revisions"}],"wp:featuredmedia":[{"embeddable":true,"href":"https:\/\/www.esplac.cat\/es\/wp-json\/wp\/v2\/media\/24018"}],"wp:attachment":[{"href":"https:\/\/www.esplac.cat\/es\/wp-json\/wp\/v2\/media?parent=24017"}],"wp:term":[{"taxonomy":"category","embeddable":true,"href":"https:\/\/www.esplac.cat\/es\/wp-json\/wp\/v2\/categories?post=24017"},{"taxonomy":"post_tag","embeddable":true,"href":"https:\/\/www.esplac.cat\/es\/wp-json\/wp\/v2\/tags?post=24017"}],"curies":[{"name":"wp","href":"https:\/\/api.w.org\/{rel}","templated":true}]}}