{"id":24052,"date":"2018-05-29T11:19:56","date_gmt":"2018-05-29T09:19:56","guid":{"rendered":"http:\/\/esplac.cat\/?p=17775"},"modified":"2018-05-29T11:19:56","modified_gmt":"2018-05-29T09:19:56","slug":"inscripcions-obertes-per-la-summerschool-2018","status":"publish","type":"post","link":"https:\/\/www.esplac.cat\/es\/inscripcions-obertes-per-la-summerschool-2018\/","title":{"rendered":"Inscripcions obertes per la SUMMERSCHOOL 2018!"},"content":{"rendered":"<h4>El tema d\u2019aquest any \u00e9s \u00aborganitzar l\u2019activisme\u00bb<\/h4>\n<p>El <a href=\"https:\/\/www.kurt-loewenstein.de\/de\/englische_seite\/index.html\">Centre Kurt L\u00f6wenstein<\/a>, entitat de formaci\u00f3 vinculada als <a href=\"http:\/\/www.wir-falken.de\/ueber_uns\/spanisch.html\">Die Falken<\/a>, obre convocat\u00f2ria pel seminari internacional d\u2019estiu que aquest any reflexionar\u00e0 al voltant de la tem\u00e0tica organitzar l\u2019activisme.Uns 50 participants d\u2019arreu del m\u00f3n, exploraran el tema de l\u2019organitzaci\u00f3 pol\u00edtica:<\/p>\n<ul>\n<li>L\u2019organitzaci\u00f3 \u00e9s la clau de la vict\u00f2ria per\u00f2 com ens organitzem de manera pr\u00e0ctica i qu\u00e8 \u00e9s el que organitzem?<\/li>\n<li>Quines s\u00f3n les eines pr\u00e0ctiques i les habilitats que podem desenvolupar per esdevenir i desenvolupar organitzadors en els nostres moviments?<\/li>\n<li>Com es relaciona aix\u00f2 amb l&#8217;activisme i quina \u00e9s la difer\u00e8ncia entre l&#8217;activisme i l&#8217;organitzaci\u00f3 pol\u00edtica?<\/li>\n<\/ul>\n<p>Tots aquests temes es treballaran en format de seminari del <strong>5 al 12 d\u2019agost<\/strong> a <strong>Werftpfuhl<\/strong> (prop de Berlin). L\u2019organitzaci\u00f3 preveu tallers, debats i activitats autogestionades, a part d\u2019una visita a Berlin. Si us sentiu atrets i atretes per aquestes q\u00fcestions i creieu que com a monis d\u2019Esplac podeu fer una bona aportaci\u00f3 al seminari, <strong>no us ho penseu m\u00e9s i inscriviu-vos-hi<\/strong>!<\/p>\n<p><span style=\"color: #ff9900;\"><strong>Informaci\u00f3 Pr\u00e0ctica:<\/strong><\/span><br \/>\n<strong>Dates<\/strong>: 5 al 12 d\u2019agost<br \/>\n<strong>Lloc<\/strong>: Werftpfuhl (prop de Berlin)<br \/>\n<strong>Places<\/strong>: 4 places per monis d\u2019Esplac<br \/>\n<strong>Requisits<\/strong>: ser membre d\u2019Esplac i tenir m\u00e9s de 18 anys.<br \/>\n<strong>Quota d\u2019inscripci\u00f3<\/strong>: 70 euros<br \/>\n<strong>Cost de despla\u00e7ament<\/strong>: subvenci\u00f3 de fins a 275 euros per participant<\/p>\n<p>Clica <a href=\"http:\/\/esplac.cat\/wp-content\/uploads\/2017\/05\/Criteris-FI.pdf\"><strong><span style=\"color: #ff9900;\">AQU\u00cd<\/span><\/strong><\/a> per llegir els criteris de selecci\u00f3.<br \/>\nInscriu-te\u00a0<a href=\"https:\/\/docs.google.com\/forms\/d\/1DKGJZTJjSIEc8UW6GaqaZgzJmMVB9M4dADWAdR4-FLk\/edit\"><span style=\"color: #ff9900;\"><strong>AQU\u00cd<\/strong><\/span><\/a> fins el 15 de juny (despr\u00e9s Esplac far\u00e0 un proc\u00e9s de selecci\u00f3 intern).<br \/>\nI per seguir les novetats de l\u2019activitat, <a href=\"https:\/\/www.facebook.com\/events\/196784697789558\/\"><strong><span style=\"color: #ff9900;\">AQU\u00cd<\/span><\/strong><\/a> tens l\u2019enlla\u00e7\u00a0a l\u2019esdeveniment de Facebook.<\/p>\n","protected":false},"excerpt":{"rendered":"<p>El tema d\u2019aquest any \u00e9s \u00aborganitzar l\u2019activisme\u00bb El Centre Kurt [&hellip;]<\/p>\n","protected":false},"author":3,"featured_media":24037,"comment_status":"closed","ping_status":"open","sticky":false,"template":"","format":"standard","meta":{"om_disable_all_campaigns":false,"_monsterinsights_skip_tracking":false,"_monsterinsights_sitenote_active":false,"_monsterinsights_sitenote_note":"","_monsterinsights_sitenote_category":0,"_uf_show_specific_survey":0,"_uf_disable_surveys":false,"footnotes":""},"categories":[1112,1],"tags":[978,554,555,979,912],"class_list":["post-24052","post","type-post","status-publish","format-standard","has-post-thumbnail","hentry","category-esplac-al-mon","category-sense-categoria","tag-activisme","tag-die-falken","tag-internacional","tag-summerschool-2018","tag-werftphuhl"],"yoast_head":"<!-- This site is optimized with the Yoast SEO plugin v27.5 - https:\/\/yoast.com\/product\/yoast-seo-wordpress\/ -->\n<title>Inscripcions obertes per la SUMMERSCHOOL 2018! - Esplac<\/title>\n<meta name=\"robots\" content=\"index, follow, max-snippet:-1, max-image-preview:large, max-video-preview:-1\" \/>\n<link rel=\"canonical\" href=\"https:\/\/www.esplac.cat\/es\/inscripcions-obertes-per-la-summerschool-2018\/\" \/>\n<meta property=\"og:locale\" content=\"es_ES\" \/>\n<meta property=\"og:type\" content=\"article\" \/>\n<meta property=\"og:title\" content=\"Inscripcions obertes per la SUMMERSCHOOL 2018! - Esplac\" \/>\n<meta property=\"og:description\" content=\"El tema d\u2019aquest any \u00e9s \u00aborganitzar l\u2019activisme\u00bb El Centre Kurt [&hellip;]\" \/>\n<meta property=\"og:url\" content=\"https:\/\/www.esplac.cat\/es\/inscripcions-obertes-per-la-summerschool-2018\/\" \/>\n<meta property=\"og:site_name\" content=\"Esplac\" \/>\n<meta property=\"article:published_time\" content=\"2018-05-29T09:19:56+00:00\" \/>\n<meta property=\"og:image\" content=\"https:\/\/www.esplac.cat\/wp-content\/uploads\/2018\/05\/organizing_activism.jpg\" \/>\n\t<meta property=\"og:image:width\" content=\"847\" \/>\n\t<meta property=\"og:image:height\" content=\"350\" \/>\n\t<meta property=\"og:image:type\" content=\"image\/jpeg\" \/>\n<meta name=\"author\" content=\"Comunicaci\u00f3 Esplac\" \/>\n<meta name=\"twitter:card\" content=\"summary_large_image\" \/>\n<meta name=\"twitter:label1\" content=\"Escrito por\" \/>\n\t<meta name=\"twitter:data1\" content=\"Comunicaci\u00f3 Esplac\" \/>\n\t<meta name=\"twitter:label2\" content=\"Tiempo de lectura\" \/>\n\t<meta name=\"twitter:data2\" content=\"1 minuto\" \/>\n<script type=\"application\/ld+json\" class=\"yoast-schema-graph\">{\"@context\":\"https:\\\/\\\/schema.org\",\"@graph\":[{\"@type\":\"Article\",\"@id\":\"https:\\\/\\\/www.esplac.cat\\\/es\\\/inscripcions-obertes-per-la-summerschool-2018\\\/#article\",\"isPartOf\":{\"@id\":\"https:\\\/\\\/www.esplac.cat\\\/es\\\/inscripcions-obertes-per-la-summerschool-2018\\\/\"},\"author\":{\"name\":\"Comunicaci\u00f3 Esplac\",\"@id\":\"https:\\\/\\\/www.esplac.cat\\\/#\\\/schema\\\/person\\\/908383cf240be18b68f8855d0583faca\"},\"headline\":\"Inscripcions obertes per la SUMMERSCHOOL 2018!\",\"datePublished\":\"2018-05-29T09:19:56+00:00\",\"mainEntityOfPage\":{\"@id\":\"https:\\\/\\\/www.esplac.cat\\\/es\\\/inscripcions-obertes-per-la-summerschool-2018\\\/\"},\"wordCount\":279,\"publisher\":{\"@id\":\"https:\\\/\\\/www.esplac.cat\\\/#organization\"},\"image\":{\"@id\":\"https:\\\/\\\/www.esplac.cat\\\/es\\\/inscripcions-obertes-per-la-summerschool-2018\\\/#primaryimage\"},\"thumbnailUrl\":\"https:\\\/\\\/www.esplac.cat\\\/wp-content\\\/uploads\\\/2018\\\/05\\\/organizing_activism.jpg\",\"keywords\":[\"activisme\",\"Die Falken\",\"internacional\",\"summerschool 2018\",\"Werftphuhl\"],\"articleSection\":[\"Esplac al m\u00f3n\",\"Sense categoria\"],\"inLanguage\":\"es\"},{\"@type\":\"WebPage\",\"@id\":\"https:\\\/\\\/www.esplac.cat\\\/es\\\/inscripcions-obertes-per-la-summerschool-2018\\\/\",\"url\":\"https:\\\/\\\/www.esplac.cat\\\/es\\\/inscripcions-obertes-per-la-summerschool-2018\\\/\",\"name\":\"Inscripcions obertes per la SUMMERSCHOOL 2018! - Esplac\",\"isPartOf\":{\"@id\":\"https:\\\/\\\/www.esplac.cat\\\/#website\"},\"primaryImageOfPage\":{\"@id\":\"https:\\\/\\\/www.esplac.cat\\\/es\\\/inscripcions-obertes-per-la-summerschool-2018\\\/#primaryimage\"},\"image\":{\"@id\":\"https:\\\/\\\/www.esplac.cat\\\/es\\\/inscripcions-obertes-per-la-summerschool-2018\\\/#primaryimage\"},\"thumbnailUrl\":\"https:\\\/\\\/www.esplac.cat\\\/wp-content\\\/uploads\\\/2018\\\/05\\\/organizing_activism.jpg\",\"datePublished\":\"2018-05-29T09:19:56+00:00\",\"breadcrumb\":{\"@id\":\"https:\\\/\\\/www.esplac.cat\\\/es\\\/inscripcions-obertes-per-la-summerschool-2018\\\/#breadcrumb\"},\"inLanguage\":\"es\",\"potentialAction\":[{\"@type\":\"ReadAction\",\"target\":[\"https:\\\/\\\/www.esplac.cat\\\/es\\\/inscripcions-obertes-per-la-summerschool-2018\\\/\"]}]},{\"@type\":\"ImageObject\",\"inLanguage\":\"es\",\"@id\":\"https:\\\/\\\/www.esplac.cat\\\/es\\\/inscripcions-obertes-per-la-summerschool-2018\\\/#primaryimage\",\"url\":\"https:\\\/\\\/www.esplac.cat\\\/wp-content\\\/uploads\\\/2018\\\/05\\\/organizing_activism.jpg\",\"contentUrl\":\"https:\\\/\\\/www.esplac.cat\\\/wp-content\\\/uploads\\\/2018\\\/05\\\/organizing_activism.jpg\",\"width\":847,\"height\":350},{\"@type\":\"BreadcrumbList\",\"@id\":\"https:\\\/\\\/www.esplac.cat\\\/es\\\/inscripcions-obertes-per-la-summerschool-2018\\\/#breadcrumb\",\"itemListElement\":[{\"@type\":\"ListItem\",\"position\":1,\"name\":\"Inici\",\"item\":\"https:\\\/\\\/www.esplac.cat\\\/es\\\/\"},{\"@type\":\"ListItem\",\"position\":2,\"name\":\"Inscripcions obertes per la SUMMERSCHOOL 2018!\"}]},{\"@type\":\"WebSite\",\"@id\":\"https:\\\/\\\/www.esplac.cat\\\/#website\",\"url\":\"https:\\\/\\\/www.esplac.cat\\\/\",\"name\":\"Esplac\",\"description\":\"Esplais Catalans\",\"publisher\":{\"@id\":\"https:\\\/\\\/www.esplac.cat\\\/#organization\"},\"potentialAction\":[{\"@type\":\"SearchAction\",\"target\":{\"@type\":\"EntryPoint\",\"urlTemplate\":\"https:\\\/\\\/www.esplac.cat\\\/?s={search_term_string}\"},\"query-input\":{\"@type\":\"PropertyValueSpecification\",\"valueRequired\":true,\"valueName\":\"search_term_string\"}}],\"inLanguage\":\"es\"},{\"@type\":\"Organization\",\"@id\":\"https:\\\/\\\/www.esplac.cat\\\/#organization\",\"name\":\"Esplac\",\"url\":\"https:\\\/\\\/www.esplac.cat\\\/\",\"logo\":{\"@type\":\"ImageObject\",\"inLanguage\":\"es\",\"@id\":\"https:\\\/\\\/www.esplac.cat\\\/#\\\/schema\\\/logo\\\/image\\\/\",\"url\":\"https:\\\/\\\/www.esplac.cat\\\/wp-content\\\/uploads\\\/2019\\\/08\\\/logox2.png\",\"contentUrl\":\"https:\\\/\\\/www.esplac.cat\\\/wp-content\\\/uploads\\\/2019\\\/08\\\/logox2.png\",\"width\":600,\"height\":295,\"caption\":\"Esplac\"},\"image\":{\"@id\":\"https:\\\/\\\/www.esplac.cat\\\/#\\\/schema\\\/logo\\\/image\\\/\"}},{\"@type\":\"Person\",\"@id\":\"https:\\\/\\\/www.esplac.cat\\\/#\\\/schema\\\/person\\\/908383cf240be18b68f8855d0583faca\",\"name\":\"Comunicaci\u00f3 Esplac\",\"image\":{\"@type\":\"ImageObject\",\"inLanguage\":\"es\",\"@id\":\"https:\\\/\\\/secure.gravatar.com\\\/avatar\\\/7a4cf8feb412a76ea4a740ca02d95b06b2907b5a6c648c2dd0a1082a093c3141?s=96&d=mm&r=g\",\"url\":\"https:\\\/\\\/secure.gravatar.com\\\/avatar\\\/7a4cf8feb412a76ea4a740ca02d95b06b2907b5a6c648c2dd0a1082a093c3141?s=96&d=mm&r=g\",\"contentUrl\":\"https:\\\/\\\/secure.gravatar.com\\\/avatar\\\/7a4cf8feb412a76ea4a740ca02d95b06b2907b5a6c648c2dd0a1082a093c3141?s=96&d=mm&r=g\",\"caption\":\"Comunicaci\u00f3 Esplac\"}}]}<\/script>\n<!-- \/ Yoast SEO plugin. -->","yoast_head_json":{"title":"Inscripcions obertes per la SUMMERSCHOOL 2018! - Esplac","robots":{"index":"index","follow":"follow","max-snippet":"max-snippet:-1","max-image-preview":"max-image-preview:large","max-video-preview":"max-video-preview:-1"},"canonical":"https:\/\/www.esplac.cat\/es\/inscripcions-obertes-per-la-summerschool-2018\/","og_locale":"es_ES","og_type":"article","og_title":"Inscripcions obertes per la SUMMERSCHOOL 2018! - Esplac","og_description":"El tema d\u2019aquest any \u00e9s \u00aborganitzar l\u2019activisme\u00bb El Centre Kurt [&hellip;]","og_url":"https:\/\/www.esplac.cat\/es\/inscripcions-obertes-per-la-summerschool-2018\/","og_site_name":"Esplac","article_published_time":"2018-05-29T09:19:56+00:00","og_image":[{"width":847,"height":350,"url":"https:\/\/www.esplac.cat\/wp-content\/uploads\/2018\/05\/organizing_activism.jpg","type":"image\/jpeg"}],"author":"Comunicaci\u00f3 Esplac","twitter_card":"summary_large_image","twitter_misc":{"Escrito por":"Comunicaci\u00f3 Esplac","Tiempo de lectura":"1 minuto"},"schema":{"@context":"https:\/\/schema.org","@graph":[{"@type":"Article","@id":"https:\/\/www.esplac.cat\/es\/inscripcions-obertes-per-la-summerschool-2018\/#article","isPartOf":{"@id":"https:\/\/www.esplac.cat\/es\/inscripcions-obertes-per-la-summerschool-2018\/"},"author":{"name":"Comunicaci\u00f3 Esplac","@id":"https:\/\/www.esplac.cat\/#\/schema\/person\/908383cf240be18b68f8855d0583faca"},"headline":"Inscripcions obertes per la SUMMERSCHOOL 2018!","datePublished":"2018-05-29T09:19:56+00:00","mainEntityOfPage":{"@id":"https:\/\/www.esplac.cat\/es\/inscripcions-obertes-per-la-summerschool-2018\/"},"wordCount":279,"publisher":{"@id":"https:\/\/www.esplac.cat\/#organization"},"image":{"@id":"https:\/\/www.esplac.cat\/es\/inscripcions-obertes-per-la-summerschool-2018\/#primaryimage"},"thumbnailUrl":"https:\/\/www.esplac.cat\/wp-content\/uploads\/2018\/05\/organizing_activism.jpg","keywords":["activisme","Die Falken","internacional","summerschool 2018","Werftphuhl"],"articleSection":["Esplac al m\u00f3n","Sense categoria"],"inLanguage":"es"},{"@type":"WebPage","@id":"https:\/\/www.esplac.cat\/es\/inscripcions-obertes-per-la-summerschool-2018\/","url":"https:\/\/www.esplac.cat\/es\/inscripcions-obertes-per-la-summerschool-2018\/","name":"Inscripcions obertes per la SUMMERSCHOOL 2018! - Esplac","isPartOf":{"@id":"https:\/\/www.esplac.cat\/#website"},"primaryImageOfPage":{"@id":"https:\/\/www.esplac.cat\/es\/inscripcions-obertes-per-la-summerschool-2018\/#primaryimage"},"image":{"@id":"https:\/\/www.esplac.cat\/es\/inscripcions-obertes-per-la-summerschool-2018\/#primaryimage"},"thumbnailUrl":"https:\/\/www.esplac.cat\/wp-content\/uploads\/2018\/05\/organizing_activism.jpg","datePublished":"2018-05-29T09:19:56+00:00","breadcrumb":{"@id":"https:\/\/www.esplac.cat\/es\/inscripcions-obertes-per-la-summerschool-2018\/#breadcrumb"},"inLanguage":"es","potentialAction":[{"@type":"ReadAction","target":["https:\/\/www.esplac.cat\/es\/inscripcions-obertes-per-la-summerschool-2018\/"]}]},{"@type":"ImageObject","inLanguage":"es","@id":"https:\/\/www.esplac.cat\/es\/inscripcions-obertes-per-la-summerschool-2018\/#primaryimage","url":"https:\/\/www.esplac.cat\/wp-content\/uploads\/2018\/05\/organizing_activism.jpg","contentUrl":"https:\/\/www.esplac.cat\/wp-content\/uploads\/2018\/05\/organizing_activism.jpg","width":847,"height":350},{"@type":"BreadcrumbList","@id":"https:\/\/www.esplac.cat\/es\/inscripcions-obertes-per-la-summerschool-2018\/#breadcrumb","itemListElement":[{"@type":"ListItem","position":1,"name":"Inici","item":"https:\/\/www.esplac.cat\/es\/"},{"@type":"ListItem","position":2,"name":"Inscripcions obertes per la SUMMERSCHOOL 2018!"}]},{"@type":"WebSite","@id":"https:\/\/www.esplac.cat\/#website","url":"https:\/\/www.esplac.cat\/","name":"Esplac","description":"Esplais Catalans","publisher":{"@id":"https:\/\/www.esplac.cat\/#organization"},"potentialAction":[{"@type":"SearchAction","target":{"@type":"EntryPoint","urlTemplate":"https:\/\/www.esplac.cat\/?s={search_term_string}"},"query-input":{"@type":"PropertyValueSpecification","valueRequired":true,"valueName":"search_term_string"}}],"inLanguage":"es"},{"@type":"Organization","@id":"https:\/\/www.esplac.cat\/#organization","name":"Esplac","url":"https:\/\/www.esplac.cat\/","logo":{"@type":"ImageObject","inLanguage":"es","@id":"https:\/\/www.esplac.cat\/#\/schema\/logo\/image\/","url":"https:\/\/www.esplac.cat\/wp-content\/uploads\/2019\/08\/logox2.png","contentUrl":"https:\/\/www.esplac.cat\/wp-content\/uploads\/2019\/08\/logox2.png","width":600,"height":295,"caption":"Esplac"},"image":{"@id":"https:\/\/www.esplac.cat\/#\/schema\/logo\/image\/"}},{"@type":"Person","@id":"https:\/\/www.esplac.cat\/#\/schema\/person\/908383cf240be18b68f8855d0583faca","name":"Comunicaci\u00f3 Esplac","image":{"@type":"ImageObject","inLanguage":"es","@id":"https:\/\/secure.gravatar.com\/avatar\/7a4cf8feb412a76ea4a740ca02d95b06b2907b5a6c648c2dd0a1082a093c3141?s=96&d=mm&r=g","url":"https:\/\/secure.gravatar.com\/avatar\/7a4cf8feb412a76ea4a740ca02d95b06b2907b5a6c648c2dd0a1082a093c3141?s=96&d=mm&r=g","contentUrl":"https:\/\/secure.gravatar.com\/avatar\/7a4cf8feb412a76ea4a740ca02d95b06b2907b5a6c648c2dd0a1082a093c3141?s=96&d=mm&r=g","caption":"Comunicaci\u00f3 Esplac"}}]}},"_links":{"self":[{"href":"https:\/\/www.esplac.cat\/es\/wp-json\/wp\/v2\/posts\/24052","targetHints":{"allow":["GET"]}}],"collection":[{"href":"https:\/\/www.esplac.cat\/es\/wp-json\/wp\/v2\/posts"}],"about":[{"href":"https:\/\/www.esplac.cat\/es\/wp-json\/wp\/v2\/types\/post"}],"author":[{"embeddable":true,"href":"https:\/\/www.esplac.cat\/es\/wp-json\/wp\/v2\/users\/3"}],"replies":[{"embeddable":true,"href":"https:\/\/www.esplac.cat\/es\/wp-json\/wp\/v2\/comments?post=24052"}],"version-history":[{"count":0,"href":"https:\/\/www.esplac.cat\/es\/wp-json\/wp\/v2\/posts\/24052\/revisions"}],"wp:featuredmedia":[{"embeddable":true,"href":"https:\/\/www.esplac.cat\/es\/wp-json\/wp\/v2\/media\/24037"}],"wp:attachment":[{"href":"https:\/\/www.esplac.cat\/es\/wp-json\/wp\/v2\/media?parent=24052"}],"wp:term":[{"taxonomy":"category","embeddable":true,"href":"https:\/\/www.esplac.cat\/es\/wp-json\/wp\/v2\/categories?post=24052"},{"taxonomy":"post_tag","embeddable":true,"href":"https:\/\/www.esplac.cat\/es\/wp-json\/wp\/v2\/tags?post=24052"}],"curies":[{"name":"wp","href":"https:\/\/api.w.org\/{rel}","templated":true}]}}