{"id":24053,"date":"2018-05-16T12:14:02","date_gmt":"2018-05-16T10:14:02","guid":{"rendered":"http:\/\/esplac.cat\/?p=17759"},"modified":"2018-05-16T12:14:02","modified_gmt":"2018-05-16T10:14:02","slug":"i-avui-que-sopem-2","status":"publish","type":"post","link":"https:\/\/www.esplac.cat\/es\/i-avui-que-sopem-2\/","title":{"rendered":"I avui, qu\u00e8 sopem?"},"content":{"rendered":"<h4 style=\"text-align: justify;\">Fem que els sopars de les Reunions del Sector Barcelona segueixin la Carta de Gesti\u00f3 de Recursos d\u2019Esplac!<\/h4>\n<p style=\"text-align: justify;\">Sovint passa que als esplais i a Esplac tenim un discurs que ens costa aplicar. Un exemple d\u2019aix\u00f2 \u00e9s el tipus de consum que tenim en les diferents activitats de l\u2019entitat. <strong>Qu\u00e8 dinem<\/strong> si fem unes jornades formatives? <strong>Qu\u00e8 comprem<\/strong> per l\u2019esmorzar de la Coordinaci\u00f3 Territorial? <strong>Qu\u00e8 soparem<\/strong> aquesta nit a la reuni\u00f3 de Sector?<\/p>\n<p style=\"text-align: justify;\">Canviar aquests h\u00e0bits se\u2019ns fa una muntanya: \u00e9s molt car, a aquestes hores el forn del barri ja est\u00e0 tancat, en aquesta botiga no venen tot el que cal\u2026 \u00c9s cert, el sistema no ens ho posa f\u00e0cil, per\u00f2 tot \u00e9s q\u00fcesti\u00f3 de fer les coses senzilles i de prioritzar, perqu\u00e8 som capaces de tot.<\/p>\n<p style=\"text-align: justify;\">Des del Sector Barcelona, ens agradaria compartir una nova mesura que estem implementant per <strong>intentar que els sopars de les reunions de sector siguin m\u00e9s sostenibles<\/strong> i, aix\u00ed, reduir una miqueta la petjada que deixem al m\u00f3n.<br \/>\nNormalment, dos esplais del sector preparen el sopar per la resta, aix\u00ed que compren menjar o preparen alguna cosa, generalment, senzilla. Aquest any per\u00f2, hem decidit que <strong>un 75% del cost d\u2019aquests sopars sigui finan\u00e7at pel Sector sempre que els productes es comprin complint la Carta de gesti\u00f3 de recursos d\u2019Esplac.<\/strong><br \/>\nEsperem que us agradi la nostra idea i us inspiri!<\/p>\n<p style=\"text-align: justify;\">\n","protected":false},"excerpt":{"rendered":"<p>Fem que els sopars de les Reunions del Sector Barcelona [&hellip;]<\/p>\n","protected":false},"author":1,"featured_media":24039,"comment_status":"closed","ping_status":"open","sticky":false,"template":"","format":"standard","meta":{"om_disable_all_campaigns":false,"_monsterinsights_skip_tracking":false,"_monsterinsights_sitenote_active":false,"_monsterinsights_sitenote_note":"","_monsterinsights_sitenote_category":0,"_uf_show_specific_survey":0,"_uf_disable_surveys":false,"footnotes":""},"categories":[1121,1128,1],"tags":[67,119],"class_list":["post-24053","post","type-post","status-publish","format-standard","has-post-thumbnail","hentry","category-bones-practiques-2","category-sector-barcelona","category-sense-categoria","tag-bones-practiques","tag-sector-barcelona"],"yoast_head":"<!-- This site is optimized with the Yoast SEO plugin v27.4 - https:\/\/yoast.com\/product\/yoast-seo-wordpress\/ -->\n<title>I avui, qu\u00e8 sopem? - Esplac<\/title>\n<meta name=\"robots\" content=\"index, follow, max-snippet:-1, max-image-preview:large, max-video-preview:-1\" \/>\n<link rel=\"canonical\" href=\"https:\/\/www.esplac.cat\/i-avui-que-sopem-2\/\" \/>\n<meta property=\"og:locale\" content=\"es_ES\" \/>\n<meta property=\"og:type\" content=\"article\" \/>\n<meta property=\"og:title\" content=\"I avui, qu\u00e8 sopem? - Esplac\" \/>\n<meta property=\"og:description\" content=\"Fem que els sopars de les Reunions del Sector Barcelona [&hellip;]\" \/>\n<meta property=\"og:url\" content=\"https:\/\/www.esplac.cat\/i-avui-que-sopem-2\/\" \/>\n<meta property=\"og:site_name\" content=\"Esplac\" \/>\n<meta property=\"article:published_time\" content=\"2018-05-16T10:14:02+00:00\" \/>\n<meta property=\"og:image\" content=\"https:\/\/www.esplac.cat\/wp-content\/uploads\/2018\/05\/EsplacCat_SectorBCN.jpg\" \/>\n\t<meta property=\"og:image:width\" content=\"847\" \/>\n\t<meta property=\"og:image:height\" content=\"350\" \/>\n\t<meta property=\"og:image:type\" content=\"image\/jpeg\" \/>\n<meta name=\"author\" content=\"root\" \/>\n<meta name=\"twitter:card\" content=\"summary_large_image\" \/>\n<meta name=\"twitter:label1\" content=\"Escrito por\" \/>\n\t<meta name=\"twitter:data1\" content=\"root\" \/>\n\t<meta name=\"twitter:label2\" content=\"Tiempo de lectura\" \/>\n\t<meta name=\"twitter:data2\" content=\"1 minuto\" \/>\n<script type=\"application\/ld+json\" class=\"yoast-schema-graph\">{\"@context\":\"https:\\\/\\\/schema.org\",\"@graph\":[{\"@type\":\"Article\",\"@id\":\"https:\\\/\\\/www.esplac.cat\\\/i-avui-que-sopem-2\\\/#article\",\"isPartOf\":{\"@id\":\"https:\\\/\\\/www.esplac.cat\\\/i-avui-que-sopem-2\\\/\"},\"author\":{\"name\":\"root\",\"@id\":\"https:\\\/\\\/www.esplac.cat\\\/#\\\/schema\\\/person\\\/8d7ee340c02b239b152b9ff2c3d40766\"},\"headline\":\"I avui, qu\u00e8 sopem?\",\"datePublished\":\"2018-05-16T10:14:02+00:00\",\"mainEntityOfPage\":{\"@id\":\"https:\\\/\\\/www.esplac.cat\\\/i-avui-que-sopem-2\\\/\"},\"wordCount\":242,\"publisher\":{\"@id\":\"https:\\\/\\\/www.esplac.cat\\\/#organization\"},\"image\":{\"@id\":\"https:\\\/\\\/www.esplac.cat\\\/i-avui-que-sopem-2\\\/#primaryimage\"},\"thumbnailUrl\":\"https:\\\/\\\/www.esplac.cat\\\/wp-content\\\/uploads\\\/2018\\\/05\\\/EsplacCat_SectorBCN.jpg\",\"keywords\":[\"bones pr\u00e0ctiques\",\"sector Barcelona\"],\"articleSection\":[\"Bones pr\u00e0ctiques\",\"Sector Barcelona\",\"Sense categoria\"],\"inLanguage\":\"es\"},{\"@type\":\"WebPage\",\"@id\":\"https:\\\/\\\/www.esplac.cat\\\/i-avui-que-sopem-2\\\/\",\"url\":\"https:\\\/\\\/www.esplac.cat\\\/i-avui-que-sopem-2\\\/\",\"name\":\"I avui, qu\u00e8 sopem? - Esplac\",\"isPartOf\":{\"@id\":\"https:\\\/\\\/www.esplac.cat\\\/#website\"},\"primaryImageOfPage\":{\"@id\":\"https:\\\/\\\/www.esplac.cat\\\/i-avui-que-sopem-2\\\/#primaryimage\"},\"image\":{\"@id\":\"https:\\\/\\\/www.esplac.cat\\\/i-avui-que-sopem-2\\\/#primaryimage\"},\"thumbnailUrl\":\"https:\\\/\\\/www.esplac.cat\\\/wp-content\\\/uploads\\\/2018\\\/05\\\/EsplacCat_SectorBCN.jpg\",\"datePublished\":\"2018-05-16T10:14:02+00:00\",\"breadcrumb\":{\"@id\":\"https:\\\/\\\/www.esplac.cat\\\/i-avui-que-sopem-2\\\/#breadcrumb\"},\"inLanguage\":\"es\",\"potentialAction\":[{\"@type\":\"ReadAction\",\"target\":[\"https:\\\/\\\/www.esplac.cat\\\/i-avui-que-sopem-2\\\/\"]}]},{\"@type\":\"ImageObject\",\"inLanguage\":\"es\",\"@id\":\"https:\\\/\\\/www.esplac.cat\\\/i-avui-que-sopem-2\\\/#primaryimage\",\"url\":\"https:\\\/\\\/www.esplac.cat\\\/wp-content\\\/uploads\\\/2018\\\/05\\\/EsplacCat_SectorBCN.jpg\",\"contentUrl\":\"https:\\\/\\\/www.esplac.cat\\\/wp-content\\\/uploads\\\/2018\\\/05\\\/EsplacCat_SectorBCN.jpg\",\"width\":847,\"height\":350},{\"@type\":\"BreadcrumbList\",\"@id\":\"https:\\\/\\\/www.esplac.cat\\\/i-avui-que-sopem-2\\\/#breadcrumb\",\"itemListElement\":[{\"@type\":\"ListItem\",\"position\":1,\"name\":\"Inici\",\"item\":\"https:\\\/\\\/www.esplac.cat\\\/es\\\/\"},{\"@type\":\"ListItem\",\"position\":2,\"name\":\"I avui, qu\u00e8 sopem?\"}]},{\"@type\":\"WebSite\",\"@id\":\"https:\\\/\\\/www.esplac.cat\\\/#website\",\"url\":\"https:\\\/\\\/www.esplac.cat\\\/\",\"name\":\"Esplac\",\"description\":\"Esplais Catalans\",\"publisher\":{\"@id\":\"https:\\\/\\\/www.esplac.cat\\\/#organization\"},\"potentialAction\":[{\"@type\":\"SearchAction\",\"target\":{\"@type\":\"EntryPoint\",\"urlTemplate\":\"https:\\\/\\\/www.esplac.cat\\\/?s={search_term_string}\"},\"query-input\":{\"@type\":\"PropertyValueSpecification\",\"valueRequired\":true,\"valueName\":\"search_term_string\"}}],\"inLanguage\":\"es\"},{\"@type\":\"Organization\",\"@id\":\"https:\\\/\\\/www.esplac.cat\\\/#organization\",\"name\":\"Esplac\",\"url\":\"https:\\\/\\\/www.esplac.cat\\\/\",\"logo\":{\"@type\":\"ImageObject\",\"inLanguage\":\"es\",\"@id\":\"https:\\\/\\\/www.esplac.cat\\\/#\\\/schema\\\/logo\\\/image\\\/\",\"url\":\"https:\\\/\\\/www.esplac.cat\\\/wp-content\\\/uploads\\\/2019\\\/08\\\/logox2.png\",\"contentUrl\":\"https:\\\/\\\/www.esplac.cat\\\/wp-content\\\/uploads\\\/2019\\\/08\\\/logox2.png\",\"width\":600,\"height\":295,\"caption\":\"Esplac\"},\"image\":{\"@id\":\"https:\\\/\\\/www.esplac.cat\\\/#\\\/schema\\\/logo\\\/image\\\/\"}},{\"@type\":\"Person\",\"@id\":\"https:\\\/\\\/www.esplac.cat\\\/#\\\/schema\\\/person\\\/8d7ee340c02b239b152b9ff2c3d40766\",\"name\":\"root\",\"image\":{\"@type\":\"ImageObject\",\"inLanguage\":\"es\",\"@id\":\"https:\\\/\\\/secure.gravatar.com\\\/avatar\\\/9356757d53af8c5db257f894fbbd9ee7446c25af07cd2e7844bd1cf43acef754?s=96&d=mm&r=g\",\"url\":\"https:\\\/\\\/secure.gravatar.com\\\/avatar\\\/9356757d53af8c5db257f894fbbd9ee7446c25af07cd2e7844bd1cf43acef754?s=96&d=mm&r=g\",\"contentUrl\":\"https:\\\/\\\/secure.gravatar.com\\\/avatar\\\/9356757d53af8c5db257f894fbbd9ee7446c25af07cd2e7844bd1cf43acef754?s=96&d=mm&r=g\",\"caption\":\"root\"}}]}<\/script>\n<!-- \/ Yoast SEO plugin. -->","yoast_head_json":{"title":"I avui, qu\u00e8 sopem? - Esplac","robots":{"index":"index","follow":"follow","max-snippet":"max-snippet:-1","max-image-preview":"max-image-preview:large","max-video-preview":"max-video-preview:-1"},"canonical":"https:\/\/www.esplac.cat\/i-avui-que-sopem-2\/","og_locale":"es_ES","og_type":"article","og_title":"I avui, qu\u00e8 sopem? - Esplac","og_description":"Fem que els sopars de les Reunions del Sector Barcelona [&hellip;]","og_url":"https:\/\/www.esplac.cat\/i-avui-que-sopem-2\/","og_site_name":"Esplac","article_published_time":"2018-05-16T10:14:02+00:00","og_image":[{"width":847,"height":350,"url":"https:\/\/www.esplac.cat\/wp-content\/uploads\/2018\/05\/EsplacCat_SectorBCN.jpg","type":"image\/jpeg"}],"author":"root","twitter_card":"summary_large_image","twitter_misc":{"Escrito por":"root","Tiempo de lectura":"1 minuto"},"schema":{"@context":"https:\/\/schema.org","@graph":[{"@type":"Article","@id":"https:\/\/www.esplac.cat\/i-avui-que-sopem-2\/#article","isPartOf":{"@id":"https:\/\/www.esplac.cat\/i-avui-que-sopem-2\/"},"author":{"name":"root","@id":"https:\/\/www.esplac.cat\/#\/schema\/person\/8d7ee340c02b239b152b9ff2c3d40766"},"headline":"I avui, qu\u00e8 sopem?","datePublished":"2018-05-16T10:14:02+00:00","mainEntityOfPage":{"@id":"https:\/\/www.esplac.cat\/i-avui-que-sopem-2\/"},"wordCount":242,"publisher":{"@id":"https:\/\/www.esplac.cat\/#organization"},"image":{"@id":"https:\/\/www.esplac.cat\/i-avui-que-sopem-2\/#primaryimage"},"thumbnailUrl":"https:\/\/www.esplac.cat\/wp-content\/uploads\/2018\/05\/EsplacCat_SectorBCN.jpg","keywords":["bones pr\u00e0ctiques","sector Barcelona"],"articleSection":["Bones pr\u00e0ctiques","Sector Barcelona","Sense categoria"],"inLanguage":"es"},{"@type":"WebPage","@id":"https:\/\/www.esplac.cat\/i-avui-que-sopem-2\/","url":"https:\/\/www.esplac.cat\/i-avui-que-sopem-2\/","name":"I avui, qu\u00e8 sopem? - Esplac","isPartOf":{"@id":"https:\/\/www.esplac.cat\/#website"},"primaryImageOfPage":{"@id":"https:\/\/www.esplac.cat\/i-avui-que-sopem-2\/#primaryimage"},"image":{"@id":"https:\/\/www.esplac.cat\/i-avui-que-sopem-2\/#primaryimage"},"thumbnailUrl":"https:\/\/www.esplac.cat\/wp-content\/uploads\/2018\/05\/EsplacCat_SectorBCN.jpg","datePublished":"2018-05-16T10:14:02+00:00","breadcrumb":{"@id":"https:\/\/www.esplac.cat\/i-avui-que-sopem-2\/#breadcrumb"},"inLanguage":"es","potentialAction":[{"@type":"ReadAction","target":["https:\/\/www.esplac.cat\/i-avui-que-sopem-2\/"]}]},{"@type":"ImageObject","inLanguage":"es","@id":"https:\/\/www.esplac.cat\/i-avui-que-sopem-2\/#primaryimage","url":"https:\/\/www.esplac.cat\/wp-content\/uploads\/2018\/05\/EsplacCat_SectorBCN.jpg","contentUrl":"https:\/\/www.esplac.cat\/wp-content\/uploads\/2018\/05\/EsplacCat_SectorBCN.jpg","width":847,"height":350},{"@type":"BreadcrumbList","@id":"https:\/\/www.esplac.cat\/i-avui-que-sopem-2\/#breadcrumb","itemListElement":[{"@type":"ListItem","position":1,"name":"Inici","item":"https:\/\/www.esplac.cat\/es\/"},{"@type":"ListItem","position":2,"name":"I avui, qu\u00e8 sopem?"}]},{"@type":"WebSite","@id":"https:\/\/www.esplac.cat\/#website","url":"https:\/\/www.esplac.cat\/","name":"Esplac","description":"Esplais Catalans","publisher":{"@id":"https:\/\/www.esplac.cat\/#organization"},"potentialAction":[{"@type":"SearchAction","target":{"@type":"EntryPoint","urlTemplate":"https:\/\/www.esplac.cat\/?s={search_term_string}"},"query-input":{"@type":"PropertyValueSpecification","valueRequired":true,"valueName":"search_term_string"}}],"inLanguage":"es"},{"@type":"Organization","@id":"https:\/\/www.esplac.cat\/#organization","name":"Esplac","url":"https:\/\/www.esplac.cat\/","logo":{"@type":"ImageObject","inLanguage":"es","@id":"https:\/\/www.esplac.cat\/#\/schema\/logo\/image\/","url":"https:\/\/www.esplac.cat\/wp-content\/uploads\/2019\/08\/logox2.png","contentUrl":"https:\/\/www.esplac.cat\/wp-content\/uploads\/2019\/08\/logox2.png","width":600,"height":295,"caption":"Esplac"},"image":{"@id":"https:\/\/www.esplac.cat\/#\/schema\/logo\/image\/"}},{"@type":"Person","@id":"https:\/\/www.esplac.cat\/#\/schema\/person\/8d7ee340c02b239b152b9ff2c3d40766","name":"root","image":{"@type":"ImageObject","inLanguage":"es","@id":"https:\/\/secure.gravatar.com\/avatar\/9356757d53af8c5db257f894fbbd9ee7446c25af07cd2e7844bd1cf43acef754?s=96&d=mm&r=g","url":"https:\/\/secure.gravatar.com\/avatar\/9356757d53af8c5db257f894fbbd9ee7446c25af07cd2e7844bd1cf43acef754?s=96&d=mm&r=g","contentUrl":"https:\/\/secure.gravatar.com\/avatar\/9356757d53af8c5db257f894fbbd9ee7446c25af07cd2e7844bd1cf43acef754?s=96&d=mm&r=g","caption":"root"}}]}},"_links":{"self":[{"href":"https:\/\/www.esplac.cat\/es\/wp-json\/wp\/v2\/posts\/24053","targetHints":{"allow":["GET"]}}],"collection":[{"href":"https:\/\/www.esplac.cat\/es\/wp-json\/wp\/v2\/posts"}],"about":[{"href":"https:\/\/www.esplac.cat\/es\/wp-json\/wp\/v2\/types\/post"}],"author":[{"embeddable":true,"href":"https:\/\/www.esplac.cat\/es\/wp-json\/wp\/v2\/users\/1"}],"replies":[{"embeddable":true,"href":"https:\/\/www.esplac.cat\/es\/wp-json\/wp\/v2\/comments?post=24053"}],"version-history":[{"count":0,"href":"https:\/\/www.esplac.cat\/es\/wp-json\/wp\/v2\/posts\/24053\/revisions"}],"wp:featuredmedia":[{"embeddable":true,"href":"https:\/\/www.esplac.cat\/es\/wp-json\/wp\/v2\/media\/24039"}],"wp:attachment":[{"href":"https:\/\/www.esplac.cat\/es\/wp-json\/wp\/v2\/media?parent=24053"}],"wp:term":[{"taxonomy":"category","embeddable":true,"href":"https:\/\/www.esplac.cat\/es\/wp-json\/wp\/v2\/categories?post=24053"},{"taxonomy":"post_tag","embeddable":true,"href":"https:\/\/www.esplac.cat\/es\/wp-json\/wp\/v2\/tags?post=24053"}],"curies":[{"name":"wp","href":"https:\/\/api.w.org\/{rel}","templated":true}]}}