{"id":24065,"date":"2018-04-09T11:33:25","date_gmt":"2018-04-09T09:33:25","guid":{"rendered":"http:\/\/esplac.cat\/?p=17668"},"modified":"2018-04-09T11:33:25","modified_gmt":"2018-04-09T09:33:25","slug":"apuntat-seminaris-internacionals-educacio-sexual","status":"publish","type":"post","link":"https:\/\/www.esplac.cat\/es\/apuntat-seminaris-internacionals-educacio-sexual\/","title":{"rendered":"Apunta\u2019t als seminaris internacionals sobre educaci\u00f3 sexual!"},"content":{"rendered":"<h4 style=\"text-align: justify;\">L\u2019activitat tindr\u00e0 lloc entre el 20 i el 27 de maig a D\u00f6briach (\u00c0ustria)<\/h4>\n<p style=\"text-align: justify;\">Creus que l\u2019educaci\u00f3 sexual que has rebut no \u00e9s adequada? Que l\u2019educaci\u00f3 sexual que rebem no reflecteix prou la diversitat de cossos i identitats? Vols explorar com la normativitat i la societat influeixen en la nostra experi\u00e8ncia d\u2019educaci\u00f3 sexual? Vols canviar l\u2019educaci\u00f3 sexual que reben els infants i joves? Si has respost s\u00ed a alguna d\u2019aquestes preguntes, \u00e9s que tens ganes d\u2019apuntar-te a un dels seminaris paral\u00b7lels que organitza l\u2019<strong><a href=\"http:\/\/ifm-sei.org\/en\/\" target=\"_blank\" rel=\"noopener noreferrer\">IFM-SEI<\/a><\/strong> en el marc del projecte \u201c<strong>Let\u2019s Talk About Sex!<\/strong>\u201d: g\u00e8nere, sexualitat, cossos, positivitat corporal, educaci\u00f3 sexual progressista&#8230;<\/p>\n<p style=\"text-align: justify;\">Cada seminari est\u00e0 obert a <strong>20 participants<\/strong> de l\u2019IFM-SEI i a les organitzacions associades. Heu de tenir en compte que nom\u00e9s us podeu apuntar a un dels seminaris i que, per tant, heu de decidir a quin voleu assistir abans de presentar la sol\u00b7licitud. Com a resultat dels seminaris, els participants presentaran activitats que seran avaluades a l\u2019<strong>Illa de Participaci\u00f3<\/strong>, un campament internacional que tindr\u00e0 lloc a <a href=\"https:\/\/www.google.es\/maps\/place\/Hanko,+Finl%C3%A0ndia\/@59.8295523,22.9193536,13z\/data=!3m1!4b1!4m8!1m2!2m1!1shanko!3m4!1s0x468ce25ff02c47e5:0x319e5f55f98a2441!8m2!3d59.834482!4d22.964781?hl=ca\" target=\"_blank\" rel=\"noopener noreferrer\"><strong>Hanko<\/strong><\/a> (Finl\u00e0ndia) al juliol.<\/p>\n<p style=\"text-align: justify;\">En <a href=\"http:\/\/ifm-sei.org\/en\/2018\/04\/ltas-apply\/\" target=\"_blank\" rel=\"noopener noreferrer\"><strong>aquest enlla\u00e7<\/strong><\/a> trobar\u00e0s tota la informaci\u00f3 sobre els seminaris.<\/p>\n<p style=\"text-align: justify;\"><strong>\u201cMe as a sexual being\u201d (seminari I)<\/strong><br \/>\nEst\u00e0 enfocat a principiants, \u00e9s a dir, que per prendre\u2019n part no cal tenir cap experi\u00e8ncia pr\u00e8via en el tema de g\u00e8nere, sexualitat i educaci\u00f3 sexual. Nom\u00e9s cal tenir un nivell d\u2019angl\u00e8s b\u00e0sic.<br \/>\n<strong>Objectius<\/strong>:<\/p>\n<ol>\n<li style=\"text-align: justify;\">Reflexionar sobre les identitats i com es construeixen, con\u00e8ixer l\u2019efecte dels mitjans de comunicaci\u00f3 i la pornografia sobre aquestes identitats, i esbrinar com ens percebem com a \u00e9ssers sexuals, i la positivitat corporal.<\/li>\n<li style=\"text-align: justify;\">Explorar com la cultura heteronormativa i cisnormativa afecta la manera d\u2019identificar i expressar les nostres identitats sexuals.<\/li>\n<li style=\"text-align: justify;\">Analitzar cr\u00edticament l\u2019estat actual de l\u2019educaci\u00f3 sexual, reflexionar sobre les necessitats dels joves marginats respecte a l\u2019educaci\u00f3 i la salut sexual i crear eines per treballar millor l\u2019educaci\u00f3 sexual amb els joves.<\/li>\n<\/ol>\n<p style=\"text-align: justify;\"><strong>\u201cUs as sexual beings\u201d (seminari II)<\/strong><br \/>\n\u00c9s d\u2019un nivell avan\u00e7at i per participar-hi cal tenir experi\u00e8ncia en temes de g\u00e8nere i sexualitat, i un nivell d\u2019angl\u00e8s mitj\u00e0.<br \/>\n<strong>Objectius<\/strong>:<\/p>\n<ol>\n<li style=\"text-align: justify;\">Analitzar com s\u2019exclouen les identitats marginades en els programes d\u2019educaci\u00f3 sexual existents i els motius sist\u00e8mics que hi ha darrere.<\/li>\n<li style=\"text-align: justify;\">Reflexionar sobre com les identitats, expressions, expectatives i normes sexuals estan influ\u00efdes pels mitjans de comunicaci\u00f3, la pornografia, la pressi\u00f3 dels companys, la cultura i la religi\u00f3 des d&#8217;una cr\u00edtica capitalista.<\/li>\n<li style=\"text-align: justify;\">Facilitar un di\u00e0leg sobre la positivitat sexual, la pornografia, el poder en les relacions i el treball sexual.<\/li>\n<li style=\"text-align: justify;\">Analitzar cr\u00edticament l\u2019estat actual de l\u2019educaci\u00f3 sexual i crear eines per treballar millor en l&#8217;educaci\u00f3 sexual per a infants i joves des d\u2019un enfocament intersectorial.<\/li>\n<\/ol>\n<p style=\"text-align: justify;\"><strong>INFORMACI\u00d3 PR\u00c0CTICA<\/strong><\/p>\n<ul>\n<li style=\"text-align: justify;\"><strong>Dates<\/strong>: del diumenge 20 al diumenge 27 de maig de 2018.<\/li>\n<li style=\"text-align: justify;\"><strong>Lloc<\/strong>: Kinderfreunde Falkencamp D\u00f6briach, 9873 (\u00c0ustria).<\/li>\n<li style=\"text-align: justify;\"><strong>Participants<\/strong>: 40 joves (20 per seminari) de 16 a 30 anys dels estats membres del Consell d\u2019Europa.<\/li>\n<li style=\"text-align: justify;\"><strong>Cost<\/strong>: 60\u20ac (el transport i l\u2019allotjament estan coberts pel projecte)<\/li>\n<li style=\"text-align: justify;\"><strong>Inscripcions<\/strong>: data l\u00edmit, dimecres 18 abril. Ompliu un formulari o l\u2019altre en funci\u00f3 del seminari al qual us vulgueu apuntar:<br \/>\nSeminari I <a href=\"https:\/\/docs.google.com\/forms\/d\/e\/1FAIpQLSfMYObLHxhnhpEaH5Ts6xg1ZG68wHE7e4uzqMlzF8Ot2VXMyg\/viewform\" target=\"_blank\" rel=\"noopener noreferrer\"><strong>\u00abMe as a sexual being\u00bb<\/strong> <\/a>(nivell principiant)<br \/>\nSeminari II <strong><a href=\"https:\/\/docs.google.com\/forms\/d\/e\/1FAIpQLScv-fr1OC7s3KqP7wKld3J16k4CpA6wCSTGuUyCtmhabsN-ow\/viewform\" target=\"_blank\" rel=\"noopener noreferrer\">\u00abUs as sexual beings\u00bb<\/a><\/strong> (nivell avan\u00e7at)<\/li>\n<\/ul>\n<p><a href=\"http:\/\/esplac.cat\/wp-content\/uploads\/2018\/04\/lloc-austria.jpg\"><img decoding=\"async\" class=\" wp-image-17671 aligncenter\" src=\"http:\/\/esplac.cat\/wp-content\/uploads\/2018\/04\/lloc-austria-300x124.jpg\" alt=\"\" width=\"515\" height=\"213\" \/><\/a><\/p>\n","protected":false},"excerpt":{"rendered":"<p>L\u2019activitat tindr\u00e0 lloc entre el 20 i el 27 de [&hellip;]<\/p>\n","protected":false},"author":1,"featured_media":24067,"comment_status":"closed","ping_status":"open","sticky":false,"template":"","format":"standard","meta":{"om_disable_all_campaigns":false,"_monsterinsights_skip_tracking":false,"_monsterinsights_sitenote_active":false,"_monsterinsights_sitenote_note":"","_monsterinsights_sitenote_category":0,"_uf_show_specific_survey":0,"_uf_disable_surveys":false,"footnotes":""},"categories":[1112,1],"tags":[692,59,73],"class_list":["post-24065","post","type-post","status-publish","format-standard","has-post-thumbnail","hentry","category-esplac-al-mon","category-sense-categoria","tag-austria","tag-ifm-sei","tag-sexualitat"],"yoast_head":"<!-- This site is optimized with the Yoast SEO plugin v27.5 - https:\/\/yoast.com\/product\/yoast-seo-wordpress\/ -->\n<title>Apunta\u2019t als seminaris internacionals sobre educaci\u00f3 sexual! - Esplac<\/title>\n<meta name=\"robots\" content=\"index, follow, max-snippet:-1, max-image-preview:large, max-video-preview:-1\" \/>\n<link rel=\"canonical\" href=\"https:\/\/www.esplac.cat\/apuntat-seminaris-internacionals-educacio-sexual\/\" \/>\n<meta property=\"og:locale\" content=\"es_ES\" \/>\n<meta property=\"og:type\" content=\"article\" \/>\n<meta property=\"og:title\" content=\"Apunta\u2019t als seminaris internacionals sobre educaci\u00f3 sexual! - Esplac\" \/>\n<meta property=\"og:description\" content=\"L\u2019activitat tindr\u00e0 lloc entre el 20 i el 27 de [&hellip;]\" \/>\n<meta property=\"og:url\" content=\"https:\/\/www.esplac.cat\/apuntat-seminaris-internacionals-educacio-sexual\/\" \/>\n<meta property=\"og:site_name\" content=\"Esplac\" \/>\n<meta property=\"article:published_time\" content=\"2018-04-09T09:33:25+00:00\" \/>\n<meta property=\"og:image\" content=\"https:\/\/www.esplac.cat\/wp-content\/uploads\/2018\/04\/sexx.jpg\" \/>\n\t<meta property=\"og:image:width\" content=\"847\" \/>\n\t<meta property=\"og:image:height\" content=\"350\" \/>\n\t<meta property=\"og:image:type\" content=\"image\/jpeg\" \/>\n<meta name=\"author\" content=\"root\" \/>\n<meta name=\"twitter:card\" content=\"summary_large_image\" \/>\n<meta name=\"twitter:label1\" content=\"Escrito por\" \/>\n\t<meta name=\"twitter:data1\" content=\"root\" \/>\n\t<meta name=\"twitter:label2\" content=\"Tiempo de lectura\" \/>\n\t<meta name=\"twitter:data2\" content=\"3 minutos\" \/>\n<script type=\"application\/ld+json\" class=\"yoast-schema-graph\">{\"@context\":\"https:\\\/\\\/schema.org\",\"@graph\":[{\"@type\":\"Article\",\"@id\":\"https:\\\/\\\/www.esplac.cat\\\/apuntat-seminaris-internacionals-educacio-sexual\\\/#article\",\"isPartOf\":{\"@id\":\"https:\\\/\\\/www.esplac.cat\\\/apuntat-seminaris-internacionals-educacio-sexual\\\/\"},\"author\":{\"name\":\"root\",\"@id\":\"https:\\\/\\\/www.esplac.cat\\\/#\\\/schema\\\/person\\\/8d7ee340c02b239b152b9ff2c3d40766\"},\"headline\":\"Apunta\u2019t als seminaris internacionals sobre educaci\u00f3 sexual!\",\"datePublished\":\"2018-04-09T09:33:25+00:00\",\"mainEntityOfPage\":{\"@id\":\"https:\\\/\\\/www.esplac.cat\\\/apuntat-seminaris-internacionals-educacio-sexual\\\/\"},\"wordCount\":565,\"publisher\":{\"@id\":\"https:\\\/\\\/www.esplac.cat\\\/#organization\"},\"image\":{\"@id\":\"https:\\\/\\\/www.esplac.cat\\\/apuntat-seminaris-internacionals-educacio-sexual\\\/#primaryimage\"},\"thumbnailUrl\":\"https:\\\/\\\/www.esplac.cat\\\/wp-content\\\/uploads\\\/2018\\\/04\\\/sexx.jpg\",\"keywords\":[\"\u00c0ustria\",\"IFM-SEI\",\"sexualitat\"],\"articleSection\":[\"Esplac al m\u00f3n\",\"Sense categoria\"],\"inLanguage\":\"es\"},{\"@type\":\"WebPage\",\"@id\":\"https:\\\/\\\/www.esplac.cat\\\/apuntat-seminaris-internacionals-educacio-sexual\\\/\",\"url\":\"https:\\\/\\\/www.esplac.cat\\\/apuntat-seminaris-internacionals-educacio-sexual\\\/\",\"name\":\"Apunta\u2019t als seminaris internacionals sobre educaci\u00f3 sexual! - Esplac\",\"isPartOf\":{\"@id\":\"https:\\\/\\\/www.esplac.cat\\\/#website\"},\"primaryImageOfPage\":{\"@id\":\"https:\\\/\\\/www.esplac.cat\\\/apuntat-seminaris-internacionals-educacio-sexual\\\/#primaryimage\"},\"image\":{\"@id\":\"https:\\\/\\\/www.esplac.cat\\\/apuntat-seminaris-internacionals-educacio-sexual\\\/#primaryimage\"},\"thumbnailUrl\":\"https:\\\/\\\/www.esplac.cat\\\/wp-content\\\/uploads\\\/2018\\\/04\\\/sexx.jpg\",\"datePublished\":\"2018-04-09T09:33:25+00:00\",\"breadcrumb\":{\"@id\":\"https:\\\/\\\/www.esplac.cat\\\/apuntat-seminaris-internacionals-educacio-sexual\\\/#breadcrumb\"},\"inLanguage\":\"es\",\"potentialAction\":[{\"@type\":\"ReadAction\",\"target\":[\"https:\\\/\\\/www.esplac.cat\\\/apuntat-seminaris-internacionals-educacio-sexual\\\/\"]}]},{\"@type\":\"ImageObject\",\"inLanguage\":\"es\",\"@id\":\"https:\\\/\\\/www.esplac.cat\\\/apuntat-seminaris-internacionals-educacio-sexual\\\/#primaryimage\",\"url\":\"https:\\\/\\\/www.esplac.cat\\\/wp-content\\\/uploads\\\/2018\\\/04\\\/sexx.jpg\",\"contentUrl\":\"https:\\\/\\\/www.esplac.cat\\\/wp-content\\\/uploads\\\/2018\\\/04\\\/sexx.jpg\",\"width\":847,\"height\":350},{\"@type\":\"BreadcrumbList\",\"@id\":\"https:\\\/\\\/www.esplac.cat\\\/apuntat-seminaris-internacionals-educacio-sexual\\\/#breadcrumb\",\"itemListElement\":[{\"@type\":\"ListItem\",\"position\":1,\"name\":\"Inici\",\"item\":\"https:\\\/\\\/www.esplac.cat\\\/es\\\/\"},{\"@type\":\"ListItem\",\"position\":2,\"name\":\"Apunta\u2019t als seminaris internacionals sobre educaci\u00f3 sexual!\"}]},{\"@type\":\"WebSite\",\"@id\":\"https:\\\/\\\/www.esplac.cat\\\/#website\",\"url\":\"https:\\\/\\\/www.esplac.cat\\\/\",\"name\":\"Esplac\",\"description\":\"Esplais Catalans\",\"publisher\":{\"@id\":\"https:\\\/\\\/www.esplac.cat\\\/#organization\"},\"potentialAction\":[{\"@type\":\"SearchAction\",\"target\":{\"@type\":\"EntryPoint\",\"urlTemplate\":\"https:\\\/\\\/www.esplac.cat\\\/?s={search_term_string}\"},\"query-input\":{\"@type\":\"PropertyValueSpecification\",\"valueRequired\":true,\"valueName\":\"search_term_string\"}}],\"inLanguage\":\"es\"},{\"@type\":\"Organization\",\"@id\":\"https:\\\/\\\/www.esplac.cat\\\/#organization\",\"name\":\"Esplac\",\"url\":\"https:\\\/\\\/www.esplac.cat\\\/\",\"logo\":{\"@type\":\"ImageObject\",\"inLanguage\":\"es\",\"@id\":\"https:\\\/\\\/www.esplac.cat\\\/#\\\/schema\\\/logo\\\/image\\\/\",\"url\":\"https:\\\/\\\/www.esplac.cat\\\/wp-content\\\/uploads\\\/2019\\\/08\\\/logox2.png\",\"contentUrl\":\"https:\\\/\\\/www.esplac.cat\\\/wp-content\\\/uploads\\\/2019\\\/08\\\/logox2.png\",\"width\":600,\"height\":295,\"caption\":\"Esplac\"},\"image\":{\"@id\":\"https:\\\/\\\/www.esplac.cat\\\/#\\\/schema\\\/logo\\\/image\\\/\"}},{\"@type\":\"Person\",\"@id\":\"https:\\\/\\\/www.esplac.cat\\\/#\\\/schema\\\/person\\\/8d7ee340c02b239b152b9ff2c3d40766\",\"name\":\"root\",\"image\":{\"@type\":\"ImageObject\",\"inLanguage\":\"es\",\"@id\":\"https:\\\/\\\/secure.gravatar.com\\\/avatar\\\/9356757d53af8c5db257f894fbbd9ee7446c25af07cd2e7844bd1cf43acef754?s=96&d=mm&r=g\",\"url\":\"https:\\\/\\\/secure.gravatar.com\\\/avatar\\\/9356757d53af8c5db257f894fbbd9ee7446c25af07cd2e7844bd1cf43acef754?s=96&d=mm&r=g\",\"contentUrl\":\"https:\\\/\\\/secure.gravatar.com\\\/avatar\\\/9356757d53af8c5db257f894fbbd9ee7446c25af07cd2e7844bd1cf43acef754?s=96&d=mm&r=g\",\"caption\":\"root\"}}]}<\/script>\n<!-- \/ Yoast SEO plugin. -->","yoast_head_json":{"title":"Apunta\u2019t als seminaris internacionals sobre educaci\u00f3 sexual! - Esplac","robots":{"index":"index","follow":"follow","max-snippet":"max-snippet:-1","max-image-preview":"max-image-preview:large","max-video-preview":"max-video-preview:-1"},"canonical":"https:\/\/www.esplac.cat\/apuntat-seminaris-internacionals-educacio-sexual\/","og_locale":"es_ES","og_type":"article","og_title":"Apunta\u2019t als seminaris internacionals sobre educaci\u00f3 sexual! - Esplac","og_description":"L\u2019activitat tindr\u00e0 lloc entre el 20 i el 27 de [&hellip;]","og_url":"https:\/\/www.esplac.cat\/apuntat-seminaris-internacionals-educacio-sexual\/","og_site_name":"Esplac","article_published_time":"2018-04-09T09:33:25+00:00","og_image":[{"width":847,"height":350,"url":"https:\/\/www.esplac.cat\/wp-content\/uploads\/2018\/04\/sexx.jpg","type":"image\/jpeg"}],"author":"root","twitter_card":"summary_large_image","twitter_misc":{"Escrito por":"root","Tiempo de lectura":"3 minutos"},"schema":{"@context":"https:\/\/schema.org","@graph":[{"@type":"Article","@id":"https:\/\/www.esplac.cat\/apuntat-seminaris-internacionals-educacio-sexual\/#article","isPartOf":{"@id":"https:\/\/www.esplac.cat\/apuntat-seminaris-internacionals-educacio-sexual\/"},"author":{"name":"root","@id":"https:\/\/www.esplac.cat\/#\/schema\/person\/8d7ee340c02b239b152b9ff2c3d40766"},"headline":"Apunta\u2019t als seminaris internacionals sobre educaci\u00f3 sexual!","datePublished":"2018-04-09T09:33:25+00:00","mainEntityOfPage":{"@id":"https:\/\/www.esplac.cat\/apuntat-seminaris-internacionals-educacio-sexual\/"},"wordCount":565,"publisher":{"@id":"https:\/\/www.esplac.cat\/#organization"},"image":{"@id":"https:\/\/www.esplac.cat\/apuntat-seminaris-internacionals-educacio-sexual\/#primaryimage"},"thumbnailUrl":"https:\/\/www.esplac.cat\/wp-content\/uploads\/2018\/04\/sexx.jpg","keywords":["\u00c0ustria","IFM-SEI","sexualitat"],"articleSection":["Esplac al m\u00f3n","Sense categoria"],"inLanguage":"es"},{"@type":"WebPage","@id":"https:\/\/www.esplac.cat\/apuntat-seminaris-internacionals-educacio-sexual\/","url":"https:\/\/www.esplac.cat\/apuntat-seminaris-internacionals-educacio-sexual\/","name":"Apunta\u2019t als seminaris internacionals sobre educaci\u00f3 sexual! - Esplac","isPartOf":{"@id":"https:\/\/www.esplac.cat\/#website"},"primaryImageOfPage":{"@id":"https:\/\/www.esplac.cat\/apuntat-seminaris-internacionals-educacio-sexual\/#primaryimage"},"image":{"@id":"https:\/\/www.esplac.cat\/apuntat-seminaris-internacionals-educacio-sexual\/#primaryimage"},"thumbnailUrl":"https:\/\/www.esplac.cat\/wp-content\/uploads\/2018\/04\/sexx.jpg","datePublished":"2018-04-09T09:33:25+00:00","breadcrumb":{"@id":"https:\/\/www.esplac.cat\/apuntat-seminaris-internacionals-educacio-sexual\/#breadcrumb"},"inLanguage":"es","potentialAction":[{"@type":"ReadAction","target":["https:\/\/www.esplac.cat\/apuntat-seminaris-internacionals-educacio-sexual\/"]}]},{"@type":"ImageObject","inLanguage":"es","@id":"https:\/\/www.esplac.cat\/apuntat-seminaris-internacionals-educacio-sexual\/#primaryimage","url":"https:\/\/www.esplac.cat\/wp-content\/uploads\/2018\/04\/sexx.jpg","contentUrl":"https:\/\/www.esplac.cat\/wp-content\/uploads\/2018\/04\/sexx.jpg","width":847,"height":350},{"@type":"BreadcrumbList","@id":"https:\/\/www.esplac.cat\/apuntat-seminaris-internacionals-educacio-sexual\/#breadcrumb","itemListElement":[{"@type":"ListItem","position":1,"name":"Inici","item":"https:\/\/www.esplac.cat\/es\/"},{"@type":"ListItem","position":2,"name":"Apunta\u2019t als seminaris internacionals sobre educaci\u00f3 sexual!"}]},{"@type":"WebSite","@id":"https:\/\/www.esplac.cat\/#website","url":"https:\/\/www.esplac.cat\/","name":"Esplac","description":"Esplais Catalans","publisher":{"@id":"https:\/\/www.esplac.cat\/#organization"},"potentialAction":[{"@type":"SearchAction","target":{"@type":"EntryPoint","urlTemplate":"https:\/\/www.esplac.cat\/?s={search_term_string}"},"query-input":{"@type":"PropertyValueSpecification","valueRequired":true,"valueName":"search_term_string"}}],"inLanguage":"es"},{"@type":"Organization","@id":"https:\/\/www.esplac.cat\/#organization","name":"Esplac","url":"https:\/\/www.esplac.cat\/","logo":{"@type":"ImageObject","inLanguage":"es","@id":"https:\/\/www.esplac.cat\/#\/schema\/logo\/image\/","url":"https:\/\/www.esplac.cat\/wp-content\/uploads\/2019\/08\/logox2.png","contentUrl":"https:\/\/www.esplac.cat\/wp-content\/uploads\/2019\/08\/logox2.png","width":600,"height":295,"caption":"Esplac"},"image":{"@id":"https:\/\/www.esplac.cat\/#\/schema\/logo\/image\/"}},{"@type":"Person","@id":"https:\/\/www.esplac.cat\/#\/schema\/person\/8d7ee340c02b239b152b9ff2c3d40766","name":"root","image":{"@type":"ImageObject","inLanguage":"es","@id":"https:\/\/secure.gravatar.com\/avatar\/9356757d53af8c5db257f894fbbd9ee7446c25af07cd2e7844bd1cf43acef754?s=96&d=mm&r=g","url":"https:\/\/secure.gravatar.com\/avatar\/9356757d53af8c5db257f894fbbd9ee7446c25af07cd2e7844bd1cf43acef754?s=96&d=mm&r=g","contentUrl":"https:\/\/secure.gravatar.com\/avatar\/9356757d53af8c5db257f894fbbd9ee7446c25af07cd2e7844bd1cf43acef754?s=96&d=mm&r=g","caption":"root"}}]}},"_links":{"self":[{"href":"https:\/\/www.esplac.cat\/es\/wp-json\/wp\/v2\/posts\/24065","targetHints":{"allow":["GET"]}}],"collection":[{"href":"https:\/\/www.esplac.cat\/es\/wp-json\/wp\/v2\/posts"}],"about":[{"href":"https:\/\/www.esplac.cat\/es\/wp-json\/wp\/v2\/types\/post"}],"author":[{"embeddable":true,"href":"https:\/\/www.esplac.cat\/es\/wp-json\/wp\/v2\/users\/1"}],"replies":[{"embeddable":true,"href":"https:\/\/www.esplac.cat\/es\/wp-json\/wp\/v2\/comments?post=24065"}],"version-history":[{"count":0,"href":"https:\/\/www.esplac.cat\/es\/wp-json\/wp\/v2\/posts\/24065\/revisions"}],"wp:featuredmedia":[{"embeddable":true,"href":"https:\/\/www.esplac.cat\/es\/wp-json\/wp\/v2\/media\/24067"}],"wp:attachment":[{"href":"https:\/\/www.esplac.cat\/es\/wp-json\/wp\/v2\/media?parent=24065"}],"wp:term":[{"taxonomy":"category","embeddable":true,"href":"https:\/\/www.esplac.cat\/es\/wp-json\/wp\/v2\/categories?post=24065"},{"taxonomy":"post_tag","embeddable":true,"href":"https:\/\/www.esplac.cat\/es\/wp-json\/wp\/v2\/tags?post=24065"}],"curies":[{"name":"wp","href":"https:\/\/api.w.org\/{rel}","templated":true}]}}