{"id":24072,"date":"2018-04-05T08:45:39","date_gmt":"2018-04-05T06:45:39","guid":{"rendered":"http:\/\/esplac.cat\/?p=17645"},"modified":"2018-04-05T08:45:39","modified_gmt":"2018-04-05T06:45:39","slug":"gmm-celebra-setmana-cigro","status":"publish","type":"post","link":"https:\/\/www.esplac.cat\/es\/gmm-celebra-setmana-cigro\/","title":{"rendered":"El GMM celebra la setmana del cigr\u00f3!"},"content":{"rendered":"<h4 style=\"text-align: justify;\">Les monitores i monitors van conviure durant una setmana ordin\u00e0ria al local de l\u2019esplai<\/h4>\n<p style=\"text-align: justify;\">Un any m\u00e9s l\u2019assemblea de monitores de l\u2019<strong><a href=\"http:\/\/www.esplaigmm.org\/qui-som\/\" target=\"_blank\" rel=\"noopener noreferrer\">Esplai GMM<\/a><\/strong> dels Llu\u00efsos de Gr\u00e0cia de Barcelona hem realitzat la <strong>setmana del cigr\u00f3<\/strong> i volem compartir l\u2019experi\u00e8ncia per si algun altre esplai s\u2019anima a fer-ho. La setmana del cigr\u00f3 \u00e9s una setmana de conviv\u00e8ncia de les monitores i monitors d\u2019un esplai, en qu\u00e8 combinem la rutina di\u00e0ria personal amb activitats col\u00b7lectives d\u2019esplai.<\/p>\n<p style=\"text-align: justify;\">Els objectius d\u2019aquesta iniciativa s\u00f3n fomentar la <strong>cohesi\u00f3 de l\u2019equip<\/strong> de monitores, treballar el <strong>projecte educatiu<\/strong> de l\u2019esplai, preparar els <strong>campaments de primavera<\/strong> i formar-nos sobre diverses q\u00fcestions. Aquest any va sorgir una comissi\u00f3 encarregada d\u2019organitzar la setmana del cigr\u00f3. Ho vam planificar tot en funci\u00f3 de l\u2019horari acad\u00e8mics i d\u2019activitats de cada monitora, per poder compaginar la nostra rutina (feina i classes) i les reunions, \u00e0pats i el temps de descans a la nit.<\/p>\n<p style=\"text-align: justify;\">Vam comen\u00e7ar la setmana del cigr\u00f3 el dissabte 3 de mar\u00e7 i durant aquells dies vam fer bastantes reunions, formacions, activitats&#8230; Tamb\u00e9 vam celebrar juntes el <strong>8 de mar\u00e7<\/strong> i vam fer un sopar amb exmonis i premonis. El dissabte 10 de mar\u00e7 vam participar en <strong><a href=\"http:\/\/lluisosdegracia.cat\/activitats\/verdinada\/\" target=\"_blank\" rel=\"noopener noreferrer\">La Verdinada<\/a><\/strong>, un marc d\u2019activitats centrades a treballar el medi ambient, la sostenibilitat i el consum responsable, de qu\u00e8 prenem part Llu\u00efsos de Gr\u00e0cia i altres entitats del barri; i tamb\u00e9 vam celebrar un sopar amb les fam\u00edlies i monis d\u2019enguany. Vam tancar la setmana del cigr\u00f3 amb un \u201c<strong>domingueo formatiu<\/strong>\u201d que va organitzar el Sector Barcelona d\u2019Esplac als mateixos locals dels Llu\u00efsos de Gr\u00e0cia.<\/p>\n<p style=\"text-align: justify;\">En general, va ser una setmana d\u2019all\u00f2 m\u00e9s completa, que recomanem viure d\u2019una manera semblant a tots els esplais!<\/p>\n","protected":false},"excerpt":{"rendered":"<p>Les monitores i monitors van conviure durant una setmana ordin\u00e0ria [&hellip;]<\/p>\n","protected":false},"author":1,"featured_media":24075,"comment_status":"closed","ping_status":"open","sticky":false,"template":"","format":"standard","meta":{"om_disable_all_campaigns":false,"_monsterinsights_skip_tracking":false,"_monsterinsights_sitenote_active":false,"_monsterinsights_sitenote_note":"","_monsterinsights_sitenote_category":0,"_uf_show_specific_survey":0,"_uf_disable_surveys":false,"footnotes":""},"categories":[1110,1121,1128,1],"tags":[738,975],"class_list":["post-24072","post","type-post","status-publish","format-standard","has-post-thumbnail","hentry","category-activitats-sectors","category-bones-practiques-2","category-sector-barcelona","category-sense-categoria","tag-lluisos-de-gracia","tag-setmana-del-cigro"],"yoast_head":"<!-- This site is optimized with the Yoast SEO plugin v27.4 - https:\/\/yoast.com\/product\/yoast-seo-wordpress\/ -->\n<title>El GMM celebra la setmana del cigr\u00f3! - Esplac<\/title>\n<meta name=\"robots\" content=\"index, follow, max-snippet:-1, max-image-preview:large, max-video-preview:-1\" \/>\n<link rel=\"canonical\" href=\"https:\/\/www.esplac.cat\/gmm-celebra-setmana-cigro\/\" \/>\n<meta property=\"og:locale\" content=\"es_ES\" \/>\n<meta property=\"og:type\" content=\"article\" \/>\n<meta property=\"og:title\" content=\"El GMM celebra la setmana del cigr\u00f3! - Esplac\" \/>\n<meta property=\"og:description\" content=\"Les monitores i monitors van conviure durant una setmana ordin\u00e0ria [&hellip;]\" \/>\n<meta property=\"og:url\" content=\"https:\/\/www.esplac.cat\/gmm-celebra-setmana-cigro\/\" \/>\n<meta property=\"og:site_name\" content=\"Esplac\" \/>\n<meta property=\"article:published_time\" content=\"2018-04-05T06:45:39+00:00\" \/>\n<meta property=\"og:image\" content=\"https:\/\/www.esplac.cat\/wp-content\/uploads\/2018\/04\/cigro1.jpg\" \/>\n\t<meta property=\"og:image:width\" content=\"847\" \/>\n\t<meta property=\"og:image:height\" content=\"350\" \/>\n\t<meta property=\"og:image:type\" content=\"image\/jpeg\" \/>\n<meta name=\"author\" content=\"root\" \/>\n<meta name=\"twitter:card\" content=\"summary_large_image\" \/>\n<meta name=\"twitter:label1\" content=\"Escrito por\" \/>\n\t<meta name=\"twitter:data1\" content=\"root\" \/>\n\t<meta name=\"twitter:label2\" content=\"Tiempo de lectura\" \/>\n\t<meta name=\"twitter:data2\" content=\"2 minutos\" \/>\n<script type=\"application\/ld+json\" class=\"yoast-schema-graph\">{\"@context\":\"https:\\\/\\\/schema.org\",\"@graph\":[{\"@type\":\"Article\",\"@id\":\"https:\\\/\\\/www.esplac.cat\\\/gmm-celebra-setmana-cigro\\\/#article\",\"isPartOf\":{\"@id\":\"https:\\\/\\\/www.esplac.cat\\\/gmm-celebra-setmana-cigro\\\/\"},\"author\":{\"name\":\"root\",\"@id\":\"https:\\\/\\\/www.esplac.cat\\\/#\\\/schema\\\/person\\\/8d7ee340c02b239b152b9ff2c3d40766\"},\"headline\":\"El GMM celebra la setmana del cigr\u00f3!\",\"datePublished\":\"2018-04-05T06:45:39+00:00\",\"mainEntityOfPage\":{\"@id\":\"https:\\\/\\\/www.esplac.cat\\\/gmm-celebra-setmana-cigro\\\/\"},\"wordCount\":356,\"publisher\":{\"@id\":\"https:\\\/\\\/www.esplac.cat\\\/#organization\"},\"image\":{\"@id\":\"https:\\\/\\\/www.esplac.cat\\\/gmm-celebra-setmana-cigro\\\/#primaryimage\"},\"thumbnailUrl\":\"https:\\\/\\\/www.esplac.cat\\\/wp-content\\\/uploads\\\/2018\\\/04\\\/cigro1.jpg\",\"keywords\":[\"Llu\u00efsos de Gr\u00e0cia\",\"setmana del cigr\u00f3\"],\"articleSection\":[\"Activitats sectors\",\"Bones pr\u00e0ctiques\",\"Sector Barcelona\",\"Sense categoria\"],\"inLanguage\":\"es\"},{\"@type\":\"WebPage\",\"@id\":\"https:\\\/\\\/www.esplac.cat\\\/gmm-celebra-setmana-cigro\\\/\",\"url\":\"https:\\\/\\\/www.esplac.cat\\\/gmm-celebra-setmana-cigro\\\/\",\"name\":\"El GMM celebra la setmana del cigr\u00f3! - Esplac\",\"isPartOf\":{\"@id\":\"https:\\\/\\\/www.esplac.cat\\\/#website\"},\"primaryImageOfPage\":{\"@id\":\"https:\\\/\\\/www.esplac.cat\\\/gmm-celebra-setmana-cigro\\\/#primaryimage\"},\"image\":{\"@id\":\"https:\\\/\\\/www.esplac.cat\\\/gmm-celebra-setmana-cigro\\\/#primaryimage\"},\"thumbnailUrl\":\"https:\\\/\\\/www.esplac.cat\\\/wp-content\\\/uploads\\\/2018\\\/04\\\/cigro1.jpg\",\"datePublished\":\"2018-04-05T06:45:39+00:00\",\"breadcrumb\":{\"@id\":\"https:\\\/\\\/www.esplac.cat\\\/gmm-celebra-setmana-cigro\\\/#breadcrumb\"},\"inLanguage\":\"es\",\"potentialAction\":[{\"@type\":\"ReadAction\",\"target\":[\"https:\\\/\\\/www.esplac.cat\\\/gmm-celebra-setmana-cigro\\\/\"]}]},{\"@type\":\"ImageObject\",\"inLanguage\":\"es\",\"@id\":\"https:\\\/\\\/www.esplac.cat\\\/gmm-celebra-setmana-cigro\\\/#primaryimage\",\"url\":\"https:\\\/\\\/www.esplac.cat\\\/wp-content\\\/uploads\\\/2018\\\/04\\\/cigro1.jpg\",\"contentUrl\":\"https:\\\/\\\/www.esplac.cat\\\/wp-content\\\/uploads\\\/2018\\\/04\\\/cigro1.jpg\",\"width\":847,\"height\":350},{\"@type\":\"BreadcrumbList\",\"@id\":\"https:\\\/\\\/www.esplac.cat\\\/gmm-celebra-setmana-cigro\\\/#breadcrumb\",\"itemListElement\":[{\"@type\":\"ListItem\",\"position\":1,\"name\":\"Inici\",\"item\":\"https:\\\/\\\/www.esplac.cat\\\/es\\\/\"},{\"@type\":\"ListItem\",\"position\":2,\"name\":\"El GMM celebra la setmana del cigr\u00f3!\"}]},{\"@type\":\"WebSite\",\"@id\":\"https:\\\/\\\/www.esplac.cat\\\/#website\",\"url\":\"https:\\\/\\\/www.esplac.cat\\\/\",\"name\":\"Esplac\",\"description\":\"Esplais Catalans\",\"publisher\":{\"@id\":\"https:\\\/\\\/www.esplac.cat\\\/#organization\"},\"potentialAction\":[{\"@type\":\"SearchAction\",\"target\":{\"@type\":\"EntryPoint\",\"urlTemplate\":\"https:\\\/\\\/www.esplac.cat\\\/?s={search_term_string}\"},\"query-input\":{\"@type\":\"PropertyValueSpecification\",\"valueRequired\":true,\"valueName\":\"search_term_string\"}}],\"inLanguage\":\"es\"},{\"@type\":\"Organization\",\"@id\":\"https:\\\/\\\/www.esplac.cat\\\/#organization\",\"name\":\"Esplac\",\"url\":\"https:\\\/\\\/www.esplac.cat\\\/\",\"logo\":{\"@type\":\"ImageObject\",\"inLanguage\":\"es\",\"@id\":\"https:\\\/\\\/www.esplac.cat\\\/#\\\/schema\\\/logo\\\/image\\\/\",\"url\":\"https:\\\/\\\/www.esplac.cat\\\/wp-content\\\/uploads\\\/2019\\\/08\\\/logox2.png\",\"contentUrl\":\"https:\\\/\\\/www.esplac.cat\\\/wp-content\\\/uploads\\\/2019\\\/08\\\/logox2.png\",\"width\":600,\"height\":295,\"caption\":\"Esplac\"},\"image\":{\"@id\":\"https:\\\/\\\/www.esplac.cat\\\/#\\\/schema\\\/logo\\\/image\\\/\"}},{\"@type\":\"Person\",\"@id\":\"https:\\\/\\\/www.esplac.cat\\\/#\\\/schema\\\/person\\\/8d7ee340c02b239b152b9ff2c3d40766\",\"name\":\"root\",\"image\":{\"@type\":\"ImageObject\",\"inLanguage\":\"es\",\"@id\":\"https:\\\/\\\/secure.gravatar.com\\\/avatar\\\/9356757d53af8c5db257f894fbbd9ee7446c25af07cd2e7844bd1cf43acef754?s=96&d=mm&r=g\",\"url\":\"https:\\\/\\\/secure.gravatar.com\\\/avatar\\\/9356757d53af8c5db257f894fbbd9ee7446c25af07cd2e7844bd1cf43acef754?s=96&d=mm&r=g\",\"contentUrl\":\"https:\\\/\\\/secure.gravatar.com\\\/avatar\\\/9356757d53af8c5db257f894fbbd9ee7446c25af07cd2e7844bd1cf43acef754?s=96&d=mm&r=g\",\"caption\":\"root\"}}]}<\/script>\n<!-- \/ Yoast SEO plugin. -->","yoast_head_json":{"title":"El GMM celebra la setmana del cigr\u00f3! - Esplac","robots":{"index":"index","follow":"follow","max-snippet":"max-snippet:-1","max-image-preview":"max-image-preview:large","max-video-preview":"max-video-preview:-1"},"canonical":"https:\/\/www.esplac.cat\/gmm-celebra-setmana-cigro\/","og_locale":"es_ES","og_type":"article","og_title":"El GMM celebra la setmana del cigr\u00f3! - Esplac","og_description":"Les monitores i monitors van conviure durant una setmana ordin\u00e0ria [&hellip;]","og_url":"https:\/\/www.esplac.cat\/gmm-celebra-setmana-cigro\/","og_site_name":"Esplac","article_published_time":"2018-04-05T06:45:39+00:00","og_image":[{"width":847,"height":350,"url":"https:\/\/www.esplac.cat\/wp-content\/uploads\/2018\/04\/cigro1.jpg","type":"image\/jpeg"}],"author":"root","twitter_card":"summary_large_image","twitter_misc":{"Escrito por":"root","Tiempo de lectura":"2 minutos"},"schema":{"@context":"https:\/\/schema.org","@graph":[{"@type":"Article","@id":"https:\/\/www.esplac.cat\/gmm-celebra-setmana-cigro\/#article","isPartOf":{"@id":"https:\/\/www.esplac.cat\/gmm-celebra-setmana-cigro\/"},"author":{"name":"root","@id":"https:\/\/www.esplac.cat\/#\/schema\/person\/8d7ee340c02b239b152b9ff2c3d40766"},"headline":"El GMM celebra la setmana del cigr\u00f3!","datePublished":"2018-04-05T06:45:39+00:00","mainEntityOfPage":{"@id":"https:\/\/www.esplac.cat\/gmm-celebra-setmana-cigro\/"},"wordCount":356,"publisher":{"@id":"https:\/\/www.esplac.cat\/#organization"},"image":{"@id":"https:\/\/www.esplac.cat\/gmm-celebra-setmana-cigro\/#primaryimage"},"thumbnailUrl":"https:\/\/www.esplac.cat\/wp-content\/uploads\/2018\/04\/cigro1.jpg","keywords":["Llu\u00efsos de Gr\u00e0cia","setmana del cigr\u00f3"],"articleSection":["Activitats sectors","Bones pr\u00e0ctiques","Sector Barcelona","Sense categoria"],"inLanguage":"es"},{"@type":"WebPage","@id":"https:\/\/www.esplac.cat\/gmm-celebra-setmana-cigro\/","url":"https:\/\/www.esplac.cat\/gmm-celebra-setmana-cigro\/","name":"El GMM celebra la setmana del cigr\u00f3! - Esplac","isPartOf":{"@id":"https:\/\/www.esplac.cat\/#website"},"primaryImageOfPage":{"@id":"https:\/\/www.esplac.cat\/gmm-celebra-setmana-cigro\/#primaryimage"},"image":{"@id":"https:\/\/www.esplac.cat\/gmm-celebra-setmana-cigro\/#primaryimage"},"thumbnailUrl":"https:\/\/www.esplac.cat\/wp-content\/uploads\/2018\/04\/cigro1.jpg","datePublished":"2018-04-05T06:45:39+00:00","breadcrumb":{"@id":"https:\/\/www.esplac.cat\/gmm-celebra-setmana-cigro\/#breadcrumb"},"inLanguage":"es","potentialAction":[{"@type":"ReadAction","target":["https:\/\/www.esplac.cat\/gmm-celebra-setmana-cigro\/"]}]},{"@type":"ImageObject","inLanguage":"es","@id":"https:\/\/www.esplac.cat\/gmm-celebra-setmana-cigro\/#primaryimage","url":"https:\/\/www.esplac.cat\/wp-content\/uploads\/2018\/04\/cigro1.jpg","contentUrl":"https:\/\/www.esplac.cat\/wp-content\/uploads\/2018\/04\/cigro1.jpg","width":847,"height":350},{"@type":"BreadcrumbList","@id":"https:\/\/www.esplac.cat\/gmm-celebra-setmana-cigro\/#breadcrumb","itemListElement":[{"@type":"ListItem","position":1,"name":"Inici","item":"https:\/\/www.esplac.cat\/es\/"},{"@type":"ListItem","position":2,"name":"El GMM celebra la setmana del cigr\u00f3!"}]},{"@type":"WebSite","@id":"https:\/\/www.esplac.cat\/#website","url":"https:\/\/www.esplac.cat\/","name":"Esplac","description":"Esplais Catalans","publisher":{"@id":"https:\/\/www.esplac.cat\/#organization"},"potentialAction":[{"@type":"SearchAction","target":{"@type":"EntryPoint","urlTemplate":"https:\/\/www.esplac.cat\/?s={search_term_string}"},"query-input":{"@type":"PropertyValueSpecification","valueRequired":true,"valueName":"search_term_string"}}],"inLanguage":"es"},{"@type":"Organization","@id":"https:\/\/www.esplac.cat\/#organization","name":"Esplac","url":"https:\/\/www.esplac.cat\/","logo":{"@type":"ImageObject","inLanguage":"es","@id":"https:\/\/www.esplac.cat\/#\/schema\/logo\/image\/","url":"https:\/\/www.esplac.cat\/wp-content\/uploads\/2019\/08\/logox2.png","contentUrl":"https:\/\/www.esplac.cat\/wp-content\/uploads\/2019\/08\/logox2.png","width":600,"height":295,"caption":"Esplac"},"image":{"@id":"https:\/\/www.esplac.cat\/#\/schema\/logo\/image\/"}},{"@type":"Person","@id":"https:\/\/www.esplac.cat\/#\/schema\/person\/8d7ee340c02b239b152b9ff2c3d40766","name":"root","image":{"@type":"ImageObject","inLanguage":"es","@id":"https:\/\/secure.gravatar.com\/avatar\/9356757d53af8c5db257f894fbbd9ee7446c25af07cd2e7844bd1cf43acef754?s=96&d=mm&r=g","url":"https:\/\/secure.gravatar.com\/avatar\/9356757d53af8c5db257f894fbbd9ee7446c25af07cd2e7844bd1cf43acef754?s=96&d=mm&r=g","contentUrl":"https:\/\/secure.gravatar.com\/avatar\/9356757d53af8c5db257f894fbbd9ee7446c25af07cd2e7844bd1cf43acef754?s=96&d=mm&r=g","caption":"root"}}]}},"_links":{"self":[{"href":"https:\/\/www.esplac.cat\/es\/wp-json\/wp\/v2\/posts\/24072","targetHints":{"allow":["GET"]}}],"collection":[{"href":"https:\/\/www.esplac.cat\/es\/wp-json\/wp\/v2\/posts"}],"about":[{"href":"https:\/\/www.esplac.cat\/es\/wp-json\/wp\/v2\/types\/post"}],"author":[{"embeddable":true,"href":"https:\/\/www.esplac.cat\/es\/wp-json\/wp\/v2\/users\/1"}],"replies":[{"embeddable":true,"href":"https:\/\/www.esplac.cat\/es\/wp-json\/wp\/v2\/comments?post=24072"}],"version-history":[{"count":0,"href":"https:\/\/www.esplac.cat\/es\/wp-json\/wp\/v2\/posts\/24072\/revisions"}],"wp:featuredmedia":[{"embeddable":true,"href":"https:\/\/www.esplac.cat\/es\/wp-json\/wp\/v2\/media\/24075"}],"wp:attachment":[{"href":"https:\/\/www.esplac.cat\/es\/wp-json\/wp\/v2\/media?parent=24072"}],"wp:term":[{"taxonomy":"category","embeddable":true,"href":"https:\/\/www.esplac.cat\/es\/wp-json\/wp\/v2\/categories?post=24072"},{"taxonomy":"post_tag","embeddable":true,"href":"https:\/\/www.esplac.cat\/es\/wp-json\/wp\/v2\/tags?post=24072"}],"curies":[{"name":"wp","href":"https:\/\/api.w.org\/{rel}","templated":true}]}}