{"id":24086,"date":"2018-03-27T08:36:44","date_gmt":"2018-03-27T06:36:44","guid":{"rendered":"http:\/\/esplac.cat\/?p=17585"},"modified":"2018-03-27T08:36:44","modified_gmt":"2018-03-27T06:36:44","slug":"formacio-rialles-trobada-monis-sector-girona","status":"publish","type":"post","link":"https:\/\/www.esplac.cat\/es\/formacio-rialles-trobada-monis-sector-girona\/","title":{"rendered":"Formaci\u00f3 i rialles a la trobada de monis del Sector Girona!"},"content":{"rendered":"<h4 style=\"text-align: justify;\">Va tenir lloc el cap de setmana 3-4 de mar\u00e7 a Vilabreix<\/h4>\n<p style=\"text-align: justify;\">La trobada de monis del Sector Girona va comen\u00e7ar el dissabte 3 de mar\u00e7 a les 10 h, quan ens vam trobar a <strong><a href=\"https:\/\/www.google.com\/maps\/place\/17180+Vilablareix,+Girona\/@41.9504554,2.7890282,15z\/data=!3m1!4b1!4m5!3m4!1s0x12bade035c181efd:0xa8d6da3d87073c54!8m2!3d41.9525583!4d2.7953351?hl=ca\" target=\"_blank\" rel=\"noopener noreferrer\">Vilabreix<\/a><\/strong> entre badalls per\u00f2 amb les piles ben carregades. Tot seguit, vam fer la formaci\u00f3 de<strong> relleu<\/strong> i la formaci\u00f3 de <strong>coeducaci\u00f3<\/strong>, que van ser molt interessants! Despr\u00e9s vam anar a dinar tots junts al parc, i qu\u00e8 millor que riure una estona mentre f\u00e8iem acrob\u00e0cies per pair millor l\u2019\u00e0pat.<\/p>\n<p style=\"text-align: justify;\">A la tarda ens vam posar a preparar l\u2019<strong>excursi\u00f3 del sector<\/strong>, que farem amb els infants. Van sortir unes propostes genials! I, abans de sopar, vam fer dues formacions m\u00e9s per agafar gana: <strong>educaci\u00f3 emocional<\/strong> i <strong>drogues a l\u2019esplai<\/strong>. Un cop vam tenir la panxa plena novament, vam estar de chill cantant, rient, jugant&#8230; En definitiva, passant-nos-ho tan b\u00e9 com quan \u00e9rem petits.<\/p>\n<p style=\"text-align: justify;\">Va ser un cap de setmana ple d\u2019energia i ja tenim ganes de compartir m\u00e9s moments junts, perqu\u00e8 a nosaltres <strong>Girona<\/strong> ens enamora!<\/p>\n","protected":false},"excerpt":{"rendered":"<p>Va tenir lloc el cap de setmana 3-4 de mar\u00e7 [&hellip;]<\/p>\n","protected":false},"author":1,"featured_media":24087,"comment_status":"closed","ping_status":"open","sticky":false,"template":"","format":"standard","meta":{"om_disable_all_campaigns":false,"_monsterinsights_skip_tracking":false,"_monsterinsights_sitenote_active":false,"_monsterinsights_sitenote_note":"","_monsterinsights_sitenote_category":0,"_uf_show_specific_survey":0,"_uf_disable_surveys":false,"footnotes":""},"categories":[1110,1130,1],"tags":[121,390,972],"class_list":["post-24086","post","type-post","status-publish","format-standard","has-post-thumbnail","hentry","category-activitats-sectors","category-sector-girona","category-sense-categoria","tag-sector-girona","tag-trobada-de-monis","tag-vilabreix"],"yoast_head":"<!-- This site is optimized with the Yoast SEO plugin v27.4 - https:\/\/yoast.com\/product\/yoast-seo-wordpress\/ -->\n<title>Formaci\u00f3 i rialles a la trobada de monis del Sector Girona! - Esplac<\/title>\n<meta name=\"robots\" content=\"index, follow, max-snippet:-1, max-image-preview:large, max-video-preview:-1\" \/>\n<link rel=\"canonical\" href=\"https:\/\/www.esplac.cat\/formacio-rialles-trobada-monis-sector-girona\/\" \/>\n<meta property=\"og:locale\" content=\"es_ES\" \/>\n<meta property=\"og:type\" content=\"article\" \/>\n<meta property=\"og:title\" content=\"Formaci\u00f3 i rialles a la trobada de monis del Sector Girona! - Esplac\" \/>\n<meta property=\"og:description\" content=\"Va tenir lloc el cap de setmana 3-4 de mar\u00e7 [&hellip;]\" \/>\n<meta property=\"og:url\" content=\"https:\/\/www.esplac.cat\/formacio-rialles-trobada-monis-sector-girona\/\" \/>\n<meta property=\"og:site_name\" content=\"Esplac\" \/>\n<meta property=\"article:published_time\" content=\"2018-03-27T06:36:44+00:00\" \/>\n<meta property=\"og:image\" content=\"https:\/\/www.esplac.cat\/wp-content\/uploads\/2018\/03\/gironamonis.jpg\" \/>\n\t<meta property=\"og:image:width\" content=\"847\" \/>\n\t<meta property=\"og:image:height\" content=\"350\" \/>\n\t<meta property=\"og:image:type\" content=\"image\/jpeg\" \/>\n<meta name=\"author\" content=\"root\" \/>\n<meta name=\"twitter:card\" content=\"summary_large_image\" \/>\n<meta name=\"twitter:label1\" content=\"Escrito por\" \/>\n\t<meta name=\"twitter:data1\" content=\"root\" \/>\n\t<meta name=\"twitter:label2\" content=\"Tiempo de lectura\" \/>\n\t<meta name=\"twitter:data2\" content=\"1 minuto\" \/>\n<script type=\"application\/ld+json\" class=\"yoast-schema-graph\">{\"@context\":\"https:\\\/\\\/schema.org\",\"@graph\":[{\"@type\":\"Article\",\"@id\":\"https:\\\/\\\/www.esplac.cat\\\/formacio-rialles-trobada-monis-sector-girona\\\/#article\",\"isPartOf\":{\"@id\":\"https:\\\/\\\/www.esplac.cat\\\/formacio-rialles-trobada-monis-sector-girona\\\/\"},\"author\":{\"name\":\"root\",\"@id\":\"https:\\\/\\\/www.esplac.cat\\\/#\\\/schema\\\/person\\\/8d7ee340c02b239b152b9ff2c3d40766\"},\"headline\":\"Formaci\u00f3 i rialles a la trobada de monis del Sector Girona!\",\"datePublished\":\"2018-03-27T06:36:44+00:00\",\"mainEntityOfPage\":{\"@id\":\"https:\\\/\\\/www.esplac.cat\\\/formacio-rialles-trobada-monis-sector-girona\\\/\"},\"wordCount\":190,\"publisher\":{\"@id\":\"https:\\\/\\\/www.esplac.cat\\\/#organization\"},\"image\":{\"@id\":\"https:\\\/\\\/www.esplac.cat\\\/formacio-rialles-trobada-monis-sector-girona\\\/#primaryimage\"},\"thumbnailUrl\":\"https:\\\/\\\/www.esplac.cat\\\/wp-content\\\/uploads\\\/2018\\\/03\\\/gironamonis.jpg\",\"keywords\":[\"sector Girona\",\"trobada de monis\",\"vilabreix\"],\"articleSection\":[\"Activitats sectors\",\"Sector Girona\",\"Sense categoria\"],\"inLanguage\":\"es\"},{\"@type\":\"WebPage\",\"@id\":\"https:\\\/\\\/www.esplac.cat\\\/formacio-rialles-trobada-monis-sector-girona\\\/\",\"url\":\"https:\\\/\\\/www.esplac.cat\\\/formacio-rialles-trobada-monis-sector-girona\\\/\",\"name\":\"Formaci\u00f3 i rialles a la trobada de monis del Sector Girona! - Esplac\",\"isPartOf\":{\"@id\":\"https:\\\/\\\/www.esplac.cat\\\/#website\"},\"primaryImageOfPage\":{\"@id\":\"https:\\\/\\\/www.esplac.cat\\\/formacio-rialles-trobada-monis-sector-girona\\\/#primaryimage\"},\"image\":{\"@id\":\"https:\\\/\\\/www.esplac.cat\\\/formacio-rialles-trobada-monis-sector-girona\\\/#primaryimage\"},\"thumbnailUrl\":\"https:\\\/\\\/www.esplac.cat\\\/wp-content\\\/uploads\\\/2018\\\/03\\\/gironamonis.jpg\",\"datePublished\":\"2018-03-27T06:36:44+00:00\",\"breadcrumb\":{\"@id\":\"https:\\\/\\\/www.esplac.cat\\\/formacio-rialles-trobada-monis-sector-girona\\\/#breadcrumb\"},\"inLanguage\":\"es\",\"potentialAction\":[{\"@type\":\"ReadAction\",\"target\":[\"https:\\\/\\\/www.esplac.cat\\\/formacio-rialles-trobada-monis-sector-girona\\\/\"]}]},{\"@type\":\"ImageObject\",\"inLanguage\":\"es\",\"@id\":\"https:\\\/\\\/www.esplac.cat\\\/formacio-rialles-trobada-monis-sector-girona\\\/#primaryimage\",\"url\":\"https:\\\/\\\/www.esplac.cat\\\/wp-content\\\/uploads\\\/2018\\\/03\\\/gironamonis.jpg\",\"contentUrl\":\"https:\\\/\\\/www.esplac.cat\\\/wp-content\\\/uploads\\\/2018\\\/03\\\/gironamonis.jpg\",\"width\":847,\"height\":350},{\"@type\":\"BreadcrumbList\",\"@id\":\"https:\\\/\\\/www.esplac.cat\\\/formacio-rialles-trobada-monis-sector-girona\\\/#breadcrumb\",\"itemListElement\":[{\"@type\":\"ListItem\",\"position\":1,\"name\":\"Inici\",\"item\":\"https:\\\/\\\/www.esplac.cat\\\/es\\\/\"},{\"@type\":\"ListItem\",\"position\":2,\"name\":\"Formaci\u00f3 i rialles a la trobada de monis del Sector Girona!\"}]},{\"@type\":\"WebSite\",\"@id\":\"https:\\\/\\\/www.esplac.cat\\\/#website\",\"url\":\"https:\\\/\\\/www.esplac.cat\\\/\",\"name\":\"Esplac\",\"description\":\"Esplais Catalans\",\"publisher\":{\"@id\":\"https:\\\/\\\/www.esplac.cat\\\/#organization\"},\"potentialAction\":[{\"@type\":\"SearchAction\",\"target\":{\"@type\":\"EntryPoint\",\"urlTemplate\":\"https:\\\/\\\/www.esplac.cat\\\/?s={search_term_string}\"},\"query-input\":{\"@type\":\"PropertyValueSpecification\",\"valueRequired\":true,\"valueName\":\"search_term_string\"}}],\"inLanguage\":\"es\"},{\"@type\":\"Organization\",\"@id\":\"https:\\\/\\\/www.esplac.cat\\\/#organization\",\"name\":\"Esplac\",\"url\":\"https:\\\/\\\/www.esplac.cat\\\/\",\"logo\":{\"@type\":\"ImageObject\",\"inLanguage\":\"es\",\"@id\":\"https:\\\/\\\/www.esplac.cat\\\/#\\\/schema\\\/logo\\\/image\\\/\",\"url\":\"https:\\\/\\\/www.esplac.cat\\\/wp-content\\\/uploads\\\/2019\\\/08\\\/logox2.png\",\"contentUrl\":\"https:\\\/\\\/www.esplac.cat\\\/wp-content\\\/uploads\\\/2019\\\/08\\\/logox2.png\",\"width\":600,\"height\":295,\"caption\":\"Esplac\"},\"image\":{\"@id\":\"https:\\\/\\\/www.esplac.cat\\\/#\\\/schema\\\/logo\\\/image\\\/\"}},{\"@type\":\"Person\",\"@id\":\"https:\\\/\\\/www.esplac.cat\\\/#\\\/schema\\\/person\\\/8d7ee340c02b239b152b9ff2c3d40766\",\"name\":\"root\",\"image\":{\"@type\":\"ImageObject\",\"inLanguage\":\"es\",\"@id\":\"https:\\\/\\\/secure.gravatar.com\\\/avatar\\\/9356757d53af8c5db257f894fbbd9ee7446c25af07cd2e7844bd1cf43acef754?s=96&d=mm&r=g\",\"url\":\"https:\\\/\\\/secure.gravatar.com\\\/avatar\\\/9356757d53af8c5db257f894fbbd9ee7446c25af07cd2e7844bd1cf43acef754?s=96&d=mm&r=g\",\"contentUrl\":\"https:\\\/\\\/secure.gravatar.com\\\/avatar\\\/9356757d53af8c5db257f894fbbd9ee7446c25af07cd2e7844bd1cf43acef754?s=96&d=mm&r=g\",\"caption\":\"root\"}}]}<\/script>\n<!-- \/ Yoast SEO plugin. -->","yoast_head_json":{"title":"Formaci\u00f3 i rialles a la trobada de monis del Sector Girona! - Esplac","robots":{"index":"index","follow":"follow","max-snippet":"max-snippet:-1","max-image-preview":"max-image-preview:large","max-video-preview":"max-video-preview:-1"},"canonical":"https:\/\/www.esplac.cat\/formacio-rialles-trobada-monis-sector-girona\/","og_locale":"es_ES","og_type":"article","og_title":"Formaci\u00f3 i rialles a la trobada de monis del Sector Girona! - Esplac","og_description":"Va tenir lloc el cap de setmana 3-4 de mar\u00e7 [&hellip;]","og_url":"https:\/\/www.esplac.cat\/formacio-rialles-trobada-monis-sector-girona\/","og_site_name":"Esplac","article_published_time":"2018-03-27T06:36:44+00:00","og_image":[{"width":847,"height":350,"url":"https:\/\/www.esplac.cat\/wp-content\/uploads\/2018\/03\/gironamonis.jpg","type":"image\/jpeg"}],"author":"root","twitter_card":"summary_large_image","twitter_misc":{"Escrito por":"root","Tiempo de lectura":"1 minuto"},"schema":{"@context":"https:\/\/schema.org","@graph":[{"@type":"Article","@id":"https:\/\/www.esplac.cat\/formacio-rialles-trobada-monis-sector-girona\/#article","isPartOf":{"@id":"https:\/\/www.esplac.cat\/formacio-rialles-trobada-monis-sector-girona\/"},"author":{"name":"root","@id":"https:\/\/www.esplac.cat\/#\/schema\/person\/8d7ee340c02b239b152b9ff2c3d40766"},"headline":"Formaci\u00f3 i rialles a la trobada de monis del Sector Girona!","datePublished":"2018-03-27T06:36:44+00:00","mainEntityOfPage":{"@id":"https:\/\/www.esplac.cat\/formacio-rialles-trobada-monis-sector-girona\/"},"wordCount":190,"publisher":{"@id":"https:\/\/www.esplac.cat\/#organization"},"image":{"@id":"https:\/\/www.esplac.cat\/formacio-rialles-trobada-monis-sector-girona\/#primaryimage"},"thumbnailUrl":"https:\/\/www.esplac.cat\/wp-content\/uploads\/2018\/03\/gironamonis.jpg","keywords":["sector Girona","trobada de monis","vilabreix"],"articleSection":["Activitats sectors","Sector Girona","Sense categoria"],"inLanguage":"es"},{"@type":"WebPage","@id":"https:\/\/www.esplac.cat\/formacio-rialles-trobada-monis-sector-girona\/","url":"https:\/\/www.esplac.cat\/formacio-rialles-trobada-monis-sector-girona\/","name":"Formaci\u00f3 i rialles a la trobada de monis del Sector Girona! - Esplac","isPartOf":{"@id":"https:\/\/www.esplac.cat\/#website"},"primaryImageOfPage":{"@id":"https:\/\/www.esplac.cat\/formacio-rialles-trobada-monis-sector-girona\/#primaryimage"},"image":{"@id":"https:\/\/www.esplac.cat\/formacio-rialles-trobada-monis-sector-girona\/#primaryimage"},"thumbnailUrl":"https:\/\/www.esplac.cat\/wp-content\/uploads\/2018\/03\/gironamonis.jpg","datePublished":"2018-03-27T06:36:44+00:00","breadcrumb":{"@id":"https:\/\/www.esplac.cat\/formacio-rialles-trobada-monis-sector-girona\/#breadcrumb"},"inLanguage":"es","potentialAction":[{"@type":"ReadAction","target":["https:\/\/www.esplac.cat\/formacio-rialles-trobada-monis-sector-girona\/"]}]},{"@type":"ImageObject","inLanguage":"es","@id":"https:\/\/www.esplac.cat\/formacio-rialles-trobada-monis-sector-girona\/#primaryimage","url":"https:\/\/www.esplac.cat\/wp-content\/uploads\/2018\/03\/gironamonis.jpg","contentUrl":"https:\/\/www.esplac.cat\/wp-content\/uploads\/2018\/03\/gironamonis.jpg","width":847,"height":350},{"@type":"BreadcrumbList","@id":"https:\/\/www.esplac.cat\/formacio-rialles-trobada-monis-sector-girona\/#breadcrumb","itemListElement":[{"@type":"ListItem","position":1,"name":"Inici","item":"https:\/\/www.esplac.cat\/es\/"},{"@type":"ListItem","position":2,"name":"Formaci\u00f3 i rialles a la trobada de monis del Sector Girona!"}]},{"@type":"WebSite","@id":"https:\/\/www.esplac.cat\/#website","url":"https:\/\/www.esplac.cat\/","name":"Esplac","description":"Esplais Catalans","publisher":{"@id":"https:\/\/www.esplac.cat\/#organization"},"potentialAction":[{"@type":"SearchAction","target":{"@type":"EntryPoint","urlTemplate":"https:\/\/www.esplac.cat\/?s={search_term_string}"},"query-input":{"@type":"PropertyValueSpecification","valueRequired":true,"valueName":"search_term_string"}}],"inLanguage":"es"},{"@type":"Organization","@id":"https:\/\/www.esplac.cat\/#organization","name":"Esplac","url":"https:\/\/www.esplac.cat\/","logo":{"@type":"ImageObject","inLanguage":"es","@id":"https:\/\/www.esplac.cat\/#\/schema\/logo\/image\/","url":"https:\/\/www.esplac.cat\/wp-content\/uploads\/2019\/08\/logox2.png","contentUrl":"https:\/\/www.esplac.cat\/wp-content\/uploads\/2019\/08\/logox2.png","width":600,"height":295,"caption":"Esplac"},"image":{"@id":"https:\/\/www.esplac.cat\/#\/schema\/logo\/image\/"}},{"@type":"Person","@id":"https:\/\/www.esplac.cat\/#\/schema\/person\/8d7ee340c02b239b152b9ff2c3d40766","name":"root","image":{"@type":"ImageObject","inLanguage":"es","@id":"https:\/\/secure.gravatar.com\/avatar\/9356757d53af8c5db257f894fbbd9ee7446c25af07cd2e7844bd1cf43acef754?s=96&d=mm&r=g","url":"https:\/\/secure.gravatar.com\/avatar\/9356757d53af8c5db257f894fbbd9ee7446c25af07cd2e7844bd1cf43acef754?s=96&d=mm&r=g","contentUrl":"https:\/\/secure.gravatar.com\/avatar\/9356757d53af8c5db257f894fbbd9ee7446c25af07cd2e7844bd1cf43acef754?s=96&d=mm&r=g","caption":"root"}}]}},"_links":{"self":[{"href":"https:\/\/www.esplac.cat\/es\/wp-json\/wp\/v2\/posts\/24086","targetHints":{"allow":["GET"]}}],"collection":[{"href":"https:\/\/www.esplac.cat\/es\/wp-json\/wp\/v2\/posts"}],"about":[{"href":"https:\/\/www.esplac.cat\/es\/wp-json\/wp\/v2\/types\/post"}],"author":[{"embeddable":true,"href":"https:\/\/www.esplac.cat\/es\/wp-json\/wp\/v2\/users\/1"}],"replies":[{"embeddable":true,"href":"https:\/\/www.esplac.cat\/es\/wp-json\/wp\/v2\/comments?post=24086"}],"version-history":[{"count":0,"href":"https:\/\/www.esplac.cat\/es\/wp-json\/wp\/v2\/posts\/24086\/revisions"}],"wp:featuredmedia":[{"embeddable":true,"href":"https:\/\/www.esplac.cat\/es\/wp-json\/wp\/v2\/media\/24087"}],"wp:attachment":[{"href":"https:\/\/www.esplac.cat\/es\/wp-json\/wp\/v2\/media?parent=24086"}],"wp:term":[{"taxonomy":"category","embeddable":true,"href":"https:\/\/www.esplac.cat\/es\/wp-json\/wp\/v2\/categories?post=24086"},{"taxonomy":"post_tag","embeddable":true,"href":"https:\/\/www.esplac.cat\/es\/wp-json\/wp\/v2\/tags?post=24086"}],"curies":[{"name":"wp","href":"https:\/\/api.w.org\/{rel}","templated":true}]}}