{"id":24094,"date":"2018-03-12T09:39:56","date_gmt":"2018-03-12T07:39:56","guid":{"rendered":"http:\/\/esplac.cat\/?p=17511"},"modified":"2018-03-12T09:39:56","modified_gmt":"2018-03-12T07:39:56","slug":"obertes-inscripcions-esplaiada-2018","status":"publish","type":"post","link":"https:\/\/www.esplac.cat\/es\/obertes-inscripcions-esplaiada-2018\/","title":{"rendered":"Obertes les inscripcions a l\u2019Esplaiada 2018!"},"content":{"rendered":"<h4 style=\"text-align: justify;\">Aquells esplais que estiguin preinscrits a la trobada ja poden formular el proc\u00e9s d\u2019inscripci\u00f3, el termini del qual acabar\u00e0 el divendres 23 de mar\u00e7<\/h4>\n<p style=\"text-align: justify;\">Ja nom\u00e9s queden dos mesos per a l\u2019<strong><a href=\"http:\/\/esplac.cat\/esplaiada\/\" target=\"_blank\" rel=\"noopener noreferrer\">Esplaiada 2018<\/a><\/strong>, moment per iniciar el proc\u00e9s definitiu d\u2019inscripci\u00f3 dels esplais a la trobada general d\u2019Esplac que tindr\u00e0 lloc el cap de setmana 11-12-13 de maig a Martorell. En aquesta fase, nom\u00e9s hi poden prendre part aquells esplais ja preinscrits a l\u2019Esplaiada 2018 (en cas d\u2019excepci\u00f3 contacteu amb organitzaci\u00f3@esplac.cat). El termini d\u2019inscripci\u00f3 es va obrir el dijous passat, 8 de mar\u00e7, i finalitzar\u00e0 el divendres 23 de mar\u00e7. Estigueu alerta!<\/p>\n<p style=\"text-align: justify;\">El proc\u00e9s d\u2019inscripci\u00f3 no \u00e9s complicat, per\u00f2 s\u00ed que cal que diverses q\u00fcestions estiguin <strong>pr\u00e8viament aclarides<\/strong> dins de l\u2019esplai i amb les fam\u00edlies dels infants que hi participaran: si demaneu \u00e0pats per a l\u2019esplai o no, les observacions aliment\u00e0ries de tothom, aclariment de quantes persones s\u2019han de despla\u00e7ar cada dia del cap de setmana, les talles de samarretes, quants infants inscriureu a cada grup d\u2019edat, les monitores dels grups o si podeu inscriure alguna monitora o monitor a l\u2019equip d\u2019organitzaci\u00f3.<\/p>\n<p style=\"text-align: justify;\">En <strong><a href=\"http:\/\/esplac.cat\/wp-content\/uploads\/2018\/03\/Tramesa_informacionsbasiques1_versio2.pdf\" target=\"_blank\" rel=\"noopener noreferrer\">aquesta tramesa<\/a><\/strong> que l\u2019organitzaci\u00f3 va enviar per correu electr\u00f2nic als esplais preinscrits podeu trobar tota la informaci\u00f3 pr\u00e0ctica de la trobada per fer la inscripci\u00f3 amb m\u00e9s coneixement. Doncs endavant! Ompliu l\u2019excel amb cura (aqu\u00ed versi\u00f3 <a href=\"http:\/\/esplac.cat\/wp-content\/uploads\/2018\/03\/excelEsplaiadaInscripcions_protegit-2.xlsx\" target=\"_blank\" rel=\"noopener noreferrer\">Microsoft Office<\/a> i versi\u00f3 <a href=\"http:\/\/esplac.cat\/wp-content\/uploads\/2018\/03\/excelEsplaiadaInscripcions_protegit.ods\" target=\"_blank\" rel=\"noopener noreferrer\">Libre Office<\/a>) i per a qualsevol dubte contacteu amb <strong>organitzacio@esplac.cat<\/strong>.<\/p>\n","protected":false},"excerpt":{"rendered":"<p>Aquells esplais que estiguin preinscrits a la trobada ja poden [&hellip;]<\/p>\n","protected":false},"author":1,"featured_media":24095,"comment_status":"closed","ping_status":"open","sticky":false,"template":"","format":"standard","meta":{"om_disable_all_campaigns":false,"_monsterinsights_skip_tracking":false,"_monsterinsights_sitenote_active":false,"_monsterinsights_sitenote_note":"","_monsterinsights_sitenote_category":0,"_uf_show_specific_survey":0,"_uf_disable_surveys":false,"footnotes":""},"categories":[1111,1136,1],"tags":[921],"class_list":["post-24094","post","type-post","status-publish","format-standard","has-post-thumbnail","hentry","category-activitats-esplac","category-esplaiada","category-sense-categoria","tag-esplaiada-2018"],"yoast_head":"<!-- This site is optimized with the Yoast SEO plugin v27.4 - https:\/\/yoast.com\/product\/yoast-seo-wordpress\/ -->\n<title>Obertes les inscripcions a l\u2019Esplaiada 2018! - Esplac<\/title>\n<meta name=\"robots\" content=\"index, follow, max-snippet:-1, max-image-preview:large, max-video-preview:-1\" \/>\n<link rel=\"canonical\" href=\"https:\/\/www.esplac.cat\/es\/obertes-inscripcions-esplaiada-2018\/\" \/>\n<meta property=\"og:locale\" content=\"es_ES\" \/>\n<meta property=\"og:type\" content=\"article\" \/>\n<meta property=\"og:title\" content=\"Obertes les inscripcions a l\u2019Esplaiada 2018! - Esplac\" \/>\n<meta property=\"og:description\" content=\"Aquells esplais que estiguin preinscrits a la trobada ja poden [&hellip;]\" \/>\n<meta property=\"og:url\" content=\"https:\/\/www.esplac.cat\/es\/obertes-inscripcions-esplaiada-2018\/\" \/>\n<meta property=\"og:site_name\" content=\"Esplac\" \/>\n<meta property=\"article:published_time\" content=\"2018-03-12T07:39:56+00:00\" \/>\n<meta property=\"og:image\" content=\"https:\/\/www.esplac.cat\/wp-content\/uploads\/2018\/03\/inscripcionsesplaiada.jpg\" \/>\n\t<meta property=\"og:image:width\" content=\"847\" \/>\n\t<meta property=\"og:image:height\" content=\"350\" \/>\n\t<meta property=\"og:image:type\" content=\"image\/jpeg\" \/>\n<meta name=\"author\" content=\"root\" \/>\n<meta name=\"twitter:card\" content=\"summary_large_image\" \/>\n<meta name=\"twitter:label1\" content=\"Escrito por\" \/>\n\t<meta name=\"twitter:data1\" content=\"root\" \/>\n\t<meta name=\"twitter:label2\" content=\"Tiempo de lectura\" \/>\n\t<meta name=\"twitter:data2\" content=\"1 minuto\" \/>\n<script type=\"application\/ld+json\" class=\"yoast-schema-graph\">{\"@context\":\"https:\\\/\\\/schema.org\",\"@graph\":[{\"@type\":\"Article\",\"@id\":\"https:\\\/\\\/www.esplac.cat\\\/es\\\/obertes-inscripcions-esplaiada-2018\\\/#article\",\"isPartOf\":{\"@id\":\"https:\\\/\\\/www.esplac.cat\\\/es\\\/obertes-inscripcions-esplaiada-2018\\\/\"},\"author\":{\"name\":\"root\",\"@id\":\"https:\\\/\\\/www.esplac.cat\\\/#\\\/schema\\\/person\\\/8d7ee340c02b239b152b9ff2c3d40766\"},\"headline\":\"Obertes les inscripcions a l\u2019Esplaiada 2018!\",\"datePublished\":\"2018-03-12T07:39:56+00:00\",\"mainEntityOfPage\":{\"@id\":\"https:\\\/\\\/www.esplac.cat\\\/es\\\/obertes-inscripcions-esplaiada-2018\\\/\"},\"wordCount\":267,\"publisher\":{\"@id\":\"https:\\\/\\\/www.esplac.cat\\\/#organization\"},\"image\":{\"@id\":\"https:\\\/\\\/www.esplac.cat\\\/es\\\/obertes-inscripcions-esplaiada-2018\\\/#primaryimage\"},\"thumbnailUrl\":\"https:\\\/\\\/www.esplac.cat\\\/wp-content\\\/uploads\\\/2018\\\/03\\\/inscripcionsesplaiada.jpg\",\"keywords\":[\"Esplaiada 2018\"],\"articleSection\":[\"Activitats esplac\",\"Esplaiada\",\"Sense categoria\"],\"inLanguage\":\"es\"},{\"@type\":\"WebPage\",\"@id\":\"https:\\\/\\\/www.esplac.cat\\\/es\\\/obertes-inscripcions-esplaiada-2018\\\/\",\"url\":\"https:\\\/\\\/www.esplac.cat\\\/es\\\/obertes-inscripcions-esplaiada-2018\\\/\",\"name\":\"Obertes les inscripcions a l\u2019Esplaiada 2018! - Esplac\",\"isPartOf\":{\"@id\":\"https:\\\/\\\/www.esplac.cat\\\/#website\"},\"primaryImageOfPage\":{\"@id\":\"https:\\\/\\\/www.esplac.cat\\\/es\\\/obertes-inscripcions-esplaiada-2018\\\/#primaryimage\"},\"image\":{\"@id\":\"https:\\\/\\\/www.esplac.cat\\\/es\\\/obertes-inscripcions-esplaiada-2018\\\/#primaryimage\"},\"thumbnailUrl\":\"https:\\\/\\\/www.esplac.cat\\\/wp-content\\\/uploads\\\/2018\\\/03\\\/inscripcionsesplaiada.jpg\",\"datePublished\":\"2018-03-12T07:39:56+00:00\",\"breadcrumb\":{\"@id\":\"https:\\\/\\\/www.esplac.cat\\\/es\\\/obertes-inscripcions-esplaiada-2018\\\/#breadcrumb\"},\"inLanguage\":\"es\",\"potentialAction\":[{\"@type\":\"ReadAction\",\"target\":[\"https:\\\/\\\/www.esplac.cat\\\/es\\\/obertes-inscripcions-esplaiada-2018\\\/\"]}]},{\"@type\":\"ImageObject\",\"inLanguage\":\"es\",\"@id\":\"https:\\\/\\\/www.esplac.cat\\\/es\\\/obertes-inscripcions-esplaiada-2018\\\/#primaryimage\",\"url\":\"https:\\\/\\\/www.esplac.cat\\\/wp-content\\\/uploads\\\/2018\\\/03\\\/inscripcionsesplaiada.jpg\",\"contentUrl\":\"https:\\\/\\\/www.esplac.cat\\\/wp-content\\\/uploads\\\/2018\\\/03\\\/inscripcionsesplaiada.jpg\",\"width\":847,\"height\":350},{\"@type\":\"BreadcrumbList\",\"@id\":\"https:\\\/\\\/www.esplac.cat\\\/es\\\/obertes-inscripcions-esplaiada-2018\\\/#breadcrumb\",\"itemListElement\":[{\"@type\":\"ListItem\",\"position\":1,\"name\":\"Inici\",\"item\":\"https:\\\/\\\/www.esplac.cat\\\/es\\\/\"},{\"@type\":\"ListItem\",\"position\":2,\"name\":\"Obertes les inscripcions a l\u2019Esplaiada 2018!\"}]},{\"@type\":\"WebSite\",\"@id\":\"https:\\\/\\\/www.esplac.cat\\\/#website\",\"url\":\"https:\\\/\\\/www.esplac.cat\\\/\",\"name\":\"Esplac\",\"description\":\"Esplais Catalans\",\"publisher\":{\"@id\":\"https:\\\/\\\/www.esplac.cat\\\/#organization\"},\"potentialAction\":[{\"@type\":\"SearchAction\",\"target\":{\"@type\":\"EntryPoint\",\"urlTemplate\":\"https:\\\/\\\/www.esplac.cat\\\/?s={search_term_string}\"},\"query-input\":{\"@type\":\"PropertyValueSpecification\",\"valueRequired\":true,\"valueName\":\"search_term_string\"}}],\"inLanguage\":\"es\"},{\"@type\":\"Organization\",\"@id\":\"https:\\\/\\\/www.esplac.cat\\\/#organization\",\"name\":\"Esplac\",\"url\":\"https:\\\/\\\/www.esplac.cat\\\/\",\"logo\":{\"@type\":\"ImageObject\",\"inLanguage\":\"es\",\"@id\":\"https:\\\/\\\/www.esplac.cat\\\/#\\\/schema\\\/logo\\\/image\\\/\",\"url\":\"https:\\\/\\\/www.esplac.cat\\\/wp-content\\\/uploads\\\/2019\\\/08\\\/logox2.png\",\"contentUrl\":\"https:\\\/\\\/www.esplac.cat\\\/wp-content\\\/uploads\\\/2019\\\/08\\\/logox2.png\",\"width\":600,\"height\":295,\"caption\":\"Esplac\"},\"image\":{\"@id\":\"https:\\\/\\\/www.esplac.cat\\\/#\\\/schema\\\/logo\\\/image\\\/\"}},{\"@type\":\"Person\",\"@id\":\"https:\\\/\\\/www.esplac.cat\\\/#\\\/schema\\\/person\\\/8d7ee340c02b239b152b9ff2c3d40766\",\"name\":\"root\",\"image\":{\"@type\":\"ImageObject\",\"inLanguage\":\"es\",\"@id\":\"https:\\\/\\\/secure.gravatar.com\\\/avatar\\\/9356757d53af8c5db257f894fbbd9ee7446c25af07cd2e7844bd1cf43acef754?s=96&d=mm&r=g\",\"url\":\"https:\\\/\\\/secure.gravatar.com\\\/avatar\\\/9356757d53af8c5db257f894fbbd9ee7446c25af07cd2e7844bd1cf43acef754?s=96&d=mm&r=g\",\"contentUrl\":\"https:\\\/\\\/secure.gravatar.com\\\/avatar\\\/9356757d53af8c5db257f894fbbd9ee7446c25af07cd2e7844bd1cf43acef754?s=96&d=mm&r=g\",\"caption\":\"root\"}}]}<\/script>\n<!-- \/ Yoast SEO plugin. -->","yoast_head_json":{"title":"Obertes les inscripcions a l\u2019Esplaiada 2018! - Esplac","robots":{"index":"index","follow":"follow","max-snippet":"max-snippet:-1","max-image-preview":"max-image-preview:large","max-video-preview":"max-video-preview:-1"},"canonical":"https:\/\/www.esplac.cat\/es\/obertes-inscripcions-esplaiada-2018\/","og_locale":"es_ES","og_type":"article","og_title":"Obertes les inscripcions a l\u2019Esplaiada 2018! - Esplac","og_description":"Aquells esplais que estiguin preinscrits a la trobada ja poden [&hellip;]","og_url":"https:\/\/www.esplac.cat\/es\/obertes-inscripcions-esplaiada-2018\/","og_site_name":"Esplac","article_published_time":"2018-03-12T07:39:56+00:00","og_image":[{"width":847,"height":350,"url":"https:\/\/www.esplac.cat\/wp-content\/uploads\/2018\/03\/inscripcionsesplaiada.jpg","type":"image\/jpeg"}],"author":"root","twitter_card":"summary_large_image","twitter_misc":{"Escrito por":"root","Tiempo de lectura":"1 minuto"},"schema":{"@context":"https:\/\/schema.org","@graph":[{"@type":"Article","@id":"https:\/\/www.esplac.cat\/es\/obertes-inscripcions-esplaiada-2018\/#article","isPartOf":{"@id":"https:\/\/www.esplac.cat\/es\/obertes-inscripcions-esplaiada-2018\/"},"author":{"name":"root","@id":"https:\/\/www.esplac.cat\/#\/schema\/person\/8d7ee340c02b239b152b9ff2c3d40766"},"headline":"Obertes les inscripcions a l\u2019Esplaiada 2018!","datePublished":"2018-03-12T07:39:56+00:00","mainEntityOfPage":{"@id":"https:\/\/www.esplac.cat\/es\/obertes-inscripcions-esplaiada-2018\/"},"wordCount":267,"publisher":{"@id":"https:\/\/www.esplac.cat\/#organization"},"image":{"@id":"https:\/\/www.esplac.cat\/es\/obertes-inscripcions-esplaiada-2018\/#primaryimage"},"thumbnailUrl":"https:\/\/www.esplac.cat\/wp-content\/uploads\/2018\/03\/inscripcionsesplaiada.jpg","keywords":["Esplaiada 2018"],"articleSection":["Activitats esplac","Esplaiada","Sense categoria"],"inLanguage":"es"},{"@type":"WebPage","@id":"https:\/\/www.esplac.cat\/es\/obertes-inscripcions-esplaiada-2018\/","url":"https:\/\/www.esplac.cat\/es\/obertes-inscripcions-esplaiada-2018\/","name":"Obertes les inscripcions a l\u2019Esplaiada 2018! - Esplac","isPartOf":{"@id":"https:\/\/www.esplac.cat\/#website"},"primaryImageOfPage":{"@id":"https:\/\/www.esplac.cat\/es\/obertes-inscripcions-esplaiada-2018\/#primaryimage"},"image":{"@id":"https:\/\/www.esplac.cat\/es\/obertes-inscripcions-esplaiada-2018\/#primaryimage"},"thumbnailUrl":"https:\/\/www.esplac.cat\/wp-content\/uploads\/2018\/03\/inscripcionsesplaiada.jpg","datePublished":"2018-03-12T07:39:56+00:00","breadcrumb":{"@id":"https:\/\/www.esplac.cat\/es\/obertes-inscripcions-esplaiada-2018\/#breadcrumb"},"inLanguage":"es","potentialAction":[{"@type":"ReadAction","target":["https:\/\/www.esplac.cat\/es\/obertes-inscripcions-esplaiada-2018\/"]}]},{"@type":"ImageObject","inLanguage":"es","@id":"https:\/\/www.esplac.cat\/es\/obertes-inscripcions-esplaiada-2018\/#primaryimage","url":"https:\/\/www.esplac.cat\/wp-content\/uploads\/2018\/03\/inscripcionsesplaiada.jpg","contentUrl":"https:\/\/www.esplac.cat\/wp-content\/uploads\/2018\/03\/inscripcionsesplaiada.jpg","width":847,"height":350},{"@type":"BreadcrumbList","@id":"https:\/\/www.esplac.cat\/es\/obertes-inscripcions-esplaiada-2018\/#breadcrumb","itemListElement":[{"@type":"ListItem","position":1,"name":"Inici","item":"https:\/\/www.esplac.cat\/es\/"},{"@type":"ListItem","position":2,"name":"Obertes les inscripcions a l\u2019Esplaiada 2018!"}]},{"@type":"WebSite","@id":"https:\/\/www.esplac.cat\/#website","url":"https:\/\/www.esplac.cat\/","name":"Esplac","description":"Esplais Catalans","publisher":{"@id":"https:\/\/www.esplac.cat\/#organization"},"potentialAction":[{"@type":"SearchAction","target":{"@type":"EntryPoint","urlTemplate":"https:\/\/www.esplac.cat\/?s={search_term_string}"},"query-input":{"@type":"PropertyValueSpecification","valueRequired":true,"valueName":"search_term_string"}}],"inLanguage":"es"},{"@type":"Organization","@id":"https:\/\/www.esplac.cat\/#organization","name":"Esplac","url":"https:\/\/www.esplac.cat\/","logo":{"@type":"ImageObject","inLanguage":"es","@id":"https:\/\/www.esplac.cat\/#\/schema\/logo\/image\/","url":"https:\/\/www.esplac.cat\/wp-content\/uploads\/2019\/08\/logox2.png","contentUrl":"https:\/\/www.esplac.cat\/wp-content\/uploads\/2019\/08\/logox2.png","width":600,"height":295,"caption":"Esplac"},"image":{"@id":"https:\/\/www.esplac.cat\/#\/schema\/logo\/image\/"}},{"@type":"Person","@id":"https:\/\/www.esplac.cat\/#\/schema\/person\/8d7ee340c02b239b152b9ff2c3d40766","name":"root","image":{"@type":"ImageObject","inLanguage":"es","@id":"https:\/\/secure.gravatar.com\/avatar\/9356757d53af8c5db257f894fbbd9ee7446c25af07cd2e7844bd1cf43acef754?s=96&d=mm&r=g","url":"https:\/\/secure.gravatar.com\/avatar\/9356757d53af8c5db257f894fbbd9ee7446c25af07cd2e7844bd1cf43acef754?s=96&d=mm&r=g","contentUrl":"https:\/\/secure.gravatar.com\/avatar\/9356757d53af8c5db257f894fbbd9ee7446c25af07cd2e7844bd1cf43acef754?s=96&d=mm&r=g","caption":"root"}}]}},"_links":{"self":[{"href":"https:\/\/www.esplac.cat\/es\/wp-json\/wp\/v2\/posts\/24094","targetHints":{"allow":["GET"]}}],"collection":[{"href":"https:\/\/www.esplac.cat\/es\/wp-json\/wp\/v2\/posts"}],"about":[{"href":"https:\/\/www.esplac.cat\/es\/wp-json\/wp\/v2\/types\/post"}],"author":[{"embeddable":true,"href":"https:\/\/www.esplac.cat\/es\/wp-json\/wp\/v2\/users\/1"}],"replies":[{"embeddable":true,"href":"https:\/\/www.esplac.cat\/es\/wp-json\/wp\/v2\/comments?post=24094"}],"version-history":[{"count":0,"href":"https:\/\/www.esplac.cat\/es\/wp-json\/wp\/v2\/posts\/24094\/revisions"}],"wp:featuredmedia":[{"embeddable":true,"href":"https:\/\/www.esplac.cat\/es\/wp-json\/wp\/v2\/media\/24095"}],"wp:attachment":[{"href":"https:\/\/www.esplac.cat\/es\/wp-json\/wp\/v2\/media?parent=24094"}],"wp:term":[{"taxonomy":"category","embeddable":true,"href":"https:\/\/www.esplac.cat\/es\/wp-json\/wp\/v2\/categories?post=24094"},{"taxonomy":"post_tag","embeddable":true,"href":"https:\/\/www.esplac.cat\/es\/wp-json\/wp\/v2\/tags?post=24094"}],"curies":[{"name":"wp","href":"https:\/\/api.w.org\/{rel}","templated":true}]}}