{"id":24132,"date":"2017-11-30T10:42:21","date_gmt":"2017-11-30T08:42:21","guid":{"rendered":"http:\/\/esplac.cat\/?p=15958"},"modified":"2019-11-14T13:38:30","modified_gmt":"2019-11-14T11:38:30","slug":"sembralleure-la-infancia-inunda-el-carrer","status":"publish","type":"post","link":"https:\/\/www.esplac.cat\/es\/sembralleure-la-infancia-inunda-el-carrer\/","title":{"rendered":"SembraLleure: la inf\u00e0ncia inunda el carrer"},"content":{"rendered":"<h4 style=\"text-align: justify;\">El dissabte 25 de novembre, des de la Federaci\u00f3 d\u2019Esplais i Caus de Sants-Montju\u00efc vam reivindicar els Drets Universals dels Infants amb activitats al carrer<\/h4>\n<p style=\"text-align: justify;\">El 20 de novembre no \u00e9s un dia qualsevol. \u00c9s el Dia Universal de la Inf\u00e0ncia i, com a esplais, ens hi hem de sentir interpel\u00b7lats. \u00c9s per aix\u00f2 que, amb la voluntat de reivindicar els Drets Universals dels Infants, la <a href=\"https:\/\/www.facebook.com\/EsplaisiCausSantsMontjuic\" target=\"_blank\" rel=\"noopener noreferrer\">Federaci\u00f3 d\u2019Esplais i Caus de Sants-Montju\u00efc <\/a>(ECSM), en qu\u00e8 participem la Lluna, l\u2019Espurna i Turons, va organitzar el SembraLleure a la Rambla de Sants.<\/p>\n<p style=\"text-align: justify;\">Al mat\u00ed, vam fer una gimcana oberta al barri per a tots els p\u00fablics amb l\u2019objectiu de con\u00e8ixer els <strong>drets b\u00e0sics dels infants<\/strong>. Els participants vam fer deu proves relacionades amb deu drets i, un cop super\u00e0vem cada joc, reb\u00edem un conte en relaci\u00f3 al dret que hav\u00edem treballat. D\u2019aquesta manera, al final del mat\u00ed, vam obtenir un recull de deu contes i deu drets. Entre els assistents hi havia infants de les entitats, per\u00f2 tamb\u00e9 fam\u00edlies del barri.<\/p>\n<p style=\"text-align: justify;\">A la tarda, dividits per grups d\u2019edat, els infants van tractar diferents situacions en les quals no es compleixen els drets que hav\u00edem apr\u00e8s al mat\u00ed. Els petits, a trav\u00e9s d\u2019escenes de pel\u00b7l\u00edcules de dibuixos animats (a la Ventafocs, per exemple, no se li respecta el dret a l\u2019esbarjo) i els grans, amb not\u00edcies i dades reals. Al final, vam cloure l\u2019activitat amb una reflexi\u00f3 conjunta i vam tenir temps de parlar sobre l\u2019<strong>incompliment dels drets en diferents parts del planeta<\/strong>.<\/p>\n<p style=\"text-align: justify;\">D\u2019altra banda, les joves i les fam\u00edlies que s\u2019hi van voler sumar van poder participar en dues taules rodones de debat i an\u00e0lisi. En una, dos ponents del <a href=\"http:\/\/www.cjb.cat\/\" target=\"_blank\" rel=\"noopener noreferrer\">Consell de la Joventut de Barcelona<\/a> (CJB) van dinamitzar una xerrada sobre el dret dels infants en l\u2019educaci\u00f3 i en l\u2019altra, a c\u00e0rrec de <a href=\"https:\/\/stopmaremortum.org\/\" target=\"_blank\" rel=\"noopener noreferrer\">Stop Mare Mortum<\/a> de Sants, Hostafrancs i la Bordeta, es van tractar els drets dels infants considerats refugiats a trav\u00e9s d\u2019un taller interactiu.<\/p>\n<p style=\"text-align: justify;\">Globalment, doncs, va ser un dia en qu\u00e8 infants, joves i educadores vam omplir de vida la <strong>Rambla de Sants<\/strong>, que es va convertir en el punt neur\u00e0lgic de somriures, rialles i diversi\u00f3 perqu\u00e8 els infants alcessin la veu i es fessin veure en la defensa dels seus drets.<\/p>\n","protected":false},"excerpt":{"rendered":"<p>El dissabte 25 de novembre, des de la Federaci\u00f3 d\u2019Esplais [&hellip;]<\/p>\n","protected":false},"author":3,"featured_media":24142,"comment_status":"closed","ping_status":"open","sticky":false,"template":"","format":"standard","meta":{"om_disable_all_campaigns":false,"_monsterinsights_skip_tracking":false,"_monsterinsights_sitenote_active":false,"_monsterinsights_sitenote_note":"","_monsterinsights_sitenote_category":0,"_uf_show_specific_survey":0,"_uf_disable_surveys":false,"footnotes":""},"categories":[1110,1167,1128,1],"tags":[376,119],"class_list":["post-24132","post","type-post","status-publish","format-standard","has-post-thumbnail","hentry","category-activitats-sectors","category-infancia","category-sector-barcelona","category-sense-categoria","tag-dudi","tag-sector-barcelona"],"yoast_head":"<!-- This site is optimized with the Yoast SEO plugin v27.5 - https:\/\/yoast.com\/product\/yoast-seo-wordpress\/ -->\n<title>SembraLleure: la inf\u00e0ncia inunda el carrer - Esplac<\/title>\n<meta name=\"robots\" content=\"index, follow, max-snippet:-1, max-image-preview:large, max-video-preview:-1\" \/>\n<link rel=\"canonical\" href=\"https:\/\/www.esplac.cat\/sembralleure-la-infancia-inunda-el-carrer\/\" \/>\n<meta property=\"og:locale\" content=\"es_ES\" \/>\n<meta property=\"og:type\" content=\"article\" \/>\n<meta property=\"og:title\" content=\"SembraLleure: la inf\u00e0ncia inunda el carrer - Esplac\" \/>\n<meta property=\"og:description\" content=\"El dissabte 25 de novembre, des de la Federaci\u00f3 d\u2019Esplais [&hellip;]\" \/>\n<meta property=\"og:url\" content=\"https:\/\/www.esplac.cat\/sembralleure-la-infancia-inunda-el-carrer\/\" \/>\n<meta property=\"og:site_name\" content=\"Esplac\" \/>\n<meta property=\"article:published_time\" content=\"2017-11-30T08:42:21+00:00\" \/>\n<meta property=\"article:modified_time\" content=\"2019-11-14T11:38:30+00:00\" \/>\n<meta property=\"og:image\" content=\"https:\/\/www.esplac.cat\/wp-content\/uploads\/2017\/11\/dudibcn1.jpg\" \/>\n\t<meta property=\"og:image:width\" content=\"847\" \/>\n\t<meta property=\"og:image:height\" content=\"350\" \/>\n\t<meta property=\"og:image:type\" content=\"image\/jpeg\" \/>\n<meta name=\"author\" content=\"Comunicaci\u00f3 Esplac\" \/>\n<meta name=\"twitter:card\" content=\"summary_large_image\" \/>\n<meta name=\"twitter:label1\" content=\"Escrito por\" \/>\n\t<meta name=\"twitter:data1\" content=\"Comunicaci\u00f3 Esplac\" \/>\n\t<meta name=\"twitter:label2\" content=\"Tiempo de lectura\" \/>\n\t<meta name=\"twitter:data2\" content=\"2 minutos\" \/>\n<script type=\"application\/ld+json\" class=\"yoast-schema-graph\">{\"@context\":\"https:\\\/\\\/schema.org\",\"@graph\":[{\"@type\":\"Article\",\"@id\":\"https:\\\/\\\/www.esplac.cat\\\/sembralleure-la-infancia-inunda-el-carrer\\\/#article\",\"isPartOf\":{\"@id\":\"https:\\\/\\\/www.esplac.cat\\\/sembralleure-la-infancia-inunda-el-carrer\\\/\"},\"author\":{\"name\":\"Comunicaci\u00f3 Esplac\",\"@id\":\"https:\\\/\\\/www.esplac.cat\\\/#\\\/schema\\\/person\\\/908383cf240be18b68f8855d0583faca\"},\"headline\":\"SembraLleure: la inf\u00e0ncia inunda el carrer\",\"datePublished\":\"2017-11-30T08:42:21+00:00\",\"dateModified\":\"2019-11-14T11:38:30+00:00\",\"mainEntityOfPage\":{\"@id\":\"https:\\\/\\\/www.esplac.cat\\\/sembralleure-la-infancia-inunda-el-carrer\\\/\"},\"wordCount\":453,\"publisher\":{\"@id\":\"https:\\\/\\\/www.esplac.cat\\\/#organization\"},\"image\":{\"@id\":\"https:\\\/\\\/www.esplac.cat\\\/sembralleure-la-infancia-inunda-el-carrer\\\/#primaryimage\"},\"thumbnailUrl\":\"https:\\\/\\\/www.esplac.cat\\\/wp-content\\\/uploads\\\/2017\\\/11\\\/dudibcn1.jpg\",\"keywords\":[\"DUDI\",\"sector Barcelona\"],\"articleSection\":[\"Activitats sectors\",\"Inf\u00e0ncia i Esplaiada\",\"Sector Barcelona\",\"Sense categoria\"],\"inLanguage\":\"es\"},{\"@type\":\"WebPage\",\"@id\":\"https:\\\/\\\/www.esplac.cat\\\/sembralleure-la-infancia-inunda-el-carrer\\\/\",\"url\":\"https:\\\/\\\/www.esplac.cat\\\/sembralleure-la-infancia-inunda-el-carrer\\\/\",\"name\":\"SembraLleure: la inf\u00e0ncia inunda el carrer - Esplac\",\"isPartOf\":{\"@id\":\"https:\\\/\\\/www.esplac.cat\\\/#website\"},\"primaryImageOfPage\":{\"@id\":\"https:\\\/\\\/www.esplac.cat\\\/sembralleure-la-infancia-inunda-el-carrer\\\/#primaryimage\"},\"image\":{\"@id\":\"https:\\\/\\\/www.esplac.cat\\\/sembralleure-la-infancia-inunda-el-carrer\\\/#primaryimage\"},\"thumbnailUrl\":\"https:\\\/\\\/www.esplac.cat\\\/wp-content\\\/uploads\\\/2017\\\/11\\\/dudibcn1.jpg\",\"datePublished\":\"2017-11-30T08:42:21+00:00\",\"dateModified\":\"2019-11-14T11:38:30+00:00\",\"breadcrumb\":{\"@id\":\"https:\\\/\\\/www.esplac.cat\\\/sembralleure-la-infancia-inunda-el-carrer\\\/#breadcrumb\"},\"inLanguage\":\"es\",\"potentialAction\":[{\"@type\":\"ReadAction\",\"target\":[\"https:\\\/\\\/www.esplac.cat\\\/sembralleure-la-infancia-inunda-el-carrer\\\/\"]}]},{\"@type\":\"ImageObject\",\"inLanguage\":\"es\",\"@id\":\"https:\\\/\\\/www.esplac.cat\\\/sembralleure-la-infancia-inunda-el-carrer\\\/#primaryimage\",\"url\":\"https:\\\/\\\/www.esplac.cat\\\/wp-content\\\/uploads\\\/2017\\\/11\\\/dudibcn1.jpg\",\"contentUrl\":\"https:\\\/\\\/www.esplac.cat\\\/wp-content\\\/uploads\\\/2017\\\/11\\\/dudibcn1.jpg\",\"width\":847,\"height\":350},{\"@type\":\"BreadcrumbList\",\"@id\":\"https:\\\/\\\/www.esplac.cat\\\/sembralleure-la-infancia-inunda-el-carrer\\\/#breadcrumb\",\"itemListElement\":[{\"@type\":\"ListItem\",\"position\":1,\"name\":\"Inici\",\"item\":\"https:\\\/\\\/www.esplac.cat\\\/es\\\/\"},{\"@type\":\"ListItem\",\"position\":2,\"name\":\"SembraLleure: la inf\u00e0ncia inunda el carrer\"}]},{\"@type\":\"WebSite\",\"@id\":\"https:\\\/\\\/www.esplac.cat\\\/#website\",\"url\":\"https:\\\/\\\/www.esplac.cat\\\/\",\"name\":\"Esplac\",\"description\":\"Esplais Catalans\",\"publisher\":{\"@id\":\"https:\\\/\\\/www.esplac.cat\\\/#organization\"},\"potentialAction\":[{\"@type\":\"SearchAction\",\"target\":{\"@type\":\"EntryPoint\",\"urlTemplate\":\"https:\\\/\\\/www.esplac.cat\\\/?s={search_term_string}\"},\"query-input\":{\"@type\":\"PropertyValueSpecification\",\"valueRequired\":true,\"valueName\":\"search_term_string\"}}],\"inLanguage\":\"es\"},{\"@type\":\"Organization\",\"@id\":\"https:\\\/\\\/www.esplac.cat\\\/#organization\",\"name\":\"Esplac\",\"url\":\"https:\\\/\\\/www.esplac.cat\\\/\",\"logo\":{\"@type\":\"ImageObject\",\"inLanguage\":\"es\",\"@id\":\"https:\\\/\\\/www.esplac.cat\\\/#\\\/schema\\\/logo\\\/image\\\/\",\"url\":\"https:\\\/\\\/www.esplac.cat\\\/wp-content\\\/uploads\\\/2019\\\/08\\\/logox2.png\",\"contentUrl\":\"https:\\\/\\\/www.esplac.cat\\\/wp-content\\\/uploads\\\/2019\\\/08\\\/logox2.png\",\"width\":600,\"height\":295,\"caption\":\"Esplac\"},\"image\":{\"@id\":\"https:\\\/\\\/www.esplac.cat\\\/#\\\/schema\\\/logo\\\/image\\\/\"}},{\"@type\":\"Person\",\"@id\":\"https:\\\/\\\/www.esplac.cat\\\/#\\\/schema\\\/person\\\/908383cf240be18b68f8855d0583faca\",\"name\":\"Comunicaci\u00f3 Esplac\",\"image\":{\"@type\":\"ImageObject\",\"inLanguage\":\"es\",\"@id\":\"https:\\\/\\\/secure.gravatar.com\\\/avatar\\\/7a4cf8feb412a76ea4a740ca02d95b06b2907b5a6c648c2dd0a1082a093c3141?s=96&d=mm&r=g\",\"url\":\"https:\\\/\\\/secure.gravatar.com\\\/avatar\\\/7a4cf8feb412a76ea4a740ca02d95b06b2907b5a6c648c2dd0a1082a093c3141?s=96&d=mm&r=g\",\"contentUrl\":\"https:\\\/\\\/secure.gravatar.com\\\/avatar\\\/7a4cf8feb412a76ea4a740ca02d95b06b2907b5a6c648c2dd0a1082a093c3141?s=96&d=mm&r=g\",\"caption\":\"Comunicaci\u00f3 Esplac\"}}]}<\/script>\n<!-- \/ Yoast SEO plugin. -->","yoast_head_json":{"title":"SembraLleure: la inf\u00e0ncia inunda el carrer - Esplac","robots":{"index":"index","follow":"follow","max-snippet":"max-snippet:-1","max-image-preview":"max-image-preview:large","max-video-preview":"max-video-preview:-1"},"canonical":"https:\/\/www.esplac.cat\/sembralleure-la-infancia-inunda-el-carrer\/","og_locale":"es_ES","og_type":"article","og_title":"SembraLleure: la inf\u00e0ncia inunda el carrer - Esplac","og_description":"El dissabte 25 de novembre, des de la Federaci\u00f3 d\u2019Esplais [&hellip;]","og_url":"https:\/\/www.esplac.cat\/sembralleure-la-infancia-inunda-el-carrer\/","og_site_name":"Esplac","article_published_time":"2017-11-30T08:42:21+00:00","article_modified_time":"2019-11-14T11:38:30+00:00","og_image":[{"width":847,"height":350,"url":"https:\/\/www.esplac.cat\/wp-content\/uploads\/2017\/11\/dudibcn1.jpg","type":"image\/jpeg"}],"author":"Comunicaci\u00f3 Esplac","twitter_card":"summary_large_image","twitter_misc":{"Escrito por":"Comunicaci\u00f3 Esplac","Tiempo de lectura":"2 minutos"},"schema":{"@context":"https:\/\/schema.org","@graph":[{"@type":"Article","@id":"https:\/\/www.esplac.cat\/sembralleure-la-infancia-inunda-el-carrer\/#article","isPartOf":{"@id":"https:\/\/www.esplac.cat\/sembralleure-la-infancia-inunda-el-carrer\/"},"author":{"name":"Comunicaci\u00f3 Esplac","@id":"https:\/\/www.esplac.cat\/#\/schema\/person\/908383cf240be18b68f8855d0583faca"},"headline":"SembraLleure: la inf\u00e0ncia inunda el carrer","datePublished":"2017-11-30T08:42:21+00:00","dateModified":"2019-11-14T11:38:30+00:00","mainEntityOfPage":{"@id":"https:\/\/www.esplac.cat\/sembralleure-la-infancia-inunda-el-carrer\/"},"wordCount":453,"publisher":{"@id":"https:\/\/www.esplac.cat\/#organization"},"image":{"@id":"https:\/\/www.esplac.cat\/sembralleure-la-infancia-inunda-el-carrer\/#primaryimage"},"thumbnailUrl":"https:\/\/www.esplac.cat\/wp-content\/uploads\/2017\/11\/dudibcn1.jpg","keywords":["DUDI","sector Barcelona"],"articleSection":["Activitats sectors","Inf\u00e0ncia i Esplaiada","Sector Barcelona","Sense categoria"],"inLanguage":"es"},{"@type":"WebPage","@id":"https:\/\/www.esplac.cat\/sembralleure-la-infancia-inunda-el-carrer\/","url":"https:\/\/www.esplac.cat\/sembralleure-la-infancia-inunda-el-carrer\/","name":"SembraLleure: la inf\u00e0ncia inunda el carrer - Esplac","isPartOf":{"@id":"https:\/\/www.esplac.cat\/#website"},"primaryImageOfPage":{"@id":"https:\/\/www.esplac.cat\/sembralleure-la-infancia-inunda-el-carrer\/#primaryimage"},"image":{"@id":"https:\/\/www.esplac.cat\/sembralleure-la-infancia-inunda-el-carrer\/#primaryimage"},"thumbnailUrl":"https:\/\/www.esplac.cat\/wp-content\/uploads\/2017\/11\/dudibcn1.jpg","datePublished":"2017-11-30T08:42:21+00:00","dateModified":"2019-11-14T11:38:30+00:00","breadcrumb":{"@id":"https:\/\/www.esplac.cat\/sembralleure-la-infancia-inunda-el-carrer\/#breadcrumb"},"inLanguage":"es","potentialAction":[{"@type":"ReadAction","target":["https:\/\/www.esplac.cat\/sembralleure-la-infancia-inunda-el-carrer\/"]}]},{"@type":"ImageObject","inLanguage":"es","@id":"https:\/\/www.esplac.cat\/sembralleure-la-infancia-inunda-el-carrer\/#primaryimage","url":"https:\/\/www.esplac.cat\/wp-content\/uploads\/2017\/11\/dudibcn1.jpg","contentUrl":"https:\/\/www.esplac.cat\/wp-content\/uploads\/2017\/11\/dudibcn1.jpg","width":847,"height":350},{"@type":"BreadcrumbList","@id":"https:\/\/www.esplac.cat\/sembralleure-la-infancia-inunda-el-carrer\/#breadcrumb","itemListElement":[{"@type":"ListItem","position":1,"name":"Inici","item":"https:\/\/www.esplac.cat\/es\/"},{"@type":"ListItem","position":2,"name":"SembraLleure: la inf\u00e0ncia inunda el carrer"}]},{"@type":"WebSite","@id":"https:\/\/www.esplac.cat\/#website","url":"https:\/\/www.esplac.cat\/","name":"Esplac","description":"Esplais Catalans","publisher":{"@id":"https:\/\/www.esplac.cat\/#organization"},"potentialAction":[{"@type":"SearchAction","target":{"@type":"EntryPoint","urlTemplate":"https:\/\/www.esplac.cat\/?s={search_term_string}"},"query-input":{"@type":"PropertyValueSpecification","valueRequired":true,"valueName":"search_term_string"}}],"inLanguage":"es"},{"@type":"Organization","@id":"https:\/\/www.esplac.cat\/#organization","name":"Esplac","url":"https:\/\/www.esplac.cat\/","logo":{"@type":"ImageObject","inLanguage":"es","@id":"https:\/\/www.esplac.cat\/#\/schema\/logo\/image\/","url":"https:\/\/www.esplac.cat\/wp-content\/uploads\/2019\/08\/logox2.png","contentUrl":"https:\/\/www.esplac.cat\/wp-content\/uploads\/2019\/08\/logox2.png","width":600,"height":295,"caption":"Esplac"},"image":{"@id":"https:\/\/www.esplac.cat\/#\/schema\/logo\/image\/"}},{"@type":"Person","@id":"https:\/\/www.esplac.cat\/#\/schema\/person\/908383cf240be18b68f8855d0583faca","name":"Comunicaci\u00f3 Esplac","image":{"@type":"ImageObject","inLanguage":"es","@id":"https:\/\/secure.gravatar.com\/avatar\/7a4cf8feb412a76ea4a740ca02d95b06b2907b5a6c648c2dd0a1082a093c3141?s=96&d=mm&r=g","url":"https:\/\/secure.gravatar.com\/avatar\/7a4cf8feb412a76ea4a740ca02d95b06b2907b5a6c648c2dd0a1082a093c3141?s=96&d=mm&r=g","contentUrl":"https:\/\/secure.gravatar.com\/avatar\/7a4cf8feb412a76ea4a740ca02d95b06b2907b5a6c648c2dd0a1082a093c3141?s=96&d=mm&r=g","caption":"Comunicaci\u00f3 Esplac"}}]}},"_links":{"self":[{"href":"https:\/\/www.esplac.cat\/es\/wp-json\/wp\/v2\/posts\/24132","targetHints":{"allow":["GET"]}}],"collection":[{"href":"https:\/\/www.esplac.cat\/es\/wp-json\/wp\/v2\/posts"}],"about":[{"href":"https:\/\/www.esplac.cat\/es\/wp-json\/wp\/v2\/types\/post"}],"author":[{"embeddable":true,"href":"https:\/\/www.esplac.cat\/es\/wp-json\/wp\/v2\/users\/3"}],"replies":[{"embeddable":true,"href":"https:\/\/www.esplac.cat\/es\/wp-json\/wp\/v2\/comments?post=24132"}],"version-history":[{"count":0,"href":"https:\/\/www.esplac.cat\/es\/wp-json\/wp\/v2\/posts\/24132\/revisions"}],"wp:featuredmedia":[{"embeddable":true,"href":"https:\/\/www.esplac.cat\/es\/wp-json\/wp\/v2\/media\/24142"}],"wp:attachment":[{"href":"https:\/\/www.esplac.cat\/es\/wp-json\/wp\/v2\/media?parent=24132"}],"wp:term":[{"taxonomy":"category","embeddable":true,"href":"https:\/\/www.esplac.cat\/es\/wp-json\/wp\/v2\/categories?post=24132"},{"taxonomy":"post_tag","embeddable":true,"href":"https:\/\/www.esplac.cat\/es\/wp-json\/wp\/v2\/tags?post=24132"}],"curies":[{"name":"wp","href":"https:\/\/api.w.org\/{rel}","templated":true}]}}