{"id":24154,"date":"2017-11-23T09:45:15","date_gmt":"2017-11-23T07:45:15","guid":{"rendered":"http:\/\/esplac.cat\/?p=15724"},"modified":"2019-09-30T17:34:10","modified_gmt":"2019-09-30T15:34:10","slug":"esplai-art-camp-alemanya","status":"publish","type":"post","link":"https:\/\/www.esplac.cat\/es\/esplai-art-camp-alemanya\/","title":{"rendered":"Es busca esplai per a l\u2019Art Camp d\u2019Alemanya!"},"content":{"rendered":"<h4>L\u2019intercanvi internacional tindr\u00e0 lloc a L\u00e4rz entre el 5 i el 16 d\u2019agost<\/h4>\n<p style=\"text-align:justify\">Com cada any, l\u2019entitat alemanya <a href=\"http:\/\/www.soziale-bildung.org\/\" target=\"_blank\" rel=\"noopener noreferrer\">Soziale Bildung<\/a> organitzar\u00e0 a l\u2019estiu l\u2019Art Camp, una trobada internacional en qu\u00e8 participaran cinc entitats de cinc pa\u00efsos diferents:<\/p>\n<ul>\n<li>Rodowo (Pol\u00f2nia)<\/li>\n<li>Arciragazzi (It\u00e0lia)<\/li>\n<li>Cemea Pays de la Loire (Fran\u00e7a)<\/li>\n<li>Esplais Catalans (Catalunya)<\/li>\n<li>Soziale Bildung (Alemanya)<\/li>\n<\/ul>\n<p style=\"text-align:justify\">Enguany l\u2019activitat es dur\u00e0 a terme entre el 5 i el 16 d\u2019agost a les instal\u00b7lacions de l\u2019entitat acollidora a <a href=\"https:\/\/www.google.es\/maps\/place\/17248+L%C3%A4rz,+Alemanya\/@52.5308237,11.8033054,7.84z\/data=!4m5!3m4!1s0x47a950ea8b222f99:0x7fc9426efc416d9d!8m2!3d53.2920483!4d12.7458704?hl=ca\" target=\"_blank\" rel=\"noopener noreferrer\">L\u00e4rz<\/a>, una ciutat del nord d\u2019Alemanya. El t\u00edtol de l\u2019estada ser\u00e0 \u201c<strong>History present future \u2013 discovering effects of colonialism<\/strong>\u201d i, amb les arts esc\u00e8niques com a eix vertebredor, es tractar\u00e0 el colonialisme i els seus efectes al m\u00f3n. Els participants podran prendre part en diverses activitats de v\u00eddeo, teatre, m\u00fasica, dansa&#8230;, sempre envoltats de natura i en companyia de joves d\u2019altres pa\u00efsos.<\/p>\n<p style=\"text-align:justify\">Perqu\u00e8 us feu una idea m\u00e9s concreta de tot plegat, en aquest enlla\u00e7 podeu veure els v\u00eddeos promocionals del <a href=\"https:\/\/www.youtube.com\/watch?v=hTDEt2ca908\" target=\"_blank\" rel=\"noopener noreferrer\">2015<\/a> i el <a href=\"http:\/\/esplac.cat\/?s=art+camp\" target=\"_blank\" rel=\"noopener noreferrer\">2016<\/a>, i en aquest altre, les imatges de l\u2019<a href=\"https:\/\/vimeopro.com\/user57270705\/art-camp-2017\" target=\"_blank\" rel=\"noopener noreferrer\">edici\u00f3 anterior<\/a>.<\/p>\n<p>Si voleu que el grup de joves del vostre esplai sigui l\u2019afortunat, no dubteu a apuntar-vos-hi escrivint a <strong>internacional@esplac.cat<\/strong>. Qui no corre, vola!<\/p>\n<p><strong>Informaci\u00f3 pr\u00e0ctica<\/strong><\/p>\n<ul>\n<li>T\u00edtol: Art Camp &#8211; \u201cHistory present future \u2013 discovering of colonialism\u201d<\/li>\n<li>Lloc: L\u00e4rz (a 150 km de Berl\u00edn, Alemanya)<\/li>\n<li>Edats: de 15 a 17 anys<\/li>\n<li>Places: aproximadament 12 participants + 2 monis<\/li>\n<li>Preu: activitat gratu\u00efts i reemborsament per transport de fins a 170 euros per participant.<\/li>\n<li>Per a m\u00e9s info: internacional@esplac.cat<\/li>\n<\/ul>\n","protected":false},"excerpt":{"rendered":"<p>L\u2019intercanvi internacional tindr\u00e0 lloc a L\u00e4rz entre el 5 i [&hellip;]<\/p>\n","protected":false},"author":3,"featured_media":24161,"comment_status":"closed","ping_status":"open","sticky":false,"template":"","format":"standard","meta":{"om_disable_all_campaigns":false,"_monsterinsights_skip_tracking":false,"_monsterinsights_sitenote_active":false,"_monsterinsights_sitenote_note":"","_monsterinsights_sitenote_category":0,"_uf_show_specific_survey":0,"_uf_disable_surveys":false,"footnotes":""},"categories":[1112,1],"tags":[270,668,952,109],"class_list":["post-24154","post","type-post","status-publish","format-standard","has-post-thumbnail","hentry","category-esplac-al-mon","category-sense-categoria","tag-activitats-internacionals","tag-art-camp","tag-esplac-al-mon","tag-internacionalisme"],"yoast_head":"<!-- This site is optimized with the Yoast SEO plugin v27.5 - https:\/\/yoast.com\/product\/yoast-seo-wordpress\/ -->\n<title>Es busca esplai per a l\u2019Art Camp d\u2019Alemanya! - Esplac<\/title>\n<meta name=\"robots\" content=\"index, follow, max-snippet:-1, max-image-preview:large, max-video-preview:-1\" \/>\n<link rel=\"canonical\" href=\"https:\/\/www.esplac.cat\/en\/esplai-art-camp-alemanya\/\" \/>\n<meta property=\"og:locale\" content=\"es_ES\" \/>\n<meta property=\"og:type\" content=\"article\" \/>\n<meta property=\"og:title\" content=\"Es busca esplai per a l\u2019Art Camp d\u2019Alemanya! - Esplac\" \/>\n<meta property=\"og:description\" content=\"L\u2019intercanvi internacional tindr\u00e0 lloc a L\u00e4rz entre el 5 i [&hellip;]\" \/>\n<meta property=\"og:url\" content=\"https:\/\/www.esplac.cat\/en\/esplai-art-camp-alemanya\/\" \/>\n<meta property=\"og:site_name\" content=\"Esplac\" \/>\n<meta property=\"article:published_time\" content=\"2017-11-23T07:45:15+00:00\" \/>\n<meta property=\"article:modified_time\" content=\"2019-09-30T15:34:10+00:00\" \/>\n<meta property=\"og:image\" content=\"https:\/\/www.esplac.cat\/wp-content\/uploads\/2017\/11\/artcamp.jpg\" \/>\n\t<meta property=\"og:image:width\" content=\"847\" \/>\n\t<meta property=\"og:image:height\" content=\"350\" \/>\n\t<meta property=\"og:image:type\" content=\"image\/jpeg\" \/>\n<meta name=\"author\" content=\"Comunicaci\u00f3 Esplac\" \/>\n<meta name=\"twitter:card\" content=\"summary_large_image\" \/>\n<meta name=\"twitter:label1\" content=\"Escrito por\" \/>\n\t<meta name=\"twitter:data1\" content=\"Comunicaci\u00f3 Esplac\" \/>\n\t<meta name=\"twitter:label2\" content=\"Tiempo de lectura\" \/>\n\t<meta name=\"twitter:data2\" content=\"2 minutos\" \/>\n<script type=\"application\/ld+json\" class=\"yoast-schema-graph\">{\"@context\":\"https:\\\/\\\/schema.org\",\"@graph\":[{\"@type\":\"Article\",\"@id\":\"https:\\\/\\\/www.esplac.cat\\\/en\\\/esplai-art-camp-alemanya\\\/#article\",\"isPartOf\":{\"@id\":\"https:\\\/\\\/www.esplac.cat\\\/en\\\/esplai-art-camp-alemanya\\\/\"},\"author\":{\"name\":\"Comunicaci\u00f3 Esplac\",\"@id\":\"https:\\\/\\\/www.esplac.cat\\\/#\\\/schema\\\/person\\\/908383cf240be18b68f8855d0583faca\"},\"headline\":\"Es busca esplai per a l\u2019Art Camp d\u2019Alemanya!\",\"datePublished\":\"2017-11-23T07:45:15+00:00\",\"dateModified\":\"2019-09-30T15:34:10+00:00\",\"mainEntityOfPage\":{\"@id\":\"https:\\\/\\\/www.esplac.cat\\\/en\\\/esplai-art-camp-alemanya\\\/\"},\"wordCount\":313,\"publisher\":{\"@id\":\"https:\\\/\\\/www.esplac.cat\\\/#organization\"},\"image\":{\"@id\":\"https:\\\/\\\/www.esplac.cat\\\/en\\\/esplai-art-camp-alemanya\\\/#primaryimage\"},\"thumbnailUrl\":\"https:\\\/\\\/www.esplac.cat\\\/wp-content\\\/uploads\\\/2017\\\/11\\\/artcamp.jpg\",\"keywords\":[\"activitats internacionals\",\"Art Camp\",\"Esplac al Mon\",\"internacionalisme\"],\"articleSection\":[\"Esplac al m\u00f3n\",\"Sense categoria\"],\"inLanguage\":\"es\"},{\"@type\":\"WebPage\",\"@id\":\"https:\\\/\\\/www.esplac.cat\\\/en\\\/esplai-art-camp-alemanya\\\/\",\"url\":\"https:\\\/\\\/www.esplac.cat\\\/en\\\/esplai-art-camp-alemanya\\\/\",\"name\":\"Es busca esplai per a l\u2019Art Camp d\u2019Alemanya! - Esplac\",\"isPartOf\":{\"@id\":\"https:\\\/\\\/www.esplac.cat\\\/#website\"},\"primaryImageOfPage\":{\"@id\":\"https:\\\/\\\/www.esplac.cat\\\/en\\\/esplai-art-camp-alemanya\\\/#primaryimage\"},\"image\":{\"@id\":\"https:\\\/\\\/www.esplac.cat\\\/en\\\/esplai-art-camp-alemanya\\\/#primaryimage\"},\"thumbnailUrl\":\"https:\\\/\\\/www.esplac.cat\\\/wp-content\\\/uploads\\\/2017\\\/11\\\/artcamp.jpg\",\"datePublished\":\"2017-11-23T07:45:15+00:00\",\"dateModified\":\"2019-09-30T15:34:10+00:00\",\"breadcrumb\":{\"@id\":\"https:\\\/\\\/www.esplac.cat\\\/en\\\/esplai-art-camp-alemanya\\\/#breadcrumb\"},\"inLanguage\":\"es\",\"potentialAction\":[{\"@type\":\"ReadAction\",\"target\":[\"https:\\\/\\\/www.esplac.cat\\\/en\\\/esplai-art-camp-alemanya\\\/\"]}]},{\"@type\":\"ImageObject\",\"inLanguage\":\"es\",\"@id\":\"https:\\\/\\\/www.esplac.cat\\\/en\\\/esplai-art-camp-alemanya\\\/#primaryimage\",\"url\":\"https:\\\/\\\/www.esplac.cat\\\/wp-content\\\/uploads\\\/2017\\\/11\\\/artcamp.jpg\",\"contentUrl\":\"https:\\\/\\\/www.esplac.cat\\\/wp-content\\\/uploads\\\/2017\\\/11\\\/artcamp.jpg\",\"width\":847,\"height\":350},{\"@type\":\"BreadcrumbList\",\"@id\":\"https:\\\/\\\/www.esplac.cat\\\/en\\\/esplai-art-camp-alemanya\\\/#breadcrumb\",\"itemListElement\":[{\"@type\":\"ListItem\",\"position\":1,\"name\":\"Inici\",\"item\":\"https:\\\/\\\/www.esplac.cat\\\/es\\\/\"},{\"@type\":\"ListItem\",\"position\":2,\"name\":\"Es busca esplai per a l\u2019Art Camp d\u2019Alemanya!\"}]},{\"@type\":\"WebSite\",\"@id\":\"https:\\\/\\\/www.esplac.cat\\\/#website\",\"url\":\"https:\\\/\\\/www.esplac.cat\\\/\",\"name\":\"Esplac\",\"description\":\"Esplais Catalans\",\"publisher\":{\"@id\":\"https:\\\/\\\/www.esplac.cat\\\/#organization\"},\"potentialAction\":[{\"@type\":\"SearchAction\",\"target\":{\"@type\":\"EntryPoint\",\"urlTemplate\":\"https:\\\/\\\/www.esplac.cat\\\/?s={search_term_string}\"},\"query-input\":{\"@type\":\"PropertyValueSpecification\",\"valueRequired\":true,\"valueName\":\"search_term_string\"}}],\"inLanguage\":\"es\"},{\"@type\":\"Organization\",\"@id\":\"https:\\\/\\\/www.esplac.cat\\\/#organization\",\"name\":\"Esplac\",\"url\":\"https:\\\/\\\/www.esplac.cat\\\/\",\"logo\":{\"@type\":\"ImageObject\",\"inLanguage\":\"es\",\"@id\":\"https:\\\/\\\/www.esplac.cat\\\/#\\\/schema\\\/logo\\\/image\\\/\",\"url\":\"https:\\\/\\\/www.esplac.cat\\\/wp-content\\\/uploads\\\/2019\\\/08\\\/logox2.png\",\"contentUrl\":\"https:\\\/\\\/www.esplac.cat\\\/wp-content\\\/uploads\\\/2019\\\/08\\\/logox2.png\",\"width\":600,\"height\":295,\"caption\":\"Esplac\"},\"image\":{\"@id\":\"https:\\\/\\\/www.esplac.cat\\\/#\\\/schema\\\/logo\\\/image\\\/\"}},{\"@type\":\"Person\",\"@id\":\"https:\\\/\\\/www.esplac.cat\\\/#\\\/schema\\\/person\\\/908383cf240be18b68f8855d0583faca\",\"name\":\"Comunicaci\u00f3 Esplac\",\"image\":{\"@type\":\"ImageObject\",\"inLanguage\":\"es\",\"@id\":\"https:\\\/\\\/secure.gravatar.com\\\/avatar\\\/7a4cf8feb412a76ea4a740ca02d95b06b2907b5a6c648c2dd0a1082a093c3141?s=96&d=mm&r=g\",\"url\":\"https:\\\/\\\/secure.gravatar.com\\\/avatar\\\/7a4cf8feb412a76ea4a740ca02d95b06b2907b5a6c648c2dd0a1082a093c3141?s=96&d=mm&r=g\",\"contentUrl\":\"https:\\\/\\\/secure.gravatar.com\\\/avatar\\\/7a4cf8feb412a76ea4a740ca02d95b06b2907b5a6c648c2dd0a1082a093c3141?s=96&d=mm&r=g\",\"caption\":\"Comunicaci\u00f3 Esplac\"}}]}<\/script>\n<!-- \/ Yoast SEO plugin. -->","yoast_head_json":{"title":"Es busca esplai per a l\u2019Art Camp d\u2019Alemanya! - Esplac","robots":{"index":"index","follow":"follow","max-snippet":"max-snippet:-1","max-image-preview":"max-image-preview:large","max-video-preview":"max-video-preview:-1"},"canonical":"https:\/\/www.esplac.cat\/en\/esplai-art-camp-alemanya\/","og_locale":"es_ES","og_type":"article","og_title":"Es busca esplai per a l\u2019Art Camp d\u2019Alemanya! - Esplac","og_description":"L\u2019intercanvi internacional tindr\u00e0 lloc a L\u00e4rz entre el 5 i [&hellip;]","og_url":"https:\/\/www.esplac.cat\/en\/esplai-art-camp-alemanya\/","og_site_name":"Esplac","article_published_time":"2017-11-23T07:45:15+00:00","article_modified_time":"2019-09-30T15:34:10+00:00","og_image":[{"width":847,"height":350,"url":"https:\/\/www.esplac.cat\/wp-content\/uploads\/2017\/11\/artcamp.jpg","type":"image\/jpeg"}],"author":"Comunicaci\u00f3 Esplac","twitter_card":"summary_large_image","twitter_misc":{"Escrito por":"Comunicaci\u00f3 Esplac","Tiempo de lectura":"2 minutos"},"schema":{"@context":"https:\/\/schema.org","@graph":[{"@type":"Article","@id":"https:\/\/www.esplac.cat\/en\/esplai-art-camp-alemanya\/#article","isPartOf":{"@id":"https:\/\/www.esplac.cat\/en\/esplai-art-camp-alemanya\/"},"author":{"name":"Comunicaci\u00f3 Esplac","@id":"https:\/\/www.esplac.cat\/#\/schema\/person\/908383cf240be18b68f8855d0583faca"},"headline":"Es busca esplai per a l\u2019Art Camp d\u2019Alemanya!","datePublished":"2017-11-23T07:45:15+00:00","dateModified":"2019-09-30T15:34:10+00:00","mainEntityOfPage":{"@id":"https:\/\/www.esplac.cat\/en\/esplai-art-camp-alemanya\/"},"wordCount":313,"publisher":{"@id":"https:\/\/www.esplac.cat\/#organization"},"image":{"@id":"https:\/\/www.esplac.cat\/en\/esplai-art-camp-alemanya\/#primaryimage"},"thumbnailUrl":"https:\/\/www.esplac.cat\/wp-content\/uploads\/2017\/11\/artcamp.jpg","keywords":["activitats internacionals","Art Camp","Esplac al Mon","internacionalisme"],"articleSection":["Esplac al m\u00f3n","Sense categoria"],"inLanguage":"es"},{"@type":"WebPage","@id":"https:\/\/www.esplac.cat\/en\/esplai-art-camp-alemanya\/","url":"https:\/\/www.esplac.cat\/en\/esplai-art-camp-alemanya\/","name":"Es busca esplai per a l\u2019Art Camp d\u2019Alemanya! - Esplac","isPartOf":{"@id":"https:\/\/www.esplac.cat\/#website"},"primaryImageOfPage":{"@id":"https:\/\/www.esplac.cat\/en\/esplai-art-camp-alemanya\/#primaryimage"},"image":{"@id":"https:\/\/www.esplac.cat\/en\/esplai-art-camp-alemanya\/#primaryimage"},"thumbnailUrl":"https:\/\/www.esplac.cat\/wp-content\/uploads\/2017\/11\/artcamp.jpg","datePublished":"2017-11-23T07:45:15+00:00","dateModified":"2019-09-30T15:34:10+00:00","breadcrumb":{"@id":"https:\/\/www.esplac.cat\/en\/esplai-art-camp-alemanya\/#breadcrumb"},"inLanguage":"es","potentialAction":[{"@type":"ReadAction","target":["https:\/\/www.esplac.cat\/en\/esplai-art-camp-alemanya\/"]}]},{"@type":"ImageObject","inLanguage":"es","@id":"https:\/\/www.esplac.cat\/en\/esplai-art-camp-alemanya\/#primaryimage","url":"https:\/\/www.esplac.cat\/wp-content\/uploads\/2017\/11\/artcamp.jpg","contentUrl":"https:\/\/www.esplac.cat\/wp-content\/uploads\/2017\/11\/artcamp.jpg","width":847,"height":350},{"@type":"BreadcrumbList","@id":"https:\/\/www.esplac.cat\/en\/esplai-art-camp-alemanya\/#breadcrumb","itemListElement":[{"@type":"ListItem","position":1,"name":"Inici","item":"https:\/\/www.esplac.cat\/es\/"},{"@type":"ListItem","position":2,"name":"Es busca esplai per a l\u2019Art Camp d\u2019Alemanya!"}]},{"@type":"WebSite","@id":"https:\/\/www.esplac.cat\/#website","url":"https:\/\/www.esplac.cat\/","name":"Esplac","description":"Esplais Catalans","publisher":{"@id":"https:\/\/www.esplac.cat\/#organization"},"potentialAction":[{"@type":"SearchAction","target":{"@type":"EntryPoint","urlTemplate":"https:\/\/www.esplac.cat\/?s={search_term_string}"},"query-input":{"@type":"PropertyValueSpecification","valueRequired":true,"valueName":"search_term_string"}}],"inLanguage":"es"},{"@type":"Organization","@id":"https:\/\/www.esplac.cat\/#organization","name":"Esplac","url":"https:\/\/www.esplac.cat\/","logo":{"@type":"ImageObject","inLanguage":"es","@id":"https:\/\/www.esplac.cat\/#\/schema\/logo\/image\/","url":"https:\/\/www.esplac.cat\/wp-content\/uploads\/2019\/08\/logox2.png","contentUrl":"https:\/\/www.esplac.cat\/wp-content\/uploads\/2019\/08\/logox2.png","width":600,"height":295,"caption":"Esplac"},"image":{"@id":"https:\/\/www.esplac.cat\/#\/schema\/logo\/image\/"}},{"@type":"Person","@id":"https:\/\/www.esplac.cat\/#\/schema\/person\/908383cf240be18b68f8855d0583faca","name":"Comunicaci\u00f3 Esplac","image":{"@type":"ImageObject","inLanguage":"es","@id":"https:\/\/secure.gravatar.com\/avatar\/7a4cf8feb412a76ea4a740ca02d95b06b2907b5a6c648c2dd0a1082a093c3141?s=96&d=mm&r=g","url":"https:\/\/secure.gravatar.com\/avatar\/7a4cf8feb412a76ea4a740ca02d95b06b2907b5a6c648c2dd0a1082a093c3141?s=96&d=mm&r=g","contentUrl":"https:\/\/secure.gravatar.com\/avatar\/7a4cf8feb412a76ea4a740ca02d95b06b2907b5a6c648c2dd0a1082a093c3141?s=96&d=mm&r=g","caption":"Comunicaci\u00f3 Esplac"}}]}},"_links":{"self":[{"href":"https:\/\/www.esplac.cat\/es\/wp-json\/wp\/v2\/posts\/24154","targetHints":{"allow":["GET"]}}],"collection":[{"href":"https:\/\/www.esplac.cat\/es\/wp-json\/wp\/v2\/posts"}],"about":[{"href":"https:\/\/www.esplac.cat\/es\/wp-json\/wp\/v2\/types\/post"}],"author":[{"embeddable":true,"href":"https:\/\/www.esplac.cat\/es\/wp-json\/wp\/v2\/users\/3"}],"replies":[{"embeddable":true,"href":"https:\/\/www.esplac.cat\/es\/wp-json\/wp\/v2\/comments?post=24154"}],"version-history":[{"count":0,"href":"https:\/\/www.esplac.cat\/es\/wp-json\/wp\/v2\/posts\/24154\/revisions"}],"wp:featuredmedia":[{"embeddable":true,"href":"https:\/\/www.esplac.cat\/es\/wp-json\/wp\/v2\/media\/24161"}],"wp:attachment":[{"href":"https:\/\/www.esplac.cat\/es\/wp-json\/wp\/v2\/media?parent=24154"}],"wp:term":[{"taxonomy":"category","embeddable":true,"href":"https:\/\/www.esplac.cat\/es\/wp-json\/wp\/v2\/categories?post=24154"},{"taxonomy":"post_tag","embeddable":true,"href":"https:\/\/www.esplac.cat\/es\/wp-json\/wp\/v2\/tags?post=24154"}],"curies":[{"name":"wp","href":"https:\/\/api.w.org\/{rel}","templated":true}]}}