{"id":24176,"date":"2017-11-16T09:38:28","date_gmt":"2017-11-16T07:38:28","guid":{"rendered":"http:\/\/esplac.cat\/?p=15592"},"modified":"2017-11-16T09:38:28","modified_gmt":"2017-11-16T07:38:28","slug":"gresca-feina-trobada-monis-camp-tarragona","status":"publish","type":"post","link":"https:\/\/www.esplac.cat\/es\/gresca-feina-trobada-monis-camp-tarragona\/","title":{"rendered":"Gresca i feina en la Trobada de monis del Camp de Tarragona!"},"content":{"rendered":"<h4>L\u2019excursi\u00f3 va tenir lloc a Masriudoms aquest darrer cap de setmana, 11 i 12 de novembre<\/h4>\n<p style=\"text-align:justify\">Els monitors i monitores dels esplais del Camp de Tarragona (i Lleida!) ens vam reunir aquest dissabte 11 i diumenge 12 de novembre per celebrar la ja tradicional Trobada de monis. A causa d\u2019un canvi de pressupost d\u2019\u00faltima hora, la sortida va realitzar-se a una caseta del municipi de <a href=\"https:\/\/www.google.es\/maps\/place\/43891+Masriudoms,+Tarragona\/@41.0202,0.8832255,17z\/data=!3m1!4b1!4m5!3m4!1s0x12a13f3f47f234e7:0x77a504d706b834e8!8m2!3d41.0199512!4d0.8844972\" target=\"_blank\" rel=\"noopener noreferrer\">Masriudoms<\/a> (Baix Camp). Un indret estupend i molt tranquil que ens va anar de meravella per treballar la documentaci\u00f3 de l\u2019AGO, preparar l\u2019Avellanada, planificar l\u2019elaboraci\u00f3 de les dessuadores i encaminar altres projectes que el sector t\u00e9 entre mans.<\/p>\n<p style=\"text-align:justify\">Per\u00f2 no tot va ser feina! Despr\u00e9s de sopar, els EGS del sector van dinamitzar una gran vetllada de \u201c<strong>copes amb<\/strong>\u201d i ens ho vam passar genial!<\/p>\n<p style=\"text-align:justify\">Diumenge al mat\u00ed, ja amb les piles carregades, vam fer conjuntament el <strong>v\u00eddeo de sector<\/strong> per donar a con\u00e8ixer a l\u2019AGO la nostra nova mascota i el seu Pla de Treball per a aquest curs. A m\u00e9s, vam aprofitar per parlar de la situaci\u00f3 de relleu en qu\u00e8 ens trobem i per compartir experi\u00e8ncies, idees i propostes dels nostres esplais!<\/p>\n<p><strong>#somsectorcampdetarragona #venimdelsud<\/strong><\/p>\n","protected":false},"excerpt":{"rendered":"<p>L\u2019excursi\u00f3 va tenir lloc a Masriudoms aquest darrer cap de [&hellip;]<\/p>\n","protected":false},"author":3,"featured_media":24178,"comment_status":"closed","ping_status":"open","sticky":false,"template":"","format":"standard","meta":{"om_disable_all_campaigns":false,"_monsterinsights_skip_tracking":false,"_monsterinsights_sitenote_active":false,"_monsterinsights_sitenote_note":"","_monsterinsights_sitenote_category":0,"_uf_show_specific_survey":0,"_uf_disable_surveys":false,"footnotes":""},"categories":[1110,1122,1],"tags":[951,774],"class_list":["post-24176","post","type-post","status-publish","format-standard","has-post-thumbnail","hentry","category-activitats-sectors","category-sector-camp-de-tarragona","category-sense-categoria","tag-activitats-sectors","tag-camp-de-tarragona"],"yoast_head":"<!-- This site is optimized with the Yoast SEO plugin v27.5 - https:\/\/yoast.com\/product\/yoast-seo-wordpress\/ -->\n<title>Gresca i feina en la Trobada de monis del Camp de Tarragona! - Esplac<\/title>\n<meta name=\"robots\" content=\"index, follow, max-snippet:-1, max-image-preview:large, max-video-preview:-1\" \/>\n<link rel=\"canonical\" href=\"https:\/\/www.esplac.cat\/gresca-feina-trobada-monis-camp-tarragona\/\" \/>\n<meta property=\"og:locale\" content=\"es_ES\" \/>\n<meta property=\"og:type\" content=\"article\" \/>\n<meta property=\"og:title\" content=\"Gresca i feina en la Trobada de monis del Camp de Tarragona! - Esplac\" \/>\n<meta property=\"og:description\" content=\"L\u2019excursi\u00f3 va tenir lloc a Masriudoms aquest darrer cap de [&hellip;]\" \/>\n<meta property=\"og:url\" content=\"https:\/\/www.esplac.cat\/gresca-feina-trobada-monis-camp-tarragona\/\" \/>\n<meta property=\"og:site_name\" content=\"Esplac\" \/>\n<meta property=\"article:published_time\" content=\"2017-11-16T07:38:28+00:00\" \/>\n<meta property=\"og:image\" content=\"https:\/\/www.esplac.cat\/wp-content\/uploads\/2017\/11\/cdtnoti.jpg\" \/>\n\t<meta property=\"og:image:width\" content=\"847\" \/>\n\t<meta property=\"og:image:height\" content=\"350\" \/>\n\t<meta property=\"og:image:type\" content=\"image\/jpeg\" \/>\n<meta name=\"author\" content=\"Comunicaci\u00f3 Esplac\" \/>\n<meta name=\"twitter:card\" content=\"summary_large_image\" \/>\n<meta name=\"twitter:label1\" content=\"Escrito por\" \/>\n\t<meta name=\"twitter:data1\" content=\"Comunicaci\u00f3 Esplac\" \/>\n\t<meta name=\"twitter:label2\" content=\"Tiempo de lectura\" \/>\n\t<meta name=\"twitter:data2\" content=\"1 minuto\" \/>\n<script type=\"application\/ld+json\" class=\"yoast-schema-graph\">{\"@context\":\"https:\\\/\\\/schema.org\",\"@graph\":[{\"@type\":\"Article\",\"@id\":\"https:\\\/\\\/www.esplac.cat\\\/gresca-feina-trobada-monis-camp-tarragona\\\/#article\",\"isPartOf\":{\"@id\":\"https:\\\/\\\/www.esplac.cat\\\/gresca-feina-trobada-monis-camp-tarragona\\\/\"},\"author\":{\"name\":\"Comunicaci\u00f3 Esplac\",\"@id\":\"https:\\\/\\\/www.esplac.cat\\\/#\\\/schema\\\/person\\\/908383cf240be18b68f8855d0583faca\"},\"headline\":\"Gresca i feina en la Trobada de monis del Camp de Tarragona!\",\"datePublished\":\"2017-11-16T07:38:28+00:00\",\"mainEntityOfPage\":{\"@id\":\"https:\\\/\\\/www.esplac.cat\\\/gresca-feina-trobada-monis-camp-tarragona\\\/\"},\"wordCount\":251,\"publisher\":{\"@id\":\"https:\\\/\\\/www.esplac.cat\\\/#organization\"},\"image\":{\"@id\":\"https:\\\/\\\/www.esplac.cat\\\/gresca-feina-trobada-monis-camp-tarragona\\\/#primaryimage\"},\"thumbnailUrl\":\"https:\\\/\\\/www.esplac.cat\\\/wp-content\\\/uploads\\\/2017\\\/11\\\/cdtnoti.jpg\",\"keywords\":[\"activitats sectors\",\"Camp de Tarragona\"],\"articleSection\":[\"Activitats sectors\",\"Sector Camp de Tarragona\",\"Sense categoria\"],\"inLanguage\":\"es\"},{\"@type\":\"WebPage\",\"@id\":\"https:\\\/\\\/www.esplac.cat\\\/gresca-feina-trobada-monis-camp-tarragona\\\/\",\"url\":\"https:\\\/\\\/www.esplac.cat\\\/gresca-feina-trobada-monis-camp-tarragona\\\/\",\"name\":\"Gresca i feina en la Trobada de monis del Camp de Tarragona! - Esplac\",\"isPartOf\":{\"@id\":\"https:\\\/\\\/www.esplac.cat\\\/#website\"},\"primaryImageOfPage\":{\"@id\":\"https:\\\/\\\/www.esplac.cat\\\/gresca-feina-trobada-monis-camp-tarragona\\\/#primaryimage\"},\"image\":{\"@id\":\"https:\\\/\\\/www.esplac.cat\\\/gresca-feina-trobada-monis-camp-tarragona\\\/#primaryimage\"},\"thumbnailUrl\":\"https:\\\/\\\/www.esplac.cat\\\/wp-content\\\/uploads\\\/2017\\\/11\\\/cdtnoti.jpg\",\"datePublished\":\"2017-11-16T07:38:28+00:00\",\"breadcrumb\":{\"@id\":\"https:\\\/\\\/www.esplac.cat\\\/gresca-feina-trobada-monis-camp-tarragona\\\/#breadcrumb\"},\"inLanguage\":\"es\",\"potentialAction\":[{\"@type\":\"ReadAction\",\"target\":[\"https:\\\/\\\/www.esplac.cat\\\/gresca-feina-trobada-monis-camp-tarragona\\\/\"]}]},{\"@type\":\"ImageObject\",\"inLanguage\":\"es\",\"@id\":\"https:\\\/\\\/www.esplac.cat\\\/gresca-feina-trobada-monis-camp-tarragona\\\/#primaryimage\",\"url\":\"https:\\\/\\\/www.esplac.cat\\\/wp-content\\\/uploads\\\/2017\\\/11\\\/cdtnoti.jpg\",\"contentUrl\":\"https:\\\/\\\/www.esplac.cat\\\/wp-content\\\/uploads\\\/2017\\\/11\\\/cdtnoti.jpg\",\"width\":847,\"height\":350},{\"@type\":\"BreadcrumbList\",\"@id\":\"https:\\\/\\\/www.esplac.cat\\\/gresca-feina-trobada-monis-camp-tarragona\\\/#breadcrumb\",\"itemListElement\":[{\"@type\":\"ListItem\",\"position\":1,\"name\":\"Inici\",\"item\":\"https:\\\/\\\/www.esplac.cat\\\/es\\\/\"},{\"@type\":\"ListItem\",\"position\":2,\"name\":\"Gresca i feina en la Trobada de monis del Camp de Tarragona!\"}]},{\"@type\":\"WebSite\",\"@id\":\"https:\\\/\\\/www.esplac.cat\\\/#website\",\"url\":\"https:\\\/\\\/www.esplac.cat\\\/\",\"name\":\"Esplac\",\"description\":\"Esplais Catalans\",\"publisher\":{\"@id\":\"https:\\\/\\\/www.esplac.cat\\\/#organization\"},\"potentialAction\":[{\"@type\":\"SearchAction\",\"target\":{\"@type\":\"EntryPoint\",\"urlTemplate\":\"https:\\\/\\\/www.esplac.cat\\\/?s={search_term_string}\"},\"query-input\":{\"@type\":\"PropertyValueSpecification\",\"valueRequired\":true,\"valueName\":\"search_term_string\"}}],\"inLanguage\":\"es\"},{\"@type\":\"Organization\",\"@id\":\"https:\\\/\\\/www.esplac.cat\\\/#organization\",\"name\":\"Esplac\",\"url\":\"https:\\\/\\\/www.esplac.cat\\\/\",\"logo\":{\"@type\":\"ImageObject\",\"inLanguage\":\"es\",\"@id\":\"https:\\\/\\\/www.esplac.cat\\\/#\\\/schema\\\/logo\\\/image\\\/\",\"url\":\"https:\\\/\\\/www.esplac.cat\\\/wp-content\\\/uploads\\\/2019\\\/08\\\/logox2.png\",\"contentUrl\":\"https:\\\/\\\/www.esplac.cat\\\/wp-content\\\/uploads\\\/2019\\\/08\\\/logox2.png\",\"width\":600,\"height\":295,\"caption\":\"Esplac\"},\"image\":{\"@id\":\"https:\\\/\\\/www.esplac.cat\\\/#\\\/schema\\\/logo\\\/image\\\/\"}},{\"@type\":\"Person\",\"@id\":\"https:\\\/\\\/www.esplac.cat\\\/#\\\/schema\\\/person\\\/908383cf240be18b68f8855d0583faca\",\"name\":\"Comunicaci\u00f3 Esplac\",\"image\":{\"@type\":\"ImageObject\",\"inLanguage\":\"es\",\"@id\":\"https:\\\/\\\/secure.gravatar.com\\\/avatar\\\/7a4cf8feb412a76ea4a740ca02d95b06b2907b5a6c648c2dd0a1082a093c3141?s=96&d=mm&r=g\",\"url\":\"https:\\\/\\\/secure.gravatar.com\\\/avatar\\\/7a4cf8feb412a76ea4a740ca02d95b06b2907b5a6c648c2dd0a1082a093c3141?s=96&d=mm&r=g\",\"contentUrl\":\"https:\\\/\\\/secure.gravatar.com\\\/avatar\\\/7a4cf8feb412a76ea4a740ca02d95b06b2907b5a6c648c2dd0a1082a093c3141?s=96&d=mm&r=g\",\"caption\":\"Comunicaci\u00f3 Esplac\"}}]}<\/script>\n<!-- \/ Yoast SEO plugin. -->","yoast_head_json":{"title":"Gresca i feina en la Trobada de monis del Camp de Tarragona! - Esplac","robots":{"index":"index","follow":"follow","max-snippet":"max-snippet:-1","max-image-preview":"max-image-preview:large","max-video-preview":"max-video-preview:-1"},"canonical":"https:\/\/www.esplac.cat\/gresca-feina-trobada-monis-camp-tarragona\/","og_locale":"es_ES","og_type":"article","og_title":"Gresca i feina en la Trobada de monis del Camp de Tarragona! - Esplac","og_description":"L\u2019excursi\u00f3 va tenir lloc a Masriudoms aquest darrer cap de [&hellip;]","og_url":"https:\/\/www.esplac.cat\/gresca-feina-trobada-monis-camp-tarragona\/","og_site_name":"Esplac","article_published_time":"2017-11-16T07:38:28+00:00","og_image":[{"width":847,"height":350,"url":"https:\/\/www.esplac.cat\/wp-content\/uploads\/2017\/11\/cdtnoti.jpg","type":"image\/jpeg"}],"author":"Comunicaci\u00f3 Esplac","twitter_card":"summary_large_image","twitter_misc":{"Escrito por":"Comunicaci\u00f3 Esplac","Tiempo de lectura":"1 minuto"},"schema":{"@context":"https:\/\/schema.org","@graph":[{"@type":"Article","@id":"https:\/\/www.esplac.cat\/gresca-feina-trobada-monis-camp-tarragona\/#article","isPartOf":{"@id":"https:\/\/www.esplac.cat\/gresca-feina-trobada-monis-camp-tarragona\/"},"author":{"name":"Comunicaci\u00f3 Esplac","@id":"https:\/\/www.esplac.cat\/#\/schema\/person\/908383cf240be18b68f8855d0583faca"},"headline":"Gresca i feina en la Trobada de monis del Camp de Tarragona!","datePublished":"2017-11-16T07:38:28+00:00","mainEntityOfPage":{"@id":"https:\/\/www.esplac.cat\/gresca-feina-trobada-monis-camp-tarragona\/"},"wordCount":251,"publisher":{"@id":"https:\/\/www.esplac.cat\/#organization"},"image":{"@id":"https:\/\/www.esplac.cat\/gresca-feina-trobada-monis-camp-tarragona\/#primaryimage"},"thumbnailUrl":"https:\/\/www.esplac.cat\/wp-content\/uploads\/2017\/11\/cdtnoti.jpg","keywords":["activitats sectors","Camp de Tarragona"],"articleSection":["Activitats sectors","Sector Camp de Tarragona","Sense categoria"],"inLanguage":"es"},{"@type":"WebPage","@id":"https:\/\/www.esplac.cat\/gresca-feina-trobada-monis-camp-tarragona\/","url":"https:\/\/www.esplac.cat\/gresca-feina-trobada-monis-camp-tarragona\/","name":"Gresca i feina en la Trobada de monis del Camp de Tarragona! - Esplac","isPartOf":{"@id":"https:\/\/www.esplac.cat\/#website"},"primaryImageOfPage":{"@id":"https:\/\/www.esplac.cat\/gresca-feina-trobada-monis-camp-tarragona\/#primaryimage"},"image":{"@id":"https:\/\/www.esplac.cat\/gresca-feina-trobada-monis-camp-tarragona\/#primaryimage"},"thumbnailUrl":"https:\/\/www.esplac.cat\/wp-content\/uploads\/2017\/11\/cdtnoti.jpg","datePublished":"2017-11-16T07:38:28+00:00","breadcrumb":{"@id":"https:\/\/www.esplac.cat\/gresca-feina-trobada-monis-camp-tarragona\/#breadcrumb"},"inLanguage":"es","potentialAction":[{"@type":"ReadAction","target":["https:\/\/www.esplac.cat\/gresca-feina-trobada-monis-camp-tarragona\/"]}]},{"@type":"ImageObject","inLanguage":"es","@id":"https:\/\/www.esplac.cat\/gresca-feina-trobada-monis-camp-tarragona\/#primaryimage","url":"https:\/\/www.esplac.cat\/wp-content\/uploads\/2017\/11\/cdtnoti.jpg","contentUrl":"https:\/\/www.esplac.cat\/wp-content\/uploads\/2017\/11\/cdtnoti.jpg","width":847,"height":350},{"@type":"BreadcrumbList","@id":"https:\/\/www.esplac.cat\/gresca-feina-trobada-monis-camp-tarragona\/#breadcrumb","itemListElement":[{"@type":"ListItem","position":1,"name":"Inici","item":"https:\/\/www.esplac.cat\/es\/"},{"@type":"ListItem","position":2,"name":"Gresca i feina en la Trobada de monis del Camp de Tarragona!"}]},{"@type":"WebSite","@id":"https:\/\/www.esplac.cat\/#website","url":"https:\/\/www.esplac.cat\/","name":"Esplac","description":"Esplais Catalans","publisher":{"@id":"https:\/\/www.esplac.cat\/#organization"},"potentialAction":[{"@type":"SearchAction","target":{"@type":"EntryPoint","urlTemplate":"https:\/\/www.esplac.cat\/?s={search_term_string}"},"query-input":{"@type":"PropertyValueSpecification","valueRequired":true,"valueName":"search_term_string"}}],"inLanguage":"es"},{"@type":"Organization","@id":"https:\/\/www.esplac.cat\/#organization","name":"Esplac","url":"https:\/\/www.esplac.cat\/","logo":{"@type":"ImageObject","inLanguage":"es","@id":"https:\/\/www.esplac.cat\/#\/schema\/logo\/image\/","url":"https:\/\/www.esplac.cat\/wp-content\/uploads\/2019\/08\/logox2.png","contentUrl":"https:\/\/www.esplac.cat\/wp-content\/uploads\/2019\/08\/logox2.png","width":600,"height":295,"caption":"Esplac"},"image":{"@id":"https:\/\/www.esplac.cat\/#\/schema\/logo\/image\/"}},{"@type":"Person","@id":"https:\/\/www.esplac.cat\/#\/schema\/person\/908383cf240be18b68f8855d0583faca","name":"Comunicaci\u00f3 Esplac","image":{"@type":"ImageObject","inLanguage":"es","@id":"https:\/\/secure.gravatar.com\/avatar\/7a4cf8feb412a76ea4a740ca02d95b06b2907b5a6c648c2dd0a1082a093c3141?s=96&d=mm&r=g","url":"https:\/\/secure.gravatar.com\/avatar\/7a4cf8feb412a76ea4a740ca02d95b06b2907b5a6c648c2dd0a1082a093c3141?s=96&d=mm&r=g","contentUrl":"https:\/\/secure.gravatar.com\/avatar\/7a4cf8feb412a76ea4a740ca02d95b06b2907b5a6c648c2dd0a1082a093c3141?s=96&d=mm&r=g","caption":"Comunicaci\u00f3 Esplac"}}]}},"_links":{"self":[{"href":"https:\/\/www.esplac.cat\/es\/wp-json\/wp\/v2\/posts\/24176","targetHints":{"allow":["GET"]}}],"collection":[{"href":"https:\/\/www.esplac.cat\/es\/wp-json\/wp\/v2\/posts"}],"about":[{"href":"https:\/\/www.esplac.cat\/es\/wp-json\/wp\/v2\/types\/post"}],"author":[{"embeddable":true,"href":"https:\/\/www.esplac.cat\/es\/wp-json\/wp\/v2\/users\/3"}],"replies":[{"embeddable":true,"href":"https:\/\/www.esplac.cat\/es\/wp-json\/wp\/v2\/comments?post=24176"}],"version-history":[{"count":0,"href":"https:\/\/www.esplac.cat\/es\/wp-json\/wp\/v2\/posts\/24176\/revisions"}],"wp:featuredmedia":[{"embeddable":true,"href":"https:\/\/www.esplac.cat\/es\/wp-json\/wp\/v2\/media\/24178"}],"wp:attachment":[{"href":"https:\/\/www.esplac.cat\/es\/wp-json\/wp\/v2\/media?parent=24176"}],"wp:term":[{"taxonomy":"category","embeddable":true,"href":"https:\/\/www.esplac.cat\/es\/wp-json\/wp\/v2\/categories?post=24176"},{"taxonomy":"post_tag","embeddable":true,"href":"https:\/\/www.esplac.cat\/es\/wp-json\/wp\/v2\/tags?post=24176"}],"curies":[{"name":"wp","href":"https:\/\/api.w.org\/{rel}","templated":true}]}}