{"id":24191,"date":"2017-10-25T10:32:13","date_gmt":"2017-10-25T08:32:13","guid":{"rendered":"http:\/\/www.esplac.cat\/?p=15497"},"modified":"2017-10-25T10:32:13","modified_gmt":"2017-10-25T08:32:13","slug":"sector-girona-iniciem-any","status":"publish","type":"post","link":"https:\/\/www.esplac.cat\/es\/sector-girona-iniciem-any\/","title":{"rendered":"A Girona iniciem l\u2019any amb una AGO plena de sorpreses!"},"content":{"rendered":"<h4 style=\"text-align: justify;\">El diumenge 15 d\u2019octubre ens vam retrobar a Vilablareix per celebrar l\u2019Assemblea General Ordin\u00e0ria, que va comptar amb una participaci\u00f3 de 28 monitors i monitores dels quarte esplais del sector<\/h4>\n<p style=\"text-align: justify;\">La trobada va arrancar a les 9 h del mat\u00ed amb algunes din\u00e0miques originals per deixar la son enrere i iniciar la jornada amb m\u00e9s energia que mai. A continuaci\u00f3, vam aprovar la mem\u00f2ria del curs 2016-17 i vam validar el Pla de Treball del nou curs, despr\u00e9s de reflexionar sobre la realitat de cada esplai i de decidir que prioritzarem la qualitat de les activitats per sobre de la quantitat. Com que est\u00e0vem motivades amb els temes de l\u2019AGO, vam enllestir la creaci\u00f3 i la votaci\u00f3 del nou pressupost abans de dinar, i tamb\u00e9 l\u2019elecci\u00f3 del nou <strong>Equip General de Sector<\/strong>, que enguany estar\u00e0 format per Paula Turon, Paula Bah\u00ed i Elena Virgili.<\/p>\n<p style=\"text-align: justify;\">Un cop finalitzat un mat\u00ed de feina intensa, vam menjar una <strong>superpaella vegetariana<\/strong> preparada amb molta dedicaci\u00f3 i, d\u2019aquesta manera, vam cloure el dia amb la panxa plena i un somriure d\u2019orella a orella.<\/p>\n<p>Ser\u00e0 un curs ple de canvis i de millores pel sector! Girona enamora!<\/p>\n","protected":false},"excerpt":{"rendered":"<p>El diumenge 15 d\u2019octubre ens vam retrobar a Vilablareix per [&hellip;]<\/p>\n","protected":false},"author":3,"featured_media":24194,"comment_status":"closed","ping_status":"open","sticky":false,"template":"","format":"standard","meta":{"om_disable_all_campaigns":false,"_monsterinsights_skip_tracking":false,"_monsterinsights_sitenote_active":false,"_monsterinsights_sitenote_note":"","_monsterinsights_sitenote_category":0,"_uf_show_specific_survey":0,"_uf_disable_surveys":false,"footnotes":""},"categories":[1110,1130,1],"tags":[335,356,40,121],"class_list":["post-24191","post","type-post","status-publish","format-standard","has-post-thumbnail","hentry","category-activitats-sectors","category-sector-girona","category-sense-categoria","tag-ago","tag-c5-egs","tag-participacio","tag-sector-girona"],"yoast_head":"<!-- This site is optimized with the Yoast SEO plugin v27.5 - https:\/\/yoast.com\/product\/yoast-seo-wordpress\/ -->\n<title>A Girona iniciem l\u2019any amb una AGO plena de sorpreses! - Esplac<\/title>\n<meta name=\"robots\" content=\"index, follow, max-snippet:-1, max-image-preview:large, max-video-preview:-1\" \/>\n<link rel=\"canonical\" href=\"https:\/\/www.esplac.cat\/sector-girona-iniciem-any\/\" \/>\n<meta property=\"og:locale\" content=\"es_ES\" \/>\n<meta property=\"og:type\" content=\"article\" \/>\n<meta property=\"og:title\" content=\"A Girona iniciem l\u2019any amb una AGO plena de sorpreses! - Esplac\" \/>\n<meta property=\"og:description\" content=\"El diumenge 15 d\u2019octubre ens vam retrobar a Vilablareix per [&hellip;]\" \/>\n<meta property=\"og:url\" content=\"https:\/\/www.esplac.cat\/sector-girona-iniciem-any\/\" \/>\n<meta property=\"og:site_name\" content=\"Esplac\" \/>\n<meta property=\"article:published_time\" content=\"2017-10-25T08:32:13+00:00\" \/>\n<meta property=\"og:image\" content=\"https:\/\/www.esplac.cat\/wp-content\/uploads\/2017\/10\/foto1girona.jpg\" \/>\n\t<meta property=\"og:image:width\" content=\"847\" \/>\n\t<meta property=\"og:image:height\" content=\"350\" \/>\n\t<meta property=\"og:image:type\" content=\"image\/jpeg\" \/>\n<meta name=\"author\" content=\"Comunicaci\u00f3 Esplac\" \/>\n<meta name=\"twitter:card\" content=\"summary_large_image\" \/>\n<meta name=\"twitter:label1\" content=\"Escrito por\" \/>\n\t<meta name=\"twitter:data1\" content=\"Comunicaci\u00f3 Esplac\" \/>\n\t<meta name=\"twitter:label2\" content=\"Tiempo de lectura\" \/>\n\t<meta name=\"twitter:data2\" content=\"1 minuto\" \/>\n<script type=\"application\/ld+json\" class=\"yoast-schema-graph\">{\"@context\":\"https:\\\/\\\/schema.org\",\"@graph\":[{\"@type\":\"Article\",\"@id\":\"https:\\\/\\\/www.esplac.cat\\\/sector-girona-iniciem-any\\\/#article\",\"isPartOf\":{\"@id\":\"https:\\\/\\\/www.esplac.cat\\\/sector-girona-iniciem-any\\\/\"},\"author\":{\"name\":\"Comunicaci\u00f3 Esplac\",\"@id\":\"https:\\\/\\\/www.esplac.cat\\\/#\\\/schema\\\/person\\\/908383cf240be18b68f8855d0583faca\"},\"headline\":\"A Girona iniciem l\u2019any amb una AGO plena de sorpreses!\",\"datePublished\":\"2017-10-25T08:32:13+00:00\",\"mainEntityOfPage\":{\"@id\":\"https:\\\/\\\/www.esplac.cat\\\/sector-girona-iniciem-any\\\/\"},\"wordCount\":248,\"publisher\":{\"@id\":\"https:\\\/\\\/www.esplac.cat\\\/#organization\"},\"image\":{\"@id\":\"https:\\\/\\\/www.esplac.cat\\\/sector-girona-iniciem-any\\\/#primaryimage\"},\"thumbnailUrl\":\"https:\\\/\\\/www.esplac.cat\\\/wp-content\\\/uploads\\\/2017\\\/10\\\/foto1girona.jpg\",\"keywords\":[\"AGO\",\"EGS\",\"participaci\u00f3\",\"sector Girona\"],\"articleSection\":[\"Activitats sectors\",\"Sector Girona\",\"Sense categoria\"],\"inLanguage\":\"es\"},{\"@type\":\"WebPage\",\"@id\":\"https:\\\/\\\/www.esplac.cat\\\/sector-girona-iniciem-any\\\/\",\"url\":\"https:\\\/\\\/www.esplac.cat\\\/sector-girona-iniciem-any\\\/\",\"name\":\"A Girona iniciem l\u2019any amb una AGO plena de sorpreses! - Esplac\",\"isPartOf\":{\"@id\":\"https:\\\/\\\/www.esplac.cat\\\/#website\"},\"primaryImageOfPage\":{\"@id\":\"https:\\\/\\\/www.esplac.cat\\\/sector-girona-iniciem-any\\\/#primaryimage\"},\"image\":{\"@id\":\"https:\\\/\\\/www.esplac.cat\\\/sector-girona-iniciem-any\\\/#primaryimage\"},\"thumbnailUrl\":\"https:\\\/\\\/www.esplac.cat\\\/wp-content\\\/uploads\\\/2017\\\/10\\\/foto1girona.jpg\",\"datePublished\":\"2017-10-25T08:32:13+00:00\",\"breadcrumb\":{\"@id\":\"https:\\\/\\\/www.esplac.cat\\\/sector-girona-iniciem-any\\\/#breadcrumb\"},\"inLanguage\":\"es\",\"potentialAction\":[{\"@type\":\"ReadAction\",\"target\":[\"https:\\\/\\\/www.esplac.cat\\\/sector-girona-iniciem-any\\\/\"]}]},{\"@type\":\"ImageObject\",\"inLanguage\":\"es\",\"@id\":\"https:\\\/\\\/www.esplac.cat\\\/sector-girona-iniciem-any\\\/#primaryimage\",\"url\":\"https:\\\/\\\/www.esplac.cat\\\/wp-content\\\/uploads\\\/2017\\\/10\\\/foto1girona.jpg\",\"contentUrl\":\"https:\\\/\\\/www.esplac.cat\\\/wp-content\\\/uploads\\\/2017\\\/10\\\/foto1girona.jpg\",\"width\":847,\"height\":350},{\"@type\":\"BreadcrumbList\",\"@id\":\"https:\\\/\\\/www.esplac.cat\\\/sector-girona-iniciem-any\\\/#breadcrumb\",\"itemListElement\":[{\"@type\":\"ListItem\",\"position\":1,\"name\":\"Inici\",\"item\":\"https:\\\/\\\/www.esplac.cat\\\/es\\\/\"},{\"@type\":\"ListItem\",\"position\":2,\"name\":\"A Girona iniciem l\u2019any amb una AGO plena de sorpreses!\"}]},{\"@type\":\"WebSite\",\"@id\":\"https:\\\/\\\/www.esplac.cat\\\/#website\",\"url\":\"https:\\\/\\\/www.esplac.cat\\\/\",\"name\":\"Esplac\",\"description\":\"Esplais Catalans\",\"publisher\":{\"@id\":\"https:\\\/\\\/www.esplac.cat\\\/#organization\"},\"potentialAction\":[{\"@type\":\"SearchAction\",\"target\":{\"@type\":\"EntryPoint\",\"urlTemplate\":\"https:\\\/\\\/www.esplac.cat\\\/?s={search_term_string}\"},\"query-input\":{\"@type\":\"PropertyValueSpecification\",\"valueRequired\":true,\"valueName\":\"search_term_string\"}}],\"inLanguage\":\"es\"},{\"@type\":\"Organization\",\"@id\":\"https:\\\/\\\/www.esplac.cat\\\/#organization\",\"name\":\"Esplac\",\"url\":\"https:\\\/\\\/www.esplac.cat\\\/\",\"logo\":{\"@type\":\"ImageObject\",\"inLanguage\":\"es\",\"@id\":\"https:\\\/\\\/www.esplac.cat\\\/#\\\/schema\\\/logo\\\/image\\\/\",\"url\":\"https:\\\/\\\/www.esplac.cat\\\/wp-content\\\/uploads\\\/2019\\\/08\\\/logox2.png\",\"contentUrl\":\"https:\\\/\\\/www.esplac.cat\\\/wp-content\\\/uploads\\\/2019\\\/08\\\/logox2.png\",\"width\":600,\"height\":295,\"caption\":\"Esplac\"},\"image\":{\"@id\":\"https:\\\/\\\/www.esplac.cat\\\/#\\\/schema\\\/logo\\\/image\\\/\"}},{\"@type\":\"Person\",\"@id\":\"https:\\\/\\\/www.esplac.cat\\\/#\\\/schema\\\/person\\\/908383cf240be18b68f8855d0583faca\",\"name\":\"Comunicaci\u00f3 Esplac\",\"image\":{\"@type\":\"ImageObject\",\"inLanguage\":\"es\",\"@id\":\"https:\\\/\\\/secure.gravatar.com\\\/avatar\\\/7a4cf8feb412a76ea4a740ca02d95b06b2907b5a6c648c2dd0a1082a093c3141?s=96&d=mm&r=g\",\"url\":\"https:\\\/\\\/secure.gravatar.com\\\/avatar\\\/7a4cf8feb412a76ea4a740ca02d95b06b2907b5a6c648c2dd0a1082a093c3141?s=96&d=mm&r=g\",\"contentUrl\":\"https:\\\/\\\/secure.gravatar.com\\\/avatar\\\/7a4cf8feb412a76ea4a740ca02d95b06b2907b5a6c648c2dd0a1082a093c3141?s=96&d=mm&r=g\",\"caption\":\"Comunicaci\u00f3 Esplac\"}}]}<\/script>\n<!-- \/ Yoast SEO plugin. -->","yoast_head_json":{"title":"A Girona iniciem l\u2019any amb una AGO plena de sorpreses! - Esplac","robots":{"index":"index","follow":"follow","max-snippet":"max-snippet:-1","max-image-preview":"max-image-preview:large","max-video-preview":"max-video-preview:-1"},"canonical":"https:\/\/www.esplac.cat\/sector-girona-iniciem-any\/","og_locale":"es_ES","og_type":"article","og_title":"A Girona iniciem l\u2019any amb una AGO plena de sorpreses! - Esplac","og_description":"El diumenge 15 d\u2019octubre ens vam retrobar a Vilablareix per [&hellip;]","og_url":"https:\/\/www.esplac.cat\/sector-girona-iniciem-any\/","og_site_name":"Esplac","article_published_time":"2017-10-25T08:32:13+00:00","og_image":[{"width":847,"height":350,"url":"https:\/\/www.esplac.cat\/wp-content\/uploads\/2017\/10\/foto1girona.jpg","type":"image\/jpeg"}],"author":"Comunicaci\u00f3 Esplac","twitter_card":"summary_large_image","twitter_misc":{"Escrito por":"Comunicaci\u00f3 Esplac","Tiempo de lectura":"1 minuto"},"schema":{"@context":"https:\/\/schema.org","@graph":[{"@type":"Article","@id":"https:\/\/www.esplac.cat\/sector-girona-iniciem-any\/#article","isPartOf":{"@id":"https:\/\/www.esplac.cat\/sector-girona-iniciem-any\/"},"author":{"name":"Comunicaci\u00f3 Esplac","@id":"https:\/\/www.esplac.cat\/#\/schema\/person\/908383cf240be18b68f8855d0583faca"},"headline":"A Girona iniciem l\u2019any amb una AGO plena de sorpreses!","datePublished":"2017-10-25T08:32:13+00:00","mainEntityOfPage":{"@id":"https:\/\/www.esplac.cat\/sector-girona-iniciem-any\/"},"wordCount":248,"publisher":{"@id":"https:\/\/www.esplac.cat\/#organization"},"image":{"@id":"https:\/\/www.esplac.cat\/sector-girona-iniciem-any\/#primaryimage"},"thumbnailUrl":"https:\/\/www.esplac.cat\/wp-content\/uploads\/2017\/10\/foto1girona.jpg","keywords":["AGO","EGS","participaci\u00f3","sector Girona"],"articleSection":["Activitats sectors","Sector Girona","Sense categoria"],"inLanguage":"es"},{"@type":"WebPage","@id":"https:\/\/www.esplac.cat\/sector-girona-iniciem-any\/","url":"https:\/\/www.esplac.cat\/sector-girona-iniciem-any\/","name":"A Girona iniciem l\u2019any amb una AGO plena de sorpreses! - Esplac","isPartOf":{"@id":"https:\/\/www.esplac.cat\/#website"},"primaryImageOfPage":{"@id":"https:\/\/www.esplac.cat\/sector-girona-iniciem-any\/#primaryimage"},"image":{"@id":"https:\/\/www.esplac.cat\/sector-girona-iniciem-any\/#primaryimage"},"thumbnailUrl":"https:\/\/www.esplac.cat\/wp-content\/uploads\/2017\/10\/foto1girona.jpg","datePublished":"2017-10-25T08:32:13+00:00","breadcrumb":{"@id":"https:\/\/www.esplac.cat\/sector-girona-iniciem-any\/#breadcrumb"},"inLanguage":"es","potentialAction":[{"@type":"ReadAction","target":["https:\/\/www.esplac.cat\/sector-girona-iniciem-any\/"]}]},{"@type":"ImageObject","inLanguage":"es","@id":"https:\/\/www.esplac.cat\/sector-girona-iniciem-any\/#primaryimage","url":"https:\/\/www.esplac.cat\/wp-content\/uploads\/2017\/10\/foto1girona.jpg","contentUrl":"https:\/\/www.esplac.cat\/wp-content\/uploads\/2017\/10\/foto1girona.jpg","width":847,"height":350},{"@type":"BreadcrumbList","@id":"https:\/\/www.esplac.cat\/sector-girona-iniciem-any\/#breadcrumb","itemListElement":[{"@type":"ListItem","position":1,"name":"Inici","item":"https:\/\/www.esplac.cat\/es\/"},{"@type":"ListItem","position":2,"name":"A Girona iniciem l\u2019any amb una AGO plena de sorpreses!"}]},{"@type":"WebSite","@id":"https:\/\/www.esplac.cat\/#website","url":"https:\/\/www.esplac.cat\/","name":"Esplac","description":"Esplais Catalans","publisher":{"@id":"https:\/\/www.esplac.cat\/#organization"},"potentialAction":[{"@type":"SearchAction","target":{"@type":"EntryPoint","urlTemplate":"https:\/\/www.esplac.cat\/?s={search_term_string}"},"query-input":{"@type":"PropertyValueSpecification","valueRequired":true,"valueName":"search_term_string"}}],"inLanguage":"es"},{"@type":"Organization","@id":"https:\/\/www.esplac.cat\/#organization","name":"Esplac","url":"https:\/\/www.esplac.cat\/","logo":{"@type":"ImageObject","inLanguage":"es","@id":"https:\/\/www.esplac.cat\/#\/schema\/logo\/image\/","url":"https:\/\/www.esplac.cat\/wp-content\/uploads\/2019\/08\/logox2.png","contentUrl":"https:\/\/www.esplac.cat\/wp-content\/uploads\/2019\/08\/logox2.png","width":600,"height":295,"caption":"Esplac"},"image":{"@id":"https:\/\/www.esplac.cat\/#\/schema\/logo\/image\/"}},{"@type":"Person","@id":"https:\/\/www.esplac.cat\/#\/schema\/person\/908383cf240be18b68f8855d0583faca","name":"Comunicaci\u00f3 Esplac","image":{"@type":"ImageObject","inLanguage":"es","@id":"https:\/\/secure.gravatar.com\/avatar\/7a4cf8feb412a76ea4a740ca02d95b06b2907b5a6c648c2dd0a1082a093c3141?s=96&d=mm&r=g","url":"https:\/\/secure.gravatar.com\/avatar\/7a4cf8feb412a76ea4a740ca02d95b06b2907b5a6c648c2dd0a1082a093c3141?s=96&d=mm&r=g","contentUrl":"https:\/\/secure.gravatar.com\/avatar\/7a4cf8feb412a76ea4a740ca02d95b06b2907b5a6c648c2dd0a1082a093c3141?s=96&d=mm&r=g","caption":"Comunicaci\u00f3 Esplac"}}]}},"_links":{"self":[{"href":"https:\/\/www.esplac.cat\/es\/wp-json\/wp\/v2\/posts\/24191","targetHints":{"allow":["GET"]}}],"collection":[{"href":"https:\/\/www.esplac.cat\/es\/wp-json\/wp\/v2\/posts"}],"about":[{"href":"https:\/\/www.esplac.cat\/es\/wp-json\/wp\/v2\/types\/post"}],"author":[{"embeddable":true,"href":"https:\/\/www.esplac.cat\/es\/wp-json\/wp\/v2\/users\/3"}],"replies":[{"embeddable":true,"href":"https:\/\/www.esplac.cat\/es\/wp-json\/wp\/v2\/comments?post=24191"}],"version-history":[{"count":0,"href":"https:\/\/www.esplac.cat\/es\/wp-json\/wp\/v2\/posts\/24191\/revisions"}],"wp:featuredmedia":[{"embeddable":true,"href":"https:\/\/www.esplac.cat\/es\/wp-json\/wp\/v2\/media\/24194"}],"wp:attachment":[{"href":"https:\/\/www.esplac.cat\/es\/wp-json\/wp\/v2\/media?parent=24191"}],"wp:term":[{"taxonomy":"category","embeddable":true,"href":"https:\/\/www.esplac.cat\/es\/wp-json\/wp\/v2\/categories?post=24191"},{"taxonomy":"post_tag","embeddable":true,"href":"https:\/\/www.esplac.cat\/es\/wp-json\/wp\/v2\/tags?post=24191"}],"curies":[{"name":"wp","href":"https:\/\/api.w.org\/{rel}","templated":true}]}}