{"id":24201,"date":"2017-10-19T09:01:08","date_gmt":"2017-10-19T07:01:08","guid":{"rendered":"http:\/\/www.esplac.cat\/?p=15437"},"modified":"2017-10-19T09:01:08","modified_gmt":"2017-10-19T07:01:08","slug":"inscriure-international-winterschool","status":"publish","type":"post","link":"https:\/\/www.esplac.cat\/es\/inscriure-international-winterschool\/","title":{"rendered":"Ja us podeu inscriure a la International Winterschool!"},"content":{"rendered":"<h4 style=\"text-align: justify;\">La formaci\u00f3 tindr\u00e0 com a lema \u201cFighting Racism- Engaging for Diversity\u201d i es dur\u00e0 a terme al centre Kurt L\u00f6wenstein de Ber\u00edn entre el 27 de desembre i el 3 de gener<\/h4>\n<p style=\"text-align: justify;\">Ja ha arribat a Esplac una de les convocat\u00f2ries m\u00e9s esperades de l\u2019any per alguns dels monitors i monitores dels esplais: la <strong>International Winterschool<\/strong>! Per als que llegiu aquest nom per primera vegada, es tracta d\u2019una formaci\u00f3 en qu\u00e8 es treballen tem\u00e0tiques diverses d\u2019abast internacional a partir de din\u00e0miques, tallers i debats molt participatius. En general, s\u2019hi aborden temes com:<\/p>\n<ul>\n<li>La discriminaci\u00f3 i l\u2019exclusi\u00f3 per diferents motius.<\/li>\n<li>Els drets per a la igualat de g\u00e8nere.<\/li>\n<li>El paper dels mitjans de comunicaci\u00f3.<\/li>\n<li>Els drets dels infants i dels joves.<\/li>\n<li>El rol de l&#8217;associacionisme en un context capitalista.<\/li>\n<li>La pol\u00edtica i l\u2019educaci\u00f3 com a armes de treball.<\/li>\n<\/ul>\n<p>Enguany, el tema escollit \u00e9s la <strong>lluita contra el racisme<\/strong> i, des de la formaci\u00f3, es pret\u00e9n fer una an\u00e0lisi dels diversos factors, tenint en compte perspectives com les de la teoria marxista per poder reflexionar sobre la relaci\u00f3 entre el racisme i el capitalisme. S\u2019intentar\u00e0, entre tots, entendre com el racisme es filtra a les nostres comunitats i descobrir per qu\u00e8 cada cop est\u00e0 m\u00e9s acceptat a Europa.<\/p>\n<p>Aix\u00ed doncs, si et sents atret per aquesta proposta i creus que podries aprendre-hi coses \u00fatils per al teu propi dia a dia i per a la tasca a l\u2019esplai, al sector o a Esplac, no dubtis a inscriure-t\u2019hi!\u00a0Per fer-ho, clica <a href=\"https:\/\/docs.google.com\/forms\/d\/e\/1FAIpQLSeFE9-NtLzHXLuf9on530yel3v4kO8gQR1oV7iEbBRTehnS3w\/viewform\">aqu\u00ed<\/a>.<\/p>\n<h3>Informaci\u00f3 pr\u00e0ctica<\/h3>\n<p><strong>T\u00edtol<\/strong>: Fighting Racism- Engaging for Diversity<br \/>\n<strong>Dates<\/strong>: del 27 de desembre al 2 de gener<br \/>\n<strong>Lloc<\/strong>: Werftpfhul, a prop de Berl\u00edn (Alemanya)<br \/>\n<strong>Places<\/strong>: 5 monis d\u2019Esplac<br \/>\n<strong>Cost<\/strong>: 60 euros (incloent-hi la formaci\u00f3 i l\u2019allotjament)<br \/>\n<strong>Subvenci\u00f3<\/strong>: se subvencionen fins a 275 euros per participant.<br \/>\n<strong>Final del per\u00edode d\u2019inscripci\u00f3<\/strong>: dilluns 30 d\u2019octubre<\/p>\n<h3 style=\"text-align: justify;\">V\u00eddeo de l&#8217;edici\u00f3 del curs passat!<\/h3>\n<div class=\"video-shortcode\"><iframe class=\"fusion-hidden\" data-privacy-type=\"youtube\" src=\"\" title=\"International Winterschool 2016-17\" width=\"1200\" height=\"675\" data-privacy-src=\"https:\/\/www.youtube.com\/embed\/LPTDd8Vgu6M?feature=oembed\" frameborder=\"0\" allow=\"accelerometer; autoplay; encrypted-media; gyroscope; picture-in-picture\" allowfullscreen><\/iframe><div class=\"fusion-privacy-placeholder\" style=\"width:1200px; height:675px;\" data-privacy-type=\"youtube\"><div class=\"fusion-privacy-placeholder-content\"><div class=\"fusion-privacy-label\">For privacy reasons YouTube needs your permission to be loaded. For more details, please see our <a class=\"privacy-policy-link\" href=\"https:\/\/www.esplac.cat\/avis-legal\/\" rel=\"privacy-policy\">Av\u00eds Legal<\/a>.<\/div><a href=\"\" data-privacy-type=\"youtube\" class=\"fusion-button button-default fusion-button-default-size button fusion-privacy-consent\">I Accept<\/a><\/div><\/div><\/div>\n","protected":false},"excerpt":{"rendered":"<p>La formaci\u00f3 tindr\u00e0 com a lema \u201cFighting Racism- Engaging for [&hellip;]<\/p>\n","protected":false},"author":3,"featured_media":24202,"comment_status":"closed","ping_status":"open","sticky":false,"template":"","format":"standard","meta":{"om_disable_all_campaigns":false,"_monsterinsights_skip_tracking":false,"_monsterinsights_sitenote_active":false,"_monsterinsights_sitenote_note":"","_monsterinsights_sitenote_category":0,"_uf_show_specific_survey":0,"_uf_disable_surveys":false,"footnotes":""},"categories":[1131,1112,1],"tags":[270,54,109],"class_list":["post-24201","post","type-post","status-publish","format-standard","has-post-thumbnail","hentry","category-cursos-formacions","category-esplac-al-mon","category-sense-categoria","tag-activitats-internacionals","tag-formacio","tag-internacionalisme"],"yoast_head":"<!-- This site is optimized with the Yoast SEO plugin v27.5 - https:\/\/yoast.com\/product\/yoast-seo-wordpress\/ -->\n<title>Ja us podeu inscriure a la International Winterschool! - Esplac<\/title>\n<meta name=\"robots\" content=\"index, follow, max-snippet:-1, max-image-preview:large, max-video-preview:-1\" \/>\n<link rel=\"canonical\" href=\"https:\/\/www.esplac.cat\/inscriure-international-winterschool\/\" \/>\n<meta property=\"og:locale\" content=\"es_ES\" \/>\n<meta property=\"og:type\" content=\"article\" \/>\n<meta property=\"og:title\" content=\"Ja us podeu inscriure a la International Winterschool! - Esplac\" \/>\n<meta property=\"og:description\" content=\"La formaci\u00f3 tindr\u00e0 com a lema \u201cFighting Racism- Engaging for [&hellip;]\" \/>\n<meta property=\"og:url\" content=\"https:\/\/www.esplac.cat\/inscriure-international-winterschool\/\" \/>\n<meta property=\"og:site_name\" content=\"Esplac\" \/>\n<meta property=\"article:published_time\" content=\"2017-10-19T07:01:08+00:00\" \/>\n<meta property=\"og:image\" content=\"https:\/\/www.esplac.cat\/wp-content\/uploads\/2017\/10\/racisme.jpg\" \/>\n\t<meta property=\"og:image:width\" content=\"847\" \/>\n\t<meta property=\"og:image:height\" content=\"350\" \/>\n\t<meta property=\"og:image:type\" content=\"image\/jpeg\" \/>\n<meta name=\"author\" content=\"Comunicaci\u00f3 Esplac\" \/>\n<meta name=\"twitter:card\" content=\"summary_large_image\" \/>\n<meta name=\"twitter:label1\" content=\"Escrito por\" \/>\n\t<meta name=\"twitter:data1\" content=\"Comunicaci\u00f3 Esplac\" \/>\n\t<meta name=\"twitter:label2\" content=\"Tiempo de lectura\" \/>\n\t<meta name=\"twitter:data2\" content=\"2 minutos\" \/>\n<script type=\"application\/ld+json\" class=\"yoast-schema-graph\">{\"@context\":\"https:\\\/\\\/schema.org\",\"@graph\":[{\"@type\":\"Article\",\"@id\":\"https:\\\/\\\/www.esplac.cat\\\/inscriure-international-winterschool\\\/#article\",\"isPartOf\":{\"@id\":\"https:\\\/\\\/www.esplac.cat\\\/inscriure-international-winterschool\\\/\"},\"author\":{\"name\":\"Comunicaci\u00f3 Esplac\",\"@id\":\"https:\\\/\\\/www.esplac.cat\\\/#\\\/schema\\\/person\\\/908383cf240be18b68f8855d0583faca\"},\"headline\":\"Ja us podeu inscriure a la International Winterschool!\",\"datePublished\":\"2017-10-19T07:01:08+00:00\",\"mainEntityOfPage\":{\"@id\":\"https:\\\/\\\/www.esplac.cat\\\/inscriure-international-winterschool\\\/\"},\"wordCount\":350,\"publisher\":{\"@id\":\"https:\\\/\\\/www.esplac.cat\\\/#organization\"},\"image\":{\"@id\":\"https:\\\/\\\/www.esplac.cat\\\/inscriure-international-winterschool\\\/#primaryimage\"},\"thumbnailUrl\":\"https:\\\/\\\/www.esplac.cat\\\/wp-content\\\/uploads\\\/2017\\\/10\\\/racisme.jpg\",\"keywords\":[\"activitats internacionals\",\"formaci\u00f3\",\"internacionalisme\"],\"articleSection\":[\"Cursos i formacions\",\"Esplac al m\u00f3n\",\"Sense categoria\"],\"inLanguage\":\"es\"},{\"@type\":\"WebPage\",\"@id\":\"https:\\\/\\\/www.esplac.cat\\\/inscriure-international-winterschool\\\/\",\"url\":\"https:\\\/\\\/www.esplac.cat\\\/inscriure-international-winterschool\\\/\",\"name\":\"Ja us podeu inscriure a la International Winterschool! - Esplac\",\"isPartOf\":{\"@id\":\"https:\\\/\\\/www.esplac.cat\\\/#website\"},\"primaryImageOfPage\":{\"@id\":\"https:\\\/\\\/www.esplac.cat\\\/inscriure-international-winterschool\\\/#primaryimage\"},\"image\":{\"@id\":\"https:\\\/\\\/www.esplac.cat\\\/inscriure-international-winterschool\\\/#primaryimage\"},\"thumbnailUrl\":\"https:\\\/\\\/www.esplac.cat\\\/wp-content\\\/uploads\\\/2017\\\/10\\\/racisme.jpg\",\"datePublished\":\"2017-10-19T07:01:08+00:00\",\"breadcrumb\":{\"@id\":\"https:\\\/\\\/www.esplac.cat\\\/inscriure-international-winterschool\\\/#breadcrumb\"},\"inLanguage\":\"es\",\"potentialAction\":[{\"@type\":\"ReadAction\",\"target\":[\"https:\\\/\\\/www.esplac.cat\\\/inscriure-international-winterschool\\\/\"]}]},{\"@type\":\"ImageObject\",\"inLanguage\":\"es\",\"@id\":\"https:\\\/\\\/www.esplac.cat\\\/inscriure-international-winterschool\\\/#primaryimage\",\"url\":\"https:\\\/\\\/www.esplac.cat\\\/wp-content\\\/uploads\\\/2017\\\/10\\\/racisme.jpg\",\"contentUrl\":\"https:\\\/\\\/www.esplac.cat\\\/wp-content\\\/uploads\\\/2017\\\/10\\\/racisme.jpg\",\"width\":847,\"height\":350},{\"@type\":\"BreadcrumbList\",\"@id\":\"https:\\\/\\\/www.esplac.cat\\\/inscriure-international-winterschool\\\/#breadcrumb\",\"itemListElement\":[{\"@type\":\"ListItem\",\"position\":1,\"name\":\"Inici\",\"item\":\"https:\\\/\\\/www.esplac.cat\\\/es\\\/\"},{\"@type\":\"ListItem\",\"position\":2,\"name\":\"Ja us podeu inscriure a la International Winterschool!\"}]},{\"@type\":\"WebSite\",\"@id\":\"https:\\\/\\\/www.esplac.cat\\\/#website\",\"url\":\"https:\\\/\\\/www.esplac.cat\\\/\",\"name\":\"Esplac\",\"description\":\"Esplais Catalans\",\"publisher\":{\"@id\":\"https:\\\/\\\/www.esplac.cat\\\/#organization\"},\"potentialAction\":[{\"@type\":\"SearchAction\",\"target\":{\"@type\":\"EntryPoint\",\"urlTemplate\":\"https:\\\/\\\/www.esplac.cat\\\/?s={search_term_string}\"},\"query-input\":{\"@type\":\"PropertyValueSpecification\",\"valueRequired\":true,\"valueName\":\"search_term_string\"}}],\"inLanguage\":\"es\"},{\"@type\":\"Organization\",\"@id\":\"https:\\\/\\\/www.esplac.cat\\\/#organization\",\"name\":\"Esplac\",\"url\":\"https:\\\/\\\/www.esplac.cat\\\/\",\"logo\":{\"@type\":\"ImageObject\",\"inLanguage\":\"es\",\"@id\":\"https:\\\/\\\/www.esplac.cat\\\/#\\\/schema\\\/logo\\\/image\\\/\",\"url\":\"https:\\\/\\\/www.esplac.cat\\\/wp-content\\\/uploads\\\/2019\\\/08\\\/logox2.png\",\"contentUrl\":\"https:\\\/\\\/www.esplac.cat\\\/wp-content\\\/uploads\\\/2019\\\/08\\\/logox2.png\",\"width\":600,\"height\":295,\"caption\":\"Esplac\"},\"image\":{\"@id\":\"https:\\\/\\\/www.esplac.cat\\\/#\\\/schema\\\/logo\\\/image\\\/\"}},{\"@type\":\"Person\",\"@id\":\"https:\\\/\\\/www.esplac.cat\\\/#\\\/schema\\\/person\\\/908383cf240be18b68f8855d0583faca\",\"name\":\"Comunicaci\u00f3 Esplac\",\"image\":{\"@type\":\"ImageObject\",\"inLanguage\":\"es\",\"@id\":\"https:\\\/\\\/secure.gravatar.com\\\/avatar\\\/7a4cf8feb412a76ea4a740ca02d95b06b2907b5a6c648c2dd0a1082a093c3141?s=96&d=mm&r=g\",\"url\":\"https:\\\/\\\/secure.gravatar.com\\\/avatar\\\/7a4cf8feb412a76ea4a740ca02d95b06b2907b5a6c648c2dd0a1082a093c3141?s=96&d=mm&r=g\",\"contentUrl\":\"https:\\\/\\\/secure.gravatar.com\\\/avatar\\\/7a4cf8feb412a76ea4a740ca02d95b06b2907b5a6c648c2dd0a1082a093c3141?s=96&d=mm&r=g\",\"caption\":\"Comunicaci\u00f3 Esplac\"}}]}<\/script>\n<!-- \/ Yoast SEO plugin. -->","yoast_head_json":{"title":"Ja us podeu inscriure a la International Winterschool! - Esplac","robots":{"index":"index","follow":"follow","max-snippet":"max-snippet:-1","max-image-preview":"max-image-preview:large","max-video-preview":"max-video-preview:-1"},"canonical":"https:\/\/www.esplac.cat\/inscriure-international-winterschool\/","og_locale":"es_ES","og_type":"article","og_title":"Ja us podeu inscriure a la International Winterschool! - Esplac","og_description":"La formaci\u00f3 tindr\u00e0 com a lema \u201cFighting Racism- Engaging for [&hellip;]","og_url":"https:\/\/www.esplac.cat\/inscriure-international-winterschool\/","og_site_name":"Esplac","article_published_time":"2017-10-19T07:01:08+00:00","og_image":[{"width":847,"height":350,"url":"https:\/\/www.esplac.cat\/wp-content\/uploads\/2017\/10\/racisme.jpg","type":"image\/jpeg"}],"author":"Comunicaci\u00f3 Esplac","twitter_card":"summary_large_image","twitter_misc":{"Escrito por":"Comunicaci\u00f3 Esplac","Tiempo de lectura":"2 minutos"},"schema":{"@context":"https:\/\/schema.org","@graph":[{"@type":"Article","@id":"https:\/\/www.esplac.cat\/inscriure-international-winterschool\/#article","isPartOf":{"@id":"https:\/\/www.esplac.cat\/inscriure-international-winterschool\/"},"author":{"name":"Comunicaci\u00f3 Esplac","@id":"https:\/\/www.esplac.cat\/#\/schema\/person\/908383cf240be18b68f8855d0583faca"},"headline":"Ja us podeu inscriure a la International Winterschool!","datePublished":"2017-10-19T07:01:08+00:00","mainEntityOfPage":{"@id":"https:\/\/www.esplac.cat\/inscriure-international-winterschool\/"},"wordCount":350,"publisher":{"@id":"https:\/\/www.esplac.cat\/#organization"},"image":{"@id":"https:\/\/www.esplac.cat\/inscriure-international-winterschool\/#primaryimage"},"thumbnailUrl":"https:\/\/www.esplac.cat\/wp-content\/uploads\/2017\/10\/racisme.jpg","keywords":["activitats internacionals","formaci\u00f3","internacionalisme"],"articleSection":["Cursos i formacions","Esplac al m\u00f3n","Sense categoria"],"inLanguage":"es"},{"@type":"WebPage","@id":"https:\/\/www.esplac.cat\/inscriure-international-winterschool\/","url":"https:\/\/www.esplac.cat\/inscriure-international-winterschool\/","name":"Ja us podeu inscriure a la International Winterschool! - Esplac","isPartOf":{"@id":"https:\/\/www.esplac.cat\/#website"},"primaryImageOfPage":{"@id":"https:\/\/www.esplac.cat\/inscriure-international-winterschool\/#primaryimage"},"image":{"@id":"https:\/\/www.esplac.cat\/inscriure-international-winterschool\/#primaryimage"},"thumbnailUrl":"https:\/\/www.esplac.cat\/wp-content\/uploads\/2017\/10\/racisme.jpg","datePublished":"2017-10-19T07:01:08+00:00","breadcrumb":{"@id":"https:\/\/www.esplac.cat\/inscriure-international-winterschool\/#breadcrumb"},"inLanguage":"es","potentialAction":[{"@type":"ReadAction","target":["https:\/\/www.esplac.cat\/inscriure-international-winterschool\/"]}]},{"@type":"ImageObject","inLanguage":"es","@id":"https:\/\/www.esplac.cat\/inscriure-international-winterschool\/#primaryimage","url":"https:\/\/www.esplac.cat\/wp-content\/uploads\/2017\/10\/racisme.jpg","contentUrl":"https:\/\/www.esplac.cat\/wp-content\/uploads\/2017\/10\/racisme.jpg","width":847,"height":350},{"@type":"BreadcrumbList","@id":"https:\/\/www.esplac.cat\/inscriure-international-winterschool\/#breadcrumb","itemListElement":[{"@type":"ListItem","position":1,"name":"Inici","item":"https:\/\/www.esplac.cat\/es\/"},{"@type":"ListItem","position":2,"name":"Ja us podeu inscriure a la International Winterschool!"}]},{"@type":"WebSite","@id":"https:\/\/www.esplac.cat\/#website","url":"https:\/\/www.esplac.cat\/","name":"Esplac","description":"Esplais Catalans","publisher":{"@id":"https:\/\/www.esplac.cat\/#organization"},"potentialAction":[{"@type":"SearchAction","target":{"@type":"EntryPoint","urlTemplate":"https:\/\/www.esplac.cat\/?s={search_term_string}"},"query-input":{"@type":"PropertyValueSpecification","valueRequired":true,"valueName":"search_term_string"}}],"inLanguage":"es"},{"@type":"Organization","@id":"https:\/\/www.esplac.cat\/#organization","name":"Esplac","url":"https:\/\/www.esplac.cat\/","logo":{"@type":"ImageObject","inLanguage":"es","@id":"https:\/\/www.esplac.cat\/#\/schema\/logo\/image\/","url":"https:\/\/www.esplac.cat\/wp-content\/uploads\/2019\/08\/logox2.png","contentUrl":"https:\/\/www.esplac.cat\/wp-content\/uploads\/2019\/08\/logox2.png","width":600,"height":295,"caption":"Esplac"},"image":{"@id":"https:\/\/www.esplac.cat\/#\/schema\/logo\/image\/"}},{"@type":"Person","@id":"https:\/\/www.esplac.cat\/#\/schema\/person\/908383cf240be18b68f8855d0583faca","name":"Comunicaci\u00f3 Esplac","image":{"@type":"ImageObject","inLanguage":"es","@id":"https:\/\/secure.gravatar.com\/avatar\/7a4cf8feb412a76ea4a740ca02d95b06b2907b5a6c648c2dd0a1082a093c3141?s=96&d=mm&r=g","url":"https:\/\/secure.gravatar.com\/avatar\/7a4cf8feb412a76ea4a740ca02d95b06b2907b5a6c648c2dd0a1082a093c3141?s=96&d=mm&r=g","contentUrl":"https:\/\/secure.gravatar.com\/avatar\/7a4cf8feb412a76ea4a740ca02d95b06b2907b5a6c648c2dd0a1082a093c3141?s=96&d=mm&r=g","caption":"Comunicaci\u00f3 Esplac"}}]}},"_links":{"self":[{"href":"https:\/\/www.esplac.cat\/es\/wp-json\/wp\/v2\/posts\/24201","targetHints":{"allow":["GET"]}}],"collection":[{"href":"https:\/\/www.esplac.cat\/es\/wp-json\/wp\/v2\/posts"}],"about":[{"href":"https:\/\/www.esplac.cat\/es\/wp-json\/wp\/v2\/types\/post"}],"author":[{"embeddable":true,"href":"https:\/\/www.esplac.cat\/es\/wp-json\/wp\/v2\/users\/3"}],"replies":[{"embeddable":true,"href":"https:\/\/www.esplac.cat\/es\/wp-json\/wp\/v2\/comments?post=24201"}],"version-history":[{"count":0,"href":"https:\/\/www.esplac.cat\/es\/wp-json\/wp\/v2\/posts\/24201\/revisions"}],"wp:featuredmedia":[{"embeddable":true,"href":"https:\/\/www.esplac.cat\/es\/wp-json\/wp\/v2\/media\/24202"}],"wp:attachment":[{"href":"https:\/\/www.esplac.cat\/es\/wp-json\/wp\/v2\/media?parent=24201"}],"wp:term":[{"taxonomy":"category","embeddable":true,"href":"https:\/\/www.esplac.cat\/es\/wp-json\/wp\/v2\/categories?post=24201"},{"taxonomy":"post_tag","embeddable":true,"href":"https:\/\/www.esplac.cat\/es\/wp-json\/wp\/v2\/tags?post=24201"}],"curies":[{"name":"wp","href":"https:\/\/api.w.org\/{rel}","templated":true}]}}