{"id":24210,"date":"2017-10-16T10:15:03","date_gmt":"2017-10-16T08:15:03","guid":{"rendered":"http:\/\/www.esplac.cat\/?p=15390"},"modified":"2017-10-16T10:15:03","modified_gmt":"2017-10-16T08:15:03","slug":"obertes-preinscripcions-esplaiada-2018","status":"publish","type":"post","link":"https:\/\/www.esplac.cat\/es\/obertes-preinscripcions-esplaiada-2018\/","title":{"rendered":"Obertes les preinscripcions a l\u2019Esplaiada 2018!"},"content":{"rendered":"<h4>Si voleu assistir a l\u2019Esplaiada 2018, que tindr\u00e0 lloc el cap de setmana 11-12-13 de maig, us hi heu de preinscriure entre el 16 d\u2019octubre i el 27 de novembre<\/h4>\n<p style=\"text-align: justify;\">Amb el curs d\u2019esplai ja comen\u00e7at i amb l\u2019estiu ja en la mem\u00f2ria, comencem el compte enrere per a l\u2019Esplaiada, la trobada que cada tres anys reuneix tots els integrants d\u2019Esplais Catalans en un cap de setmana farcit d\u2019aventures i diversi\u00f3. Com ja sabreu, qualsevol gran esdeveniment necessita una bona organitzaci\u00f3, i \u00e9s per aix\u00f2 que demanem la col\u00b7laboraci\u00f3 dels esplais. \u00c9s el moment del primer pas: les preinscripcions! Ho heu de fer a trav\u00e9s del <a href=\"https:\/\/docs.google.com\/forms\/d\/1mfTINyyTtwryOXJiK7OnO-I1Trlpcdz6oyZL7cyBLYo\/viewform?edit_requested=true\">seg\u00fcent formulari<\/a>.<\/p>\n<ul>\n<li><strong>I atenci\u00f3, perqu\u00e8 els esplais que no es preinscriguin a l\u2019Esplaiada 2018 no hi podran assistir. Per\u00f2&#8230;per qu\u00e8?<\/strong><\/li>\n<\/ul>\n<p>Tots i totes desitgem que l\u2019Esplaiada 2018 sigui la <strong>m\u00e9s participativa<\/strong> dels darrers anys, i per aix\u00f2 en aquesta edici\u00f3 totes les monitores i monitors dels esplais participarem en la preparaci\u00f3 de les activitats.<\/p>\n<p style=\"text-align: justify;\">Com que preparar totes alhora una trobada d\u2019aquestes dimensions seria molt dif\u00edcil, ens dividirem en \u201c<strong>equips d\u2019esplais<\/strong>\u201d, uns grups que estaran formats per entre quatre i sis esplais d\u2019Esplac i que treballaran col\u00b7lectivament en la ideaci\u00f3 i la dinamitzaci\u00f3 de les activitats.<\/p>\n<p style=\"text-align: justify;\">Aix\u00ed, durant l\u2019Esplaiada, els infants de \u201cxics\u201d d\u2019un esplai, per exemple, faran les activitats amb els \u201cxics\u201d dels altres esplais de l\u2019equip (format per entre quatre i sis esplais), unes activitats que hauran preparat de manera conjunta els monitors i monitores d\u2019aquests mateixos esplais. I aix\u00ed amb tots els grups d\u2019edat que participin en la trobada.<\/p>\n<p>D\u2019aquesta manera, perqu\u00e8 l&#8217;organitzaci\u00f3 pugui crear els \u201cequips d\u2019esplais\u201d, tots els esplais que hi participin han d\u2019estar preinscrits abans del 27 de novembre!<\/p>\n<ul>\n<li><strong>En qu\u00e8 consisteix la preinscripci\u00f3?<\/strong><\/li>\n<\/ul>\n<p><strong>1.<\/strong> Confirmarem la nostra <strong>assist\u00e8ncia<\/strong> a l\u2019Esplaiada 2018.<\/p>\n<p style=\"text-align: justify;\"><strong>2.<\/strong> Indicarem quins <strong>grups d\u2019edat<\/strong>, proposats per Esplac, omplirem d\u2019infants el cap de setmana de l\u2019Esplaiada. Tal com feu en les trobades de sector, cada esplai \u00e9s lliure d\u2019escollir com distribueix els participants en els diferents grups. Aix\u00ed, podeu decidir seguir el criteri d\u2019edat d\u2019Esplac, podeu separar els grups com ho feu a l\u2019esplai tot i que no coincideixin exactament amb les edats suggerides, podeu moure un infant de grup d\u2019edat si ho trobeu convenient, etc. Ho deixem al vostre criteri! Aix\u00f2 s\u00ed, si a la preinscripci\u00f3 indiquem que apuntarem infants als grups de \u201cxics\u201d, \u201cpetits\u201d i \u201cgrans\u201d, despr\u00e9s els haurem d\u2019omplir d\u2019infants per tal que no falli l\u2019organitzaci\u00f3 general. \u00c9s a dir, no deixarem finalment sense nens i nenes cap grup preinscrit.<\/p>\n<p style=\"text-align: justify;\"><strong>3.<\/strong> Facilitarem els noms i els contactes de les <strong>monitores responsables<\/strong>. Hem d\u2019assignar un monitor o monitora responsables per a cada grup d\u2019edat que preinscrivim, amb el nom i cognoms, el tel\u00e8fon i l\u2019adre\u00e7a electr\u00f2nica.<\/p>\n<p>No patiu si us han quedat dubtes! Feu la preinscripci\u00f3 i el dilluns 8 de gener rebreu un missatge electr\u00f2nic amb el Manual de preparaci\u00f3 de les activitats de l\u2019Esplaiada, on tindreu les instruccions ben clares!<\/p>\n","protected":false},"excerpt":{"rendered":"<p>Si voleu assistir a l\u2019Esplaiada 2018, que tindr\u00e0 lloc el [&hellip;]<\/p>\n","protected":false},"author":3,"featured_media":24211,"comment_status":"closed","ping_status":"open","sticky":false,"template":"","format":"standard","meta":{"om_disable_all_campaigns":false,"_monsterinsights_skip_tracking":false,"_monsterinsights_sitenote_active":false,"_monsterinsights_sitenote_note":"","_monsterinsights_sitenote_category":0,"_uf_show_specific_survey":0,"_uf_disable_surveys":false,"footnotes":""},"categories":[1136,1],"tags":[40,108],"class_list":["post-24210","post","type-post","status-publish","format-standard","has-post-thumbnail","hentry","category-esplaiada","category-sense-categoria","tag-participacio","tag-trobada-general"],"yoast_head":"<!-- This site is optimized with the Yoast SEO plugin v27.4 - https:\/\/yoast.com\/product\/yoast-seo-wordpress\/ -->\n<title>Obertes les preinscripcions a l\u2019Esplaiada 2018! - Esplac<\/title>\n<meta name=\"robots\" content=\"index, follow, max-snippet:-1, max-image-preview:large, max-video-preview:-1\" \/>\n<link rel=\"canonical\" href=\"https:\/\/www.esplac.cat\/obertes-preinscripcions-esplaiada-2018\/\" \/>\n<meta property=\"og:locale\" content=\"es_ES\" \/>\n<meta property=\"og:type\" content=\"article\" \/>\n<meta property=\"og:title\" content=\"Obertes les preinscripcions a l\u2019Esplaiada 2018! - Esplac\" \/>\n<meta property=\"og:description\" content=\"Si voleu assistir a l\u2019Esplaiada 2018, que tindr\u00e0 lloc el [&hellip;]\" \/>\n<meta property=\"og:url\" content=\"https:\/\/www.esplac.cat\/obertes-preinscripcions-esplaiada-2018\/\" \/>\n<meta property=\"og:site_name\" content=\"Esplac\" \/>\n<meta property=\"article:published_time\" content=\"2017-10-16T08:15:03+00:00\" \/>\n<meta property=\"og:image\" content=\"https:\/\/www.esplac.cat\/wp-content\/uploads\/2017\/10\/esplaiada-preins.jpg\" \/>\n\t<meta property=\"og:image:width\" content=\"847\" \/>\n\t<meta property=\"og:image:height\" content=\"350\" \/>\n\t<meta property=\"og:image:type\" content=\"image\/jpeg\" \/>\n<meta name=\"author\" content=\"Comunicaci\u00f3 Esplac\" \/>\n<meta name=\"twitter:card\" content=\"summary_large_image\" \/>\n<meta name=\"twitter:label1\" content=\"Escrito por\" \/>\n\t<meta name=\"twitter:data1\" content=\"Comunicaci\u00f3 Esplac\" \/>\n\t<meta name=\"twitter:label2\" content=\"Tiempo de lectura\" \/>\n\t<meta name=\"twitter:data2\" content=\"3 minutos\" \/>\n<script type=\"application\/ld+json\" class=\"yoast-schema-graph\">{\"@context\":\"https:\\\/\\\/schema.org\",\"@graph\":[{\"@type\":\"Article\",\"@id\":\"https:\\\/\\\/www.esplac.cat\\\/obertes-preinscripcions-esplaiada-2018\\\/#article\",\"isPartOf\":{\"@id\":\"https:\\\/\\\/www.esplac.cat\\\/obertes-preinscripcions-esplaiada-2018\\\/\"},\"author\":{\"name\":\"Comunicaci\u00f3 Esplac\",\"@id\":\"https:\\\/\\\/www.esplac.cat\\\/#\\\/schema\\\/person\\\/908383cf240be18b68f8855d0583faca\"},\"headline\":\"Obertes les preinscripcions a l\u2019Esplaiada 2018!\",\"datePublished\":\"2017-10-16T08:15:03+00:00\",\"mainEntityOfPage\":{\"@id\":\"https:\\\/\\\/www.esplac.cat\\\/obertes-preinscripcions-esplaiada-2018\\\/\"},\"wordCount\":536,\"publisher\":{\"@id\":\"https:\\\/\\\/www.esplac.cat\\\/#organization\"},\"image\":{\"@id\":\"https:\\\/\\\/www.esplac.cat\\\/obertes-preinscripcions-esplaiada-2018\\\/#primaryimage\"},\"thumbnailUrl\":\"https:\\\/\\\/www.esplac.cat\\\/wp-content\\\/uploads\\\/2017\\\/10\\\/esplaiada-preins.jpg\",\"keywords\":[\"participaci\u00f3\",\"trobada general\"],\"articleSection\":[\"Esplaiada\",\"Sense categoria\"],\"inLanguage\":\"es\"},{\"@type\":\"WebPage\",\"@id\":\"https:\\\/\\\/www.esplac.cat\\\/obertes-preinscripcions-esplaiada-2018\\\/\",\"url\":\"https:\\\/\\\/www.esplac.cat\\\/obertes-preinscripcions-esplaiada-2018\\\/\",\"name\":\"Obertes les preinscripcions a l\u2019Esplaiada 2018! - Esplac\",\"isPartOf\":{\"@id\":\"https:\\\/\\\/www.esplac.cat\\\/#website\"},\"primaryImageOfPage\":{\"@id\":\"https:\\\/\\\/www.esplac.cat\\\/obertes-preinscripcions-esplaiada-2018\\\/#primaryimage\"},\"image\":{\"@id\":\"https:\\\/\\\/www.esplac.cat\\\/obertes-preinscripcions-esplaiada-2018\\\/#primaryimage\"},\"thumbnailUrl\":\"https:\\\/\\\/www.esplac.cat\\\/wp-content\\\/uploads\\\/2017\\\/10\\\/esplaiada-preins.jpg\",\"datePublished\":\"2017-10-16T08:15:03+00:00\",\"breadcrumb\":{\"@id\":\"https:\\\/\\\/www.esplac.cat\\\/obertes-preinscripcions-esplaiada-2018\\\/#breadcrumb\"},\"inLanguage\":\"es\",\"potentialAction\":[{\"@type\":\"ReadAction\",\"target\":[\"https:\\\/\\\/www.esplac.cat\\\/obertes-preinscripcions-esplaiada-2018\\\/\"]}]},{\"@type\":\"ImageObject\",\"inLanguage\":\"es\",\"@id\":\"https:\\\/\\\/www.esplac.cat\\\/obertes-preinscripcions-esplaiada-2018\\\/#primaryimage\",\"url\":\"https:\\\/\\\/www.esplac.cat\\\/wp-content\\\/uploads\\\/2017\\\/10\\\/esplaiada-preins.jpg\",\"contentUrl\":\"https:\\\/\\\/www.esplac.cat\\\/wp-content\\\/uploads\\\/2017\\\/10\\\/esplaiada-preins.jpg\",\"width\":847,\"height\":350},{\"@type\":\"BreadcrumbList\",\"@id\":\"https:\\\/\\\/www.esplac.cat\\\/obertes-preinscripcions-esplaiada-2018\\\/#breadcrumb\",\"itemListElement\":[{\"@type\":\"ListItem\",\"position\":1,\"name\":\"Inici\",\"item\":\"https:\\\/\\\/www.esplac.cat\\\/es\\\/\"},{\"@type\":\"ListItem\",\"position\":2,\"name\":\"Obertes les preinscripcions a l\u2019Esplaiada 2018!\"}]},{\"@type\":\"WebSite\",\"@id\":\"https:\\\/\\\/www.esplac.cat\\\/#website\",\"url\":\"https:\\\/\\\/www.esplac.cat\\\/\",\"name\":\"Esplac\",\"description\":\"Esplais Catalans\",\"publisher\":{\"@id\":\"https:\\\/\\\/www.esplac.cat\\\/#organization\"},\"potentialAction\":[{\"@type\":\"SearchAction\",\"target\":{\"@type\":\"EntryPoint\",\"urlTemplate\":\"https:\\\/\\\/www.esplac.cat\\\/?s={search_term_string}\"},\"query-input\":{\"@type\":\"PropertyValueSpecification\",\"valueRequired\":true,\"valueName\":\"search_term_string\"}}],\"inLanguage\":\"es\"},{\"@type\":\"Organization\",\"@id\":\"https:\\\/\\\/www.esplac.cat\\\/#organization\",\"name\":\"Esplac\",\"url\":\"https:\\\/\\\/www.esplac.cat\\\/\",\"logo\":{\"@type\":\"ImageObject\",\"inLanguage\":\"es\",\"@id\":\"https:\\\/\\\/www.esplac.cat\\\/#\\\/schema\\\/logo\\\/image\\\/\",\"url\":\"https:\\\/\\\/www.esplac.cat\\\/wp-content\\\/uploads\\\/2019\\\/08\\\/logox2.png\",\"contentUrl\":\"https:\\\/\\\/www.esplac.cat\\\/wp-content\\\/uploads\\\/2019\\\/08\\\/logox2.png\",\"width\":600,\"height\":295,\"caption\":\"Esplac\"},\"image\":{\"@id\":\"https:\\\/\\\/www.esplac.cat\\\/#\\\/schema\\\/logo\\\/image\\\/\"}},{\"@type\":\"Person\",\"@id\":\"https:\\\/\\\/www.esplac.cat\\\/#\\\/schema\\\/person\\\/908383cf240be18b68f8855d0583faca\",\"name\":\"Comunicaci\u00f3 Esplac\",\"image\":{\"@type\":\"ImageObject\",\"inLanguage\":\"es\",\"@id\":\"https:\\\/\\\/secure.gravatar.com\\\/avatar\\\/7a4cf8feb412a76ea4a740ca02d95b06b2907b5a6c648c2dd0a1082a093c3141?s=96&d=mm&r=g\",\"url\":\"https:\\\/\\\/secure.gravatar.com\\\/avatar\\\/7a4cf8feb412a76ea4a740ca02d95b06b2907b5a6c648c2dd0a1082a093c3141?s=96&d=mm&r=g\",\"contentUrl\":\"https:\\\/\\\/secure.gravatar.com\\\/avatar\\\/7a4cf8feb412a76ea4a740ca02d95b06b2907b5a6c648c2dd0a1082a093c3141?s=96&d=mm&r=g\",\"caption\":\"Comunicaci\u00f3 Esplac\"}}]}<\/script>\n<!-- \/ Yoast SEO plugin. -->","yoast_head_json":{"title":"Obertes les preinscripcions a l\u2019Esplaiada 2018! - Esplac","robots":{"index":"index","follow":"follow","max-snippet":"max-snippet:-1","max-image-preview":"max-image-preview:large","max-video-preview":"max-video-preview:-1"},"canonical":"https:\/\/www.esplac.cat\/obertes-preinscripcions-esplaiada-2018\/","og_locale":"es_ES","og_type":"article","og_title":"Obertes les preinscripcions a l\u2019Esplaiada 2018! - Esplac","og_description":"Si voleu assistir a l\u2019Esplaiada 2018, que tindr\u00e0 lloc el [&hellip;]","og_url":"https:\/\/www.esplac.cat\/obertes-preinscripcions-esplaiada-2018\/","og_site_name":"Esplac","article_published_time":"2017-10-16T08:15:03+00:00","og_image":[{"width":847,"height":350,"url":"https:\/\/www.esplac.cat\/wp-content\/uploads\/2017\/10\/esplaiada-preins.jpg","type":"image\/jpeg"}],"author":"Comunicaci\u00f3 Esplac","twitter_card":"summary_large_image","twitter_misc":{"Escrito por":"Comunicaci\u00f3 Esplac","Tiempo de lectura":"3 minutos"},"schema":{"@context":"https:\/\/schema.org","@graph":[{"@type":"Article","@id":"https:\/\/www.esplac.cat\/obertes-preinscripcions-esplaiada-2018\/#article","isPartOf":{"@id":"https:\/\/www.esplac.cat\/obertes-preinscripcions-esplaiada-2018\/"},"author":{"name":"Comunicaci\u00f3 Esplac","@id":"https:\/\/www.esplac.cat\/#\/schema\/person\/908383cf240be18b68f8855d0583faca"},"headline":"Obertes les preinscripcions a l\u2019Esplaiada 2018!","datePublished":"2017-10-16T08:15:03+00:00","mainEntityOfPage":{"@id":"https:\/\/www.esplac.cat\/obertes-preinscripcions-esplaiada-2018\/"},"wordCount":536,"publisher":{"@id":"https:\/\/www.esplac.cat\/#organization"},"image":{"@id":"https:\/\/www.esplac.cat\/obertes-preinscripcions-esplaiada-2018\/#primaryimage"},"thumbnailUrl":"https:\/\/www.esplac.cat\/wp-content\/uploads\/2017\/10\/esplaiada-preins.jpg","keywords":["participaci\u00f3","trobada general"],"articleSection":["Esplaiada","Sense categoria"],"inLanguage":"es"},{"@type":"WebPage","@id":"https:\/\/www.esplac.cat\/obertes-preinscripcions-esplaiada-2018\/","url":"https:\/\/www.esplac.cat\/obertes-preinscripcions-esplaiada-2018\/","name":"Obertes les preinscripcions a l\u2019Esplaiada 2018! - Esplac","isPartOf":{"@id":"https:\/\/www.esplac.cat\/#website"},"primaryImageOfPage":{"@id":"https:\/\/www.esplac.cat\/obertes-preinscripcions-esplaiada-2018\/#primaryimage"},"image":{"@id":"https:\/\/www.esplac.cat\/obertes-preinscripcions-esplaiada-2018\/#primaryimage"},"thumbnailUrl":"https:\/\/www.esplac.cat\/wp-content\/uploads\/2017\/10\/esplaiada-preins.jpg","datePublished":"2017-10-16T08:15:03+00:00","breadcrumb":{"@id":"https:\/\/www.esplac.cat\/obertes-preinscripcions-esplaiada-2018\/#breadcrumb"},"inLanguage":"es","potentialAction":[{"@type":"ReadAction","target":["https:\/\/www.esplac.cat\/obertes-preinscripcions-esplaiada-2018\/"]}]},{"@type":"ImageObject","inLanguage":"es","@id":"https:\/\/www.esplac.cat\/obertes-preinscripcions-esplaiada-2018\/#primaryimage","url":"https:\/\/www.esplac.cat\/wp-content\/uploads\/2017\/10\/esplaiada-preins.jpg","contentUrl":"https:\/\/www.esplac.cat\/wp-content\/uploads\/2017\/10\/esplaiada-preins.jpg","width":847,"height":350},{"@type":"BreadcrumbList","@id":"https:\/\/www.esplac.cat\/obertes-preinscripcions-esplaiada-2018\/#breadcrumb","itemListElement":[{"@type":"ListItem","position":1,"name":"Inici","item":"https:\/\/www.esplac.cat\/es\/"},{"@type":"ListItem","position":2,"name":"Obertes les preinscripcions a l\u2019Esplaiada 2018!"}]},{"@type":"WebSite","@id":"https:\/\/www.esplac.cat\/#website","url":"https:\/\/www.esplac.cat\/","name":"Esplac","description":"Esplais Catalans","publisher":{"@id":"https:\/\/www.esplac.cat\/#organization"},"potentialAction":[{"@type":"SearchAction","target":{"@type":"EntryPoint","urlTemplate":"https:\/\/www.esplac.cat\/?s={search_term_string}"},"query-input":{"@type":"PropertyValueSpecification","valueRequired":true,"valueName":"search_term_string"}}],"inLanguage":"es"},{"@type":"Organization","@id":"https:\/\/www.esplac.cat\/#organization","name":"Esplac","url":"https:\/\/www.esplac.cat\/","logo":{"@type":"ImageObject","inLanguage":"es","@id":"https:\/\/www.esplac.cat\/#\/schema\/logo\/image\/","url":"https:\/\/www.esplac.cat\/wp-content\/uploads\/2019\/08\/logox2.png","contentUrl":"https:\/\/www.esplac.cat\/wp-content\/uploads\/2019\/08\/logox2.png","width":600,"height":295,"caption":"Esplac"},"image":{"@id":"https:\/\/www.esplac.cat\/#\/schema\/logo\/image\/"}},{"@type":"Person","@id":"https:\/\/www.esplac.cat\/#\/schema\/person\/908383cf240be18b68f8855d0583faca","name":"Comunicaci\u00f3 Esplac","image":{"@type":"ImageObject","inLanguage":"es","@id":"https:\/\/secure.gravatar.com\/avatar\/7a4cf8feb412a76ea4a740ca02d95b06b2907b5a6c648c2dd0a1082a093c3141?s=96&d=mm&r=g","url":"https:\/\/secure.gravatar.com\/avatar\/7a4cf8feb412a76ea4a740ca02d95b06b2907b5a6c648c2dd0a1082a093c3141?s=96&d=mm&r=g","contentUrl":"https:\/\/secure.gravatar.com\/avatar\/7a4cf8feb412a76ea4a740ca02d95b06b2907b5a6c648c2dd0a1082a093c3141?s=96&d=mm&r=g","caption":"Comunicaci\u00f3 Esplac"}}]}},"_links":{"self":[{"href":"https:\/\/www.esplac.cat\/es\/wp-json\/wp\/v2\/posts\/24210","targetHints":{"allow":["GET"]}}],"collection":[{"href":"https:\/\/www.esplac.cat\/es\/wp-json\/wp\/v2\/posts"}],"about":[{"href":"https:\/\/www.esplac.cat\/es\/wp-json\/wp\/v2\/types\/post"}],"author":[{"embeddable":true,"href":"https:\/\/www.esplac.cat\/es\/wp-json\/wp\/v2\/users\/3"}],"replies":[{"embeddable":true,"href":"https:\/\/www.esplac.cat\/es\/wp-json\/wp\/v2\/comments?post=24210"}],"version-history":[{"count":0,"href":"https:\/\/www.esplac.cat\/es\/wp-json\/wp\/v2\/posts\/24210\/revisions"}],"wp:featuredmedia":[{"embeddable":true,"href":"https:\/\/www.esplac.cat\/es\/wp-json\/wp\/v2\/media\/24211"}],"wp:attachment":[{"href":"https:\/\/www.esplac.cat\/es\/wp-json\/wp\/v2\/media?parent=24210"}],"wp:term":[{"taxonomy":"category","embeddable":true,"href":"https:\/\/www.esplac.cat\/es\/wp-json\/wp\/v2\/categories?post=24210"},{"taxonomy":"post_tag","embeddable":true,"href":"https:\/\/www.esplac.cat\/es\/wp-json\/wp\/v2\/tags?post=24210"}],"curies":[{"name":"wp","href":"https:\/\/api.w.org\/{rel}","templated":true}]}}