{"id":24212,"date":"2017-10-10T13:30:45","date_gmt":"2017-10-10T11:30:45","guid":{"rendered":"http:\/\/www.esplac.cat\/?p=15378"},"modified":"2017-10-10T13:30:45","modified_gmt":"2017-10-10T11:30:45","slug":"esplais-catalans-defensa-referendum","status":"publish","type":"post","link":"https:\/\/www.esplac.cat\/es\/esplais-catalans-defensa-referendum\/","title":{"rendered":"Comunicat d&#8217;Esplais Catalans"},"content":{"rendered":"<h2>Esplais Catalans defensa el mandat sorgit del refer\u00e8ndum i reitera la seva plena confian\u00e7a\u00a0en el Parlament de Catalunya<\/h2>\n<p>Esplais Catalans som una associaci\u00f3 d\u2019esplais laics i progressistes que sempre ens hem posicionat a favor que el poble de Catalunya pugui exercir el seu dret d\u2019autodeterminaci\u00f3. En diferents ocasions hem reiterat que nom\u00e9s a trav\u00e9s de donar la veu a la ciutadania catalana es podr\u00e0 gestionar el conflicte existent entre l\u2019Estat espanyol i Catalunya.<\/p>\n<p>El passat 9 de juny, despr\u00e9s d\u2019un proc\u00e9s de discussi\u00f3 entre els \u00f2rgans de l\u2019associaci\u00f3 i d\u2019una votaci\u00f3 per part dels esplais, v\u00e0rem emetre un posicionament titulat \u201c<a href=\"http:\/\/www.esplac.cat\/els-esplais-catalans-a-favor-dexercir-el-dret-dautodeterminacio\/\">Esplais Catalans, a favor d\u2019exercir el dret d\u2019autodeterminaci\u00f3<\/a>\u201d. En aquest posicionament p\u00fablic defens\u00e0vem el dret del poble de Catalunya a decidir sobre el seu estatus pol\u00edtic, reconeix\u00edem que \u201c<em>entre el 70 i el 80% de la poblaci\u00f3 catalana est\u00e0 d\u2019acord en la celebraci\u00f3 d\u2019un refer\u00e8ndum d\u2019autodeterminaci\u00f3<\/em>\u201d, reiter\u00e0vem que nom\u00e9s es podr\u00e0 resoldre quan \u201c<em>la ciutadania de Catalunya pugui expressar lliurement la seva voluntat<\/em>\u201d, defens\u00e0vem que \u201c<em>la negativa de l\u2019Estat espanyol a negociar el refer\u00e8ndum no pot suposar en cap cas la ren\u00fancia de Catalunya a exercir la seva sobirani<\/em>a\u201d, i deman\u00e0vem al Govern espanyol \u201c<em>que s\u2019assegui a negociar el refer\u00e8ndum<\/em>\u201d, don\u00e0vem suport al Govern catal\u00e0 en la convocat\u00f2ria del refer\u00e8ndum i defens\u00e0vem les institucions catalanes.<\/p>\n<p>L\u20191 d\u2019octubre el refer\u00e8ndum es va celebrar en un marc especial, fruit dels m\u00faltiples intents de l\u2019Estat espanyol per aturar la votaci\u00f3, on la ciutadania de Catalunya va haver de defensar la seva integritat f\u00edsica i la de les urnes davant d\u2019una viol\u00e8ncia incomprensible per part de la Policia Nacional i la Gu\u00e0rdia Civil. Malgrat tots els contratemps, el refer\u00e8ndum va comptar amb una participaci\u00f3 de 2.266.498 persones, que representa el 43% del cens. Es van emetre 2.044.038 vots a favor i 177.547 vots en contra que Catalunya esdevingui un estat independent en forma de Rep\u00fablica. Es van comptabilitzar 44.913 vots en blanc.<\/p>\n<p>Davant de la situaci\u00f3 que viu Catalunya i els darrers fets que han tingut lloc, des d\u2019Esplais Catalans <strong>volem expressar el seg\u00fcent<\/strong>:<\/p>\n<ul>\n<li>Condemna absoluta a la viol\u00e8ncia exercida per part de la Policia Nacional i la Gu\u00e0rdia Civil durant el refer\u00e8ndum de l\u20191 d\u2019octubre. La viol\u00e8ncia \u00e9s indefensable.<\/li>\n<li>Ple suport al Govern de la Generalitat i al Parlament de Catalunya per haver dut a terme el mandat democr\u00e0tic rebut.<\/li>\n<li>Reconeixem el paper de moltes persones que van posar en risc la seva integritat f\u00edsica per protegir el dret a vot, entre elles moltes monitores i monitors, aix\u00ed com fam\u00edlies dels esplais catalans.<\/li>\n<\/ul>\n<p><strong>Per tot aix\u00f2 demanem:<\/strong><\/p>\n<ul>\n<li>La retirada immediata de tota la policia espanyola despla\u00e7ada a Catalunya.<\/li>\n<li>L\u2019acceptaci\u00f3 de la mediaci\u00f3 internacional per part del Govern de l\u2019Estat. \u00c9s imprescindible una part neutral que arbitri sobre el conflicte entre l\u2019Estat i les institucions catalanes.<\/li>\n<li>El compliment del mandat sorgit del refer\u00e8ndum, d\u2019acord amb els terminis i formes que determini el Govern i el Parlament de Catalunya.<\/li>\n<li>Que el di\u00e0leg s\u2019imposi i les parts parlin i s\u2019escoltin, renunciant sempre a la viol\u00e8ncia.<\/li>\n<\/ul>\n","protected":false},"excerpt":{"rendered":"<p>Esplais Catalans defensa el mandat sorgit del refer\u00e8ndum i reitera [&hellip;]<\/p>\n","protected":false},"author":3,"featured_media":24213,"comment_status":"closed","ping_status":"open","sticky":false,"template":"","format":"standard","meta":{"om_disable_all_campaigns":false,"_monsterinsights_skip_tracking":false,"_monsterinsights_sitenote_active":false,"_monsterinsights_sitenote_note":"","_monsterinsights_sitenote_category":0,"_uf_show_specific_survey":0,"_uf_disable_surveys":false,"footnotes":""},"categories":[1127,1],"tags":[319,320,531,404,936],"class_list":["post-24212","post","type-post","status-publish","format-standard","has-post-thumbnail","hentry","category-comunicats-posicionaments","category-sense-categoria","tag-autodeterminacio","tag-catalunya","tag-comunicat","tag-parlament","tag-referendum"],"yoast_head":"<!-- This site is optimized with the Yoast SEO plugin v27.4 - https:\/\/yoast.com\/product\/yoast-seo-wordpress\/ -->\n<title>Comunicat d&#039;Esplais Catalans - Esplac<\/title>\n<meta name=\"robots\" content=\"index, follow, max-snippet:-1, max-image-preview:large, max-video-preview:-1\" \/>\n<link rel=\"canonical\" href=\"https:\/\/www.esplac.cat\/esplais-catalans-defensa-referendum\/\" \/>\n<meta property=\"og:locale\" content=\"es_ES\" \/>\n<meta property=\"og:type\" content=\"article\" \/>\n<meta property=\"og:title\" content=\"Comunicat d&#039;Esplais Catalans - Esplac\" \/>\n<meta property=\"og:description\" content=\"Esplais Catalans defensa el mandat sorgit del refer\u00e8ndum i reitera [&hellip;]\" \/>\n<meta property=\"og:url\" content=\"https:\/\/www.esplac.cat\/esplais-catalans-defensa-referendum\/\" \/>\n<meta property=\"og:site_name\" content=\"Esplac\" \/>\n<meta property=\"article:published_time\" content=\"2017-10-10T11:30:45+00:00\" \/>\n<meta property=\"og:image\" content=\"https:\/\/www.esplac.cat\/wp-content\/uploads\/2017\/10\/comunicat10O.jpg\" \/>\n\t<meta property=\"og:image:width\" content=\"847\" \/>\n\t<meta property=\"og:image:height\" content=\"350\" \/>\n\t<meta property=\"og:image:type\" content=\"image\/jpeg\" \/>\n<meta name=\"author\" content=\"Comunicaci\u00f3 Esplac\" \/>\n<meta name=\"twitter:card\" content=\"summary_large_image\" \/>\n<meta name=\"twitter:label1\" content=\"Escrito por\" \/>\n\t<meta name=\"twitter:data1\" content=\"Comunicaci\u00f3 Esplac\" \/>\n\t<meta name=\"twitter:label2\" content=\"Tiempo de lectura\" \/>\n\t<meta name=\"twitter:data2\" content=\"3 minutos\" \/>\n<script type=\"application\/ld+json\" class=\"yoast-schema-graph\">{\"@context\":\"https:\\\/\\\/schema.org\",\"@graph\":[{\"@type\":\"Article\",\"@id\":\"https:\\\/\\\/www.esplac.cat\\\/esplais-catalans-defensa-referendum\\\/#article\",\"isPartOf\":{\"@id\":\"https:\\\/\\\/www.esplac.cat\\\/esplais-catalans-defensa-referendum\\\/\"},\"author\":{\"name\":\"Comunicaci\u00f3 Esplac\",\"@id\":\"https:\\\/\\\/www.esplac.cat\\\/#\\\/schema\\\/person\\\/908383cf240be18b68f8855d0583faca\"},\"headline\":\"Comunicat d&#8217;Esplais Catalans\",\"datePublished\":\"2017-10-10T11:30:45+00:00\",\"mainEntityOfPage\":{\"@id\":\"https:\\\/\\\/www.esplac.cat\\\/esplais-catalans-defensa-referendum\\\/\"},\"wordCount\":562,\"publisher\":{\"@id\":\"https:\\\/\\\/www.esplac.cat\\\/#organization\"},\"image\":{\"@id\":\"https:\\\/\\\/www.esplac.cat\\\/esplais-catalans-defensa-referendum\\\/#primaryimage\"},\"thumbnailUrl\":\"https:\\\/\\\/www.esplac.cat\\\/wp-content\\\/uploads\\\/2017\\\/10\\\/comunicat10O.jpg\",\"keywords\":[\"autodeterminaci\u00f3\",\"catalunya\",\"comunicat\",\"parlament\",\"refer\u00e8ndum\"],\"articleSection\":[\"Comunicats i posicionaments\",\"Sense categoria\"],\"inLanguage\":\"es\"},{\"@type\":\"WebPage\",\"@id\":\"https:\\\/\\\/www.esplac.cat\\\/esplais-catalans-defensa-referendum\\\/\",\"url\":\"https:\\\/\\\/www.esplac.cat\\\/esplais-catalans-defensa-referendum\\\/\",\"name\":\"Comunicat d'Esplais Catalans - Esplac\",\"isPartOf\":{\"@id\":\"https:\\\/\\\/www.esplac.cat\\\/#website\"},\"primaryImageOfPage\":{\"@id\":\"https:\\\/\\\/www.esplac.cat\\\/esplais-catalans-defensa-referendum\\\/#primaryimage\"},\"image\":{\"@id\":\"https:\\\/\\\/www.esplac.cat\\\/esplais-catalans-defensa-referendum\\\/#primaryimage\"},\"thumbnailUrl\":\"https:\\\/\\\/www.esplac.cat\\\/wp-content\\\/uploads\\\/2017\\\/10\\\/comunicat10O.jpg\",\"datePublished\":\"2017-10-10T11:30:45+00:00\",\"breadcrumb\":{\"@id\":\"https:\\\/\\\/www.esplac.cat\\\/esplais-catalans-defensa-referendum\\\/#breadcrumb\"},\"inLanguage\":\"es\",\"potentialAction\":[{\"@type\":\"ReadAction\",\"target\":[\"https:\\\/\\\/www.esplac.cat\\\/esplais-catalans-defensa-referendum\\\/\"]}]},{\"@type\":\"ImageObject\",\"inLanguage\":\"es\",\"@id\":\"https:\\\/\\\/www.esplac.cat\\\/esplais-catalans-defensa-referendum\\\/#primaryimage\",\"url\":\"https:\\\/\\\/www.esplac.cat\\\/wp-content\\\/uploads\\\/2017\\\/10\\\/comunicat10O.jpg\",\"contentUrl\":\"https:\\\/\\\/www.esplac.cat\\\/wp-content\\\/uploads\\\/2017\\\/10\\\/comunicat10O.jpg\",\"width\":847,\"height\":350},{\"@type\":\"BreadcrumbList\",\"@id\":\"https:\\\/\\\/www.esplac.cat\\\/esplais-catalans-defensa-referendum\\\/#breadcrumb\",\"itemListElement\":[{\"@type\":\"ListItem\",\"position\":1,\"name\":\"Inici\",\"item\":\"https:\\\/\\\/www.esplac.cat\\\/es\\\/\"},{\"@type\":\"ListItem\",\"position\":2,\"name\":\"Comunicat d&#8217;Esplais Catalans\"}]},{\"@type\":\"WebSite\",\"@id\":\"https:\\\/\\\/www.esplac.cat\\\/#website\",\"url\":\"https:\\\/\\\/www.esplac.cat\\\/\",\"name\":\"Esplac\",\"description\":\"Esplais Catalans\",\"publisher\":{\"@id\":\"https:\\\/\\\/www.esplac.cat\\\/#organization\"},\"potentialAction\":[{\"@type\":\"SearchAction\",\"target\":{\"@type\":\"EntryPoint\",\"urlTemplate\":\"https:\\\/\\\/www.esplac.cat\\\/?s={search_term_string}\"},\"query-input\":{\"@type\":\"PropertyValueSpecification\",\"valueRequired\":true,\"valueName\":\"search_term_string\"}}],\"inLanguage\":\"es\"},{\"@type\":\"Organization\",\"@id\":\"https:\\\/\\\/www.esplac.cat\\\/#organization\",\"name\":\"Esplac\",\"url\":\"https:\\\/\\\/www.esplac.cat\\\/\",\"logo\":{\"@type\":\"ImageObject\",\"inLanguage\":\"es\",\"@id\":\"https:\\\/\\\/www.esplac.cat\\\/#\\\/schema\\\/logo\\\/image\\\/\",\"url\":\"https:\\\/\\\/www.esplac.cat\\\/wp-content\\\/uploads\\\/2019\\\/08\\\/logox2.png\",\"contentUrl\":\"https:\\\/\\\/www.esplac.cat\\\/wp-content\\\/uploads\\\/2019\\\/08\\\/logox2.png\",\"width\":600,\"height\":295,\"caption\":\"Esplac\"},\"image\":{\"@id\":\"https:\\\/\\\/www.esplac.cat\\\/#\\\/schema\\\/logo\\\/image\\\/\"}},{\"@type\":\"Person\",\"@id\":\"https:\\\/\\\/www.esplac.cat\\\/#\\\/schema\\\/person\\\/908383cf240be18b68f8855d0583faca\",\"name\":\"Comunicaci\u00f3 Esplac\",\"image\":{\"@type\":\"ImageObject\",\"inLanguage\":\"es\",\"@id\":\"https:\\\/\\\/secure.gravatar.com\\\/avatar\\\/7a4cf8feb412a76ea4a740ca02d95b06b2907b5a6c648c2dd0a1082a093c3141?s=96&d=mm&r=g\",\"url\":\"https:\\\/\\\/secure.gravatar.com\\\/avatar\\\/7a4cf8feb412a76ea4a740ca02d95b06b2907b5a6c648c2dd0a1082a093c3141?s=96&d=mm&r=g\",\"contentUrl\":\"https:\\\/\\\/secure.gravatar.com\\\/avatar\\\/7a4cf8feb412a76ea4a740ca02d95b06b2907b5a6c648c2dd0a1082a093c3141?s=96&d=mm&r=g\",\"caption\":\"Comunicaci\u00f3 Esplac\"}}]}<\/script>\n<!-- \/ Yoast SEO plugin. -->","yoast_head_json":{"title":"Comunicat d'Esplais Catalans - Esplac","robots":{"index":"index","follow":"follow","max-snippet":"max-snippet:-1","max-image-preview":"max-image-preview:large","max-video-preview":"max-video-preview:-1"},"canonical":"https:\/\/www.esplac.cat\/esplais-catalans-defensa-referendum\/","og_locale":"es_ES","og_type":"article","og_title":"Comunicat d'Esplais Catalans - Esplac","og_description":"Esplais Catalans defensa el mandat sorgit del refer\u00e8ndum i reitera [&hellip;]","og_url":"https:\/\/www.esplac.cat\/esplais-catalans-defensa-referendum\/","og_site_name":"Esplac","article_published_time":"2017-10-10T11:30:45+00:00","og_image":[{"width":847,"height":350,"url":"https:\/\/www.esplac.cat\/wp-content\/uploads\/2017\/10\/comunicat10O.jpg","type":"image\/jpeg"}],"author":"Comunicaci\u00f3 Esplac","twitter_card":"summary_large_image","twitter_misc":{"Escrito por":"Comunicaci\u00f3 Esplac","Tiempo de lectura":"3 minutos"},"schema":{"@context":"https:\/\/schema.org","@graph":[{"@type":"Article","@id":"https:\/\/www.esplac.cat\/esplais-catalans-defensa-referendum\/#article","isPartOf":{"@id":"https:\/\/www.esplac.cat\/esplais-catalans-defensa-referendum\/"},"author":{"name":"Comunicaci\u00f3 Esplac","@id":"https:\/\/www.esplac.cat\/#\/schema\/person\/908383cf240be18b68f8855d0583faca"},"headline":"Comunicat d&#8217;Esplais Catalans","datePublished":"2017-10-10T11:30:45+00:00","mainEntityOfPage":{"@id":"https:\/\/www.esplac.cat\/esplais-catalans-defensa-referendum\/"},"wordCount":562,"publisher":{"@id":"https:\/\/www.esplac.cat\/#organization"},"image":{"@id":"https:\/\/www.esplac.cat\/esplais-catalans-defensa-referendum\/#primaryimage"},"thumbnailUrl":"https:\/\/www.esplac.cat\/wp-content\/uploads\/2017\/10\/comunicat10O.jpg","keywords":["autodeterminaci\u00f3","catalunya","comunicat","parlament","refer\u00e8ndum"],"articleSection":["Comunicats i posicionaments","Sense categoria"],"inLanguage":"es"},{"@type":"WebPage","@id":"https:\/\/www.esplac.cat\/esplais-catalans-defensa-referendum\/","url":"https:\/\/www.esplac.cat\/esplais-catalans-defensa-referendum\/","name":"Comunicat d'Esplais Catalans - Esplac","isPartOf":{"@id":"https:\/\/www.esplac.cat\/#website"},"primaryImageOfPage":{"@id":"https:\/\/www.esplac.cat\/esplais-catalans-defensa-referendum\/#primaryimage"},"image":{"@id":"https:\/\/www.esplac.cat\/esplais-catalans-defensa-referendum\/#primaryimage"},"thumbnailUrl":"https:\/\/www.esplac.cat\/wp-content\/uploads\/2017\/10\/comunicat10O.jpg","datePublished":"2017-10-10T11:30:45+00:00","breadcrumb":{"@id":"https:\/\/www.esplac.cat\/esplais-catalans-defensa-referendum\/#breadcrumb"},"inLanguage":"es","potentialAction":[{"@type":"ReadAction","target":["https:\/\/www.esplac.cat\/esplais-catalans-defensa-referendum\/"]}]},{"@type":"ImageObject","inLanguage":"es","@id":"https:\/\/www.esplac.cat\/esplais-catalans-defensa-referendum\/#primaryimage","url":"https:\/\/www.esplac.cat\/wp-content\/uploads\/2017\/10\/comunicat10O.jpg","contentUrl":"https:\/\/www.esplac.cat\/wp-content\/uploads\/2017\/10\/comunicat10O.jpg","width":847,"height":350},{"@type":"BreadcrumbList","@id":"https:\/\/www.esplac.cat\/esplais-catalans-defensa-referendum\/#breadcrumb","itemListElement":[{"@type":"ListItem","position":1,"name":"Inici","item":"https:\/\/www.esplac.cat\/es\/"},{"@type":"ListItem","position":2,"name":"Comunicat d&#8217;Esplais Catalans"}]},{"@type":"WebSite","@id":"https:\/\/www.esplac.cat\/#website","url":"https:\/\/www.esplac.cat\/","name":"Esplac","description":"Esplais Catalans","publisher":{"@id":"https:\/\/www.esplac.cat\/#organization"},"potentialAction":[{"@type":"SearchAction","target":{"@type":"EntryPoint","urlTemplate":"https:\/\/www.esplac.cat\/?s={search_term_string}"},"query-input":{"@type":"PropertyValueSpecification","valueRequired":true,"valueName":"search_term_string"}}],"inLanguage":"es"},{"@type":"Organization","@id":"https:\/\/www.esplac.cat\/#organization","name":"Esplac","url":"https:\/\/www.esplac.cat\/","logo":{"@type":"ImageObject","inLanguage":"es","@id":"https:\/\/www.esplac.cat\/#\/schema\/logo\/image\/","url":"https:\/\/www.esplac.cat\/wp-content\/uploads\/2019\/08\/logox2.png","contentUrl":"https:\/\/www.esplac.cat\/wp-content\/uploads\/2019\/08\/logox2.png","width":600,"height":295,"caption":"Esplac"},"image":{"@id":"https:\/\/www.esplac.cat\/#\/schema\/logo\/image\/"}},{"@type":"Person","@id":"https:\/\/www.esplac.cat\/#\/schema\/person\/908383cf240be18b68f8855d0583faca","name":"Comunicaci\u00f3 Esplac","image":{"@type":"ImageObject","inLanguage":"es","@id":"https:\/\/secure.gravatar.com\/avatar\/7a4cf8feb412a76ea4a740ca02d95b06b2907b5a6c648c2dd0a1082a093c3141?s=96&d=mm&r=g","url":"https:\/\/secure.gravatar.com\/avatar\/7a4cf8feb412a76ea4a740ca02d95b06b2907b5a6c648c2dd0a1082a093c3141?s=96&d=mm&r=g","contentUrl":"https:\/\/secure.gravatar.com\/avatar\/7a4cf8feb412a76ea4a740ca02d95b06b2907b5a6c648c2dd0a1082a093c3141?s=96&d=mm&r=g","caption":"Comunicaci\u00f3 Esplac"}}]}},"_links":{"self":[{"href":"https:\/\/www.esplac.cat\/es\/wp-json\/wp\/v2\/posts\/24212","targetHints":{"allow":["GET"]}}],"collection":[{"href":"https:\/\/www.esplac.cat\/es\/wp-json\/wp\/v2\/posts"}],"about":[{"href":"https:\/\/www.esplac.cat\/es\/wp-json\/wp\/v2\/types\/post"}],"author":[{"embeddable":true,"href":"https:\/\/www.esplac.cat\/es\/wp-json\/wp\/v2\/users\/3"}],"replies":[{"embeddable":true,"href":"https:\/\/www.esplac.cat\/es\/wp-json\/wp\/v2\/comments?post=24212"}],"version-history":[{"count":0,"href":"https:\/\/www.esplac.cat\/es\/wp-json\/wp\/v2\/posts\/24212\/revisions"}],"wp:featuredmedia":[{"embeddable":true,"href":"https:\/\/www.esplac.cat\/es\/wp-json\/wp\/v2\/media\/24213"}],"wp:attachment":[{"href":"https:\/\/www.esplac.cat\/es\/wp-json\/wp\/v2\/media?parent=24212"}],"wp:term":[{"taxonomy":"category","embeddable":true,"href":"https:\/\/www.esplac.cat\/es\/wp-json\/wp\/v2\/categories?post=24212"},{"taxonomy":"post_tag","embeddable":true,"href":"https:\/\/www.esplac.cat\/es\/wp-json\/wp\/v2\/tags?post=24212"}],"curies":[{"name":"wp","href":"https:\/\/api.w.org\/{rel}","templated":true}]}}