{"id":24236,"date":"2017-08-24T08:25:16","date_gmt":"2017-08-24T06:25:16","guid":{"rendered":"http:\/\/www.esplac.cat\/?p=15245"},"modified":"2017-08-24T08:25:16","modified_gmt":"2017-08-24T06:25:16","slug":"comissio-internacional","status":"publish","type":"post","link":"https:\/\/www.esplac.cat\/es\/comissio-internacional\/","title":{"rendered":"Dimarts 5 de setembre, reuni\u00f3 de la Comissi\u00f3 Internacional"},"content":{"rendered":"<h4><strong>La propera trobada de la Comissi\u00f3 Internacional d\u2019Esplac tindr\u00e0 lloc el dimarts 5 de setembre, a les 20h a la seu del carrer Aviny\u00f3 44 2n de Barcelona.<\/strong><\/h4>\n<p style=\"text-align: justify;\">El setembre \u00e9s un mes important per a la comi, ja que, tot i que no hi sol haver activitat als esplais, \u00e9s el moment en qu\u00e8 monis, dirigents i internacionalistes en general ens reunim per explicar-nos les aventures estiuenques d\u2019\u00e0mbit internacional i comencem a projectar accions per transversalitzar l\u2019internacionalisme durant el curs.<\/p>\n<p style=\"text-align: justify;\">Ens adrecem, doncs, a\u00a0monis representants d\u2019esplais que hagin fet <strong>rutes o intercanvis internacionals<\/strong>, o que hagin participat en campaments, camps de treball o ecoviles a l\u2019estranger per animar-los a venir a compartir la seva experi\u00e8ncia i fer-ne una valoraci\u00f3.<\/p>\n<p style=\"text-align: justify;\">Naturalment, tamb\u00e9 volem convidar els monis que han participat en<strong> formacions internacionals <\/strong>durant l\u2019estiu, com s\u00f3n, en aquest cas, l\u2019<strong><a href=\"http:\/\/www.esplac.cat\/training-course-a-eslovenia-per-promoure-la-creativitat-entre-monis\/\">School of Creativity<\/a> <\/strong>(Eslov\u00e8nia) i la<strong> <a href=\"http:\/\/www.esplac.cat\/accio-per-la-pau-el-tema-de-la-summerschool-2017\/\">Summer School<\/a> <\/strong>(Alemanya), o en viatges de prospecci\u00f3 sobre el terreny com el que ha fet el grup de treball<strong> Creem Lla\u00e7os <\/strong>(brigades a Israel i Palestina).<\/p>\n<p style=\"text-align: justify;\">L\u2019estiu tamb\u00e9 sol ser un per\u00edode en el qual l\u2019<a href=\"http:\/\/ifm-sei.org\/en\/\">IFM-SEI<\/a> organitza congressos i assemblees. Enguany, s\u2019ha celebrat l\u2019<strong><a href=\"https:\/\/www.facebook.com\/ifmsei\/photos\/a.530434733686215.1073741828.528950090501346\/1436689946394018\/?type=3&amp;theater\">International Committee Meeting<\/a> <\/strong>a Eslov\u00e8nia, en qu\u00e8 han participat cinc dirigents d\u2019Esplac.<\/p>\n<p style=\"text-align: justify;\">A banda de generar aquest espai de trobada per compartir viv\u00e8ncies i fer retorn, discutirem la proposta que va fer l\u2019\u00faltim Gran Comit\u00e8 en refer\u00e8ncia a fer modificacions en el plantejament de la comi internacional en si.<\/p>\n<p style=\"text-align: justify;\">Com sempre, parlarem d\u2019altres projectes que estan en marxa (<a href=\"http:\/\/www.esplac.cat\/obertes-les-convocatories-per-participar-en-el-projecte-de-servei-de-voluntariat-europeu-el-curs-vinent\/\">Servei de Voluntariat Europeu<\/a>) o en fase de planificaci\u00f3 (properes formacions internacionals i Training Course, <a href=\"http:\/\/ifm-sei.org\/en\/2017\/04\/int-camp-2020\/\">IFM Camp 2020<\/a>&#8230;) i entre totes intentarem resoldre els dubtes i les consultes que porteu.<\/p>\n<p style=\"text-align: justify;\">A totes les implicades, interessades i curioses: <strong>us hi esperem<\/strong>! Podeu confirmar la vostra assist\u00e8ncia a <a href=\"mailto:internacional@esplac.cat\">internacional@esplac.cat<\/a> per rebre l\u2019ordre del dia complet.<\/p>\n","protected":false},"excerpt":{"rendered":"<p>La propera trobada de la Comissi\u00f3 Internacional d\u2019Esplac tindr\u00e0 lloc [&hellip;]<\/p>\n","protected":false},"author":3,"featured_media":24238,"comment_status":"closed","ping_status":"open","sticky":false,"template":"","format":"standard","meta":{"om_disable_all_campaigns":false,"_monsterinsights_skip_tracking":false,"_monsterinsights_sitenote_active":false,"_monsterinsights_sitenote_note":"","_monsterinsights_sitenote_category":0,"_uf_show_specific_survey":0,"_uf_disable_surveys":false,"footnotes":""},"categories":[1112,1],"tags":[270,429,59,109],"class_list":["post-24236","post","type-post","status-publish","format-standard","has-post-thumbnail","hentry","category-esplac-al-mon","category-sense-categoria","tag-activitats-internacionals","tag-ccr","tag-ifm-sei","tag-internacionalisme"],"yoast_head":"<!-- This site is optimized with the Yoast SEO plugin v27.5 - https:\/\/yoast.com\/product\/yoast-seo-wordpress\/ -->\n<title>Dimarts 5 de setembre, reuni\u00f3 de la Comissi\u00f3 Internacional - Esplac<\/title>\n<meta name=\"robots\" content=\"index, follow, max-snippet:-1, max-image-preview:large, max-video-preview:-1\" \/>\n<link rel=\"canonical\" href=\"https:\/\/www.esplac.cat\/comissio-internacional\/\" \/>\n<meta property=\"og:locale\" content=\"es_ES\" \/>\n<meta property=\"og:type\" content=\"article\" \/>\n<meta property=\"og:title\" content=\"Dimarts 5 de setembre, reuni\u00f3 de la Comissi\u00f3 Internacional - Esplac\" \/>\n<meta property=\"og:description\" content=\"La propera trobada de la Comissi\u00f3 Internacional d\u2019Esplac tindr\u00e0 lloc [&hellip;]\" \/>\n<meta property=\"og:url\" content=\"https:\/\/www.esplac.cat\/comissio-internacional\/\" \/>\n<meta property=\"og:site_name\" content=\"Esplac\" \/>\n<meta property=\"article:published_time\" content=\"2017-08-24T06:25:16+00:00\" \/>\n<meta property=\"og:image\" content=\"https:\/\/www.esplac.cat\/wp-content\/uploads\/2017\/08\/mans.jpg\" \/>\n\t<meta property=\"og:image:width\" content=\"847\" \/>\n\t<meta property=\"og:image:height\" content=\"350\" \/>\n\t<meta property=\"og:image:type\" content=\"image\/jpeg\" \/>\n<meta name=\"author\" content=\"Comunicaci\u00f3 Esplac\" \/>\n<meta name=\"twitter:card\" content=\"summary_large_image\" \/>\n<meta name=\"twitter:label1\" content=\"Escrito por\" \/>\n\t<meta name=\"twitter:data1\" content=\"Comunicaci\u00f3 Esplac\" \/>\n\t<meta name=\"twitter:label2\" content=\"Tiempo de lectura\" \/>\n\t<meta name=\"twitter:data2\" content=\"2 minutos\" \/>\n<script type=\"application\/ld+json\" class=\"yoast-schema-graph\">{\"@context\":\"https:\\\/\\\/schema.org\",\"@graph\":[{\"@type\":\"Article\",\"@id\":\"https:\\\/\\\/www.esplac.cat\\\/comissio-internacional\\\/#article\",\"isPartOf\":{\"@id\":\"https:\\\/\\\/www.esplac.cat\\\/comissio-internacional\\\/\"},\"author\":{\"name\":\"Comunicaci\u00f3 Esplac\",\"@id\":\"https:\\\/\\\/www.esplac.cat\\\/#\\\/schema\\\/person\\\/908383cf240be18b68f8855d0583faca\"},\"headline\":\"Dimarts 5 de setembre, reuni\u00f3 de la Comissi\u00f3 Internacional\",\"datePublished\":\"2017-08-24T06:25:16+00:00\",\"mainEntityOfPage\":{\"@id\":\"https:\\\/\\\/www.esplac.cat\\\/comissio-internacional\\\/\"},\"wordCount\":332,\"publisher\":{\"@id\":\"https:\\\/\\\/www.esplac.cat\\\/#organization\"},\"image\":{\"@id\":\"https:\\\/\\\/www.esplac.cat\\\/comissio-internacional\\\/#primaryimage\"},\"thumbnailUrl\":\"https:\\\/\\\/www.esplac.cat\\\/wp-content\\\/uploads\\\/2017\\\/08\\\/mans.jpg\",\"keywords\":[\"activitats internacionals\",\"CCR\",\"IFM-SEI\",\"internacionalisme\"],\"articleSection\":[\"Esplac al m\u00f3n\",\"Sense categoria\"],\"inLanguage\":\"es\"},{\"@type\":\"WebPage\",\"@id\":\"https:\\\/\\\/www.esplac.cat\\\/comissio-internacional\\\/\",\"url\":\"https:\\\/\\\/www.esplac.cat\\\/comissio-internacional\\\/\",\"name\":\"Dimarts 5 de setembre, reuni\u00f3 de la Comissi\u00f3 Internacional - Esplac\",\"isPartOf\":{\"@id\":\"https:\\\/\\\/www.esplac.cat\\\/#website\"},\"primaryImageOfPage\":{\"@id\":\"https:\\\/\\\/www.esplac.cat\\\/comissio-internacional\\\/#primaryimage\"},\"image\":{\"@id\":\"https:\\\/\\\/www.esplac.cat\\\/comissio-internacional\\\/#primaryimage\"},\"thumbnailUrl\":\"https:\\\/\\\/www.esplac.cat\\\/wp-content\\\/uploads\\\/2017\\\/08\\\/mans.jpg\",\"datePublished\":\"2017-08-24T06:25:16+00:00\",\"breadcrumb\":{\"@id\":\"https:\\\/\\\/www.esplac.cat\\\/comissio-internacional\\\/#breadcrumb\"},\"inLanguage\":\"es\",\"potentialAction\":[{\"@type\":\"ReadAction\",\"target\":[\"https:\\\/\\\/www.esplac.cat\\\/comissio-internacional\\\/\"]}]},{\"@type\":\"ImageObject\",\"inLanguage\":\"es\",\"@id\":\"https:\\\/\\\/www.esplac.cat\\\/comissio-internacional\\\/#primaryimage\",\"url\":\"https:\\\/\\\/www.esplac.cat\\\/wp-content\\\/uploads\\\/2017\\\/08\\\/mans.jpg\",\"contentUrl\":\"https:\\\/\\\/www.esplac.cat\\\/wp-content\\\/uploads\\\/2017\\\/08\\\/mans.jpg\",\"width\":847,\"height\":350},{\"@type\":\"BreadcrumbList\",\"@id\":\"https:\\\/\\\/www.esplac.cat\\\/comissio-internacional\\\/#breadcrumb\",\"itemListElement\":[{\"@type\":\"ListItem\",\"position\":1,\"name\":\"Inici\",\"item\":\"https:\\\/\\\/www.esplac.cat\\\/es\\\/\"},{\"@type\":\"ListItem\",\"position\":2,\"name\":\"Dimarts 5 de setembre, reuni\u00f3 de la Comissi\u00f3 Internacional\"}]},{\"@type\":\"WebSite\",\"@id\":\"https:\\\/\\\/www.esplac.cat\\\/#website\",\"url\":\"https:\\\/\\\/www.esplac.cat\\\/\",\"name\":\"Esplac\",\"description\":\"Esplais Catalans\",\"publisher\":{\"@id\":\"https:\\\/\\\/www.esplac.cat\\\/#organization\"},\"potentialAction\":[{\"@type\":\"SearchAction\",\"target\":{\"@type\":\"EntryPoint\",\"urlTemplate\":\"https:\\\/\\\/www.esplac.cat\\\/?s={search_term_string}\"},\"query-input\":{\"@type\":\"PropertyValueSpecification\",\"valueRequired\":true,\"valueName\":\"search_term_string\"}}],\"inLanguage\":\"es\"},{\"@type\":\"Organization\",\"@id\":\"https:\\\/\\\/www.esplac.cat\\\/#organization\",\"name\":\"Esplac\",\"url\":\"https:\\\/\\\/www.esplac.cat\\\/\",\"logo\":{\"@type\":\"ImageObject\",\"inLanguage\":\"es\",\"@id\":\"https:\\\/\\\/www.esplac.cat\\\/#\\\/schema\\\/logo\\\/image\\\/\",\"url\":\"https:\\\/\\\/www.esplac.cat\\\/wp-content\\\/uploads\\\/2019\\\/08\\\/logox2.png\",\"contentUrl\":\"https:\\\/\\\/www.esplac.cat\\\/wp-content\\\/uploads\\\/2019\\\/08\\\/logox2.png\",\"width\":600,\"height\":295,\"caption\":\"Esplac\"},\"image\":{\"@id\":\"https:\\\/\\\/www.esplac.cat\\\/#\\\/schema\\\/logo\\\/image\\\/\"}},{\"@type\":\"Person\",\"@id\":\"https:\\\/\\\/www.esplac.cat\\\/#\\\/schema\\\/person\\\/908383cf240be18b68f8855d0583faca\",\"name\":\"Comunicaci\u00f3 Esplac\",\"image\":{\"@type\":\"ImageObject\",\"inLanguage\":\"es\",\"@id\":\"https:\\\/\\\/secure.gravatar.com\\\/avatar\\\/7a4cf8feb412a76ea4a740ca02d95b06b2907b5a6c648c2dd0a1082a093c3141?s=96&d=mm&r=g\",\"url\":\"https:\\\/\\\/secure.gravatar.com\\\/avatar\\\/7a4cf8feb412a76ea4a740ca02d95b06b2907b5a6c648c2dd0a1082a093c3141?s=96&d=mm&r=g\",\"contentUrl\":\"https:\\\/\\\/secure.gravatar.com\\\/avatar\\\/7a4cf8feb412a76ea4a740ca02d95b06b2907b5a6c648c2dd0a1082a093c3141?s=96&d=mm&r=g\",\"caption\":\"Comunicaci\u00f3 Esplac\"}}]}<\/script>\n<!-- \/ Yoast SEO plugin. -->","yoast_head_json":{"title":"Dimarts 5 de setembre, reuni\u00f3 de la Comissi\u00f3 Internacional - Esplac","robots":{"index":"index","follow":"follow","max-snippet":"max-snippet:-1","max-image-preview":"max-image-preview:large","max-video-preview":"max-video-preview:-1"},"canonical":"https:\/\/www.esplac.cat\/comissio-internacional\/","og_locale":"es_ES","og_type":"article","og_title":"Dimarts 5 de setembre, reuni\u00f3 de la Comissi\u00f3 Internacional - Esplac","og_description":"La propera trobada de la Comissi\u00f3 Internacional d\u2019Esplac tindr\u00e0 lloc [&hellip;]","og_url":"https:\/\/www.esplac.cat\/comissio-internacional\/","og_site_name":"Esplac","article_published_time":"2017-08-24T06:25:16+00:00","og_image":[{"width":847,"height":350,"url":"https:\/\/www.esplac.cat\/wp-content\/uploads\/2017\/08\/mans.jpg","type":"image\/jpeg"}],"author":"Comunicaci\u00f3 Esplac","twitter_card":"summary_large_image","twitter_misc":{"Escrito por":"Comunicaci\u00f3 Esplac","Tiempo de lectura":"2 minutos"},"schema":{"@context":"https:\/\/schema.org","@graph":[{"@type":"Article","@id":"https:\/\/www.esplac.cat\/comissio-internacional\/#article","isPartOf":{"@id":"https:\/\/www.esplac.cat\/comissio-internacional\/"},"author":{"name":"Comunicaci\u00f3 Esplac","@id":"https:\/\/www.esplac.cat\/#\/schema\/person\/908383cf240be18b68f8855d0583faca"},"headline":"Dimarts 5 de setembre, reuni\u00f3 de la Comissi\u00f3 Internacional","datePublished":"2017-08-24T06:25:16+00:00","mainEntityOfPage":{"@id":"https:\/\/www.esplac.cat\/comissio-internacional\/"},"wordCount":332,"publisher":{"@id":"https:\/\/www.esplac.cat\/#organization"},"image":{"@id":"https:\/\/www.esplac.cat\/comissio-internacional\/#primaryimage"},"thumbnailUrl":"https:\/\/www.esplac.cat\/wp-content\/uploads\/2017\/08\/mans.jpg","keywords":["activitats internacionals","CCR","IFM-SEI","internacionalisme"],"articleSection":["Esplac al m\u00f3n","Sense categoria"],"inLanguage":"es"},{"@type":"WebPage","@id":"https:\/\/www.esplac.cat\/comissio-internacional\/","url":"https:\/\/www.esplac.cat\/comissio-internacional\/","name":"Dimarts 5 de setembre, reuni\u00f3 de la Comissi\u00f3 Internacional - Esplac","isPartOf":{"@id":"https:\/\/www.esplac.cat\/#website"},"primaryImageOfPage":{"@id":"https:\/\/www.esplac.cat\/comissio-internacional\/#primaryimage"},"image":{"@id":"https:\/\/www.esplac.cat\/comissio-internacional\/#primaryimage"},"thumbnailUrl":"https:\/\/www.esplac.cat\/wp-content\/uploads\/2017\/08\/mans.jpg","datePublished":"2017-08-24T06:25:16+00:00","breadcrumb":{"@id":"https:\/\/www.esplac.cat\/comissio-internacional\/#breadcrumb"},"inLanguage":"es","potentialAction":[{"@type":"ReadAction","target":["https:\/\/www.esplac.cat\/comissio-internacional\/"]}]},{"@type":"ImageObject","inLanguage":"es","@id":"https:\/\/www.esplac.cat\/comissio-internacional\/#primaryimage","url":"https:\/\/www.esplac.cat\/wp-content\/uploads\/2017\/08\/mans.jpg","contentUrl":"https:\/\/www.esplac.cat\/wp-content\/uploads\/2017\/08\/mans.jpg","width":847,"height":350},{"@type":"BreadcrumbList","@id":"https:\/\/www.esplac.cat\/comissio-internacional\/#breadcrumb","itemListElement":[{"@type":"ListItem","position":1,"name":"Inici","item":"https:\/\/www.esplac.cat\/es\/"},{"@type":"ListItem","position":2,"name":"Dimarts 5 de setembre, reuni\u00f3 de la Comissi\u00f3 Internacional"}]},{"@type":"WebSite","@id":"https:\/\/www.esplac.cat\/#website","url":"https:\/\/www.esplac.cat\/","name":"Esplac","description":"Esplais Catalans","publisher":{"@id":"https:\/\/www.esplac.cat\/#organization"},"potentialAction":[{"@type":"SearchAction","target":{"@type":"EntryPoint","urlTemplate":"https:\/\/www.esplac.cat\/?s={search_term_string}"},"query-input":{"@type":"PropertyValueSpecification","valueRequired":true,"valueName":"search_term_string"}}],"inLanguage":"es"},{"@type":"Organization","@id":"https:\/\/www.esplac.cat\/#organization","name":"Esplac","url":"https:\/\/www.esplac.cat\/","logo":{"@type":"ImageObject","inLanguage":"es","@id":"https:\/\/www.esplac.cat\/#\/schema\/logo\/image\/","url":"https:\/\/www.esplac.cat\/wp-content\/uploads\/2019\/08\/logox2.png","contentUrl":"https:\/\/www.esplac.cat\/wp-content\/uploads\/2019\/08\/logox2.png","width":600,"height":295,"caption":"Esplac"},"image":{"@id":"https:\/\/www.esplac.cat\/#\/schema\/logo\/image\/"}},{"@type":"Person","@id":"https:\/\/www.esplac.cat\/#\/schema\/person\/908383cf240be18b68f8855d0583faca","name":"Comunicaci\u00f3 Esplac","image":{"@type":"ImageObject","inLanguage":"es","@id":"https:\/\/secure.gravatar.com\/avatar\/7a4cf8feb412a76ea4a740ca02d95b06b2907b5a6c648c2dd0a1082a093c3141?s=96&d=mm&r=g","url":"https:\/\/secure.gravatar.com\/avatar\/7a4cf8feb412a76ea4a740ca02d95b06b2907b5a6c648c2dd0a1082a093c3141?s=96&d=mm&r=g","contentUrl":"https:\/\/secure.gravatar.com\/avatar\/7a4cf8feb412a76ea4a740ca02d95b06b2907b5a6c648c2dd0a1082a093c3141?s=96&d=mm&r=g","caption":"Comunicaci\u00f3 Esplac"}}]}},"_links":{"self":[{"href":"https:\/\/www.esplac.cat\/es\/wp-json\/wp\/v2\/posts\/24236","targetHints":{"allow":["GET"]}}],"collection":[{"href":"https:\/\/www.esplac.cat\/es\/wp-json\/wp\/v2\/posts"}],"about":[{"href":"https:\/\/www.esplac.cat\/es\/wp-json\/wp\/v2\/types\/post"}],"author":[{"embeddable":true,"href":"https:\/\/www.esplac.cat\/es\/wp-json\/wp\/v2\/users\/3"}],"replies":[{"embeddable":true,"href":"https:\/\/www.esplac.cat\/es\/wp-json\/wp\/v2\/comments?post=24236"}],"version-history":[{"count":0,"href":"https:\/\/www.esplac.cat\/es\/wp-json\/wp\/v2\/posts\/24236\/revisions"}],"wp:featuredmedia":[{"embeddable":true,"href":"https:\/\/www.esplac.cat\/es\/wp-json\/wp\/v2\/media\/24238"}],"wp:attachment":[{"href":"https:\/\/www.esplac.cat\/es\/wp-json\/wp\/v2\/media?parent=24236"}],"wp:term":[{"taxonomy":"category","embeddable":true,"href":"https:\/\/www.esplac.cat\/es\/wp-json\/wp\/v2\/categories?post=24236"},{"taxonomy":"post_tag","embeddable":true,"href":"https:\/\/www.esplac.cat\/es\/wp-json\/wp\/v2\/tags?post=24236"}],"curies":[{"name":"wp","href":"https:\/\/api.w.org\/{rel}","templated":true}]}}