{"id":24241,"date":"2017-07-10T10:41:47","date_gmt":"2017-07-10T08:41:47","guid":{"rendered":"http:\/\/www.esplac.cat\/?p=15193"},"modified":"2017-07-10T10:41:47","modified_gmt":"2017-07-10T08:41:47","slug":"centre-interes-esplaiada-2018","status":"publish","type":"post","link":"https:\/\/www.esplac.cat\/es\/centre-interes-esplaiada-2018\/","title":{"rendered":"L\u2019Esplaiada 2018 ja t\u00e9 centre d&#8217;inter\u00e8s!"},"content":{"rendered":"<h4>La preparaci\u00f3 de l\u2019Esplaiada 2018 est\u00e0 en marxa!<\/h4>\n<p style=\"text-align: justify;\">Com b\u00e9 sabeu, la <strong>participaci\u00f3<\/strong> \u00e9s un dels pilars sobre els quals se sustenta l\u2019organitzaci\u00f3 d\u2019Esplac. Donant resposta a les demandes dels esplais i dels dirigents de l\u2019associaci\u00f3, durant la preparaci\u00f3 de la propera Esplaiada la participaci\u00f3 havia de ser l\u2019eix vertebrador. \u00c9s per aix\u00f2 que hem obert un grup de treball que ja est\u00e0 actuant per aportar el punt de vista de les monitores d\u2019Esplac a l\u2019organitzaci\u00f3 de l\u2019acte. Si esteu interessats a participar-hi, escriviu a <strong>organitzacio@esplac.cat<\/strong> i us informarem de la pr\u00f2xima reuni\u00f3!<\/p>\n<p>D\u2019altra banda, com heu pogut llegir a altres not\u00edcies, durant els darrers mesos heu trobat obertes a EsplacNet les votacions del centre d\u2019inter\u00e8s de l\u2019Esplaiada. Vam fer dues propostes de centre d\u2019inter\u00e8s sorgides de les idees dels Equips Generals de Sector en l\u2019\u00faltim Gran Comit\u00e8, al maig.<\/p>\n<p>Ahir vam tancar les votacions del centre d\u2019inter\u00e8s i a l\u2019Esplaiada 2018 ens trobarem que&#8230;<\/p>\n<p>&nbsp;<\/p>\n<p style=\"text-align: center;\"><em><strong>Arribeu a l\u2019indret m\u00e9s endre\u00e7at que mai heu pogut imaginar; l\u2019ordre impera per tots els racons i sempre ho trobareu tot ben net i polit.<\/strong><\/em><\/p>\n<p style=\"text-align: center;\"><em><strong> Els habitants hi viuen de manera tranquil\u00b7la i relaxada, at\u00e8s que gran part de les decisions quotidianes han estat traspassades a l\u2019\u00f2rgan de govern.<\/strong><\/em><\/p>\n<p style=\"text-align: center;\"><em><strong> \u00c9s l\u2019indret m\u00e9s endre\u00e7at del planeta fins que arriba un dia que un grup d\u2019infants i joves hi aterra&#8230;<\/strong><\/em><\/p>\n","protected":false},"excerpt":{"rendered":"<p>La preparaci\u00f3 de l\u2019Esplaiada 2018 est\u00e0 en marxa! Com b\u00e9 [&hellip;]<\/p>\n","protected":false},"author":3,"featured_media":24242,"comment_status":"closed","ping_status":"open","sticky":false,"template":"","format":"standard","meta":{"om_disable_all_campaigns":false,"_monsterinsights_skip_tracking":false,"_monsterinsights_sitenote_active":false,"_monsterinsights_sitenote_note":"","_monsterinsights_sitenote_category":0,"_uf_show_specific_survey":0,"_uf_disable_surveys":false,"footnotes":""},"categories":[1136,1],"tags":[362,299,40],"class_list":["post-24241","post","type-post","status-publish","format-standard","has-post-thumbnail","hentry","category-esplaiada","category-sense-categoria","tag-centre-dinteres","tag-esplaiada","tag-participacio"],"yoast_head":"<!-- This site is optimized with the Yoast SEO plugin v27.5 - https:\/\/yoast.com\/product\/yoast-seo-wordpress\/ -->\n<title>L\u2019Esplaiada 2018 ja t\u00e9 centre d&#039;inter\u00e8s! - Esplac<\/title>\n<meta name=\"robots\" content=\"index, follow, max-snippet:-1, max-image-preview:large, max-video-preview:-1\" \/>\n<link rel=\"canonical\" href=\"https:\/\/www.esplac.cat\/centre-interes-esplaiada-2018\/\" \/>\n<meta property=\"og:locale\" content=\"es_ES\" \/>\n<meta property=\"og:type\" content=\"article\" \/>\n<meta property=\"og:title\" content=\"L\u2019Esplaiada 2018 ja t\u00e9 centre d&#039;inter\u00e8s! - Esplac\" \/>\n<meta property=\"og:description\" content=\"La preparaci\u00f3 de l\u2019Esplaiada 2018 est\u00e0 en marxa! Com b\u00e9 [&hellip;]\" \/>\n<meta property=\"og:url\" content=\"https:\/\/www.esplac.cat\/centre-interes-esplaiada-2018\/\" \/>\n<meta property=\"og:site_name\" content=\"Esplac\" \/>\n<meta property=\"article:published_time\" content=\"2017-07-10T08:41:47+00:00\" \/>\n<meta property=\"og:image\" content=\"https:\/\/www.esplac.cat\/wp-content\/uploads\/2017\/07\/foto2.jpg\" \/>\n\t<meta property=\"og:image:width\" content=\"847\" \/>\n\t<meta property=\"og:image:height\" content=\"350\" \/>\n\t<meta property=\"og:image:type\" content=\"image\/jpeg\" \/>\n<meta name=\"author\" content=\"Comunicaci\u00f3 Esplac\" \/>\n<meta name=\"twitter:card\" content=\"summary_large_image\" \/>\n<meta name=\"twitter:label1\" content=\"Escrito por\" \/>\n\t<meta name=\"twitter:data1\" content=\"Comunicaci\u00f3 Esplac\" \/>\n\t<meta name=\"twitter:label2\" content=\"Tiempo de lectura\" \/>\n\t<meta name=\"twitter:data2\" content=\"1 minuto\" \/>\n<script type=\"application\/ld+json\" class=\"yoast-schema-graph\">{\"@context\":\"https:\\\/\\\/schema.org\",\"@graph\":[{\"@type\":\"Article\",\"@id\":\"https:\\\/\\\/www.esplac.cat\\\/centre-interes-esplaiada-2018\\\/#article\",\"isPartOf\":{\"@id\":\"https:\\\/\\\/www.esplac.cat\\\/centre-interes-esplaiada-2018\\\/\"},\"author\":{\"name\":\"Comunicaci\u00f3 Esplac\",\"@id\":\"https:\\\/\\\/www.esplac.cat\\\/#\\\/schema\\\/person\\\/908383cf240be18b68f8855d0583faca\"},\"headline\":\"L\u2019Esplaiada 2018 ja t\u00e9 centre d&#8217;inter\u00e8s!\",\"datePublished\":\"2017-07-10T08:41:47+00:00\",\"mainEntityOfPage\":{\"@id\":\"https:\\\/\\\/www.esplac.cat\\\/centre-interes-esplaiada-2018\\\/\"},\"wordCount\":263,\"publisher\":{\"@id\":\"https:\\\/\\\/www.esplac.cat\\\/#organization\"},\"image\":{\"@id\":\"https:\\\/\\\/www.esplac.cat\\\/centre-interes-esplaiada-2018\\\/#primaryimage\"},\"thumbnailUrl\":\"https:\\\/\\\/www.esplac.cat\\\/wp-content\\\/uploads\\\/2017\\\/07\\\/foto2.jpg\",\"keywords\":[\"centre d'inter\u00e8s\",\"esplaiada\",\"participaci\u00f3\"],\"articleSection\":[\"Esplaiada\",\"Sense categoria\"],\"inLanguage\":\"es\"},{\"@type\":\"WebPage\",\"@id\":\"https:\\\/\\\/www.esplac.cat\\\/centre-interes-esplaiada-2018\\\/\",\"url\":\"https:\\\/\\\/www.esplac.cat\\\/centre-interes-esplaiada-2018\\\/\",\"name\":\"L\u2019Esplaiada 2018 ja t\u00e9 centre d'inter\u00e8s! - Esplac\",\"isPartOf\":{\"@id\":\"https:\\\/\\\/www.esplac.cat\\\/#website\"},\"primaryImageOfPage\":{\"@id\":\"https:\\\/\\\/www.esplac.cat\\\/centre-interes-esplaiada-2018\\\/#primaryimage\"},\"image\":{\"@id\":\"https:\\\/\\\/www.esplac.cat\\\/centre-interes-esplaiada-2018\\\/#primaryimage\"},\"thumbnailUrl\":\"https:\\\/\\\/www.esplac.cat\\\/wp-content\\\/uploads\\\/2017\\\/07\\\/foto2.jpg\",\"datePublished\":\"2017-07-10T08:41:47+00:00\",\"breadcrumb\":{\"@id\":\"https:\\\/\\\/www.esplac.cat\\\/centre-interes-esplaiada-2018\\\/#breadcrumb\"},\"inLanguage\":\"es\",\"potentialAction\":[{\"@type\":\"ReadAction\",\"target\":[\"https:\\\/\\\/www.esplac.cat\\\/centre-interes-esplaiada-2018\\\/\"]}]},{\"@type\":\"ImageObject\",\"inLanguage\":\"es\",\"@id\":\"https:\\\/\\\/www.esplac.cat\\\/centre-interes-esplaiada-2018\\\/#primaryimage\",\"url\":\"https:\\\/\\\/www.esplac.cat\\\/wp-content\\\/uploads\\\/2017\\\/07\\\/foto2.jpg\",\"contentUrl\":\"https:\\\/\\\/www.esplac.cat\\\/wp-content\\\/uploads\\\/2017\\\/07\\\/foto2.jpg\",\"width\":847,\"height\":350},{\"@type\":\"BreadcrumbList\",\"@id\":\"https:\\\/\\\/www.esplac.cat\\\/centre-interes-esplaiada-2018\\\/#breadcrumb\",\"itemListElement\":[{\"@type\":\"ListItem\",\"position\":1,\"name\":\"Inici\",\"item\":\"https:\\\/\\\/www.esplac.cat\\\/es\\\/\"},{\"@type\":\"ListItem\",\"position\":2,\"name\":\"L\u2019Esplaiada 2018 ja t\u00e9 centre d&#8217;inter\u00e8s!\"}]},{\"@type\":\"WebSite\",\"@id\":\"https:\\\/\\\/www.esplac.cat\\\/#website\",\"url\":\"https:\\\/\\\/www.esplac.cat\\\/\",\"name\":\"Esplac\",\"description\":\"Esplais Catalans\",\"publisher\":{\"@id\":\"https:\\\/\\\/www.esplac.cat\\\/#organization\"},\"potentialAction\":[{\"@type\":\"SearchAction\",\"target\":{\"@type\":\"EntryPoint\",\"urlTemplate\":\"https:\\\/\\\/www.esplac.cat\\\/?s={search_term_string}\"},\"query-input\":{\"@type\":\"PropertyValueSpecification\",\"valueRequired\":true,\"valueName\":\"search_term_string\"}}],\"inLanguage\":\"es\"},{\"@type\":\"Organization\",\"@id\":\"https:\\\/\\\/www.esplac.cat\\\/#organization\",\"name\":\"Esplac\",\"url\":\"https:\\\/\\\/www.esplac.cat\\\/\",\"logo\":{\"@type\":\"ImageObject\",\"inLanguage\":\"es\",\"@id\":\"https:\\\/\\\/www.esplac.cat\\\/#\\\/schema\\\/logo\\\/image\\\/\",\"url\":\"https:\\\/\\\/www.esplac.cat\\\/wp-content\\\/uploads\\\/2019\\\/08\\\/logox2.png\",\"contentUrl\":\"https:\\\/\\\/www.esplac.cat\\\/wp-content\\\/uploads\\\/2019\\\/08\\\/logox2.png\",\"width\":600,\"height\":295,\"caption\":\"Esplac\"},\"image\":{\"@id\":\"https:\\\/\\\/www.esplac.cat\\\/#\\\/schema\\\/logo\\\/image\\\/\"}},{\"@type\":\"Person\",\"@id\":\"https:\\\/\\\/www.esplac.cat\\\/#\\\/schema\\\/person\\\/908383cf240be18b68f8855d0583faca\",\"name\":\"Comunicaci\u00f3 Esplac\",\"image\":{\"@type\":\"ImageObject\",\"inLanguage\":\"es\",\"@id\":\"https:\\\/\\\/secure.gravatar.com\\\/avatar\\\/7a4cf8feb412a76ea4a740ca02d95b06b2907b5a6c648c2dd0a1082a093c3141?s=96&d=mm&r=g\",\"url\":\"https:\\\/\\\/secure.gravatar.com\\\/avatar\\\/7a4cf8feb412a76ea4a740ca02d95b06b2907b5a6c648c2dd0a1082a093c3141?s=96&d=mm&r=g\",\"contentUrl\":\"https:\\\/\\\/secure.gravatar.com\\\/avatar\\\/7a4cf8feb412a76ea4a740ca02d95b06b2907b5a6c648c2dd0a1082a093c3141?s=96&d=mm&r=g\",\"caption\":\"Comunicaci\u00f3 Esplac\"}}]}<\/script>\n<!-- \/ Yoast SEO plugin. -->","yoast_head_json":{"title":"L\u2019Esplaiada 2018 ja t\u00e9 centre d'inter\u00e8s! - Esplac","robots":{"index":"index","follow":"follow","max-snippet":"max-snippet:-1","max-image-preview":"max-image-preview:large","max-video-preview":"max-video-preview:-1"},"canonical":"https:\/\/www.esplac.cat\/centre-interes-esplaiada-2018\/","og_locale":"es_ES","og_type":"article","og_title":"L\u2019Esplaiada 2018 ja t\u00e9 centre d'inter\u00e8s! - Esplac","og_description":"La preparaci\u00f3 de l\u2019Esplaiada 2018 est\u00e0 en marxa! Com b\u00e9 [&hellip;]","og_url":"https:\/\/www.esplac.cat\/centre-interes-esplaiada-2018\/","og_site_name":"Esplac","article_published_time":"2017-07-10T08:41:47+00:00","og_image":[{"width":847,"height":350,"url":"https:\/\/www.esplac.cat\/wp-content\/uploads\/2017\/07\/foto2.jpg","type":"image\/jpeg"}],"author":"Comunicaci\u00f3 Esplac","twitter_card":"summary_large_image","twitter_misc":{"Escrito por":"Comunicaci\u00f3 Esplac","Tiempo de lectura":"1 minuto"},"schema":{"@context":"https:\/\/schema.org","@graph":[{"@type":"Article","@id":"https:\/\/www.esplac.cat\/centre-interes-esplaiada-2018\/#article","isPartOf":{"@id":"https:\/\/www.esplac.cat\/centre-interes-esplaiada-2018\/"},"author":{"name":"Comunicaci\u00f3 Esplac","@id":"https:\/\/www.esplac.cat\/#\/schema\/person\/908383cf240be18b68f8855d0583faca"},"headline":"L\u2019Esplaiada 2018 ja t\u00e9 centre d&#8217;inter\u00e8s!","datePublished":"2017-07-10T08:41:47+00:00","mainEntityOfPage":{"@id":"https:\/\/www.esplac.cat\/centre-interes-esplaiada-2018\/"},"wordCount":263,"publisher":{"@id":"https:\/\/www.esplac.cat\/#organization"},"image":{"@id":"https:\/\/www.esplac.cat\/centre-interes-esplaiada-2018\/#primaryimage"},"thumbnailUrl":"https:\/\/www.esplac.cat\/wp-content\/uploads\/2017\/07\/foto2.jpg","keywords":["centre d'inter\u00e8s","esplaiada","participaci\u00f3"],"articleSection":["Esplaiada","Sense categoria"],"inLanguage":"es"},{"@type":"WebPage","@id":"https:\/\/www.esplac.cat\/centre-interes-esplaiada-2018\/","url":"https:\/\/www.esplac.cat\/centre-interes-esplaiada-2018\/","name":"L\u2019Esplaiada 2018 ja t\u00e9 centre d'inter\u00e8s! - Esplac","isPartOf":{"@id":"https:\/\/www.esplac.cat\/#website"},"primaryImageOfPage":{"@id":"https:\/\/www.esplac.cat\/centre-interes-esplaiada-2018\/#primaryimage"},"image":{"@id":"https:\/\/www.esplac.cat\/centre-interes-esplaiada-2018\/#primaryimage"},"thumbnailUrl":"https:\/\/www.esplac.cat\/wp-content\/uploads\/2017\/07\/foto2.jpg","datePublished":"2017-07-10T08:41:47+00:00","breadcrumb":{"@id":"https:\/\/www.esplac.cat\/centre-interes-esplaiada-2018\/#breadcrumb"},"inLanguage":"es","potentialAction":[{"@type":"ReadAction","target":["https:\/\/www.esplac.cat\/centre-interes-esplaiada-2018\/"]}]},{"@type":"ImageObject","inLanguage":"es","@id":"https:\/\/www.esplac.cat\/centre-interes-esplaiada-2018\/#primaryimage","url":"https:\/\/www.esplac.cat\/wp-content\/uploads\/2017\/07\/foto2.jpg","contentUrl":"https:\/\/www.esplac.cat\/wp-content\/uploads\/2017\/07\/foto2.jpg","width":847,"height":350},{"@type":"BreadcrumbList","@id":"https:\/\/www.esplac.cat\/centre-interes-esplaiada-2018\/#breadcrumb","itemListElement":[{"@type":"ListItem","position":1,"name":"Inici","item":"https:\/\/www.esplac.cat\/es\/"},{"@type":"ListItem","position":2,"name":"L\u2019Esplaiada 2018 ja t\u00e9 centre d&#8217;inter\u00e8s!"}]},{"@type":"WebSite","@id":"https:\/\/www.esplac.cat\/#website","url":"https:\/\/www.esplac.cat\/","name":"Esplac","description":"Esplais Catalans","publisher":{"@id":"https:\/\/www.esplac.cat\/#organization"},"potentialAction":[{"@type":"SearchAction","target":{"@type":"EntryPoint","urlTemplate":"https:\/\/www.esplac.cat\/?s={search_term_string}"},"query-input":{"@type":"PropertyValueSpecification","valueRequired":true,"valueName":"search_term_string"}}],"inLanguage":"es"},{"@type":"Organization","@id":"https:\/\/www.esplac.cat\/#organization","name":"Esplac","url":"https:\/\/www.esplac.cat\/","logo":{"@type":"ImageObject","inLanguage":"es","@id":"https:\/\/www.esplac.cat\/#\/schema\/logo\/image\/","url":"https:\/\/www.esplac.cat\/wp-content\/uploads\/2019\/08\/logox2.png","contentUrl":"https:\/\/www.esplac.cat\/wp-content\/uploads\/2019\/08\/logox2.png","width":600,"height":295,"caption":"Esplac"},"image":{"@id":"https:\/\/www.esplac.cat\/#\/schema\/logo\/image\/"}},{"@type":"Person","@id":"https:\/\/www.esplac.cat\/#\/schema\/person\/908383cf240be18b68f8855d0583faca","name":"Comunicaci\u00f3 Esplac","image":{"@type":"ImageObject","inLanguage":"es","@id":"https:\/\/secure.gravatar.com\/avatar\/7a4cf8feb412a76ea4a740ca02d95b06b2907b5a6c648c2dd0a1082a093c3141?s=96&d=mm&r=g","url":"https:\/\/secure.gravatar.com\/avatar\/7a4cf8feb412a76ea4a740ca02d95b06b2907b5a6c648c2dd0a1082a093c3141?s=96&d=mm&r=g","contentUrl":"https:\/\/secure.gravatar.com\/avatar\/7a4cf8feb412a76ea4a740ca02d95b06b2907b5a6c648c2dd0a1082a093c3141?s=96&d=mm&r=g","caption":"Comunicaci\u00f3 Esplac"}}]}},"_links":{"self":[{"href":"https:\/\/www.esplac.cat\/es\/wp-json\/wp\/v2\/posts\/24241","targetHints":{"allow":["GET"]}}],"collection":[{"href":"https:\/\/www.esplac.cat\/es\/wp-json\/wp\/v2\/posts"}],"about":[{"href":"https:\/\/www.esplac.cat\/es\/wp-json\/wp\/v2\/types\/post"}],"author":[{"embeddable":true,"href":"https:\/\/www.esplac.cat\/es\/wp-json\/wp\/v2\/users\/3"}],"replies":[{"embeddable":true,"href":"https:\/\/www.esplac.cat\/es\/wp-json\/wp\/v2\/comments?post=24241"}],"version-history":[{"count":0,"href":"https:\/\/www.esplac.cat\/es\/wp-json\/wp\/v2\/posts\/24241\/revisions"}],"wp:featuredmedia":[{"embeddable":true,"href":"https:\/\/www.esplac.cat\/es\/wp-json\/wp\/v2\/media\/24242"}],"wp:attachment":[{"href":"https:\/\/www.esplac.cat\/es\/wp-json\/wp\/v2\/media?parent=24241"}],"wp:term":[{"taxonomy":"category","embeddable":true,"href":"https:\/\/www.esplac.cat\/es\/wp-json\/wp\/v2\/categories?post=24241"},{"taxonomy":"post_tag","embeddable":true,"href":"https:\/\/www.esplac.cat\/es\/wp-json\/wp\/v2\/tags?post=24241"}],"curies":[{"name":"wp","href":"https:\/\/api.w.org\/{rel}","templated":true}]}}