{"id":24262,"date":"2017-06-09T16:21:48","date_gmt":"2017-06-09T14:21:48","guid":{"rendered":"http:\/\/www.esplac.cat\/?p=15093"},"modified":"2019-09-30T17:40:02","modified_gmt":"2019-09-30T15:40:02","slug":"els-esplais-catalans-a-favor-dexercir-el-dret-dautodeterminacio","status":"publish","type":"post","link":"https:\/\/www.esplac.cat\/es\/els-esplais-catalans-a-favor-dexercir-el-dret-dautodeterminacio\/","title":{"rendered":"Els esplais catalans, a favor d&#8217;exercir el dret d&#8217;autodeterminaci\u00f3"},"content":{"rendered":"<p>A l\u2019Assemblea General de novembre de 2012 a Sant Adri\u00e0 del Bes\u00f2s, Esplais Catalans v\u00e0rem aprovar una resoluci\u00f3 titulada: \u201c<a href=\"http:\/\/esplac.cat\/wp-content\/uploads\/2012\/10\/decidim_decidir.pdf\" target=\"_blank\" rel=\"noopener noreferrer\">Els esplais catalans decidim decidir<\/a>\u201d, on <strong>defens\u00e0vem el dret a l\u2019autodeterminaci\u00f3 del poble de Catalunya<\/strong>. La resoluci\u00f3 venia precedida de la manifestaci\u00f3 de l\u201911 de setembre del mateix any que va aplegar un mili\u00f3 de persones sota el lema \u201cCatalunya, nou estat d\u2019Europa\u201d. En la resoluci\u00f3 reclam\u00e0vem que \u201cla presa de decisions ha de respondre a la voluntat col\u00b7lectiva del conjunt dels ciutadans i ciutadanes\u201d i consider\u00e0vem \u201coport\u00fa i necessari <strong>que es consulti a la ciutadania sobre quin model de pa\u00eds desitja<\/strong>, entenent que tota reivindicaci\u00f3 nacional \u00e9s indestriable dels drets i la cohesi\u00f3 social\u201d i ens mostr\u00e0vem favorables a \u201cprendre posici\u00f3 a favor de les possibles consultes a la ciutadania que puguin esdevenir en un futur proper\u201d.<\/p>\n<p>El 8 de setembre de 2014, Esplais Catalans emet\u00edem un<a href=\"http:\/\/www.esplac.cat\/els-esplais-decidim-decidir\/\" target=\"_blank\" rel=\"noopener noreferrer\"> comunicat<\/a> convocant a la manifestaci\u00f3 de l\u201911 de setembre \u201cVia Catalana\u201d organitzada per l\u2019ANC i \u00d2mnium Cultural, juntament amb la resta d\u2019entitats agrupades sota la campanya \u201cPer una Catalunya Social\u201d per <strong>donar suport al dret a decidir de Catalunya i a la celebraci\u00f3 de la consulta ciutadana del 9 de novembre<\/strong> d\u2019aquell any on hi varen participar 2.340.000 persones.<\/p>\n<p>L\u2019<strong>11 de setembre de 2015<\/strong> emet\u00edem un nou <a href=\"http:\/\/www.esplac.cat\/esplais-catalans-i-la-diada-nacional-de-catalunya\/\" target=\"_blank\" rel=\"noopener noreferrer\">comunicat <\/a>en motiu de Diada Nacional de Catalunya, on reafirm\u00e0vem \u201cel nostre comprom\u00eds i convenciment que nom\u00e9s a trav\u00e9s de les urnes es podr\u00e0 decidir quin \u00e9s el cam\u00ed que ha de prendre Catalunya. Entenem que les eleccions convocades pel 27 de setembre s\u00f3n un pas m\u00e9s per definir la voluntat de la ciutadania catalana\u201d. El <strong>27 de setembre<\/strong>, a les eleccions al Parlament de Catalunya, amb una participaci\u00f3 del 77,48% de l\u2019electorat, les candidatures n\u00edtidament partid\u00e0ries de la independ\u00e8ncia de Catalunya van obtenir el 48% dels sufragis i 72 diputats i diputades. Les candidatures n\u00edtidament contr\u00e0ries varen obtenir el 39% dels vots i 52 diputats i diputades.<\/p>\n<p>Al llarg del 2016 i durant el principi del 2017 el Govern de la Generalitat ha expressat en reiterades ocasions el comprom\u00eds d\u2019organitzar un refer\u00e8ndum vinculant sobre el futur pol\u00edtic del pa\u00eds com a molt tard el setembre de 2017.<\/p>\n<p>D\u2019acord amb tot l\u2019anterior des d\u2019Esplais Catalans volem manifestar el seg\u00fcent:<\/p>\n<ul>\n<li>Reafirmem el nostre comprom\u00eds amb el <strong>dret d\u2019autodeterminaci\u00f3 de Catalunya.<\/strong> Considerem que el dret a participar i decidir \u00e9s un valor intr\u00ednsec d\u2019Esplais Catalans.<\/li>\n<li>D\u2019acord amb totes les enquestes i sondejos <strong>entre el 70 el 80% de la poblaci\u00f3 catalana est\u00e0 d\u2019acord en la celebraci\u00f3 d\u2019un refer\u00e8ndum d\u2019autodeterminaci\u00f3<\/strong>. El refer\u00e8ndum compta doncs amb un gran suport social.<\/li>\n<li>Reconeixem que el conflicte entre l\u2019estat espanyol i les institucions catalanes \u00e9s d\u2019indole pol\u00edtica, i <strong>nom\u00e9s es podr\u00e0 resoldre a trav\u00e9s d\u2019un refer\u00e8ndum vinculant on tota la ciutadania de Catalunya pugui expressar lliurement la seva voluntat.<\/strong><\/li>\n<li>Entenem, d\u2019acord amb un gran nombre de juristes, que <strong>l\u2019ordenament jur\u00eddic espanyol permet la convocat\u00f2ria i celebraci\u00f3 d\u2019un refer\u00e8ndum a Catalunya<\/strong>, i que es tracta de voluntat i valentia pol\u00edtica dur-lo a terme.<\/li>\n<li>Considerem com a millor opci\u00f3 la celebraci\u00f3 d\u2019un refer\u00e8ndum pactat entre les institucions espanyoles i catalans, no obstant, <strong>la negativa de l\u2019estat espanyol a negociar el refer\u00e8ndum no pot suposar en cap cas la ren\u00fancia de Catalunya a exercir la seva sobirania.<\/strong> Defensar \u00fanicament un refer\u00e8ndum pactat equival a negar el dret a l\u2019autodeterminaci\u00f3 de Catalunya.<\/li>\n<\/ul>\n<p>I per tot aix\u00f2, des d\u2019Esplais Catalans:<\/p>\n<ul>\n<li><strong>Ens adherim al Pacte Nacional pel Refer\u00e8ndum<\/strong> i animem a la resta d\u2019associacions i entitats amb les quals treballem a que tamb\u00e9 s\u2019hi adhereixin.<\/li>\n<li>Defensem el Parlament de Catalunya com la instituci\u00f3 que acull la sobirania de Catalunya, i per tant reconeixem la seva legitimitat per debatre i pronunciar-se sobre tot all\u00f2 que consideri oport\u00fa.<\/li>\n<li>Demanem <strong>al Govern de l\u2019estat espanyol que s\u2019assegui a negociar el refer\u00e8ndum<\/strong> amb el Govern catal\u00e0 i abandoni l\u2019\u00fas de la via judicial per enfrontar-se al proc\u00e9s pol\u00edtic catal\u00e0.<\/li>\n<li>Instem al <strong>Govern de la Generalitat a continuar treballant per aconseguir un refer\u00e8ndum pactat,<\/strong> per\u00f2 que en abs\u00e8ncia d\u2019acord, exerceixi la seva pr\u00f2pia sobirania i l\u2019organitzi igualment.<\/li>\n<li>Demanem <strong>al Govern de la Generalitat que s\u2019asseguri que tota la ciutadania se senti cridada a la participaci\u00f3 del refer\u00e8ndum<\/strong> i que totes les postures siguin correctement representades durant la campanya pr\u00e8via.<\/li>\n<li>Demanem al <strong>CNJC<\/strong> que davant la convocat\u00f2ria del refer\u00e8ndum per part de la Generalitat, acordat o no, li doni suport i <strong>dugui a terme una campanya de foment del vot jove,<\/strong> com amb la resta de convocat\u00f2ries electorals.<\/li>\n<li>Ens <strong>comprometem a fer extensiu aquest posicionament a l\u2019Intenational Falcon Movement -Socialist Education International<\/strong> per tal que aquest el faci arribar a les diferents entitats membres d\u2019arreu del m\u00f3n.<\/li>\n<\/ul>\n<p><em>** Posicionament aprovat pels esplais d\u2019Esplac mitjan\u00e7ant el <a href=\"http:\/\/www.esplac.cat\/circuit-de-posicionaments-i-adhesions\/\" target=\"_blank\" rel=\"noopener noreferrer\">circuit per aprovar posicionaments i adhesions d\u2019Esplais Catalans<\/a>, segons el qual:<\/em><\/p>\n<p><em>La votaci\u00f3\u00a0ha estat realitzada a trav\u00e9s de l\u2019Esplacnet. Tots els esplais han pogut votar a favor, en blanc o en contra del text proposat al llarg d&#8217;un mes.\u00a0L\u2019acord per aprovar el posicionament ha estat pres\u00a0per majoria absoluta (m\u00e9s vots a favor que la suma dels vots en contra i en blanc) i ha estat necessari, com a m\u00ednim, el vot de 21 esplais (un 20% del total).<\/em><\/p>\n","protected":false},"excerpt":{"rendered":"<p>A l\u2019Assemblea General de novembre de 2012 a Sant Adri\u00e0 [&hellip;]<\/p>\n","protected":false},"author":3,"featured_media":24263,"comment_status":"closed","ping_status":"open","sticky":false,"template":"","format":"standard","meta":{"om_disable_all_campaigns":false,"_monsterinsights_skip_tracking":false,"_monsterinsights_sitenote_active":false,"_monsterinsights_sitenote_note":"","_monsterinsights_sitenote_category":0,"_uf_show_specific_survey":0,"_uf_disable_surveys":false,"footnotes":""},"categories":[1127,1],"tags":[319,320,326,936],"class_list":["post-24262","post","type-post","status-publish","format-standard","has-post-thumbnail","hentry","category-comunicats-posicionaments","category-sense-categoria","tag-autodeterminacio","tag-catalunya","tag-posicionament","tag-referendum"],"yoast_head":"<!-- This site is optimized with the Yoast SEO plugin v27.4 - https:\/\/yoast.com\/product\/yoast-seo-wordpress\/ -->\n<title>Els esplais catalans, a favor d&#039;exercir el dret d&#039;autodeterminaci\u00f3 - Esplac<\/title>\n<meta name=\"robots\" content=\"index, follow, max-snippet:-1, max-image-preview:large, max-video-preview:-1\" \/>\n<link rel=\"canonical\" href=\"https:\/\/www.esplac.cat\/els-esplais-catalans-a-favor-dexercir-el-dret-dautodeterminacio\/\" \/>\n<meta property=\"og:locale\" content=\"es_ES\" \/>\n<meta property=\"og:type\" content=\"article\" \/>\n<meta property=\"og:title\" content=\"Els esplais catalans, a favor d&#039;exercir el dret d&#039;autodeterminaci\u00f3 - Esplac\" \/>\n<meta property=\"og:description\" content=\"A l\u2019Assemblea General de novembre de 2012 a Sant Adri\u00e0 [&hellip;]\" \/>\n<meta property=\"og:url\" content=\"https:\/\/www.esplac.cat\/els-esplais-catalans-a-favor-dexercir-el-dret-dautodeterminacio\/\" \/>\n<meta property=\"og:site_name\" content=\"Esplac\" \/>\n<meta property=\"article:published_time\" content=\"2017-06-09T14:21:48+00:00\" \/>\n<meta property=\"article:modified_time\" content=\"2019-09-30T15:40:02+00:00\" \/>\n<meta property=\"og:image\" content=\"https:\/\/www.esplac.cat\/wp-content\/uploads\/2017\/05\/posicionament1.jpg\" \/>\n\t<meta property=\"og:image:width\" content=\"847\" \/>\n\t<meta property=\"og:image:height\" content=\"350\" \/>\n\t<meta property=\"og:image:type\" content=\"image\/jpeg\" \/>\n<meta name=\"author\" content=\"Comunicaci\u00f3 Esplac\" \/>\n<meta name=\"twitter:card\" content=\"summary_large_image\" \/>\n<meta name=\"twitter:label1\" content=\"Escrito por\" \/>\n\t<meta name=\"twitter:data1\" content=\"Comunicaci\u00f3 Esplac\" \/>\n\t<meta name=\"twitter:label2\" content=\"Tiempo de lectura\" \/>\n\t<meta name=\"twitter:data2\" content=\"5 minutos\" \/>\n<script type=\"application\/ld+json\" class=\"yoast-schema-graph\">{\"@context\":\"https:\\\/\\\/schema.org\",\"@graph\":[{\"@type\":\"Article\",\"@id\":\"https:\\\/\\\/www.esplac.cat\\\/els-esplais-catalans-a-favor-dexercir-el-dret-dautodeterminacio\\\/#article\",\"isPartOf\":{\"@id\":\"https:\\\/\\\/www.esplac.cat\\\/els-esplais-catalans-a-favor-dexercir-el-dret-dautodeterminacio\\\/\"},\"author\":{\"name\":\"Comunicaci\u00f3 Esplac\",\"@id\":\"https:\\\/\\\/www.esplac.cat\\\/#\\\/schema\\\/person\\\/908383cf240be18b68f8855d0583faca\"},\"headline\":\"Els esplais catalans, a favor d&#8217;exercir el dret d&#8217;autodeterminaci\u00f3\",\"datePublished\":\"2017-06-09T14:21:48+00:00\",\"dateModified\":\"2019-09-30T15:40:02+00:00\",\"mainEntityOfPage\":{\"@id\":\"https:\\\/\\\/www.esplac.cat\\\/els-esplais-catalans-a-favor-dexercir-el-dret-dautodeterminacio\\\/\"},\"wordCount\":952,\"publisher\":{\"@id\":\"https:\\\/\\\/www.esplac.cat\\\/#organization\"},\"image\":{\"@id\":\"https:\\\/\\\/www.esplac.cat\\\/els-esplais-catalans-a-favor-dexercir-el-dret-dautodeterminacio\\\/#primaryimage\"},\"thumbnailUrl\":\"https:\\\/\\\/www.esplac.cat\\\/wp-content\\\/uploads\\\/2017\\\/05\\\/posicionament1.jpg\",\"keywords\":[\"autodeterminaci\u00f3\",\"catalunya\",\"posicionament\",\"refer\u00e8ndum\"],\"articleSection\":[\"Comunicats i posicionaments\",\"Sense categoria\"],\"inLanguage\":\"es\"},{\"@type\":\"WebPage\",\"@id\":\"https:\\\/\\\/www.esplac.cat\\\/els-esplais-catalans-a-favor-dexercir-el-dret-dautodeterminacio\\\/\",\"url\":\"https:\\\/\\\/www.esplac.cat\\\/els-esplais-catalans-a-favor-dexercir-el-dret-dautodeterminacio\\\/\",\"name\":\"Els esplais catalans, a favor d'exercir el dret d'autodeterminaci\u00f3 - Esplac\",\"isPartOf\":{\"@id\":\"https:\\\/\\\/www.esplac.cat\\\/#website\"},\"primaryImageOfPage\":{\"@id\":\"https:\\\/\\\/www.esplac.cat\\\/els-esplais-catalans-a-favor-dexercir-el-dret-dautodeterminacio\\\/#primaryimage\"},\"image\":{\"@id\":\"https:\\\/\\\/www.esplac.cat\\\/els-esplais-catalans-a-favor-dexercir-el-dret-dautodeterminacio\\\/#primaryimage\"},\"thumbnailUrl\":\"https:\\\/\\\/www.esplac.cat\\\/wp-content\\\/uploads\\\/2017\\\/05\\\/posicionament1.jpg\",\"datePublished\":\"2017-06-09T14:21:48+00:00\",\"dateModified\":\"2019-09-30T15:40:02+00:00\",\"breadcrumb\":{\"@id\":\"https:\\\/\\\/www.esplac.cat\\\/els-esplais-catalans-a-favor-dexercir-el-dret-dautodeterminacio\\\/#breadcrumb\"},\"inLanguage\":\"es\",\"potentialAction\":[{\"@type\":\"ReadAction\",\"target\":[\"https:\\\/\\\/www.esplac.cat\\\/els-esplais-catalans-a-favor-dexercir-el-dret-dautodeterminacio\\\/\"]}]},{\"@type\":\"ImageObject\",\"inLanguage\":\"es\",\"@id\":\"https:\\\/\\\/www.esplac.cat\\\/els-esplais-catalans-a-favor-dexercir-el-dret-dautodeterminacio\\\/#primaryimage\",\"url\":\"https:\\\/\\\/www.esplac.cat\\\/wp-content\\\/uploads\\\/2017\\\/05\\\/posicionament1.jpg\",\"contentUrl\":\"https:\\\/\\\/www.esplac.cat\\\/wp-content\\\/uploads\\\/2017\\\/05\\\/posicionament1.jpg\",\"width\":847,\"height\":350},{\"@type\":\"BreadcrumbList\",\"@id\":\"https:\\\/\\\/www.esplac.cat\\\/els-esplais-catalans-a-favor-dexercir-el-dret-dautodeterminacio\\\/#breadcrumb\",\"itemListElement\":[{\"@type\":\"ListItem\",\"position\":1,\"name\":\"Inici\",\"item\":\"https:\\\/\\\/www.esplac.cat\\\/es\\\/\"},{\"@type\":\"ListItem\",\"position\":2,\"name\":\"Els esplais catalans, a favor d&#8217;exercir el dret d&#8217;autodeterminaci\u00f3\"}]},{\"@type\":\"WebSite\",\"@id\":\"https:\\\/\\\/www.esplac.cat\\\/#website\",\"url\":\"https:\\\/\\\/www.esplac.cat\\\/\",\"name\":\"Esplac\",\"description\":\"Esplais Catalans\",\"publisher\":{\"@id\":\"https:\\\/\\\/www.esplac.cat\\\/#organization\"},\"potentialAction\":[{\"@type\":\"SearchAction\",\"target\":{\"@type\":\"EntryPoint\",\"urlTemplate\":\"https:\\\/\\\/www.esplac.cat\\\/?s={search_term_string}\"},\"query-input\":{\"@type\":\"PropertyValueSpecification\",\"valueRequired\":true,\"valueName\":\"search_term_string\"}}],\"inLanguage\":\"es\"},{\"@type\":\"Organization\",\"@id\":\"https:\\\/\\\/www.esplac.cat\\\/#organization\",\"name\":\"Esplac\",\"url\":\"https:\\\/\\\/www.esplac.cat\\\/\",\"logo\":{\"@type\":\"ImageObject\",\"inLanguage\":\"es\",\"@id\":\"https:\\\/\\\/www.esplac.cat\\\/#\\\/schema\\\/logo\\\/image\\\/\",\"url\":\"https:\\\/\\\/www.esplac.cat\\\/wp-content\\\/uploads\\\/2019\\\/08\\\/logox2.png\",\"contentUrl\":\"https:\\\/\\\/www.esplac.cat\\\/wp-content\\\/uploads\\\/2019\\\/08\\\/logox2.png\",\"width\":600,\"height\":295,\"caption\":\"Esplac\"},\"image\":{\"@id\":\"https:\\\/\\\/www.esplac.cat\\\/#\\\/schema\\\/logo\\\/image\\\/\"}},{\"@type\":\"Person\",\"@id\":\"https:\\\/\\\/www.esplac.cat\\\/#\\\/schema\\\/person\\\/908383cf240be18b68f8855d0583faca\",\"name\":\"Comunicaci\u00f3 Esplac\",\"image\":{\"@type\":\"ImageObject\",\"inLanguage\":\"es\",\"@id\":\"https:\\\/\\\/secure.gravatar.com\\\/avatar\\\/7a4cf8feb412a76ea4a740ca02d95b06b2907b5a6c648c2dd0a1082a093c3141?s=96&d=mm&r=g\",\"url\":\"https:\\\/\\\/secure.gravatar.com\\\/avatar\\\/7a4cf8feb412a76ea4a740ca02d95b06b2907b5a6c648c2dd0a1082a093c3141?s=96&d=mm&r=g\",\"contentUrl\":\"https:\\\/\\\/secure.gravatar.com\\\/avatar\\\/7a4cf8feb412a76ea4a740ca02d95b06b2907b5a6c648c2dd0a1082a093c3141?s=96&d=mm&r=g\",\"caption\":\"Comunicaci\u00f3 Esplac\"}}]}<\/script>\n<!-- \/ Yoast SEO plugin. -->","yoast_head_json":{"title":"Els esplais catalans, a favor d'exercir el dret d'autodeterminaci\u00f3 - Esplac","robots":{"index":"index","follow":"follow","max-snippet":"max-snippet:-1","max-image-preview":"max-image-preview:large","max-video-preview":"max-video-preview:-1"},"canonical":"https:\/\/www.esplac.cat\/els-esplais-catalans-a-favor-dexercir-el-dret-dautodeterminacio\/","og_locale":"es_ES","og_type":"article","og_title":"Els esplais catalans, a favor d'exercir el dret d'autodeterminaci\u00f3 - Esplac","og_description":"A l\u2019Assemblea General de novembre de 2012 a Sant Adri\u00e0 [&hellip;]","og_url":"https:\/\/www.esplac.cat\/els-esplais-catalans-a-favor-dexercir-el-dret-dautodeterminacio\/","og_site_name":"Esplac","article_published_time":"2017-06-09T14:21:48+00:00","article_modified_time":"2019-09-30T15:40:02+00:00","og_image":[{"width":847,"height":350,"url":"https:\/\/www.esplac.cat\/wp-content\/uploads\/2017\/05\/posicionament1.jpg","type":"image\/jpeg"}],"author":"Comunicaci\u00f3 Esplac","twitter_card":"summary_large_image","twitter_misc":{"Escrito por":"Comunicaci\u00f3 Esplac","Tiempo de lectura":"5 minutos"},"schema":{"@context":"https:\/\/schema.org","@graph":[{"@type":"Article","@id":"https:\/\/www.esplac.cat\/els-esplais-catalans-a-favor-dexercir-el-dret-dautodeterminacio\/#article","isPartOf":{"@id":"https:\/\/www.esplac.cat\/els-esplais-catalans-a-favor-dexercir-el-dret-dautodeterminacio\/"},"author":{"name":"Comunicaci\u00f3 Esplac","@id":"https:\/\/www.esplac.cat\/#\/schema\/person\/908383cf240be18b68f8855d0583faca"},"headline":"Els esplais catalans, a favor d&#8217;exercir el dret d&#8217;autodeterminaci\u00f3","datePublished":"2017-06-09T14:21:48+00:00","dateModified":"2019-09-30T15:40:02+00:00","mainEntityOfPage":{"@id":"https:\/\/www.esplac.cat\/els-esplais-catalans-a-favor-dexercir-el-dret-dautodeterminacio\/"},"wordCount":952,"publisher":{"@id":"https:\/\/www.esplac.cat\/#organization"},"image":{"@id":"https:\/\/www.esplac.cat\/els-esplais-catalans-a-favor-dexercir-el-dret-dautodeterminacio\/#primaryimage"},"thumbnailUrl":"https:\/\/www.esplac.cat\/wp-content\/uploads\/2017\/05\/posicionament1.jpg","keywords":["autodeterminaci\u00f3","catalunya","posicionament","refer\u00e8ndum"],"articleSection":["Comunicats i posicionaments","Sense categoria"],"inLanguage":"es"},{"@type":"WebPage","@id":"https:\/\/www.esplac.cat\/els-esplais-catalans-a-favor-dexercir-el-dret-dautodeterminacio\/","url":"https:\/\/www.esplac.cat\/els-esplais-catalans-a-favor-dexercir-el-dret-dautodeterminacio\/","name":"Els esplais catalans, a favor d'exercir el dret d'autodeterminaci\u00f3 - Esplac","isPartOf":{"@id":"https:\/\/www.esplac.cat\/#website"},"primaryImageOfPage":{"@id":"https:\/\/www.esplac.cat\/els-esplais-catalans-a-favor-dexercir-el-dret-dautodeterminacio\/#primaryimage"},"image":{"@id":"https:\/\/www.esplac.cat\/els-esplais-catalans-a-favor-dexercir-el-dret-dautodeterminacio\/#primaryimage"},"thumbnailUrl":"https:\/\/www.esplac.cat\/wp-content\/uploads\/2017\/05\/posicionament1.jpg","datePublished":"2017-06-09T14:21:48+00:00","dateModified":"2019-09-30T15:40:02+00:00","breadcrumb":{"@id":"https:\/\/www.esplac.cat\/els-esplais-catalans-a-favor-dexercir-el-dret-dautodeterminacio\/#breadcrumb"},"inLanguage":"es","potentialAction":[{"@type":"ReadAction","target":["https:\/\/www.esplac.cat\/els-esplais-catalans-a-favor-dexercir-el-dret-dautodeterminacio\/"]}]},{"@type":"ImageObject","inLanguage":"es","@id":"https:\/\/www.esplac.cat\/els-esplais-catalans-a-favor-dexercir-el-dret-dautodeterminacio\/#primaryimage","url":"https:\/\/www.esplac.cat\/wp-content\/uploads\/2017\/05\/posicionament1.jpg","contentUrl":"https:\/\/www.esplac.cat\/wp-content\/uploads\/2017\/05\/posicionament1.jpg","width":847,"height":350},{"@type":"BreadcrumbList","@id":"https:\/\/www.esplac.cat\/els-esplais-catalans-a-favor-dexercir-el-dret-dautodeterminacio\/#breadcrumb","itemListElement":[{"@type":"ListItem","position":1,"name":"Inici","item":"https:\/\/www.esplac.cat\/es\/"},{"@type":"ListItem","position":2,"name":"Els esplais catalans, a favor d&#8217;exercir el dret d&#8217;autodeterminaci\u00f3"}]},{"@type":"WebSite","@id":"https:\/\/www.esplac.cat\/#website","url":"https:\/\/www.esplac.cat\/","name":"Esplac","description":"Esplais Catalans","publisher":{"@id":"https:\/\/www.esplac.cat\/#organization"},"potentialAction":[{"@type":"SearchAction","target":{"@type":"EntryPoint","urlTemplate":"https:\/\/www.esplac.cat\/?s={search_term_string}"},"query-input":{"@type":"PropertyValueSpecification","valueRequired":true,"valueName":"search_term_string"}}],"inLanguage":"es"},{"@type":"Organization","@id":"https:\/\/www.esplac.cat\/#organization","name":"Esplac","url":"https:\/\/www.esplac.cat\/","logo":{"@type":"ImageObject","inLanguage":"es","@id":"https:\/\/www.esplac.cat\/#\/schema\/logo\/image\/","url":"https:\/\/www.esplac.cat\/wp-content\/uploads\/2019\/08\/logox2.png","contentUrl":"https:\/\/www.esplac.cat\/wp-content\/uploads\/2019\/08\/logox2.png","width":600,"height":295,"caption":"Esplac"},"image":{"@id":"https:\/\/www.esplac.cat\/#\/schema\/logo\/image\/"}},{"@type":"Person","@id":"https:\/\/www.esplac.cat\/#\/schema\/person\/908383cf240be18b68f8855d0583faca","name":"Comunicaci\u00f3 Esplac","image":{"@type":"ImageObject","inLanguage":"es","@id":"https:\/\/secure.gravatar.com\/avatar\/7a4cf8feb412a76ea4a740ca02d95b06b2907b5a6c648c2dd0a1082a093c3141?s=96&d=mm&r=g","url":"https:\/\/secure.gravatar.com\/avatar\/7a4cf8feb412a76ea4a740ca02d95b06b2907b5a6c648c2dd0a1082a093c3141?s=96&d=mm&r=g","contentUrl":"https:\/\/secure.gravatar.com\/avatar\/7a4cf8feb412a76ea4a740ca02d95b06b2907b5a6c648c2dd0a1082a093c3141?s=96&d=mm&r=g","caption":"Comunicaci\u00f3 Esplac"}}]}},"_links":{"self":[{"href":"https:\/\/www.esplac.cat\/es\/wp-json\/wp\/v2\/posts\/24262","targetHints":{"allow":["GET"]}}],"collection":[{"href":"https:\/\/www.esplac.cat\/es\/wp-json\/wp\/v2\/posts"}],"about":[{"href":"https:\/\/www.esplac.cat\/es\/wp-json\/wp\/v2\/types\/post"}],"author":[{"embeddable":true,"href":"https:\/\/www.esplac.cat\/es\/wp-json\/wp\/v2\/users\/3"}],"replies":[{"embeddable":true,"href":"https:\/\/www.esplac.cat\/es\/wp-json\/wp\/v2\/comments?post=24262"}],"version-history":[{"count":0,"href":"https:\/\/www.esplac.cat\/es\/wp-json\/wp\/v2\/posts\/24262\/revisions"}],"wp:featuredmedia":[{"embeddable":true,"href":"https:\/\/www.esplac.cat\/es\/wp-json\/wp\/v2\/media\/24263"}],"wp:attachment":[{"href":"https:\/\/www.esplac.cat\/es\/wp-json\/wp\/v2\/media?parent=24262"}],"wp:term":[{"taxonomy":"category","embeddable":true,"href":"https:\/\/www.esplac.cat\/es\/wp-json\/wp\/v2\/categories?post=24262"},{"taxonomy":"post_tag","embeddable":true,"href":"https:\/\/www.esplac.cat\/es\/wp-json\/wp\/v2\/tags?post=24262"}],"curies":[{"name":"wp","href":"https:\/\/api.w.org\/{rel}","templated":true}]}}