{"id":24265,"date":"2017-06-07T16:13:03","date_gmt":"2017-06-07T14:13:03","guid":{"rendered":"http:\/\/www.esplac.cat\/?p=15083"},"modified":"2019-11-14T13:17:41","modified_gmt":"2019-11-14T11:17:41","slug":"leconomia-circular-el-tema-de-les-iv-jornades-ambientals","status":"publish","type":"post","link":"https:\/\/www.esplac.cat\/es\/leconomia-circular-el-tema-de-les-iv-jornades-ambientals\/","title":{"rendered":"L&#8217;economia circular, el tema de les IV Jornades Ambientals!"},"content":{"rendered":"<h4>Despr\u00e9s d&#8217;una proc\u00e9s participatiu on la comissi\u00f3 reduint petjada va recollir propostes dels Esplais i obrir un proc\u00e9s de votacions a l&#8217;Esplacnet, s&#8217;ha decdit que les properes Jornades Ambientals giraran al voltant de la tem\u00e0tica de l&#8217;economia circular.<\/h4>\n<p>Les IV jornades ambientals del curs 2016-17 ja tenen tema: L&#8217;economia circular. Per qu\u00e8 els esplais hem de parlar d&#8217;economia amb els infants i joves? Quina relaci\u00f3 t\u00e9 el medi ambient i l&#8217;economia? Qu\u00e8 \u00e9s ben b\u00e9 l&#8217;economia circular? I sobretot, quina relaci\u00f3 t\u00e9 aix\u00f2 amb els Esplais?<\/p>\n<p>Totes aquestes preguntes les respondrem\u00a0a les properes jornades ambientals que es\u00a0celebrar\u00e0n l&#8217;octubre d&#8217;aquest mateix any. La comissi\u00f3 que les prepara ja est\u00e0 amb les piles ben carregades\u00a0buscant ponents de primer nivell que ens facin reflexionar al voltant de la tem\u00e0tica!\u00a0Tamb\u00e9\u00a0cerquen espais c\u00f2modes i de f\u00e0cil acc\u00e9s, i estan comen\u00e7ant a donar voltes a\u00a0com ens alimentarem durant les jornades, una q\u00fcesti\u00f3 cabdal!<\/p>\n<p>Seguiu alerta als canals de comunicaci\u00f3 d&#8217;Esplac ja que all\u00e0 us hi anirem deixant m\u00e9s informaci\u00f3!<\/p>\n","protected":false},"excerpt":{"rendered":"<p>Despr\u00e9s d&#8217;una proc\u00e9s participatiu on la comissi\u00f3 reduint petjada va [&hellip;]<\/p>\n","protected":false},"author":3,"featured_media":24266,"comment_status":"closed","ping_status":"open","sticky":false,"template":"","format":"standard","meta":{"om_disable_all_campaigns":false,"_monsterinsights_skip_tracking":false,"_monsterinsights_sitenote_active":false,"_monsterinsights_sitenote_note":"","_monsterinsights_sitenote_category":0,"_uf_show_specific_survey":0,"_uf_disable_surveys":false,"footnotes":""},"categories":[1119,1161,1159,1],"tags":[29,935,83],"class_list":["post-24265","post","type-post","status-publish","format-standard","has-post-thumbnail","hentry","category-activitats-comissions-grups-de-treball","category-comissio-reduint-petjada","category-jornades-ambientals","category-sense-categoria","tag-economia-circular","tag-iv-jornades-ambientals","tag-reduint-petjada"],"yoast_head":"<!-- This site is optimized with the Yoast SEO plugin v27.4 - https:\/\/yoast.com\/product\/yoast-seo-wordpress\/ -->\n<title>L&#039;economia circular, el tema de les IV Jornades Ambientals! - Esplac<\/title>\n<meta name=\"robots\" content=\"index, follow, max-snippet:-1, max-image-preview:large, max-video-preview:-1\" \/>\n<link rel=\"canonical\" href=\"https:\/\/www.esplac.cat\/en\/leconomia-circular-el-tema-de-les-iv-jornades-ambientals\/\" \/>\n<meta property=\"og:locale\" content=\"es_ES\" \/>\n<meta property=\"og:type\" content=\"article\" \/>\n<meta property=\"og:title\" content=\"L&#039;economia circular, el tema de les IV Jornades Ambientals! - Esplac\" \/>\n<meta property=\"og:description\" content=\"Despr\u00e9s d&#8217;una proc\u00e9s participatiu on la comissi\u00f3 reduint petjada va [&hellip;]\" \/>\n<meta property=\"og:url\" content=\"https:\/\/www.esplac.cat\/en\/leconomia-circular-el-tema-de-les-iv-jornades-ambientals\/\" \/>\n<meta property=\"og:site_name\" content=\"Esplac\" \/>\n<meta property=\"article:published_time\" content=\"2017-06-07T14:13:03+00:00\" \/>\n<meta property=\"article:modified_time\" content=\"2019-11-14T11:17:41+00:00\" \/>\n<meta property=\"og:image\" content=\"https:\/\/www.esplac.cat\/wp-content\/uploads\/2017\/06\/ecocircu.jpg\" \/>\n\t<meta property=\"og:image:width\" content=\"847\" \/>\n\t<meta property=\"og:image:height\" content=\"350\" \/>\n\t<meta property=\"og:image:type\" content=\"image\/jpeg\" \/>\n<meta name=\"author\" content=\"Comunicaci\u00f3 Esplac\" \/>\n<meta name=\"twitter:card\" content=\"summary_large_image\" \/>\n<meta name=\"twitter:label1\" content=\"Escrito por\" \/>\n\t<meta name=\"twitter:data1\" content=\"Comunicaci\u00f3 Esplac\" \/>\n\t<meta name=\"twitter:label2\" content=\"Tiempo de lectura\" \/>\n\t<meta name=\"twitter:data2\" content=\"1 minuto\" \/>\n<script type=\"application\/ld+json\" class=\"yoast-schema-graph\">{\"@context\":\"https:\\\/\\\/schema.org\",\"@graph\":[{\"@type\":\"Article\",\"@id\":\"https:\\\/\\\/www.esplac.cat\\\/en\\\/leconomia-circular-el-tema-de-les-iv-jornades-ambientals\\\/#article\",\"isPartOf\":{\"@id\":\"https:\\\/\\\/www.esplac.cat\\\/en\\\/leconomia-circular-el-tema-de-les-iv-jornades-ambientals\\\/\"},\"author\":{\"name\":\"Comunicaci\u00f3 Esplac\",\"@id\":\"https:\\\/\\\/www.esplac.cat\\\/#\\\/schema\\\/person\\\/908383cf240be18b68f8855d0583faca\"},\"headline\":\"L&#8217;economia circular, el tema de les IV Jornades Ambientals!\",\"datePublished\":\"2017-06-07T14:13:03+00:00\",\"dateModified\":\"2019-11-14T11:17:41+00:00\",\"mainEntityOfPage\":{\"@id\":\"https:\\\/\\\/www.esplac.cat\\\/en\\\/leconomia-circular-el-tema-de-les-iv-jornades-ambientals\\\/\"},\"wordCount\":202,\"publisher\":{\"@id\":\"https:\\\/\\\/www.esplac.cat\\\/#organization\"},\"image\":{\"@id\":\"https:\\\/\\\/www.esplac.cat\\\/en\\\/leconomia-circular-el-tema-de-les-iv-jornades-ambientals\\\/#primaryimage\"},\"thumbnailUrl\":\"https:\\\/\\\/www.esplac.cat\\\/wp-content\\\/uploads\\\/2017\\\/06\\\/ecocircu.jpg\",\"keywords\":[\"Economia circular\",\"IV Jornades Ambientals\",\"reduint petjada\"],\"articleSection\":[\"Activitats comissions i grups de treball\",\"Comissi\u00f3 Reduint Petjada\",\"Jornades ambientals\",\"Sense categoria\"],\"inLanguage\":\"es\"},{\"@type\":\"WebPage\",\"@id\":\"https:\\\/\\\/www.esplac.cat\\\/en\\\/leconomia-circular-el-tema-de-les-iv-jornades-ambientals\\\/\",\"url\":\"https:\\\/\\\/www.esplac.cat\\\/en\\\/leconomia-circular-el-tema-de-les-iv-jornades-ambientals\\\/\",\"name\":\"L'economia circular, el tema de les IV Jornades Ambientals! - Esplac\",\"isPartOf\":{\"@id\":\"https:\\\/\\\/www.esplac.cat\\\/#website\"},\"primaryImageOfPage\":{\"@id\":\"https:\\\/\\\/www.esplac.cat\\\/en\\\/leconomia-circular-el-tema-de-les-iv-jornades-ambientals\\\/#primaryimage\"},\"image\":{\"@id\":\"https:\\\/\\\/www.esplac.cat\\\/en\\\/leconomia-circular-el-tema-de-les-iv-jornades-ambientals\\\/#primaryimage\"},\"thumbnailUrl\":\"https:\\\/\\\/www.esplac.cat\\\/wp-content\\\/uploads\\\/2017\\\/06\\\/ecocircu.jpg\",\"datePublished\":\"2017-06-07T14:13:03+00:00\",\"dateModified\":\"2019-11-14T11:17:41+00:00\",\"breadcrumb\":{\"@id\":\"https:\\\/\\\/www.esplac.cat\\\/en\\\/leconomia-circular-el-tema-de-les-iv-jornades-ambientals\\\/#breadcrumb\"},\"inLanguage\":\"es\",\"potentialAction\":[{\"@type\":\"ReadAction\",\"target\":[\"https:\\\/\\\/www.esplac.cat\\\/en\\\/leconomia-circular-el-tema-de-les-iv-jornades-ambientals\\\/\"]}]},{\"@type\":\"ImageObject\",\"inLanguage\":\"es\",\"@id\":\"https:\\\/\\\/www.esplac.cat\\\/en\\\/leconomia-circular-el-tema-de-les-iv-jornades-ambientals\\\/#primaryimage\",\"url\":\"https:\\\/\\\/www.esplac.cat\\\/wp-content\\\/uploads\\\/2017\\\/06\\\/ecocircu.jpg\",\"contentUrl\":\"https:\\\/\\\/www.esplac.cat\\\/wp-content\\\/uploads\\\/2017\\\/06\\\/ecocircu.jpg\",\"width\":847,\"height\":350},{\"@type\":\"BreadcrumbList\",\"@id\":\"https:\\\/\\\/www.esplac.cat\\\/en\\\/leconomia-circular-el-tema-de-les-iv-jornades-ambientals\\\/#breadcrumb\",\"itemListElement\":[{\"@type\":\"ListItem\",\"position\":1,\"name\":\"Inici\",\"item\":\"https:\\\/\\\/www.esplac.cat\\\/es\\\/\"},{\"@type\":\"ListItem\",\"position\":2,\"name\":\"L&#8217;economia circular, el tema de les IV Jornades Ambientals!\"}]},{\"@type\":\"WebSite\",\"@id\":\"https:\\\/\\\/www.esplac.cat\\\/#website\",\"url\":\"https:\\\/\\\/www.esplac.cat\\\/\",\"name\":\"Esplac\",\"description\":\"Esplais Catalans\",\"publisher\":{\"@id\":\"https:\\\/\\\/www.esplac.cat\\\/#organization\"},\"potentialAction\":[{\"@type\":\"SearchAction\",\"target\":{\"@type\":\"EntryPoint\",\"urlTemplate\":\"https:\\\/\\\/www.esplac.cat\\\/?s={search_term_string}\"},\"query-input\":{\"@type\":\"PropertyValueSpecification\",\"valueRequired\":true,\"valueName\":\"search_term_string\"}}],\"inLanguage\":\"es\"},{\"@type\":\"Organization\",\"@id\":\"https:\\\/\\\/www.esplac.cat\\\/#organization\",\"name\":\"Esplac\",\"url\":\"https:\\\/\\\/www.esplac.cat\\\/\",\"logo\":{\"@type\":\"ImageObject\",\"inLanguage\":\"es\",\"@id\":\"https:\\\/\\\/www.esplac.cat\\\/#\\\/schema\\\/logo\\\/image\\\/\",\"url\":\"https:\\\/\\\/www.esplac.cat\\\/wp-content\\\/uploads\\\/2019\\\/08\\\/logox2.png\",\"contentUrl\":\"https:\\\/\\\/www.esplac.cat\\\/wp-content\\\/uploads\\\/2019\\\/08\\\/logox2.png\",\"width\":600,\"height\":295,\"caption\":\"Esplac\"},\"image\":{\"@id\":\"https:\\\/\\\/www.esplac.cat\\\/#\\\/schema\\\/logo\\\/image\\\/\"}},{\"@type\":\"Person\",\"@id\":\"https:\\\/\\\/www.esplac.cat\\\/#\\\/schema\\\/person\\\/908383cf240be18b68f8855d0583faca\",\"name\":\"Comunicaci\u00f3 Esplac\",\"image\":{\"@type\":\"ImageObject\",\"inLanguage\":\"es\",\"@id\":\"https:\\\/\\\/secure.gravatar.com\\\/avatar\\\/7a4cf8feb412a76ea4a740ca02d95b06b2907b5a6c648c2dd0a1082a093c3141?s=96&d=mm&r=g\",\"url\":\"https:\\\/\\\/secure.gravatar.com\\\/avatar\\\/7a4cf8feb412a76ea4a740ca02d95b06b2907b5a6c648c2dd0a1082a093c3141?s=96&d=mm&r=g\",\"contentUrl\":\"https:\\\/\\\/secure.gravatar.com\\\/avatar\\\/7a4cf8feb412a76ea4a740ca02d95b06b2907b5a6c648c2dd0a1082a093c3141?s=96&d=mm&r=g\",\"caption\":\"Comunicaci\u00f3 Esplac\"}}]}<\/script>\n<!-- \/ Yoast SEO plugin. -->","yoast_head_json":{"title":"L'economia circular, el tema de les IV Jornades Ambientals! - Esplac","robots":{"index":"index","follow":"follow","max-snippet":"max-snippet:-1","max-image-preview":"max-image-preview:large","max-video-preview":"max-video-preview:-1"},"canonical":"https:\/\/www.esplac.cat\/en\/leconomia-circular-el-tema-de-les-iv-jornades-ambientals\/","og_locale":"es_ES","og_type":"article","og_title":"L'economia circular, el tema de les IV Jornades Ambientals! - Esplac","og_description":"Despr\u00e9s d&#8217;una proc\u00e9s participatiu on la comissi\u00f3 reduint petjada va [&hellip;]","og_url":"https:\/\/www.esplac.cat\/en\/leconomia-circular-el-tema-de-les-iv-jornades-ambientals\/","og_site_name":"Esplac","article_published_time":"2017-06-07T14:13:03+00:00","article_modified_time":"2019-11-14T11:17:41+00:00","og_image":[{"width":847,"height":350,"url":"https:\/\/www.esplac.cat\/wp-content\/uploads\/2017\/06\/ecocircu.jpg","type":"image\/jpeg"}],"author":"Comunicaci\u00f3 Esplac","twitter_card":"summary_large_image","twitter_misc":{"Escrito por":"Comunicaci\u00f3 Esplac","Tiempo de lectura":"1 minuto"},"schema":{"@context":"https:\/\/schema.org","@graph":[{"@type":"Article","@id":"https:\/\/www.esplac.cat\/en\/leconomia-circular-el-tema-de-les-iv-jornades-ambientals\/#article","isPartOf":{"@id":"https:\/\/www.esplac.cat\/en\/leconomia-circular-el-tema-de-les-iv-jornades-ambientals\/"},"author":{"name":"Comunicaci\u00f3 Esplac","@id":"https:\/\/www.esplac.cat\/#\/schema\/person\/908383cf240be18b68f8855d0583faca"},"headline":"L&#8217;economia circular, el tema de les IV Jornades Ambientals!","datePublished":"2017-06-07T14:13:03+00:00","dateModified":"2019-11-14T11:17:41+00:00","mainEntityOfPage":{"@id":"https:\/\/www.esplac.cat\/en\/leconomia-circular-el-tema-de-les-iv-jornades-ambientals\/"},"wordCount":202,"publisher":{"@id":"https:\/\/www.esplac.cat\/#organization"},"image":{"@id":"https:\/\/www.esplac.cat\/en\/leconomia-circular-el-tema-de-les-iv-jornades-ambientals\/#primaryimage"},"thumbnailUrl":"https:\/\/www.esplac.cat\/wp-content\/uploads\/2017\/06\/ecocircu.jpg","keywords":["Economia circular","IV Jornades Ambientals","reduint petjada"],"articleSection":["Activitats comissions i grups de treball","Comissi\u00f3 Reduint Petjada","Jornades ambientals","Sense categoria"],"inLanguage":"es"},{"@type":"WebPage","@id":"https:\/\/www.esplac.cat\/en\/leconomia-circular-el-tema-de-les-iv-jornades-ambientals\/","url":"https:\/\/www.esplac.cat\/en\/leconomia-circular-el-tema-de-les-iv-jornades-ambientals\/","name":"L'economia circular, el tema de les IV Jornades Ambientals! - Esplac","isPartOf":{"@id":"https:\/\/www.esplac.cat\/#website"},"primaryImageOfPage":{"@id":"https:\/\/www.esplac.cat\/en\/leconomia-circular-el-tema-de-les-iv-jornades-ambientals\/#primaryimage"},"image":{"@id":"https:\/\/www.esplac.cat\/en\/leconomia-circular-el-tema-de-les-iv-jornades-ambientals\/#primaryimage"},"thumbnailUrl":"https:\/\/www.esplac.cat\/wp-content\/uploads\/2017\/06\/ecocircu.jpg","datePublished":"2017-06-07T14:13:03+00:00","dateModified":"2019-11-14T11:17:41+00:00","breadcrumb":{"@id":"https:\/\/www.esplac.cat\/en\/leconomia-circular-el-tema-de-les-iv-jornades-ambientals\/#breadcrumb"},"inLanguage":"es","potentialAction":[{"@type":"ReadAction","target":["https:\/\/www.esplac.cat\/en\/leconomia-circular-el-tema-de-les-iv-jornades-ambientals\/"]}]},{"@type":"ImageObject","inLanguage":"es","@id":"https:\/\/www.esplac.cat\/en\/leconomia-circular-el-tema-de-les-iv-jornades-ambientals\/#primaryimage","url":"https:\/\/www.esplac.cat\/wp-content\/uploads\/2017\/06\/ecocircu.jpg","contentUrl":"https:\/\/www.esplac.cat\/wp-content\/uploads\/2017\/06\/ecocircu.jpg","width":847,"height":350},{"@type":"BreadcrumbList","@id":"https:\/\/www.esplac.cat\/en\/leconomia-circular-el-tema-de-les-iv-jornades-ambientals\/#breadcrumb","itemListElement":[{"@type":"ListItem","position":1,"name":"Inici","item":"https:\/\/www.esplac.cat\/es\/"},{"@type":"ListItem","position":2,"name":"L&#8217;economia circular, el tema de les IV Jornades Ambientals!"}]},{"@type":"WebSite","@id":"https:\/\/www.esplac.cat\/#website","url":"https:\/\/www.esplac.cat\/","name":"Esplac","description":"Esplais Catalans","publisher":{"@id":"https:\/\/www.esplac.cat\/#organization"},"potentialAction":[{"@type":"SearchAction","target":{"@type":"EntryPoint","urlTemplate":"https:\/\/www.esplac.cat\/?s={search_term_string}"},"query-input":{"@type":"PropertyValueSpecification","valueRequired":true,"valueName":"search_term_string"}}],"inLanguage":"es"},{"@type":"Organization","@id":"https:\/\/www.esplac.cat\/#organization","name":"Esplac","url":"https:\/\/www.esplac.cat\/","logo":{"@type":"ImageObject","inLanguage":"es","@id":"https:\/\/www.esplac.cat\/#\/schema\/logo\/image\/","url":"https:\/\/www.esplac.cat\/wp-content\/uploads\/2019\/08\/logox2.png","contentUrl":"https:\/\/www.esplac.cat\/wp-content\/uploads\/2019\/08\/logox2.png","width":600,"height":295,"caption":"Esplac"},"image":{"@id":"https:\/\/www.esplac.cat\/#\/schema\/logo\/image\/"}},{"@type":"Person","@id":"https:\/\/www.esplac.cat\/#\/schema\/person\/908383cf240be18b68f8855d0583faca","name":"Comunicaci\u00f3 Esplac","image":{"@type":"ImageObject","inLanguage":"es","@id":"https:\/\/secure.gravatar.com\/avatar\/7a4cf8feb412a76ea4a740ca02d95b06b2907b5a6c648c2dd0a1082a093c3141?s=96&d=mm&r=g","url":"https:\/\/secure.gravatar.com\/avatar\/7a4cf8feb412a76ea4a740ca02d95b06b2907b5a6c648c2dd0a1082a093c3141?s=96&d=mm&r=g","contentUrl":"https:\/\/secure.gravatar.com\/avatar\/7a4cf8feb412a76ea4a740ca02d95b06b2907b5a6c648c2dd0a1082a093c3141?s=96&d=mm&r=g","caption":"Comunicaci\u00f3 Esplac"}}]}},"_links":{"self":[{"href":"https:\/\/www.esplac.cat\/es\/wp-json\/wp\/v2\/posts\/24265","targetHints":{"allow":["GET"]}}],"collection":[{"href":"https:\/\/www.esplac.cat\/es\/wp-json\/wp\/v2\/posts"}],"about":[{"href":"https:\/\/www.esplac.cat\/es\/wp-json\/wp\/v2\/types\/post"}],"author":[{"embeddable":true,"href":"https:\/\/www.esplac.cat\/es\/wp-json\/wp\/v2\/users\/3"}],"replies":[{"embeddable":true,"href":"https:\/\/www.esplac.cat\/es\/wp-json\/wp\/v2\/comments?post=24265"}],"version-history":[{"count":0,"href":"https:\/\/www.esplac.cat\/es\/wp-json\/wp\/v2\/posts\/24265\/revisions"}],"wp:featuredmedia":[{"embeddable":true,"href":"https:\/\/www.esplac.cat\/es\/wp-json\/wp\/v2\/media\/24266"}],"wp:attachment":[{"href":"https:\/\/www.esplac.cat\/es\/wp-json\/wp\/v2\/media?parent=24265"}],"wp:term":[{"taxonomy":"category","embeddable":true,"href":"https:\/\/www.esplac.cat\/es\/wp-json\/wp\/v2\/categories?post=24265"},{"taxonomy":"post_tag","embeddable":true,"href":"https:\/\/www.esplac.cat\/es\/wp-json\/wp\/v2\/tags?post=24265"}],"curies":[{"name":"wp","href":"https:\/\/api.w.org\/{rel}","templated":true}]}}