{"id":24267,"date":"2017-06-07T15:27:13","date_gmt":"2017-06-07T13:27:13","guid":{"rendered":"http:\/\/www.esplac.cat\/?p=15077"},"modified":"2019-09-30T17:40:05","modified_gmt":"2019-09-30T15:40:05","slug":"nou-recurs-per-treballar-les-emocions-a-lesplai","status":"publish","type":"post","link":"https:\/\/www.esplac.cat\/es\/nou-recurs-per-treballar-les-emocions-a-lesplai\/","title":{"rendered":"Nou recurs per treballar les emocions a l\u2019esplai!"},"content":{"rendered":"<h4>El curs passat el grup de treball d\u2019educaci\u00f3 emocional va crear una maleta de contes, com a eina per treballar les emocions amb els infants i joves.<\/h4>\n<p>De vegades, quan llegim o escoltem hist\u00f2ries d\u2019algun personatge, ens podem sentir identificades amb tot all\u00f2 que est\u00e0 vivint i les emocions que est\u00e0 sentint, ja sigui una nena, una granota, un pr\u00edncep, un arbre o una gota d\u2019aigua. I aleshores potser ens \u00e9s m\u00e9s f\u00e0cil entendre tot all\u00f2 que ens passa per dins. \u00c9s per aix\u00f2 que hem seleccionat una s\u00e8rie de contes que creiem que poden ser molt interessants per treballar tots aquells temes relacionats amb les emocions, tant amb els nostres infants com amb els equips de monitores.<\/p>\n<p>El recull consta de <strong>20 contes de diversos autors i tem\u00e0tiques<\/strong>, juntament amb un document amb les dades corresponents a autoria, editorial, any, una petita sinopsi i, si en tenen, l\u2019enlla\u00e7 als recursos educatius corresponents. Per cada un dels contes recomanem una franja d\u2019edat, per\u00f2 aix\u00f2 dependr\u00e0 molt de cada grup i del que les monitores considereu que \u00e9s adequat. Recomanem aquella edat en qu\u00e8 pensem que es pot treure m\u00e9s profit de la tem\u00e0tica del conte, per\u00f2 al final tots s\u00f3n adaptables. A m\u00e9s, al final del document tamb\u00e9 hi trobareu un llistat d\u2019enlla\u00e7os a alguns v\u00eddeos i blogs que tamb\u00e9 hem considerat interessants.<\/p>\n<p>Aquests s\u00f3n els t\u00edtols dels contes que s\u2019han seleccionat per la maleta i que estan disponibles al Banc de Recursos:<\/p>\n<ul>\n<li>L&#8217;arbre vermell<\/li>\n<li>El buit<\/li>\n<li>\u00bfNo hay nadie enfadado?<\/li>\n<li>L&#8217;Artur i la Clementina<\/li>\n<li>Ets \u00fanica, Berta!<\/li>\n<li>Les petites (i grans) emocions de la vida<\/li>\n<li>El castor estressat<\/li>\n<li>El monstre de colors<\/li>\n<li>Exploradores emocionales<\/li>\n<li>Receptes de pluja i sucre<\/li>\n<li>La incre\u00efble hist\u00f2ria del nen menjaparaules<\/li>\n<li>Una mica de mal humor<\/li>\n<li>El secreto del amor<\/li>\n<li>El petit pr\u00edncep<\/li>\n<li>La gota i el cirerer<\/li>\n<\/ul>\n<p>De moment teniu disponibles 15 dels 20 contes al <a href=\"http:\/\/www.esplac.cat\/banc-de-recursos\/\"><strong>Banc de Recursos d\u2019Esplac<\/strong><\/a>. Es poden consultar i demanar en pr\u00e9stec, tant un de sol, com tots de cop. Si esteu interessades i voleu tenir m\u00e9s informaci\u00f3 dels contes que s\u2019ha seleccionat o demanar en pr\u00e9stec, nom\u00e9s heu d\u2019entrar al Banc de Recursos d\u2019Esplac i demanar-los enviant un correu a esplac@esplac.cat.<\/p>\n","protected":false},"excerpt":{"rendered":"<p>El curs passat el grup de treball d\u2019educaci\u00f3 emocional va [&hellip;]<\/p>\n","protected":false},"author":3,"featured_media":24268,"comment_status":"closed","ping_status":"open","sticky":false,"template":"","format":"standard","meta":{"om_disable_all_campaigns":false,"_monsterinsights_skip_tracking":false,"_monsterinsights_sitenote_active":false,"_monsterinsights_sitenote_note":"","_monsterinsights_sitenote_category":0,"_uf_show_specific_survey":0,"_uf_disable_surveys":false,"footnotes":""},"categories":[1119,1],"tags":[934,925,415,926,927,928,929,930,931,932,933,791],"class_list":["post-24267","post","type-post","status-publish","format-standard","has-post-thumbnail","hentry","category-activitats-comissions-grups-de-treball","category-sense-categoria","tag-no-hay-nadie-enfadado","tag-berta","tag-educacio-emocional","tag-el-buit","tag-el-castor-estressat","tag-el-monstre-de-colors","tag-ets-unica","tag-larbre-vermell","tag-lartur-i-la-clementina","tag-les-petites-i-grans-emocions-de-la-vida","tag-recull-de-contes","tag-recurs"],"yoast_head":"<!-- This site is optimized with the Yoast SEO plugin v27.5 - https:\/\/yoast.com\/product\/yoast-seo-wordpress\/ -->\n<title>Nou recurs per treballar les emocions a l\u2019esplai! - Esplac<\/title>\n<meta name=\"robots\" content=\"index, follow, max-snippet:-1, max-image-preview:large, max-video-preview:-1\" \/>\n<link rel=\"canonical\" href=\"https:\/\/www.esplac.cat\/nou-recurs-per-treballar-les-emocions-a-lesplai\/\" \/>\n<meta property=\"og:locale\" content=\"es_ES\" \/>\n<meta property=\"og:type\" content=\"article\" \/>\n<meta property=\"og:title\" content=\"Nou recurs per treballar les emocions a l\u2019esplai! - Esplac\" \/>\n<meta property=\"og:description\" content=\"El curs passat el grup de treball d\u2019educaci\u00f3 emocional va [&hellip;]\" \/>\n<meta property=\"og:url\" content=\"https:\/\/www.esplac.cat\/nou-recurs-per-treballar-les-emocions-a-lesplai\/\" \/>\n<meta property=\"og:site_name\" content=\"Esplac\" \/>\n<meta property=\"article:published_time\" content=\"2017-06-07T13:27:13+00:00\" \/>\n<meta property=\"article:modified_time\" content=\"2019-09-30T15:40:05+00:00\" \/>\n<meta property=\"og:image\" content=\"https:\/\/www.esplac.cat\/wp-content\/uploads\/2017\/06\/contes-emocional.jpg\" \/>\n\t<meta property=\"og:image:width\" content=\"847\" \/>\n\t<meta property=\"og:image:height\" content=\"350\" \/>\n\t<meta property=\"og:image:type\" content=\"image\/jpeg\" \/>\n<meta name=\"author\" content=\"Comunicaci\u00f3 Esplac\" \/>\n<meta name=\"twitter:card\" content=\"summary_large_image\" \/>\n<meta name=\"twitter:label1\" content=\"Escrito por\" \/>\n\t<meta name=\"twitter:data1\" content=\"Comunicaci\u00f3 Esplac\" \/>\n\t<meta name=\"twitter:label2\" content=\"Tiempo de lectura\" \/>\n\t<meta name=\"twitter:data2\" content=\"2 minutos\" \/>\n<script type=\"application\/ld+json\" class=\"yoast-schema-graph\">{\"@context\":\"https:\\\/\\\/schema.org\",\"@graph\":[{\"@type\":\"Article\",\"@id\":\"https:\\\/\\\/www.esplac.cat\\\/nou-recurs-per-treballar-les-emocions-a-lesplai\\\/#article\",\"isPartOf\":{\"@id\":\"https:\\\/\\\/www.esplac.cat\\\/nou-recurs-per-treballar-les-emocions-a-lesplai\\\/\"},\"author\":{\"name\":\"Comunicaci\u00f3 Esplac\",\"@id\":\"https:\\\/\\\/www.esplac.cat\\\/#\\\/schema\\\/person\\\/908383cf240be18b68f8855d0583faca\"},\"headline\":\"Nou recurs per treballar les emocions a l\u2019esplai!\",\"datePublished\":\"2017-06-07T13:27:13+00:00\",\"dateModified\":\"2019-09-30T15:40:05+00:00\",\"mainEntityOfPage\":{\"@id\":\"https:\\\/\\\/www.esplac.cat\\\/nou-recurs-per-treballar-les-emocions-a-lesplai\\\/\"},\"wordCount\":405,\"publisher\":{\"@id\":\"https:\\\/\\\/www.esplac.cat\\\/#organization\"},\"image\":{\"@id\":\"https:\\\/\\\/www.esplac.cat\\\/nou-recurs-per-treballar-les-emocions-a-lesplai\\\/#primaryimage\"},\"thumbnailUrl\":\"https:\\\/\\\/www.esplac.cat\\\/wp-content\\\/uploads\\\/2017\\\/06\\\/contes-emocional.jpg\",\"keywords\":[\"\u00bfNo hay nadie enfadado?\",\"Berta!\",\"educaci\u00f3 emocional\",\"El buit\",\"El castor estressat\",\"El monstre de colors\",\"Ets \u00fanica\",\"L'arbre vermell\",\"L'Artur i la Clementina\",\"Les petites (i grans) emocions de la vida\",\"recull de contes\",\"recurs\"],\"articleSection\":[\"Activitats comissions i grups de treball\",\"Sense categoria\"],\"inLanguage\":\"es\"},{\"@type\":\"WebPage\",\"@id\":\"https:\\\/\\\/www.esplac.cat\\\/nou-recurs-per-treballar-les-emocions-a-lesplai\\\/\",\"url\":\"https:\\\/\\\/www.esplac.cat\\\/nou-recurs-per-treballar-les-emocions-a-lesplai\\\/\",\"name\":\"Nou recurs per treballar les emocions a l\u2019esplai! - Esplac\",\"isPartOf\":{\"@id\":\"https:\\\/\\\/www.esplac.cat\\\/#website\"},\"primaryImageOfPage\":{\"@id\":\"https:\\\/\\\/www.esplac.cat\\\/nou-recurs-per-treballar-les-emocions-a-lesplai\\\/#primaryimage\"},\"image\":{\"@id\":\"https:\\\/\\\/www.esplac.cat\\\/nou-recurs-per-treballar-les-emocions-a-lesplai\\\/#primaryimage\"},\"thumbnailUrl\":\"https:\\\/\\\/www.esplac.cat\\\/wp-content\\\/uploads\\\/2017\\\/06\\\/contes-emocional.jpg\",\"datePublished\":\"2017-06-07T13:27:13+00:00\",\"dateModified\":\"2019-09-30T15:40:05+00:00\",\"breadcrumb\":{\"@id\":\"https:\\\/\\\/www.esplac.cat\\\/nou-recurs-per-treballar-les-emocions-a-lesplai\\\/#breadcrumb\"},\"inLanguage\":\"es\",\"potentialAction\":[{\"@type\":\"ReadAction\",\"target\":[\"https:\\\/\\\/www.esplac.cat\\\/nou-recurs-per-treballar-les-emocions-a-lesplai\\\/\"]}]},{\"@type\":\"ImageObject\",\"inLanguage\":\"es\",\"@id\":\"https:\\\/\\\/www.esplac.cat\\\/nou-recurs-per-treballar-les-emocions-a-lesplai\\\/#primaryimage\",\"url\":\"https:\\\/\\\/www.esplac.cat\\\/wp-content\\\/uploads\\\/2017\\\/06\\\/contes-emocional.jpg\",\"contentUrl\":\"https:\\\/\\\/www.esplac.cat\\\/wp-content\\\/uploads\\\/2017\\\/06\\\/contes-emocional.jpg\",\"width\":847,\"height\":350},{\"@type\":\"BreadcrumbList\",\"@id\":\"https:\\\/\\\/www.esplac.cat\\\/nou-recurs-per-treballar-les-emocions-a-lesplai\\\/#breadcrumb\",\"itemListElement\":[{\"@type\":\"ListItem\",\"position\":1,\"name\":\"Inici\",\"item\":\"https:\\\/\\\/www.esplac.cat\\\/es\\\/\"},{\"@type\":\"ListItem\",\"position\":2,\"name\":\"Nou recurs per treballar les emocions a l\u2019esplai!\"}]},{\"@type\":\"WebSite\",\"@id\":\"https:\\\/\\\/www.esplac.cat\\\/#website\",\"url\":\"https:\\\/\\\/www.esplac.cat\\\/\",\"name\":\"Esplac\",\"description\":\"Esplais Catalans\",\"publisher\":{\"@id\":\"https:\\\/\\\/www.esplac.cat\\\/#organization\"},\"potentialAction\":[{\"@type\":\"SearchAction\",\"target\":{\"@type\":\"EntryPoint\",\"urlTemplate\":\"https:\\\/\\\/www.esplac.cat\\\/?s={search_term_string}\"},\"query-input\":{\"@type\":\"PropertyValueSpecification\",\"valueRequired\":true,\"valueName\":\"search_term_string\"}}],\"inLanguage\":\"es\"},{\"@type\":\"Organization\",\"@id\":\"https:\\\/\\\/www.esplac.cat\\\/#organization\",\"name\":\"Esplac\",\"url\":\"https:\\\/\\\/www.esplac.cat\\\/\",\"logo\":{\"@type\":\"ImageObject\",\"inLanguage\":\"es\",\"@id\":\"https:\\\/\\\/www.esplac.cat\\\/#\\\/schema\\\/logo\\\/image\\\/\",\"url\":\"https:\\\/\\\/www.esplac.cat\\\/wp-content\\\/uploads\\\/2019\\\/08\\\/logox2.png\",\"contentUrl\":\"https:\\\/\\\/www.esplac.cat\\\/wp-content\\\/uploads\\\/2019\\\/08\\\/logox2.png\",\"width\":600,\"height\":295,\"caption\":\"Esplac\"},\"image\":{\"@id\":\"https:\\\/\\\/www.esplac.cat\\\/#\\\/schema\\\/logo\\\/image\\\/\"}},{\"@type\":\"Person\",\"@id\":\"https:\\\/\\\/www.esplac.cat\\\/#\\\/schema\\\/person\\\/908383cf240be18b68f8855d0583faca\",\"name\":\"Comunicaci\u00f3 Esplac\",\"image\":{\"@type\":\"ImageObject\",\"inLanguage\":\"es\",\"@id\":\"https:\\\/\\\/secure.gravatar.com\\\/avatar\\\/7a4cf8feb412a76ea4a740ca02d95b06b2907b5a6c648c2dd0a1082a093c3141?s=96&d=mm&r=g\",\"url\":\"https:\\\/\\\/secure.gravatar.com\\\/avatar\\\/7a4cf8feb412a76ea4a740ca02d95b06b2907b5a6c648c2dd0a1082a093c3141?s=96&d=mm&r=g\",\"contentUrl\":\"https:\\\/\\\/secure.gravatar.com\\\/avatar\\\/7a4cf8feb412a76ea4a740ca02d95b06b2907b5a6c648c2dd0a1082a093c3141?s=96&d=mm&r=g\",\"caption\":\"Comunicaci\u00f3 Esplac\"}}]}<\/script>\n<!-- \/ Yoast SEO plugin. -->","yoast_head_json":{"title":"Nou recurs per treballar les emocions a l\u2019esplai! - Esplac","robots":{"index":"index","follow":"follow","max-snippet":"max-snippet:-1","max-image-preview":"max-image-preview:large","max-video-preview":"max-video-preview:-1"},"canonical":"https:\/\/www.esplac.cat\/nou-recurs-per-treballar-les-emocions-a-lesplai\/","og_locale":"es_ES","og_type":"article","og_title":"Nou recurs per treballar les emocions a l\u2019esplai! - Esplac","og_description":"El curs passat el grup de treball d\u2019educaci\u00f3 emocional va [&hellip;]","og_url":"https:\/\/www.esplac.cat\/nou-recurs-per-treballar-les-emocions-a-lesplai\/","og_site_name":"Esplac","article_published_time":"2017-06-07T13:27:13+00:00","article_modified_time":"2019-09-30T15:40:05+00:00","og_image":[{"width":847,"height":350,"url":"https:\/\/www.esplac.cat\/wp-content\/uploads\/2017\/06\/contes-emocional.jpg","type":"image\/jpeg"}],"author":"Comunicaci\u00f3 Esplac","twitter_card":"summary_large_image","twitter_misc":{"Escrito por":"Comunicaci\u00f3 Esplac","Tiempo de lectura":"2 minutos"},"schema":{"@context":"https:\/\/schema.org","@graph":[{"@type":"Article","@id":"https:\/\/www.esplac.cat\/nou-recurs-per-treballar-les-emocions-a-lesplai\/#article","isPartOf":{"@id":"https:\/\/www.esplac.cat\/nou-recurs-per-treballar-les-emocions-a-lesplai\/"},"author":{"name":"Comunicaci\u00f3 Esplac","@id":"https:\/\/www.esplac.cat\/#\/schema\/person\/908383cf240be18b68f8855d0583faca"},"headline":"Nou recurs per treballar les emocions a l\u2019esplai!","datePublished":"2017-06-07T13:27:13+00:00","dateModified":"2019-09-30T15:40:05+00:00","mainEntityOfPage":{"@id":"https:\/\/www.esplac.cat\/nou-recurs-per-treballar-les-emocions-a-lesplai\/"},"wordCount":405,"publisher":{"@id":"https:\/\/www.esplac.cat\/#organization"},"image":{"@id":"https:\/\/www.esplac.cat\/nou-recurs-per-treballar-les-emocions-a-lesplai\/#primaryimage"},"thumbnailUrl":"https:\/\/www.esplac.cat\/wp-content\/uploads\/2017\/06\/contes-emocional.jpg","keywords":["\u00bfNo hay nadie enfadado?","Berta!","educaci\u00f3 emocional","El buit","El castor estressat","El monstre de colors","Ets \u00fanica","L'arbre vermell","L'Artur i la Clementina","Les petites (i grans) emocions de la vida","recull de contes","recurs"],"articleSection":["Activitats comissions i grups de treball","Sense categoria"],"inLanguage":"es"},{"@type":"WebPage","@id":"https:\/\/www.esplac.cat\/nou-recurs-per-treballar-les-emocions-a-lesplai\/","url":"https:\/\/www.esplac.cat\/nou-recurs-per-treballar-les-emocions-a-lesplai\/","name":"Nou recurs per treballar les emocions a l\u2019esplai! - Esplac","isPartOf":{"@id":"https:\/\/www.esplac.cat\/#website"},"primaryImageOfPage":{"@id":"https:\/\/www.esplac.cat\/nou-recurs-per-treballar-les-emocions-a-lesplai\/#primaryimage"},"image":{"@id":"https:\/\/www.esplac.cat\/nou-recurs-per-treballar-les-emocions-a-lesplai\/#primaryimage"},"thumbnailUrl":"https:\/\/www.esplac.cat\/wp-content\/uploads\/2017\/06\/contes-emocional.jpg","datePublished":"2017-06-07T13:27:13+00:00","dateModified":"2019-09-30T15:40:05+00:00","breadcrumb":{"@id":"https:\/\/www.esplac.cat\/nou-recurs-per-treballar-les-emocions-a-lesplai\/#breadcrumb"},"inLanguage":"es","potentialAction":[{"@type":"ReadAction","target":["https:\/\/www.esplac.cat\/nou-recurs-per-treballar-les-emocions-a-lesplai\/"]}]},{"@type":"ImageObject","inLanguage":"es","@id":"https:\/\/www.esplac.cat\/nou-recurs-per-treballar-les-emocions-a-lesplai\/#primaryimage","url":"https:\/\/www.esplac.cat\/wp-content\/uploads\/2017\/06\/contes-emocional.jpg","contentUrl":"https:\/\/www.esplac.cat\/wp-content\/uploads\/2017\/06\/contes-emocional.jpg","width":847,"height":350},{"@type":"BreadcrumbList","@id":"https:\/\/www.esplac.cat\/nou-recurs-per-treballar-les-emocions-a-lesplai\/#breadcrumb","itemListElement":[{"@type":"ListItem","position":1,"name":"Inici","item":"https:\/\/www.esplac.cat\/es\/"},{"@type":"ListItem","position":2,"name":"Nou recurs per treballar les emocions a l\u2019esplai!"}]},{"@type":"WebSite","@id":"https:\/\/www.esplac.cat\/#website","url":"https:\/\/www.esplac.cat\/","name":"Esplac","description":"Esplais Catalans","publisher":{"@id":"https:\/\/www.esplac.cat\/#organization"},"potentialAction":[{"@type":"SearchAction","target":{"@type":"EntryPoint","urlTemplate":"https:\/\/www.esplac.cat\/?s={search_term_string}"},"query-input":{"@type":"PropertyValueSpecification","valueRequired":true,"valueName":"search_term_string"}}],"inLanguage":"es"},{"@type":"Organization","@id":"https:\/\/www.esplac.cat\/#organization","name":"Esplac","url":"https:\/\/www.esplac.cat\/","logo":{"@type":"ImageObject","inLanguage":"es","@id":"https:\/\/www.esplac.cat\/#\/schema\/logo\/image\/","url":"https:\/\/www.esplac.cat\/wp-content\/uploads\/2019\/08\/logox2.png","contentUrl":"https:\/\/www.esplac.cat\/wp-content\/uploads\/2019\/08\/logox2.png","width":600,"height":295,"caption":"Esplac"},"image":{"@id":"https:\/\/www.esplac.cat\/#\/schema\/logo\/image\/"}},{"@type":"Person","@id":"https:\/\/www.esplac.cat\/#\/schema\/person\/908383cf240be18b68f8855d0583faca","name":"Comunicaci\u00f3 Esplac","image":{"@type":"ImageObject","inLanguage":"es","@id":"https:\/\/secure.gravatar.com\/avatar\/7a4cf8feb412a76ea4a740ca02d95b06b2907b5a6c648c2dd0a1082a093c3141?s=96&d=mm&r=g","url":"https:\/\/secure.gravatar.com\/avatar\/7a4cf8feb412a76ea4a740ca02d95b06b2907b5a6c648c2dd0a1082a093c3141?s=96&d=mm&r=g","contentUrl":"https:\/\/secure.gravatar.com\/avatar\/7a4cf8feb412a76ea4a740ca02d95b06b2907b5a6c648c2dd0a1082a093c3141?s=96&d=mm&r=g","caption":"Comunicaci\u00f3 Esplac"}}]}},"_links":{"self":[{"href":"https:\/\/www.esplac.cat\/es\/wp-json\/wp\/v2\/posts\/24267","targetHints":{"allow":["GET"]}}],"collection":[{"href":"https:\/\/www.esplac.cat\/es\/wp-json\/wp\/v2\/posts"}],"about":[{"href":"https:\/\/www.esplac.cat\/es\/wp-json\/wp\/v2\/types\/post"}],"author":[{"embeddable":true,"href":"https:\/\/www.esplac.cat\/es\/wp-json\/wp\/v2\/users\/3"}],"replies":[{"embeddable":true,"href":"https:\/\/www.esplac.cat\/es\/wp-json\/wp\/v2\/comments?post=24267"}],"version-history":[{"count":0,"href":"https:\/\/www.esplac.cat\/es\/wp-json\/wp\/v2\/posts\/24267\/revisions"}],"wp:featuredmedia":[{"embeddable":true,"href":"https:\/\/www.esplac.cat\/es\/wp-json\/wp\/v2\/media\/24268"}],"wp:attachment":[{"href":"https:\/\/www.esplac.cat\/es\/wp-json\/wp\/v2\/media?parent=24267"}],"wp:term":[{"taxonomy":"category","embeddable":true,"href":"https:\/\/www.esplac.cat\/es\/wp-json\/wp\/v2\/categories?post=24267"},{"taxonomy":"post_tag","embeddable":true,"href":"https:\/\/www.esplac.cat\/es\/wp-json\/wp\/v2\/tags?post=24267"}],"curies":[{"name":"wp","href":"https:\/\/api.w.org\/{rel}","templated":true}]}}