{"id":24304,"date":"2017-05-16T09:38:44","date_gmt":"2017-05-16T07:38:44","guid":{"rendered":"http:\/\/www.esplac.cat\/?p=14841"},"modified":"2017-05-16T09:38:44","modified_gmt":"2017-05-16T07:38:44","slug":"us-donem-suport-per-preparar-les-activitats-destiu","status":"publish","type":"post","link":"https:\/\/www.esplac.cat\/es\/us-donem-suport-per-preparar-les-activitats-destiu\/","title":{"rendered":"Us donem suport per preparar les activitats d&#8217;estiu!"},"content":{"rendered":"<p style=\"padding-left: 30px;\"><em>Enfortir els esplais \u00e9s la nostra ra\u00f3 de ser, per aix\u00f2 Esplais Catalans oferim suport als esplais, sempre amb l\u2019objectiu final de dotar-los d\u2019eines per la seva emancipaci\u00f3. La finalitat d\u2019Esplais Catalans \u00e9s garantir una atenci\u00f3 personalitzada als esplais d\u2019acord a la seva realitat.<\/em><\/p>\n<p><strong>Ja sabeu on i quan anireu de campaments, col\u00f2nies o rutes d\u2019estiu i ja heu introdu\u00eft les dades a EsplacNet, oi? Ara toca, doncs, engegar la preparaci\u00f3 de l\u2019activitat!<\/strong><\/p>\n<p>El suport a la preparaci\u00f3 de campaments, col\u00f2nies i rutes \u00e9s una de les accions d\u2019atenci\u00f3 personalitzada m\u00e9s importants que realitzem des d\u2019Esplac. Per fer-ho, <strong>oferim visites als esplais per a poder-vos fer un acompanyament i assessorament personalitzat<\/strong> a les necessitats que podeu tenir.<br \/>\nDurant les visites els esplais podeu resoldre tots els dubtes que se us han despertat sobre les activitats amb l\u2019ajuda dels membres dels Equips Generals de Sector i les Coordinadores de Projectes de Sector: dubtes organitzatius, log\u00edstics, legislatius, de documentaci\u00f3, titulacions, pedag\u00f2gics&#8230; Tamb\u00e9 podeu intercanviar coneixements i experi\u00e8ncies o con\u00e8ixer tots els recursos pedag\u00f2gics i organitzatius que tenim per inspirar i facilitar la preparaci\u00f3 de la vostra activitat.<\/p>\n<p>Segur que amb la visita us omplireu d\u2019energia i ganes de comen\u00e7ar amb la preparaci\u00f3 de campaments, col\u00f2nies i rutes! Aix\u00ed doncs, <strong>si voleu rebre una visita<\/strong> que us desperti un munt d\u2019idees noves per a millorar les vostres activitats, <strong>parleu amb les i els dirigents o la t\u00e8cnica del vostre sector<\/strong> i trobeu un dia plegats on trobar-vos per gaudir d\u2019una estona d\u2019aprenentatge compartit.<\/p>\n<p>Per anar obrint boca, us recordem els recursos que tenim per a la preparaci\u00f3 de campaments, col\u00f2nies i rutes.<\/p>\n<p>Visca l\u2019estiu i amunt els campaments, col\u00f2nies i rutes!<\/p>\n<p><a href=\"http:\/\/www.esplac.cat\/wp-content\/uploads\/2017\/05\/20170508_Infografia-Recursos-per-CCR.pdf\"><img decoding=\"async\" class=\"aligncenter wp-image-14620 size-full\" src=\"http:\/\/www.esplac.cat\/wp-content\/uploads\/2017\/05\/20170508_Infografia-Recursos-per-CCR.jpg\" alt=\"\" width=\"2500\" height=\"6250\" \/><\/a><\/p>\n","protected":false},"excerpt":{"rendered":"<p>Enfortir els esplais \u00e9s la nostra ra\u00f3 de ser, per [&hellip;]<\/p>\n","protected":false},"author":3,"featured_media":24305,"comment_status":"closed","ping_status":"open","sticky":false,"template":"","format":"standard","meta":{"om_disable_all_campaigns":false,"_monsterinsights_skip_tracking":false,"_monsterinsights_sitenote_active":false,"_monsterinsights_sitenote_note":"","_monsterinsights_sitenote_category":0,"_uf_show_specific_survey":0,"_uf_disable_surveys":false,"footnotes":""},"categories":[1117,1114,1],"tags":[908,451,53,429,457,909],"class_list":["post-24304","post","type-post","status-publish","format-standard","has-post-thumbnail","hentry","category-activitats-esplais","category-recursos","category-sense-categoria","tag-acompanyament","tag-activitats-destiu","tag-campaments","tag-ccr","tag-colonies-i-rutes","tag-visites-als-esplais"],"yoast_head":"<!-- This site is optimized with the Yoast SEO plugin v27.4 - https:\/\/yoast.com\/product\/yoast-seo-wordpress\/ -->\n<title>Us donem suport per preparar les activitats d&#039;estiu! - Esplac<\/title>\n<meta name=\"robots\" content=\"index, follow, max-snippet:-1, max-image-preview:large, max-video-preview:-1\" \/>\n<link rel=\"canonical\" href=\"https:\/\/www.esplac.cat\/us-donem-suport-per-preparar-les-activitats-destiu\/\" \/>\n<meta property=\"og:locale\" content=\"es_ES\" \/>\n<meta property=\"og:type\" content=\"article\" \/>\n<meta property=\"og:title\" content=\"Us donem suport per preparar les activitats d&#039;estiu! - Esplac\" \/>\n<meta property=\"og:description\" content=\"Enfortir els esplais \u00e9s la nostra ra\u00f3 de ser, per [&hellip;]\" \/>\n<meta property=\"og:url\" content=\"https:\/\/www.esplac.cat\/us-donem-suport-per-preparar-les-activitats-destiu\/\" \/>\n<meta property=\"og:site_name\" content=\"Esplac\" \/>\n<meta property=\"article:published_time\" content=\"2017-05-16T07:38:44+00:00\" \/>\n<meta property=\"og:image\" content=\"https:\/\/www.esplac.cat\/wp-content\/uploads\/2017\/05\/noticcr.jpg\" \/>\n\t<meta property=\"og:image:width\" content=\"847\" \/>\n\t<meta property=\"og:image:height\" content=\"350\" \/>\n\t<meta property=\"og:image:type\" content=\"image\/jpeg\" \/>\n<meta name=\"author\" content=\"Comunicaci\u00f3 Esplac\" \/>\n<meta name=\"twitter:card\" content=\"summary_large_image\" \/>\n<meta name=\"twitter:label1\" content=\"Escrito por\" \/>\n\t<meta name=\"twitter:data1\" content=\"Comunicaci\u00f3 Esplac\" \/>\n\t<meta name=\"twitter:label2\" content=\"Tiempo de lectura\" \/>\n\t<meta name=\"twitter:data2\" content=\"2 minutos\" \/>\n<script type=\"application\/ld+json\" class=\"yoast-schema-graph\">{\"@context\":\"https:\\\/\\\/schema.org\",\"@graph\":[{\"@type\":\"Article\",\"@id\":\"https:\\\/\\\/www.esplac.cat\\\/us-donem-suport-per-preparar-les-activitats-destiu\\\/#article\",\"isPartOf\":{\"@id\":\"https:\\\/\\\/www.esplac.cat\\\/us-donem-suport-per-preparar-les-activitats-destiu\\\/\"},\"author\":{\"name\":\"Comunicaci\u00f3 Esplac\",\"@id\":\"https:\\\/\\\/www.esplac.cat\\\/#\\\/schema\\\/person\\\/908383cf240be18b68f8855d0583faca\"},\"headline\":\"Us donem suport per preparar les activitats d&#8217;estiu!\",\"datePublished\":\"2017-05-16T07:38:44+00:00\",\"mainEntityOfPage\":{\"@id\":\"https:\\\/\\\/www.esplac.cat\\\/us-donem-suport-per-preparar-les-activitats-destiu\\\/\"},\"wordCount\":315,\"publisher\":{\"@id\":\"https:\\\/\\\/www.esplac.cat\\\/#organization\"},\"image\":{\"@id\":\"https:\\\/\\\/www.esplac.cat\\\/us-donem-suport-per-preparar-les-activitats-destiu\\\/#primaryimage\"},\"thumbnailUrl\":\"https:\\\/\\\/www.esplac.cat\\\/wp-content\\\/uploads\\\/2017\\\/05\\\/noticcr.jpg\",\"keywords\":[\"acompanyament\",\"activitats d'estiu\",\"campaments\",\"CCR\",\"col\u00f2nies i rutes\",\"Visites als esplais\"],\"articleSection\":[\"Activitats esplais\",\"Recursos\",\"Sense categoria\"],\"inLanguage\":\"es\"},{\"@type\":\"WebPage\",\"@id\":\"https:\\\/\\\/www.esplac.cat\\\/us-donem-suport-per-preparar-les-activitats-destiu\\\/\",\"url\":\"https:\\\/\\\/www.esplac.cat\\\/us-donem-suport-per-preparar-les-activitats-destiu\\\/\",\"name\":\"Us donem suport per preparar les activitats d'estiu! - Esplac\",\"isPartOf\":{\"@id\":\"https:\\\/\\\/www.esplac.cat\\\/#website\"},\"primaryImageOfPage\":{\"@id\":\"https:\\\/\\\/www.esplac.cat\\\/us-donem-suport-per-preparar-les-activitats-destiu\\\/#primaryimage\"},\"image\":{\"@id\":\"https:\\\/\\\/www.esplac.cat\\\/us-donem-suport-per-preparar-les-activitats-destiu\\\/#primaryimage\"},\"thumbnailUrl\":\"https:\\\/\\\/www.esplac.cat\\\/wp-content\\\/uploads\\\/2017\\\/05\\\/noticcr.jpg\",\"datePublished\":\"2017-05-16T07:38:44+00:00\",\"breadcrumb\":{\"@id\":\"https:\\\/\\\/www.esplac.cat\\\/us-donem-suport-per-preparar-les-activitats-destiu\\\/#breadcrumb\"},\"inLanguage\":\"es\",\"potentialAction\":[{\"@type\":\"ReadAction\",\"target\":[\"https:\\\/\\\/www.esplac.cat\\\/us-donem-suport-per-preparar-les-activitats-destiu\\\/\"]}]},{\"@type\":\"ImageObject\",\"inLanguage\":\"es\",\"@id\":\"https:\\\/\\\/www.esplac.cat\\\/us-donem-suport-per-preparar-les-activitats-destiu\\\/#primaryimage\",\"url\":\"https:\\\/\\\/www.esplac.cat\\\/wp-content\\\/uploads\\\/2017\\\/05\\\/noticcr.jpg\",\"contentUrl\":\"https:\\\/\\\/www.esplac.cat\\\/wp-content\\\/uploads\\\/2017\\\/05\\\/noticcr.jpg\",\"width\":847,\"height\":350},{\"@type\":\"BreadcrumbList\",\"@id\":\"https:\\\/\\\/www.esplac.cat\\\/us-donem-suport-per-preparar-les-activitats-destiu\\\/#breadcrumb\",\"itemListElement\":[{\"@type\":\"ListItem\",\"position\":1,\"name\":\"Inici\",\"item\":\"https:\\\/\\\/www.esplac.cat\\\/es\\\/\"},{\"@type\":\"ListItem\",\"position\":2,\"name\":\"Us donem suport per preparar les activitats d&#8217;estiu!\"}]},{\"@type\":\"WebSite\",\"@id\":\"https:\\\/\\\/www.esplac.cat\\\/#website\",\"url\":\"https:\\\/\\\/www.esplac.cat\\\/\",\"name\":\"Esplac\",\"description\":\"Esplais Catalans\",\"publisher\":{\"@id\":\"https:\\\/\\\/www.esplac.cat\\\/#organization\"},\"potentialAction\":[{\"@type\":\"SearchAction\",\"target\":{\"@type\":\"EntryPoint\",\"urlTemplate\":\"https:\\\/\\\/www.esplac.cat\\\/?s={search_term_string}\"},\"query-input\":{\"@type\":\"PropertyValueSpecification\",\"valueRequired\":true,\"valueName\":\"search_term_string\"}}],\"inLanguage\":\"es\"},{\"@type\":\"Organization\",\"@id\":\"https:\\\/\\\/www.esplac.cat\\\/#organization\",\"name\":\"Esplac\",\"url\":\"https:\\\/\\\/www.esplac.cat\\\/\",\"logo\":{\"@type\":\"ImageObject\",\"inLanguage\":\"es\",\"@id\":\"https:\\\/\\\/www.esplac.cat\\\/#\\\/schema\\\/logo\\\/image\\\/\",\"url\":\"https:\\\/\\\/www.esplac.cat\\\/wp-content\\\/uploads\\\/2019\\\/08\\\/logox2.png\",\"contentUrl\":\"https:\\\/\\\/www.esplac.cat\\\/wp-content\\\/uploads\\\/2019\\\/08\\\/logox2.png\",\"width\":600,\"height\":295,\"caption\":\"Esplac\"},\"image\":{\"@id\":\"https:\\\/\\\/www.esplac.cat\\\/#\\\/schema\\\/logo\\\/image\\\/\"}},{\"@type\":\"Person\",\"@id\":\"https:\\\/\\\/www.esplac.cat\\\/#\\\/schema\\\/person\\\/908383cf240be18b68f8855d0583faca\",\"name\":\"Comunicaci\u00f3 Esplac\",\"image\":{\"@type\":\"ImageObject\",\"inLanguage\":\"es\",\"@id\":\"https:\\\/\\\/secure.gravatar.com\\\/avatar\\\/7a4cf8feb412a76ea4a740ca02d95b06b2907b5a6c648c2dd0a1082a093c3141?s=96&d=mm&r=g\",\"url\":\"https:\\\/\\\/secure.gravatar.com\\\/avatar\\\/7a4cf8feb412a76ea4a740ca02d95b06b2907b5a6c648c2dd0a1082a093c3141?s=96&d=mm&r=g\",\"contentUrl\":\"https:\\\/\\\/secure.gravatar.com\\\/avatar\\\/7a4cf8feb412a76ea4a740ca02d95b06b2907b5a6c648c2dd0a1082a093c3141?s=96&d=mm&r=g\",\"caption\":\"Comunicaci\u00f3 Esplac\"}}]}<\/script>\n<!-- \/ Yoast SEO plugin. -->","yoast_head_json":{"title":"Us donem suport per preparar les activitats d'estiu! - Esplac","robots":{"index":"index","follow":"follow","max-snippet":"max-snippet:-1","max-image-preview":"max-image-preview:large","max-video-preview":"max-video-preview:-1"},"canonical":"https:\/\/www.esplac.cat\/us-donem-suport-per-preparar-les-activitats-destiu\/","og_locale":"es_ES","og_type":"article","og_title":"Us donem suport per preparar les activitats d'estiu! - Esplac","og_description":"Enfortir els esplais \u00e9s la nostra ra\u00f3 de ser, per [&hellip;]","og_url":"https:\/\/www.esplac.cat\/us-donem-suport-per-preparar-les-activitats-destiu\/","og_site_name":"Esplac","article_published_time":"2017-05-16T07:38:44+00:00","og_image":[{"width":847,"height":350,"url":"https:\/\/www.esplac.cat\/wp-content\/uploads\/2017\/05\/noticcr.jpg","type":"image\/jpeg"}],"author":"Comunicaci\u00f3 Esplac","twitter_card":"summary_large_image","twitter_misc":{"Escrito por":"Comunicaci\u00f3 Esplac","Tiempo de lectura":"2 minutos"},"schema":{"@context":"https:\/\/schema.org","@graph":[{"@type":"Article","@id":"https:\/\/www.esplac.cat\/us-donem-suport-per-preparar-les-activitats-destiu\/#article","isPartOf":{"@id":"https:\/\/www.esplac.cat\/us-donem-suport-per-preparar-les-activitats-destiu\/"},"author":{"name":"Comunicaci\u00f3 Esplac","@id":"https:\/\/www.esplac.cat\/#\/schema\/person\/908383cf240be18b68f8855d0583faca"},"headline":"Us donem suport per preparar les activitats d&#8217;estiu!","datePublished":"2017-05-16T07:38:44+00:00","mainEntityOfPage":{"@id":"https:\/\/www.esplac.cat\/us-donem-suport-per-preparar-les-activitats-destiu\/"},"wordCount":315,"publisher":{"@id":"https:\/\/www.esplac.cat\/#organization"},"image":{"@id":"https:\/\/www.esplac.cat\/us-donem-suport-per-preparar-les-activitats-destiu\/#primaryimage"},"thumbnailUrl":"https:\/\/www.esplac.cat\/wp-content\/uploads\/2017\/05\/noticcr.jpg","keywords":["acompanyament","activitats d'estiu","campaments","CCR","col\u00f2nies i rutes","Visites als esplais"],"articleSection":["Activitats esplais","Recursos","Sense categoria"],"inLanguage":"es"},{"@type":"WebPage","@id":"https:\/\/www.esplac.cat\/us-donem-suport-per-preparar-les-activitats-destiu\/","url":"https:\/\/www.esplac.cat\/us-donem-suport-per-preparar-les-activitats-destiu\/","name":"Us donem suport per preparar les activitats d'estiu! - Esplac","isPartOf":{"@id":"https:\/\/www.esplac.cat\/#website"},"primaryImageOfPage":{"@id":"https:\/\/www.esplac.cat\/us-donem-suport-per-preparar-les-activitats-destiu\/#primaryimage"},"image":{"@id":"https:\/\/www.esplac.cat\/us-donem-suport-per-preparar-les-activitats-destiu\/#primaryimage"},"thumbnailUrl":"https:\/\/www.esplac.cat\/wp-content\/uploads\/2017\/05\/noticcr.jpg","datePublished":"2017-05-16T07:38:44+00:00","breadcrumb":{"@id":"https:\/\/www.esplac.cat\/us-donem-suport-per-preparar-les-activitats-destiu\/#breadcrumb"},"inLanguage":"es","potentialAction":[{"@type":"ReadAction","target":["https:\/\/www.esplac.cat\/us-donem-suport-per-preparar-les-activitats-destiu\/"]}]},{"@type":"ImageObject","inLanguage":"es","@id":"https:\/\/www.esplac.cat\/us-donem-suport-per-preparar-les-activitats-destiu\/#primaryimage","url":"https:\/\/www.esplac.cat\/wp-content\/uploads\/2017\/05\/noticcr.jpg","contentUrl":"https:\/\/www.esplac.cat\/wp-content\/uploads\/2017\/05\/noticcr.jpg","width":847,"height":350},{"@type":"BreadcrumbList","@id":"https:\/\/www.esplac.cat\/us-donem-suport-per-preparar-les-activitats-destiu\/#breadcrumb","itemListElement":[{"@type":"ListItem","position":1,"name":"Inici","item":"https:\/\/www.esplac.cat\/es\/"},{"@type":"ListItem","position":2,"name":"Us donem suport per preparar les activitats d&#8217;estiu!"}]},{"@type":"WebSite","@id":"https:\/\/www.esplac.cat\/#website","url":"https:\/\/www.esplac.cat\/","name":"Esplac","description":"Esplais Catalans","publisher":{"@id":"https:\/\/www.esplac.cat\/#organization"},"potentialAction":[{"@type":"SearchAction","target":{"@type":"EntryPoint","urlTemplate":"https:\/\/www.esplac.cat\/?s={search_term_string}"},"query-input":{"@type":"PropertyValueSpecification","valueRequired":true,"valueName":"search_term_string"}}],"inLanguage":"es"},{"@type":"Organization","@id":"https:\/\/www.esplac.cat\/#organization","name":"Esplac","url":"https:\/\/www.esplac.cat\/","logo":{"@type":"ImageObject","inLanguage":"es","@id":"https:\/\/www.esplac.cat\/#\/schema\/logo\/image\/","url":"https:\/\/www.esplac.cat\/wp-content\/uploads\/2019\/08\/logox2.png","contentUrl":"https:\/\/www.esplac.cat\/wp-content\/uploads\/2019\/08\/logox2.png","width":600,"height":295,"caption":"Esplac"},"image":{"@id":"https:\/\/www.esplac.cat\/#\/schema\/logo\/image\/"}},{"@type":"Person","@id":"https:\/\/www.esplac.cat\/#\/schema\/person\/908383cf240be18b68f8855d0583faca","name":"Comunicaci\u00f3 Esplac","image":{"@type":"ImageObject","inLanguage":"es","@id":"https:\/\/secure.gravatar.com\/avatar\/7a4cf8feb412a76ea4a740ca02d95b06b2907b5a6c648c2dd0a1082a093c3141?s=96&d=mm&r=g","url":"https:\/\/secure.gravatar.com\/avatar\/7a4cf8feb412a76ea4a740ca02d95b06b2907b5a6c648c2dd0a1082a093c3141?s=96&d=mm&r=g","contentUrl":"https:\/\/secure.gravatar.com\/avatar\/7a4cf8feb412a76ea4a740ca02d95b06b2907b5a6c648c2dd0a1082a093c3141?s=96&d=mm&r=g","caption":"Comunicaci\u00f3 Esplac"}}]}},"_links":{"self":[{"href":"https:\/\/www.esplac.cat\/es\/wp-json\/wp\/v2\/posts\/24304","targetHints":{"allow":["GET"]}}],"collection":[{"href":"https:\/\/www.esplac.cat\/es\/wp-json\/wp\/v2\/posts"}],"about":[{"href":"https:\/\/www.esplac.cat\/es\/wp-json\/wp\/v2\/types\/post"}],"author":[{"embeddable":true,"href":"https:\/\/www.esplac.cat\/es\/wp-json\/wp\/v2\/users\/3"}],"replies":[{"embeddable":true,"href":"https:\/\/www.esplac.cat\/es\/wp-json\/wp\/v2\/comments?post=24304"}],"version-history":[{"count":0,"href":"https:\/\/www.esplac.cat\/es\/wp-json\/wp\/v2\/posts\/24304\/revisions"}],"wp:featuredmedia":[{"embeddable":true,"href":"https:\/\/www.esplac.cat\/es\/wp-json\/wp\/v2\/media\/24305"}],"wp:attachment":[{"href":"https:\/\/www.esplac.cat\/es\/wp-json\/wp\/v2\/media?parent=24304"}],"wp:term":[{"taxonomy":"category","embeddable":true,"href":"https:\/\/www.esplac.cat\/es\/wp-json\/wp\/v2\/categories?post=24304"},{"taxonomy":"post_tag","embeddable":true,"href":"https:\/\/www.esplac.cat\/es\/wp-json\/wp\/v2\/tags?post=24304"}],"curies":[{"name":"wp","href":"https:\/\/api.w.org\/{rel}","templated":true}]}}