{"id":24325,"date":"2017-05-04T09:52:42","date_gmt":"2017-05-04T07:52:42","guid":{"rendered":"http:\/\/www.esplac.cat\/?p=14487"},"modified":"2019-11-14T13:17:41","modified_gmt":"2019-11-14T11:17:41","slug":"obrim-votacions-decideix-el-tema-de-les-properes-jornades-ambientals-2","status":"publish","type":"post","link":"https:\/\/www.esplac.cat\/es\/obrim-votacions-decideix-el-tema-de-les-properes-jornades-ambientals-2\/","title":{"rendered":"Obrim votacions! Decideix el tema de les properes Jornades Ambientals!"},"content":{"rendered":"<h4>Despr\u00e9s de rebre nombroses\u00a0propostes de temes que als esplais us agradaria treballar a les properes Jornades Ambientals 2017, la comissi\u00f3 ha seleccionat\u00a0les\u00a0quatre tem\u00e0tiques que entraran a votaci\u00f3 a l&#8217;<a href=\"http:\/\/esplac.cat\/esplacnet\/login\/index.php\">Esplacnet<\/a>: Economia circular, Transici\u00f3 energ\u00e8tica, Educaci\u00f3 per al medi ambient i el decreixement a l&#8217;esplai.<\/h4>\n<p>Ja ha arribat el moment que totes esper\u00e0vem: s&#8217;han obert les votacions de les IV Jornades Ambientals que celebrarem l&#8217;octubre\u00a0del 2017! Durant aquest mes\u00a0d&#8217;abril la comissi\u00f3 reduint petjada ha estat\u00a0preguntant als esplais de tot el territori quins temes els\u00a0agradaria\u00a0treballar. Sabem educar els infants en el respecte i la cura del medi ambient? Generem molts residus als esplais? Qu\u00e8 reciclem?<\/p>\n<p>Un cop rebudes diferents propostes tem\u00e0tiques la comissi\u00f3 es va reunir un dijous al vespre i, despr\u00e9s d&#8217;un interessant debat, i de veure quins\u00a0eren els interessos dels esplais,\u00a0van decidir quins serien els quatre temes que passarien a\u00a0votaci\u00f3.<\/p>\n<p><strong>1. Economia circular<\/strong>: repensar les formes que tenim els esplais de gestionar els residus. Replantejar-nos des del que comprem fins com reciclem i redu\u00efm la nostra petjada\u00a0en l&#8217;\u00e0mbit global\u00a0i\u00a0local.<\/p>\n<p><strong>2. Transici\u00f3 energ\u00e8tica:<\/strong> com podem avan\u00e7ar cap a la sobirania energ\u00e8tica en el s\u00ed de l&#8217;esplai? Les noves i m\u00faltiples formes d&#8217;abastir-nos d&#8217;energia a la societat i com introduir-ho als esplais.<\/p>\n<p><strong>3. Educar en i per al\u00a0medi ambient:<\/strong> Qu\u00e8 significa educar pensant en el\u00a0medi ambient? Pot ser el moment per repensar les estrat\u00e8gies pedag\u00f2giques per, amb grans i petits, tractar aquesta q\u00fcesti\u00f3.<\/p>\n<p><strong>4. El decreixement a l&#8217;esplai:<\/strong> Les propostes del decreixement aposten per poder viure millor\u00a0consumint\u00a0menys. Com s&#8217;articula aquesta proposta? T\u00e9 sentit plantejar-ho als esplais? Creem un espai per fer una avaluaci\u00f3 cr\u00edtica d&#8217;aquesta proposta i quin encaix t\u00e9!<\/p>\n<p>&nbsp;<\/p>\n<p><strong>Com votem els Esplais?<\/strong><\/p>\n<p>Ja estan obertes les inscripcions a l&#8217;<a href=\"http:\/\/esplac.cat\/esplacnet\/login\/index.php\">esplacnet<\/a>\u00a0i ho estaran\u00a0fins al\u00a023 de maig! Durant aquests dies els Esplais haureu de pensar quina prioritzaci\u00f3\u00a0f\u00e9u\u00a0d&#8217;aquests temes que se us presenten. Qu\u00e8 ens agrada m\u00e9s a les monitores? I quines necessitats tenen els infants i joves de l&#8217;esplai? Quin tema pot ajudar m\u00e9s a la transformaci\u00f3 ecol\u00f2gica de l&#8217;esplai i la societat?<\/p>\n<p>Que el debat comenci i les urnes virtuals de l&#8217;esplacnet s&#8217;omplin!<\/p>\n","protected":false},"excerpt":{"rendered":"<p>Despr\u00e9s de rebre nombroses\u00a0propostes de temes que als esplais us [&hellip;]<\/p>\n","protected":false},"author":3,"featured_media":24326,"comment_status":"closed","ping_status":"open","sticky":false,"template":"","format":"standard","meta":{"om_disable_all_campaigns":false,"_monsterinsights_skip_tracking":false,"_monsterinsights_sitenote_active":false,"_monsterinsights_sitenote_note":"","_monsterinsights_sitenote_category":0,"_uf_show_specific_survey":0,"_uf_disable_surveys":false,"footnotes":""},"categories":[1119,1160,1161,1131,1159,1],"tags":[29,30,896,31,83,32,33,34],"class_list":["post-24325","post","type-post","status-publish","format-standard","has-post-thumbnail","hentry","category-activitats-comissions-grups-de-treball","category-comissio-gsdd","category-comissio-reduint-petjada","category-cursos-formacions","category-jornades-ambientals","category-sense-categoria","tag-economia-circular","tag-educar-en-i-per-al-medi-ambient","tag-el-decreixement-a-lesplai","tag-jornades-ambientals","tag-reduint-petjada","tag-tematiques","tag-transicio-energetica","tag-votacions"],"yoast_head":"<!-- This site is optimized with the Yoast SEO plugin v27.5 - https:\/\/yoast.com\/product\/yoast-seo-wordpress\/ -->\n<title>Obrim votacions! Decideix el tema de les properes Jornades Ambientals! - Esplac<\/title>\n<meta name=\"robots\" content=\"index, follow, max-snippet:-1, max-image-preview:large, max-video-preview:-1\" \/>\n<link rel=\"canonical\" href=\"https:\/\/www.esplac.cat\/en\/obrim-votacions-decideix-el-tema-de-les-properes-jornades-ambientals-2\/\" \/>\n<meta property=\"og:locale\" content=\"es_ES\" \/>\n<meta property=\"og:type\" content=\"article\" \/>\n<meta property=\"og:title\" content=\"Obrim votacions! Decideix el tema de les properes Jornades Ambientals! - Esplac\" \/>\n<meta property=\"og:description\" content=\"Despr\u00e9s de rebre nombroses\u00a0propostes de temes que als esplais us [&hellip;]\" \/>\n<meta property=\"og:url\" content=\"https:\/\/www.esplac.cat\/en\/obrim-votacions-decideix-el-tema-de-les-properes-jornades-ambientals-2\/\" \/>\n<meta property=\"og:site_name\" content=\"Esplac\" \/>\n<meta property=\"article:published_time\" content=\"2017-05-04T07:52:42+00:00\" \/>\n<meta property=\"article:modified_time\" content=\"2019-11-14T11:17:41+00:00\" \/>\n<meta property=\"og:image\" content=\"https:\/\/www.esplac.cat\/wp-content\/uploads\/2017\/05\/votacions2.jpg\" \/>\n\t<meta property=\"og:image:width\" content=\"847\" \/>\n\t<meta property=\"og:image:height\" content=\"350\" \/>\n\t<meta property=\"og:image:type\" content=\"image\/jpeg\" \/>\n<meta name=\"author\" content=\"Comunicaci\u00f3 Esplac\" \/>\n<meta name=\"twitter:card\" content=\"summary_large_image\" \/>\n<meta name=\"twitter:label1\" content=\"Escrito por\" \/>\n\t<meta name=\"twitter:data1\" content=\"Comunicaci\u00f3 Esplac\" \/>\n\t<meta name=\"twitter:label2\" content=\"Tiempo de lectura\" \/>\n\t<meta name=\"twitter:data2\" content=\"2 minutos\" \/>\n<script type=\"application\/ld+json\" class=\"yoast-schema-graph\">{\"@context\":\"https:\\\/\\\/schema.org\",\"@graph\":[{\"@type\":\"Article\",\"@id\":\"https:\\\/\\\/www.esplac.cat\\\/en\\\/obrim-votacions-decideix-el-tema-de-les-properes-jornades-ambientals-2\\\/#article\",\"isPartOf\":{\"@id\":\"https:\\\/\\\/www.esplac.cat\\\/en\\\/obrim-votacions-decideix-el-tema-de-les-properes-jornades-ambientals-2\\\/\"},\"author\":{\"name\":\"Comunicaci\u00f3 Esplac\",\"@id\":\"https:\\\/\\\/www.esplac.cat\\\/#\\\/schema\\\/person\\\/908383cf240be18b68f8855d0583faca\"},\"headline\":\"Obrim votacions! Decideix el tema de les properes Jornades Ambientals!\",\"datePublished\":\"2017-05-04T07:52:42+00:00\",\"dateModified\":\"2019-11-14T11:17:41+00:00\",\"mainEntityOfPage\":{\"@id\":\"https:\\\/\\\/www.esplac.cat\\\/en\\\/obrim-votacions-decideix-el-tema-de-les-properes-jornades-ambientals-2\\\/\"},\"wordCount\":405,\"publisher\":{\"@id\":\"https:\\\/\\\/www.esplac.cat\\\/#organization\"},\"image\":{\"@id\":\"https:\\\/\\\/www.esplac.cat\\\/en\\\/obrim-votacions-decideix-el-tema-de-les-properes-jornades-ambientals-2\\\/#primaryimage\"},\"thumbnailUrl\":\"https:\\\/\\\/www.esplac.cat\\\/wp-content\\\/uploads\\\/2017\\\/05\\\/votacions2.jpg\",\"keywords\":[\"Economia circular\",\"Educar en i per al medi ambient\",\"El decreixement a l'esplai\",\"jornades ambientals\",\"reduint petjada\",\"Tem\u00e0tiques\",\"Transici\u00f3 energ\u00e8tica\",\"Votacions\"],\"articleSection\":[\"Activitats comissions i grups de treball\",\"Comissi\u00f3 GSDD\",\"Comissi\u00f3 Reduint Petjada\",\"Cursos i formacions\",\"Jornades ambientals\",\"Sense categoria\"],\"inLanguage\":\"es\"},{\"@type\":\"WebPage\",\"@id\":\"https:\\\/\\\/www.esplac.cat\\\/en\\\/obrim-votacions-decideix-el-tema-de-les-properes-jornades-ambientals-2\\\/\",\"url\":\"https:\\\/\\\/www.esplac.cat\\\/en\\\/obrim-votacions-decideix-el-tema-de-les-properes-jornades-ambientals-2\\\/\",\"name\":\"Obrim votacions! Decideix el tema de les properes Jornades Ambientals! - Esplac\",\"isPartOf\":{\"@id\":\"https:\\\/\\\/www.esplac.cat\\\/#website\"},\"primaryImageOfPage\":{\"@id\":\"https:\\\/\\\/www.esplac.cat\\\/en\\\/obrim-votacions-decideix-el-tema-de-les-properes-jornades-ambientals-2\\\/#primaryimage\"},\"image\":{\"@id\":\"https:\\\/\\\/www.esplac.cat\\\/en\\\/obrim-votacions-decideix-el-tema-de-les-properes-jornades-ambientals-2\\\/#primaryimage\"},\"thumbnailUrl\":\"https:\\\/\\\/www.esplac.cat\\\/wp-content\\\/uploads\\\/2017\\\/05\\\/votacions2.jpg\",\"datePublished\":\"2017-05-04T07:52:42+00:00\",\"dateModified\":\"2019-11-14T11:17:41+00:00\",\"breadcrumb\":{\"@id\":\"https:\\\/\\\/www.esplac.cat\\\/en\\\/obrim-votacions-decideix-el-tema-de-les-properes-jornades-ambientals-2\\\/#breadcrumb\"},\"inLanguage\":\"es\",\"potentialAction\":[{\"@type\":\"ReadAction\",\"target\":[\"https:\\\/\\\/www.esplac.cat\\\/en\\\/obrim-votacions-decideix-el-tema-de-les-properes-jornades-ambientals-2\\\/\"]}]},{\"@type\":\"ImageObject\",\"inLanguage\":\"es\",\"@id\":\"https:\\\/\\\/www.esplac.cat\\\/en\\\/obrim-votacions-decideix-el-tema-de-les-properes-jornades-ambientals-2\\\/#primaryimage\",\"url\":\"https:\\\/\\\/www.esplac.cat\\\/wp-content\\\/uploads\\\/2017\\\/05\\\/votacions2.jpg\",\"contentUrl\":\"https:\\\/\\\/www.esplac.cat\\\/wp-content\\\/uploads\\\/2017\\\/05\\\/votacions2.jpg\",\"width\":847,\"height\":350},{\"@type\":\"BreadcrumbList\",\"@id\":\"https:\\\/\\\/www.esplac.cat\\\/en\\\/obrim-votacions-decideix-el-tema-de-les-properes-jornades-ambientals-2\\\/#breadcrumb\",\"itemListElement\":[{\"@type\":\"ListItem\",\"position\":1,\"name\":\"Inici\",\"item\":\"https:\\\/\\\/www.esplac.cat\\\/es\\\/\"},{\"@type\":\"ListItem\",\"position\":2,\"name\":\"Obrim votacions! Decideix el tema de les properes Jornades Ambientals!\"}]},{\"@type\":\"WebSite\",\"@id\":\"https:\\\/\\\/www.esplac.cat\\\/#website\",\"url\":\"https:\\\/\\\/www.esplac.cat\\\/\",\"name\":\"Esplac\",\"description\":\"Esplais Catalans\",\"publisher\":{\"@id\":\"https:\\\/\\\/www.esplac.cat\\\/#organization\"},\"potentialAction\":[{\"@type\":\"SearchAction\",\"target\":{\"@type\":\"EntryPoint\",\"urlTemplate\":\"https:\\\/\\\/www.esplac.cat\\\/?s={search_term_string}\"},\"query-input\":{\"@type\":\"PropertyValueSpecification\",\"valueRequired\":true,\"valueName\":\"search_term_string\"}}],\"inLanguage\":\"es\"},{\"@type\":\"Organization\",\"@id\":\"https:\\\/\\\/www.esplac.cat\\\/#organization\",\"name\":\"Esplac\",\"url\":\"https:\\\/\\\/www.esplac.cat\\\/\",\"logo\":{\"@type\":\"ImageObject\",\"inLanguage\":\"es\",\"@id\":\"https:\\\/\\\/www.esplac.cat\\\/#\\\/schema\\\/logo\\\/image\\\/\",\"url\":\"https:\\\/\\\/www.esplac.cat\\\/wp-content\\\/uploads\\\/2019\\\/08\\\/logox2.png\",\"contentUrl\":\"https:\\\/\\\/www.esplac.cat\\\/wp-content\\\/uploads\\\/2019\\\/08\\\/logox2.png\",\"width\":600,\"height\":295,\"caption\":\"Esplac\"},\"image\":{\"@id\":\"https:\\\/\\\/www.esplac.cat\\\/#\\\/schema\\\/logo\\\/image\\\/\"}},{\"@type\":\"Person\",\"@id\":\"https:\\\/\\\/www.esplac.cat\\\/#\\\/schema\\\/person\\\/908383cf240be18b68f8855d0583faca\",\"name\":\"Comunicaci\u00f3 Esplac\",\"image\":{\"@type\":\"ImageObject\",\"inLanguage\":\"es\",\"@id\":\"https:\\\/\\\/secure.gravatar.com\\\/avatar\\\/7a4cf8feb412a76ea4a740ca02d95b06b2907b5a6c648c2dd0a1082a093c3141?s=96&d=mm&r=g\",\"url\":\"https:\\\/\\\/secure.gravatar.com\\\/avatar\\\/7a4cf8feb412a76ea4a740ca02d95b06b2907b5a6c648c2dd0a1082a093c3141?s=96&d=mm&r=g\",\"contentUrl\":\"https:\\\/\\\/secure.gravatar.com\\\/avatar\\\/7a4cf8feb412a76ea4a740ca02d95b06b2907b5a6c648c2dd0a1082a093c3141?s=96&d=mm&r=g\",\"caption\":\"Comunicaci\u00f3 Esplac\"}}]}<\/script>\n<!-- \/ Yoast SEO plugin. -->","yoast_head_json":{"title":"Obrim votacions! Decideix el tema de les properes Jornades Ambientals! - Esplac","robots":{"index":"index","follow":"follow","max-snippet":"max-snippet:-1","max-image-preview":"max-image-preview:large","max-video-preview":"max-video-preview:-1"},"canonical":"https:\/\/www.esplac.cat\/en\/obrim-votacions-decideix-el-tema-de-les-properes-jornades-ambientals-2\/","og_locale":"es_ES","og_type":"article","og_title":"Obrim votacions! Decideix el tema de les properes Jornades Ambientals! - Esplac","og_description":"Despr\u00e9s de rebre nombroses\u00a0propostes de temes que als esplais us [&hellip;]","og_url":"https:\/\/www.esplac.cat\/en\/obrim-votacions-decideix-el-tema-de-les-properes-jornades-ambientals-2\/","og_site_name":"Esplac","article_published_time":"2017-05-04T07:52:42+00:00","article_modified_time":"2019-11-14T11:17:41+00:00","og_image":[{"width":847,"height":350,"url":"https:\/\/www.esplac.cat\/wp-content\/uploads\/2017\/05\/votacions2.jpg","type":"image\/jpeg"}],"author":"Comunicaci\u00f3 Esplac","twitter_card":"summary_large_image","twitter_misc":{"Escrito por":"Comunicaci\u00f3 Esplac","Tiempo de lectura":"2 minutos"},"schema":{"@context":"https:\/\/schema.org","@graph":[{"@type":"Article","@id":"https:\/\/www.esplac.cat\/en\/obrim-votacions-decideix-el-tema-de-les-properes-jornades-ambientals-2\/#article","isPartOf":{"@id":"https:\/\/www.esplac.cat\/en\/obrim-votacions-decideix-el-tema-de-les-properes-jornades-ambientals-2\/"},"author":{"name":"Comunicaci\u00f3 Esplac","@id":"https:\/\/www.esplac.cat\/#\/schema\/person\/908383cf240be18b68f8855d0583faca"},"headline":"Obrim votacions! Decideix el tema de les properes Jornades Ambientals!","datePublished":"2017-05-04T07:52:42+00:00","dateModified":"2019-11-14T11:17:41+00:00","mainEntityOfPage":{"@id":"https:\/\/www.esplac.cat\/en\/obrim-votacions-decideix-el-tema-de-les-properes-jornades-ambientals-2\/"},"wordCount":405,"publisher":{"@id":"https:\/\/www.esplac.cat\/#organization"},"image":{"@id":"https:\/\/www.esplac.cat\/en\/obrim-votacions-decideix-el-tema-de-les-properes-jornades-ambientals-2\/#primaryimage"},"thumbnailUrl":"https:\/\/www.esplac.cat\/wp-content\/uploads\/2017\/05\/votacions2.jpg","keywords":["Economia circular","Educar en i per al medi ambient","El decreixement a l'esplai","jornades ambientals","reduint petjada","Tem\u00e0tiques","Transici\u00f3 energ\u00e8tica","Votacions"],"articleSection":["Activitats comissions i grups de treball","Comissi\u00f3 GSDD","Comissi\u00f3 Reduint Petjada","Cursos i formacions","Jornades ambientals","Sense categoria"],"inLanguage":"es"},{"@type":"WebPage","@id":"https:\/\/www.esplac.cat\/en\/obrim-votacions-decideix-el-tema-de-les-properes-jornades-ambientals-2\/","url":"https:\/\/www.esplac.cat\/en\/obrim-votacions-decideix-el-tema-de-les-properes-jornades-ambientals-2\/","name":"Obrim votacions! Decideix el tema de les properes Jornades Ambientals! - Esplac","isPartOf":{"@id":"https:\/\/www.esplac.cat\/#website"},"primaryImageOfPage":{"@id":"https:\/\/www.esplac.cat\/en\/obrim-votacions-decideix-el-tema-de-les-properes-jornades-ambientals-2\/#primaryimage"},"image":{"@id":"https:\/\/www.esplac.cat\/en\/obrim-votacions-decideix-el-tema-de-les-properes-jornades-ambientals-2\/#primaryimage"},"thumbnailUrl":"https:\/\/www.esplac.cat\/wp-content\/uploads\/2017\/05\/votacions2.jpg","datePublished":"2017-05-04T07:52:42+00:00","dateModified":"2019-11-14T11:17:41+00:00","breadcrumb":{"@id":"https:\/\/www.esplac.cat\/en\/obrim-votacions-decideix-el-tema-de-les-properes-jornades-ambientals-2\/#breadcrumb"},"inLanguage":"es","potentialAction":[{"@type":"ReadAction","target":["https:\/\/www.esplac.cat\/en\/obrim-votacions-decideix-el-tema-de-les-properes-jornades-ambientals-2\/"]}]},{"@type":"ImageObject","inLanguage":"es","@id":"https:\/\/www.esplac.cat\/en\/obrim-votacions-decideix-el-tema-de-les-properes-jornades-ambientals-2\/#primaryimage","url":"https:\/\/www.esplac.cat\/wp-content\/uploads\/2017\/05\/votacions2.jpg","contentUrl":"https:\/\/www.esplac.cat\/wp-content\/uploads\/2017\/05\/votacions2.jpg","width":847,"height":350},{"@type":"BreadcrumbList","@id":"https:\/\/www.esplac.cat\/en\/obrim-votacions-decideix-el-tema-de-les-properes-jornades-ambientals-2\/#breadcrumb","itemListElement":[{"@type":"ListItem","position":1,"name":"Inici","item":"https:\/\/www.esplac.cat\/es\/"},{"@type":"ListItem","position":2,"name":"Obrim votacions! Decideix el tema de les properes Jornades Ambientals!"}]},{"@type":"WebSite","@id":"https:\/\/www.esplac.cat\/#website","url":"https:\/\/www.esplac.cat\/","name":"Esplac","description":"Esplais Catalans","publisher":{"@id":"https:\/\/www.esplac.cat\/#organization"},"potentialAction":[{"@type":"SearchAction","target":{"@type":"EntryPoint","urlTemplate":"https:\/\/www.esplac.cat\/?s={search_term_string}"},"query-input":{"@type":"PropertyValueSpecification","valueRequired":true,"valueName":"search_term_string"}}],"inLanguage":"es"},{"@type":"Organization","@id":"https:\/\/www.esplac.cat\/#organization","name":"Esplac","url":"https:\/\/www.esplac.cat\/","logo":{"@type":"ImageObject","inLanguage":"es","@id":"https:\/\/www.esplac.cat\/#\/schema\/logo\/image\/","url":"https:\/\/www.esplac.cat\/wp-content\/uploads\/2019\/08\/logox2.png","contentUrl":"https:\/\/www.esplac.cat\/wp-content\/uploads\/2019\/08\/logox2.png","width":600,"height":295,"caption":"Esplac"},"image":{"@id":"https:\/\/www.esplac.cat\/#\/schema\/logo\/image\/"}},{"@type":"Person","@id":"https:\/\/www.esplac.cat\/#\/schema\/person\/908383cf240be18b68f8855d0583faca","name":"Comunicaci\u00f3 Esplac","image":{"@type":"ImageObject","inLanguage":"es","@id":"https:\/\/secure.gravatar.com\/avatar\/7a4cf8feb412a76ea4a740ca02d95b06b2907b5a6c648c2dd0a1082a093c3141?s=96&d=mm&r=g","url":"https:\/\/secure.gravatar.com\/avatar\/7a4cf8feb412a76ea4a740ca02d95b06b2907b5a6c648c2dd0a1082a093c3141?s=96&d=mm&r=g","contentUrl":"https:\/\/secure.gravatar.com\/avatar\/7a4cf8feb412a76ea4a740ca02d95b06b2907b5a6c648c2dd0a1082a093c3141?s=96&d=mm&r=g","caption":"Comunicaci\u00f3 Esplac"}}]}},"_links":{"self":[{"href":"https:\/\/www.esplac.cat\/es\/wp-json\/wp\/v2\/posts\/24325","targetHints":{"allow":["GET"]}}],"collection":[{"href":"https:\/\/www.esplac.cat\/es\/wp-json\/wp\/v2\/posts"}],"about":[{"href":"https:\/\/www.esplac.cat\/es\/wp-json\/wp\/v2\/types\/post"}],"author":[{"embeddable":true,"href":"https:\/\/www.esplac.cat\/es\/wp-json\/wp\/v2\/users\/3"}],"replies":[{"embeddable":true,"href":"https:\/\/www.esplac.cat\/es\/wp-json\/wp\/v2\/comments?post=24325"}],"version-history":[{"count":0,"href":"https:\/\/www.esplac.cat\/es\/wp-json\/wp\/v2\/posts\/24325\/revisions"}],"wp:featuredmedia":[{"embeddable":true,"href":"https:\/\/www.esplac.cat\/es\/wp-json\/wp\/v2\/media\/24326"}],"wp:attachment":[{"href":"https:\/\/www.esplac.cat\/es\/wp-json\/wp\/v2\/media?parent=24325"}],"wp:term":[{"taxonomy":"category","embeddable":true,"href":"https:\/\/www.esplac.cat\/es\/wp-json\/wp\/v2\/categories?post=24325"},{"taxonomy":"post_tag","embeddable":true,"href":"https:\/\/www.esplac.cat\/es\/wp-json\/wp\/v2\/tags?post=24325"}],"curies":[{"name":"wp","href":"https:\/\/api.w.org\/{rel}","templated":true}]}}