{"id":24329,"date":"2017-05-03T09:28:26","date_gmt":"2017-05-03T07:28:26","guid":{"rendered":"http:\/\/www.esplac.cat\/?p=14447"},"modified":"2019-11-14T13:33:25","modified_gmt":"2019-11-14T11:33:25","slug":"ultima-trobada-de-monis-del-sector-valles","status":"publish","type":"post","link":"https:\/\/www.esplac.cat\/es\/ultima-trobada-de-monis-del-sector-valles\/","title":{"rendered":"\u00daltima trobada de monis del Sector Vall\u00e8s"},"content":{"rendered":"<h4>El passat cap de setmana del 29 i 30 d&#8217;abril monitors i monitores de 8 esplais del Sector Vall\u00e8s van fer la seva \u00faltima Monitrobada amb tot el sector conjuntament, tenint en compte que de cara a l&#8217;any que ve el sector comen\u00e7ar\u00e0 a fer les seves activitats de manera separada entre el Vall\u00e8s Oriental i el Vall\u00e8s Occidental.<\/h4>\n<p>La <strong>Monitrobada<\/strong> \u00e9s una activitat que fem cada any i que \u00e9s una bona <strong>eina per con\u00e8ixer-nos<\/strong> entre tots i totes les monitores que conformem el sector. Per tant, enfoquem aquesta trobada com una <strong>activitat de formaci\u00f3 i cohesi\u00f3 alhora que permet apropar els esplais a Esplac<\/strong> i engrescar-nos a totes i tots a seguir participant en les activitats que realitzem, tant a nivell de Sector com de federaci\u00f3.<\/p>\n<p>Aquest any, es va realitzar a \u00abEls Pins\u00bb a Matadepera (un casal popular creat i autogestionat per joves de la localitat per tal de trobar un espai d&#8217;oci alternatiu al que ofereix el mateix municipi) que va acollir al voltant de 40 monitores i monitors, en un ambient envoltat de natura i tranquil\u00b7litat.<\/p>\n<p>El tret de sortida de la trobada van ser dues formacions sobre \u00ab<strong>Gesti\u00f3 de Conflictes<\/strong>\u00bb i \u00ab<strong>L\u00edmits entre Joves i monitores<\/strong>\u00bb realitzades per dos formadors de l&#8217;Escola Lliure el Sol. Els temes van ser escollits en assemblea i per votaci\u00f3 entre totes i tots els participants de la trobada.<\/p>\n<p>A la formaci\u00f3 de <strong>Gesti\u00f3 de Conflictes<\/strong> vam treballar alguns dels aspectes que estan relacionats amb els conflictes. A partir de din\u00e0miques, vam <strong>reflexionar sobre la forma que tenim de comunicar-nos<\/strong> amb la resta, de treballar amb els altres a l&#8217;hora d&#8217;aconseguir els nostres objectius i el <strong>paper que podem tenir les monitores en el moment de gestionar aquestes situacions.<\/strong><\/p>\n<p>A la de <strong>l\u00edmits entre joves i monitores<\/strong> primer vam estar parlant i debatin sobre els diferents<strong> rols i rangs de poder<\/strong> que poden sorgir entre les monitores, monitors i joves. I la segona part de la formaci\u00f3 estava encarada a <strong>debatre<\/strong> entre totes les participants al voltant de diferents \u00edtems com l&#8217;alcohol, el tabac, les relacions durant les activitats, relacions entre monitors\/es i joves, etc. I ho vam fer a partir de din\u00e0miques com la del term\u00f2metre. Vam veure que en el m\u00f3n del lleure, al treballar amb persones, no hi ha uns l\u00edmits v\u00e0lids per tothom, sin\u00f3 que cada persona t\u00e9 els seus i \u00e9s el nostre deure com a monis acompanyar-los i acompanyar-les, escoltar-los\/les i entendre que cada persona \u00e9s un cas diferent, no hi ha una resposta m\u00e0gica que serveixi per a totes les joves. De fet, \u00e9s alguna cosa que ja sab\u00edem, per\u00f2 que la formaci\u00f3 ens va fer comprendre.<\/p>\n<p>A la nit, quan vam acabar de sopar, vam fer una gimcana per grups preparada per una comissi\u00f3 de monitores encarregades de fer-ho. A la gimcana vam poder con\u00e8ixer m\u00e9s a fons el poble que ens va acollir, tot realitzant diferents tipus de proves competitives a diferents places de la localitat. Despr\u00e9s de rec\u00f3rrer a peu tot el poble de Matadepera vam gaudir d&#8217;un espai de cohesi\u00f3 totes juntes i que es va allargar tota la nit.<\/p>\n<p>Finalment, per acabar la trobada amb bon regust de boca, el diumenge amb molta paci\u00e8ncia i alegria vam realitzar una barbacoa on vam poder acabar de compartir experi\u00e8ncies i cohesionar-nos entre totes.<\/p>\n<p>En definitiva, ha estat una \u00faltima Monitrobada totes plegades, plena de formaci\u00f3 i cohesi\u00f3 entre monis que de ben segur trobarem a faltar l&#8217;any vinent!<\/p>\n","protected":false},"excerpt":{"rendered":"<p>El passat cap de setmana del 29 i 30 d&#8217;abril [&hellip;]<\/p>\n","protected":false},"author":3,"featured_media":24330,"comment_status":"closed","ping_status":"open","sticky":false,"template":"","format":"standard","meta":{"om_disable_all_campaigns":false,"_monsterinsights_skip_tracking":false,"_monsterinsights_sitenote_active":false,"_monsterinsights_sitenote_note":"","_monsterinsights_sitenote_category":0,"_uf_show_specific_survey":0,"_uf_disable_surveys":false,"footnotes":""},"categories":[1164,1137,1],"tags":[455,893,628,122],"class_list":["post-24329","post","type-post","status-publish","format-standard","has-post-thumbnail","hentry","category-gestio-de-conflictes","category-sector-valles","category-sense-categoria","tag-gestio-de-conflictes","tag-limits-entre-joves-i-monitores","tag-monitrobada","tag-sector-valles"],"yoast_head":"<!-- This site is optimized with the Yoast SEO plugin v27.4 - https:\/\/yoast.com\/product\/yoast-seo-wordpress\/ -->\n<title>\u00daltima trobada de monis del Sector Vall\u00e8s - Esplac<\/title>\n<meta name=\"robots\" content=\"index, follow, max-snippet:-1, max-image-preview:large, max-video-preview:-1\" \/>\n<link rel=\"canonical\" href=\"https:\/\/www.esplac.cat\/en\/ultima-trobada-de-monis-del-sector-valles\/\" \/>\n<meta property=\"og:locale\" content=\"es_ES\" \/>\n<meta property=\"og:type\" content=\"article\" \/>\n<meta property=\"og:title\" content=\"\u00daltima trobada de monis del Sector Vall\u00e8s - Esplac\" \/>\n<meta property=\"og:description\" content=\"El passat cap de setmana del 29 i 30 d&#8217;abril [&hellip;]\" \/>\n<meta property=\"og:url\" content=\"https:\/\/www.esplac.cat\/en\/ultima-trobada-de-monis-del-sector-valles\/\" \/>\n<meta property=\"og:site_name\" content=\"Esplac\" \/>\n<meta property=\"article:published_time\" content=\"2017-05-03T07:28:26+00:00\" \/>\n<meta property=\"article:modified_time\" content=\"2019-11-14T11:33:25+00:00\" \/>\n<meta property=\"og:image\" content=\"https:\/\/www.esplac.cat\/wp-content\/uploads\/2017\/05\/SV.jpg\" \/>\n\t<meta property=\"og:image:width\" content=\"847\" \/>\n\t<meta property=\"og:image:height\" content=\"350\" \/>\n\t<meta property=\"og:image:type\" content=\"image\/jpeg\" \/>\n<meta name=\"author\" content=\"Comunicaci\u00f3 Esplac\" \/>\n<meta name=\"twitter:card\" content=\"summary_large_image\" \/>\n<meta name=\"twitter:label1\" content=\"Escrito por\" \/>\n\t<meta name=\"twitter:data1\" content=\"Comunicaci\u00f3 Esplac\" \/>\n\t<meta name=\"twitter:label2\" content=\"Tiempo de lectura\" \/>\n\t<meta name=\"twitter:data2\" content=\"3 minutos\" \/>\n<script type=\"application\/ld+json\" class=\"yoast-schema-graph\">{\"@context\":\"https:\\\/\\\/schema.org\",\"@graph\":[{\"@type\":\"Article\",\"@id\":\"https:\\\/\\\/www.esplac.cat\\\/en\\\/ultima-trobada-de-monis-del-sector-valles\\\/#article\",\"isPartOf\":{\"@id\":\"https:\\\/\\\/www.esplac.cat\\\/en\\\/ultima-trobada-de-monis-del-sector-valles\\\/\"},\"author\":{\"name\":\"Comunicaci\u00f3 Esplac\",\"@id\":\"https:\\\/\\\/www.esplac.cat\\\/#\\\/schema\\\/person\\\/908383cf240be18b68f8855d0583faca\"},\"headline\":\"\u00daltima trobada de monis del Sector Vall\u00e8s\",\"datePublished\":\"2017-05-03T07:28:26+00:00\",\"dateModified\":\"2019-11-14T11:33:25+00:00\",\"mainEntityOfPage\":{\"@id\":\"https:\\\/\\\/www.esplac.cat\\\/en\\\/ultima-trobada-de-monis-del-sector-valles\\\/\"},\"wordCount\":616,\"publisher\":{\"@id\":\"https:\\\/\\\/www.esplac.cat\\\/#organization\"},\"image\":{\"@id\":\"https:\\\/\\\/www.esplac.cat\\\/en\\\/ultima-trobada-de-monis-del-sector-valles\\\/#primaryimage\"},\"thumbnailUrl\":\"https:\\\/\\\/www.esplac.cat\\\/wp-content\\\/uploads\\\/2017\\\/05\\\/SV.jpg\",\"keywords\":[\"gesti\u00f3 de conflictes\",\"L\u00edmits entre Joves i monitores\",\"monitrobada\",\"sector Vall\u00e8s\"],\"articleSection\":[\"Gesti\u00f3 de conflictes\",\"Sector Vall\u00e8s\",\"Sense categoria\"],\"inLanguage\":\"es\"},{\"@type\":\"WebPage\",\"@id\":\"https:\\\/\\\/www.esplac.cat\\\/en\\\/ultima-trobada-de-monis-del-sector-valles\\\/\",\"url\":\"https:\\\/\\\/www.esplac.cat\\\/en\\\/ultima-trobada-de-monis-del-sector-valles\\\/\",\"name\":\"\u00daltima trobada de monis del Sector Vall\u00e8s - Esplac\",\"isPartOf\":{\"@id\":\"https:\\\/\\\/www.esplac.cat\\\/#website\"},\"primaryImageOfPage\":{\"@id\":\"https:\\\/\\\/www.esplac.cat\\\/en\\\/ultima-trobada-de-monis-del-sector-valles\\\/#primaryimage\"},\"image\":{\"@id\":\"https:\\\/\\\/www.esplac.cat\\\/en\\\/ultima-trobada-de-monis-del-sector-valles\\\/#primaryimage\"},\"thumbnailUrl\":\"https:\\\/\\\/www.esplac.cat\\\/wp-content\\\/uploads\\\/2017\\\/05\\\/SV.jpg\",\"datePublished\":\"2017-05-03T07:28:26+00:00\",\"dateModified\":\"2019-11-14T11:33:25+00:00\",\"breadcrumb\":{\"@id\":\"https:\\\/\\\/www.esplac.cat\\\/en\\\/ultima-trobada-de-monis-del-sector-valles\\\/#breadcrumb\"},\"inLanguage\":\"es\",\"potentialAction\":[{\"@type\":\"ReadAction\",\"target\":[\"https:\\\/\\\/www.esplac.cat\\\/en\\\/ultima-trobada-de-monis-del-sector-valles\\\/\"]}]},{\"@type\":\"ImageObject\",\"inLanguage\":\"es\",\"@id\":\"https:\\\/\\\/www.esplac.cat\\\/en\\\/ultima-trobada-de-monis-del-sector-valles\\\/#primaryimage\",\"url\":\"https:\\\/\\\/www.esplac.cat\\\/wp-content\\\/uploads\\\/2017\\\/05\\\/SV.jpg\",\"contentUrl\":\"https:\\\/\\\/www.esplac.cat\\\/wp-content\\\/uploads\\\/2017\\\/05\\\/SV.jpg\",\"width\":847,\"height\":350},{\"@type\":\"BreadcrumbList\",\"@id\":\"https:\\\/\\\/www.esplac.cat\\\/en\\\/ultima-trobada-de-monis-del-sector-valles\\\/#breadcrumb\",\"itemListElement\":[{\"@type\":\"ListItem\",\"position\":1,\"name\":\"Inici\",\"item\":\"https:\\\/\\\/www.esplac.cat\\\/es\\\/\"},{\"@type\":\"ListItem\",\"position\":2,\"name\":\"\u00daltima trobada de monis del Sector Vall\u00e8s\"}]},{\"@type\":\"WebSite\",\"@id\":\"https:\\\/\\\/www.esplac.cat\\\/#website\",\"url\":\"https:\\\/\\\/www.esplac.cat\\\/\",\"name\":\"Esplac\",\"description\":\"Esplais Catalans\",\"publisher\":{\"@id\":\"https:\\\/\\\/www.esplac.cat\\\/#organization\"},\"potentialAction\":[{\"@type\":\"SearchAction\",\"target\":{\"@type\":\"EntryPoint\",\"urlTemplate\":\"https:\\\/\\\/www.esplac.cat\\\/?s={search_term_string}\"},\"query-input\":{\"@type\":\"PropertyValueSpecification\",\"valueRequired\":true,\"valueName\":\"search_term_string\"}}],\"inLanguage\":\"es\"},{\"@type\":\"Organization\",\"@id\":\"https:\\\/\\\/www.esplac.cat\\\/#organization\",\"name\":\"Esplac\",\"url\":\"https:\\\/\\\/www.esplac.cat\\\/\",\"logo\":{\"@type\":\"ImageObject\",\"inLanguage\":\"es\",\"@id\":\"https:\\\/\\\/www.esplac.cat\\\/#\\\/schema\\\/logo\\\/image\\\/\",\"url\":\"https:\\\/\\\/www.esplac.cat\\\/wp-content\\\/uploads\\\/2019\\\/08\\\/logox2.png\",\"contentUrl\":\"https:\\\/\\\/www.esplac.cat\\\/wp-content\\\/uploads\\\/2019\\\/08\\\/logox2.png\",\"width\":600,\"height\":295,\"caption\":\"Esplac\"},\"image\":{\"@id\":\"https:\\\/\\\/www.esplac.cat\\\/#\\\/schema\\\/logo\\\/image\\\/\"}},{\"@type\":\"Person\",\"@id\":\"https:\\\/\\\/www.esplac.cat\\\/#\\\/schema\\\/person\\\/908383cf240be18b68f8855d0583faca\",\"name\":\"Comunicaci\u00f3 Esplac\",\"image\":{\"@type\":\"ImageObject\",\"inLanguage\":\"es\",\"@id\":\"https:\\\/\\\/secure.gravatar.com\\\/avatar\\\/7a4cf8feb412a76ea4a740ca02d95b06b2907b5a6c648c2dd0a1082a093c3141?s=96&d=mm&r=g\",\"url\":\"https:\\\/\\\/secure.gravatar.com\\\/avatar\\\/7a4cf8feb412a76ea4a740ca02d95b06b2907b5a6c648c2dd0a1082a093c3141?s=96&d=mm&r=g\",\"contentUrl\":\"https:\\\/\\\/secure.gravatar.com\\\/avatar\\\/7a4cf8feb412a76ea4a740ca02d95b06b2907b5a6c648c2dd0a1082a093c3141?s=96&d=mm&r=g\",\"caption\":\"Comunicaci\u00f3 Esplac\"}}]}<\/script>\n<!-- \/ Yoast SEO plugin. -->","yoast_head_json":{"title":"\u00daltima trobada de monis del Sector Vall\u00e8s - Esplac","robots":{"index":"index","follow":"follow","max-snippet":"max-snippet:-1","max-image-preview":"max-image-preview:large","max-video-preview":"max-video-preview:-1"},"canonical":"https:\/\/www.esplac.cat\/en\/ultima-trobada-de-monis-del-sector-valles\/","og_locale":"es_ES","og_type":"article","og_title":"\u00daltima trobada de monis del Sector Vall\u00e8s - Esplac","og_description":"El passat cap de setmana del 29 i 30 d&#8217;abril [&hellip;]","og_url":"https:\/\/www.esplac.cat\/en\/ultima-trobada-de-monis-del-sector-valles\/","og_site_name":"Esplac","article_published_time":"2017-05-03T07:28:26+00:00","article_modified_time":"2019-11-14T11:33:25+00:00","og_image":[{"width":847,"height":350,"url":"https:\/\/www.esplac.cat\/wp-content\/uploads\/2017\/05\/SV.jpg","type":"image\/jpeg"}],"author":"Comunicaci\u00f3 Esplac","twitter_card":"summary_large_image","twitter_misc":{"Escrito por":"Comunicaci\u00f3 Esplac","Tiempo de lectura":"3 minutos"},"schema":{"@context":"https:\/\/schema.org","@graph":[{"@type":"Article","@id":"https:\/\/www.esplac.cat\/en\/ultima-trobada-de-monis-del-sector-valles\/#article","isPartOf":{"@id":"https:\/\/www.esplac.cat\/en\/ultima-trobada-de-monis-del-sector-valles\/"},"author":{"name":"Comunicaci\u00f3 Esplac","@id":"https:\/\/www.esplac.cat\/#\/schema\/person\/908383cf240be18b68f8855d0583faca"},"headline":"\u00daltima trobada de monis del Sector Vall\u00e8s","datePublished":"2017-05-03T07:28:26+00:00","dateModified":"2019-11-14T11:33:25+00:00","mainEntityOfPage":{"@id":"https:\/\/www.esplac.cat\/en\/ultima-trobada-de-monis-del-sector-valles\/"},"wordCount":616,"publisher":{"@id":"https:\/\/www.esplac.cat\/#organization"},"image":{"@id":"https:\/\/www.esplac.cat\/en\/ultima-trobada-de-monis-del-sector-valles\/#primaryimage"},"thumbnailUrl":"https:\/\/www.esplac.cat\/wp-content\/uploads\/2017\/05\/SV.jpg","keywords":["gesti\u00f3 de conflictes","L\u00edmits entre Joves i monitores","monitrobada","sector Vall\u00e8s"],"articleSection":["Gesti\u00f3 de conflictes","Sector Vall\u00e8s","Sense categoria"],"inLanguage":"es"},{"@type":"WebPage","@id":"https:\/\/www.esplac.cat\/en\/ultima-trobada-de-monis-del-sector-valles\/","url":"https:\/\/www.esplac.cat\/en\/ultima-trobada-de-monis-del-sector-valles\/","name":"\u00daltima trobada de monis del Sector Vall\u00e8s - Esplac","isPartOf":{"@id":"https:\/\/www.esplac.cat\/#website"},"primaryImageOfPage":{"@id":"https:\/\/www.esplac.cat\/en\/ultima-trobada-de-monis-del-sector-valles\/#primaryimage"},"image":{"@id":"https:\/\/www.esplac.cat\/en\/ultima-trobada-de-monis-del-sector-valles\/#primaryimage"},"thumbnailUrl":"https:\/\/www.esplac.cat\/wp-content\/uploads\/2017\/05\/SV.jpg","datePublished":"2017-05-03T07:28:26+00:00","dateModified":"2019-11-14T11:33:25+00:00","breadcrumb":{"@id":"https:\/\/www.esplac.cat\/en\/ultima-trobada-de-monis-del-sector-valles\/#breadcrumb"},"inLanguage":"es","potentialAction":[{"@type":"ReadAction","target":["https:\/\/www.esplac.cat\/en\/ultima-trobada-de-monis-del-sector-valles\/"]}]},{"@type":"ImageObject","inLanguage":"es","@id":"https:\/\/www.esplac.cat\/en\/ultima-trobada-de-monis-del-sector-valles\/#primaryimage","url":"https:\/\/www.esplac.cat\/wp-content\/uploads\/2017\/05\/SV.jpg","contentUrl":"https:\/\/www.esplac.cat\/wp-content\/uploads\/2017\/05\/SV.jpg","width":847,"height":350},{"@type":"BreadcrumbList","@id":"https:\/\/www.esplac.cat\/en\/ultima-trobada-de-monis-del-sector-valles\/#breadcrumb","itemListElement":[{"@type":"ListItem","position":1,"name":"Inici","item":"https:\/\/www.esplac.cat\/es\/"},{"@type":"ListItem","position":2,"name":"\u00daltima trobada de monis del Sector Vall\u00e8s"}]},{"@type":"WebSite","@id":"https:\/\/www.esplac.cat\/#website","url":"https:\/\/www.esplac.cat\/","name":"Esplac","description":"Esplais Catalans","publisher":{"@id":"https:\/\/www.esplac.cat\/#organization"},"potentialAction":[{"@type":"SearchAction","target":{"@type":"EntryPoint","urlTemplate":"https:\/\/www.esplac.cat\/?s={search_term_string}"},"query-input":{"@type":"PropertyValueSpecification","valueRequired":true,"valueName":"search_term_string"}}],"inLanguage":"es"},{"@type":"Organization","@id":"https:\/\/www.esplac.cat\/#organization","name":"Esplac","url":"https:\/\/www.esplac.cat\/","logo":{"@type":"ImageObject","inLanguage":"es","@id":"https:\/\/www.esplac.cat\/#\/schema\/logo\/image\/","url":"https:\/\/www.esplac.cat\/wp-content\/uploads\/2019\/08\/logox2.png","contentUrl":"https:\/\/www.esplac.cat\/wp-content\/uploads\/2019\/08\/logox2.png","width":600,"height":295,"caption":"Esplac"},"image":{"@id":"https:\/\/www.esplac.cat\/#\/schema\/logo\/image\/"}},{"@type":"Person","@id":"https:\/\/www.esplac.cat\/#\/schema\/person\/908383cf240be18b68f8855d0583faca","name":"Comunicaci\u00f3 Esplac","image":{"@type":"ImageObject","inLanguage":"es","@id":"https:\/\/secure.gravatar.com\/avatar\/7a4cf8feb412a76ea4a740ca02d95b06b2907b5a6c648c2dd0a1082a093c3141?s=96&d=mm&r=g","url":"https:\/\/secure.gravatar.com\/avatar\/7a4cf8feb412a76ea4a740ca02d95b06b2907b5a6c648c2dd0a1082a093c3141?s=96&d=mm&r=g","contentUrl":"https:\/\/secure.gravatar.com\/avatar\/7a4cf8feb412a76ea4a740ca02d95b06b2907b5a6c648c2dd0a1082a093c3141?s=96&d=mm&r=g","caption":"Comunicaci\u00f3 Esplac"}}]}},"_links":{"self":[{"href":"https:\/\/www.esplac.cat\/es\/wp-json\/wp\/v2\/posts\/24329","targetHints":{"allow":["GET"]}}],"collection":[{"href":"https:\/\/www.esplac.cat\/es\/wp-json\/wp\/v2\/posts"}],"about":[{"href":"https:\/\/www.esplac.cat\/es\/wp-json\/wp\/v2\/types\/post"}],"author":[{"embeddable":true,"href":"https:\/\/www.esplac.cat\/es\/wp-json\/wp\/v2\/users\/3"}],"replies":[{"embeddable":true,"href":"https:\/\/www.esplac.cat\/es\/wp-json\/wp\/v2\/comments?post=24329"}],"version-history":[{"count":0,"href":"https:\/\/www.esplac.cat\/es\/wp-json\/wp\/v2\/posts\/24329\/revisions"}],"wp:featuredmedia":[{"embeddable":true,"href":"https:\/\/www.esplac.cat\/es\/wp-json\/wp\/v2\/media\/24330"}],"wp:attachment":[{"href":"https:\/\/www.esplac.cat\/es\/wp-json\/wp\/v2\/media?parent=24329"}],"wp:term":[{"taxonomy":"category","embeddable":true,"href":"https:\/\/www.esplac.cat\/es\/wp-json\/wp\/v2\/categories?post=24329"},{"taxonomy":"post_tag","embeddable":true,"href":"https:\/\/www.esplac.cat\/es\/wp-json\/wp\/v2\/tags?post=24329"}],"curies":[{"name":"wp","href":"https:\/\/api.w.org\/{rel}","templated":true}]}}