{"id":24830,"date":"2017-04-06T11:30:17","date_gmt":"2017-04-06T09:30:17","guid":{"rendered":"http:\/\/www.esplac.cat\/?p=13571"},"modified":"2019-11-14T13:38:35","modified_gmt":"2019-11-14T11:38:35","slug":"amer-acull-exitosa-trobada-formacio-monitores-sectors-girona-i-osona-ripolles","status":"publish","type":"post","link":"https:\/\/www.esplac.cat\/es\/amer-acull-exitosa-trobada-formacio-monitores-sectors-girona-i-osona-ripolles\/","title":{"rendered":"Amer acull una exitosa trobada de formaci\u00f3 per a les monitores dels sectors Girona i Osona-Ripoll\u00e8s"},"content":{"rendered":"<h4 style=\"text-align: justify;\">Les monitores del Sector Girona i el Sector Osona-Ripoll\u00e8s van realitzar la primera Trobada de Monitores i Monitors conjunta al poble d\u2019Amer el passat 18 i 19 de mar\u00e7. La trobada va servir als esplais d&#8217;ambd\u00f3s sectors per repensar la forma en qu\u00e8 eduquen infants i joves i quin paper juguen les emocions a l&#8217;hora de fer-ho.<\/h4>\n<p style=\"text-align: justify;\">La trobada va comen\u00e7ar dissabte a la tarda i, plenes d\u2019energia, van comen\u00e7ar fent algunes din\u00e0miques de coneixen\u00e7a abans de les formacions. Les tem\u00e0tiques escollides pels esplais van donar el seu fruit: <strong>van tractar l\u2019educaci\u00f3 emocional als grups de treball i l\u2019atenci\u00f3 a la inf\u00e0ncia i l\u2019adolesc\u00e8ncia en risc, dos temes d\u2019inter\u00e8s compartit per ambd\u00f3s sectors<\/strong>, i que van poder ser tractats de forma pr\u00e0ctica i din\u00e0mica fins abans de l\u2019hora de sopar, que van preparar un grup de monis divers amb molt d\u2019amor.<\/p>\n<p style=\"text-align: justify;\">Com no podia ser d\u2019altra manera, la sobretaula va continuar\u00a0amb un joc de nit excel\u00b7lent preparat pel sector Osona-Ripoll\u00e8s! La m\u00fasica, els balls i el <em>guitarreo<\/em>\u00a0no hi van faltar, l\u2019esperit <em>esplaiero<\/em> va sortir i es van allargar fins ben entrada la nit posant fi al primer dia de jornada.<\/p>\n<p style=\"text-align: justify;\">Diumenge va ser moment de posar tot\u00a0all\u00f2 apr\u00e8s en com\u00fa entre els diferents monitors i monitores, i la recollida i comiat va ser\u00a0abans de l\u2019hora de dinar. Les jornada va deixar molt bon gust de boca a les participants, ja que <strong>com s\u00f3n\u00a0dos sectors petits, va ser interessant i enriquidor compartir experi\u00e8ncies, viv\u00e8ncies, estones de formaci\u00f3 i de xerinola, i aix\u00ed anar generant vincles que les facin m\u00e9s fortes!<\/strong><\/p>\n<p style=\"text-align: justify;\"><a href=\"http:\/\/www.esplac.cat\/wp-content\/uploads\/2017\/04\/20170405_trobada-monir-OR_Girona.jpg\"><img decoding=\"async\" class=\"aligncenter size-large wp-image-13575\" src=\"http:\/\/www.esplac.cat\/wp-content\/uploads\/2017\/04\/20170405_trobada-monir-OR_Girona-1024x768.jpg\" alt=\"\" width=\"770\" height=\"578\" srcset=\"https:\/\/www.esplac.cat\/wp-content\/uploads\/2017\/04\/20170405_trobada-monir-OR_Girona-200x150.jpg 200w, https:\/\/www.esplac.cat\/wp-content\/uploads\/2017\/04\/20170405_trobada-monir-OR_Girona-300x225.jpg 300w, https:\/\/www.esplac.cat\/wp-content\/uploads\/2017\/04\/20170405_trobada-monir-OR_Girona-400x300.jpg 400w, https:\/\/www.esplac.cat\/wp-content\/uploads\/2017\/04\/20170405_trobada-monir-OR_Girona-600x450.jpg 600w, https:\/\/www.esplac.cat\/wp-content\/uploads\/2017\/04\/20170405_trobada-monir-OR_Girona-768x576.jpg 768w, https:\/\/www.esplac.cat\/wp-content\/uploads\/2017\/04\/20170405_trobada-monir-OR_Girona-800x600.jpg 800w, https:\/\/www.esplac.cat\/wp-content\/uploads\/2017\/04\/20170405_trobada-monir-OR_Girona-1024x768.jpg 1024w, https:\/\/www.esplac.cat\/wp-content\/uploads\/2017\/04\/20170405_trobada-monir-OR_Girona-1200x900.jpg 1200w, https:\/\/www.esplac.cat\/wp-content\/uploads\/2017\/04\/20170405_trobada-monir-OR_Girona.jpg 1600w\" sizes=\"(max-width: 770px) 100vw, 770px\" \/><\/a><\/p>\n","protected":false},"excerpt":{"rendered":"<p>Les monitores del Sector Girona i el Sector Osona-Ripoll\u00e8s van [&hellip;]<\/p>\n","protected":false},"author":3,"featured_media":24832,"comment_status":"closed","ping_status":"open","sticky":false,"template":"","format":"standard","meta":{"om_disable_all_campaigns":false,"_monsterinsights_skip_tracking":false,"_monsterinsights_sitenote_active":false,"_monsterinsights_sitenote_note":"","_monsterinsights_sitenote_category":0,"_uf_show_specific_survey":0,"_uf_disable_surveys":false,"footnotes":""},"categories":[1110,1167,1130,1120],"tags":[54,873,874,574,681],"class_list":["post-24830","post","type-post","status-publish","format-standard","has-post-thumbnail","hentry","category-activitats-sectors","category-infancia","category-sector-girona","category-sector-ripolles-osona-i-moianes","tag-formacio","tag-monitor","tag-monitora","tag-tm","tag-trobada-de-monitors-i-monitores"],"yoast_head":"<!-- This site is optimized with the Yoast SEO plugin v27.5 - https:\/\/yoast.com\/product\/yoast-seo-wordpress\/ -->\n<title>Amer acull una exitosa trobada de formaci\u00f3 per a les monitores dels sectors Girona i Osona-Ripoll\u00e8s - Esplac<\/title>\n<meta name=\"robots\" content=\"index, follow, max-snippet:-1, max-image-preview:large, max-video-preview:-1\" \/>\n<link rel=\"canonical\" href=\"https:\/\/www.esplac.cat\/en\/amer-acull-exitosa-trobada-formacio-monitores-sectors-girona-i-osona-ripolles\/\" \/>\n<meta property=\"og:locale\" content=\"es_ES\" \/>\n<meta property=\"og:type\" content=\"article\" \/>\n<meta property=\"og:title\" content=\"Amer acull una exitosa trobada de formaci\u00f3 per a les monitores dels sectors Girona i Osona-Ripoll\u00e8s - Esplac\" \/>\n<meta property=\"og:description\" content=\"Les monitores del Sector Girona i el Sector Osona-Ripoll\u00e8s van [&hellip;]\" \/>\n<meta property=\"og:url\" content=\"https:\/\/www.esplac.cat\/en\/amer-acull-exitosa-trobada-formacio-monitores-sectors-girona-i-osona-ripolles\/\" \/>\n<meta property=\"og:site_name\" content=\"Esplac\" \/>\n<meta property=\"article:published_time\" content=\"2017-04-06T09:30:17+00:00\" \/>\n<meta property=\"article:modified_time\" content=\"2019-11-14T11:38:35+00:00\" \/>\n<meta property=\"og:image\" content=\"https:\/\/www.esplac.cat\/wp-content\/uploads\/2017\/04\/20170406_TM-or-gi.jpg\" \/>\n\t<meta property=\"og:image:width\" content=\"847\" \/>\n\t<meta property=\"og:image:height\" content=\"350\" \/>\n\t<meta property=\"og:image:type\" content=\"image\/jpeg\" \/>\n<meta name=\"author\" content=\"Comunicaci\u00f3 Esplac\" \/>\n<meta name=\"twitter:card\" content=\"summary_large_image\" \/>\n<meta name=\"twitter:label1\" content=\"Escrito por\" \/>\n\t<meta name=\"twitter:data1\" content=\"Comunicaci\u00f3 Esplac\" \/>\n\t<meta name=\"twitter:label2\" content=\"Tiempo de lectura\" \/>\n\t<meta name=\"twitter:data2\" content=\"1 minuto\" \/>\n<script type=\"application\/ld+json\" class=\"yoast-schema-graph\">{\"@context\":\"https:\\\/\\\/schema.org\",\"@graph\":[{\"@type\":\"Article\",\"@id\":\"https:\\\/\\\/www.esplac.cat\\\/en\\\/amer-acull-exitosa-trobada-formacio-monitores-sectors-girona-i-osona-ripolles\\\/#article\",\"isPartOf\":{\"@id\":\"https:\\\/\\\/www.esplac.cat\\\/en\\\/amer-acull-exitosa-trobada-formacio-monitores-sectors-girona-i-osona-ripolles\\\/\"},\"author\":{\"name\":\"Comunicaci\u00f3 Esplac\",\"@id\":\"https:\\\/\\\/www.esplac.cat\\\/#\\\/schema\\\/person\\\/908383cf240be18b68f8855d0583faca\"},\"headline\":\"Amer acull una exitosa trobada de formaci\u00f3 per a les monitores dels sectors Girona i Osona-Ripoll\u00e8s\",\"datePublished\":\"2017-04-06T09:30:17+00:00\",\"dateModified\":\"2019-11-14T11:38:35+00:00\",\"mainEntityOfPage\":{\"@id\":\"https:\\\/\\\/www.esplac.cat\\\/en\\\/amer-acull-exitosa-trobada-formacio-monitores-sectors-girona-i-osona-ripolles\\\/\"},\"wordCount\":313,\"publisher\":{\"@id\":\"https:\\\/\\\/www.esplac.cat\\\/#organization\"},\"image\":{\"@id\":\"https:\\\/\\\/www.esplac.cat\\\/en\\\/amer-acull-exitosa-trobada-formacio-monitores-sectors-girona-i-osona-ripolles\\\/#primaryimage\"},\"thumbnailUrl\":\"https:\\\/\\\/www.esplac.cat\\\/wp-content\\\/uploads\\\/2017\\\/04\\\/20170406_TM-or-gi.jpg\",\"keywords\":[\"formaci\u00f3\",\"monitor\",\"monitora\",\"TM\",\"trobada de monitors i monitores\"],\"articleSection\":[\"Activitats sectors\",\"Inf\u00e0ncia i Esplaiada\",\"Sector Girona\",\"Sector Ripoll\u00e8s, Osona i Moian\u00e8s\"],\"inLanguage\":\"es\"},{\"@type\":\"WebPage\",\"@id\":\"https:\\\/\\\/www.esplac.cat\\\/en\\\/amer-acull-exitosa-trobada-formacio-monitores-sectors-girona-i-osona-ripolles\\\/\",\"url\":\"https:\\\/\\\/www.esplac.cat\\\/en\\\/amer-acull-exitosa-trobada-formacio-monitores-sectors-girona-i-osona-ripolles\\\/\",\"name\":\"Amer acull una exitosa trobada de formaci\u00f3 per a les monitores dels sectors Girona i Osona-Ripoll\u00e8s - Esplac\",\"isPartOf\":{\"@id\":\"https:\\\/\\\/www.esplac.cat\\\/#website\"},\"primaryImageOfPage\":{\"@id\":\"https:\\\/\\\/www.esplac.cat\\\/en\\\/amer-acull-exitosa-trobada-formacio-monitores-sectors-girona-i-osona-ripolles\\\/#primaryimage\"},\"image\":{\"@id\":\"https:\\\/\\\/www.esplac.cat\\\/en\\\/amer-acull-exitosa-trobada-formacio-monitores-sectors-girona-i-osona-ripolles\\\/#primaryimage\"},\"thumbnailUrl\":\"https:\\\/\\\/www.esplac.cat\\\/wp-content\\\/uploads\\\/2017\\\/04\\\/20170406_TM-or-gi.jpg\",\"datePublished\":\"2017-04-06T09:30:17+00:00\",\"dateModified\":\"2019-11-14T11:38:35+00:00\",\"breadcrumb\":{\"@id\":\"https:\\\/\\\/www.esplac.cat\\\/en\\\/amer-acull-exitosa-trobada-formacio-monitores-sectors-girona-i-osona-ripolles\\\/#breadcrumb\"},\"inLanguage\":\"es\",\"potentialAction\":[{\"@type\":\"ReadAction\",\"target\":[\"https:\\\/\\\/www.esplac.cat\\\/en\\\/amer-acull-exitosa-trobada-formacio-monitores-sectors-girona-i-osona-ripolles\\\/\"]}]},{\"@type\":\"ImageObject\",\"inLanguage\":\"es\",\"@id\":\"https:\\\/\\\/www.esplac.cat\\\/en\\\/amer-acull-exitosa-trobada-formacio-monitores-sectors-girona-i-osona-ripolles\\\/#primaryimage\",\"url\":\"https:\\\/\\\/www.esplac.cat\\\/wp-content\\\/uploads\\\/2017\\\/04\\\/20170406_TM-or-gi.jpg\",\"contentUrl\":\"https:\\\/\\\/www.esplac.cat\\\/wp-content\\\/uploads\\\/2017\\\/04\\\/20170406_TM-or-gi.jpg\",\"width\":847,\"height\":350},{\"@type\":\"BreadcrumbList\",\"@id\":\"https:\\\/\\\/www.esplac.cat\\\/en\\\/amer-acull-exitosa-trobada-formacio-monitores-sectors-girona-i-osona-ripolles\\\/#breadcrumb\",\"itemListElement\":[{\"@type\":\"ListItem\",\"position\":1,\"name\":\"Inici\",\"item\":\"https:\\\/\\\/www.esplac.cat\\\/es\\\/\"},{\"@type\":\"ListItem\",\"position\":2,\"name\":\"Amer acull una exitosa trobada de formaci\u00f3 per a les monitores dels sectors Girona i Osona-Ripoll\u00e8s\"}]},{\"@type\":\"WebSite\",\"@id\":\"https:\\\/\\\/www.esplac.cat\\\/#website\",\"url\":\"https:\\\/\\\/www.esplac.cat\\\/\",\"name\":\"Esplac\",\"description\":\"Esplais Catalans\",\"publisher\":{\"@id\":\"https:\\\/\\\/www.esplac.cat\\\/#organization\"},\"potentialAction\":[{\"@type\":\"SearchAction\",\"target\":{\"@type\":\"EntryPoint\",\"urlTemplate\":\"https:\\\/\\\/www.esplac.cat\\\/?s={search_term_string}\"},\"query-input\":{\"@type\":\"PropertyValueSpecification\",\"valueRequired\":true,\"valueName\":\"search_term_string\"}}],\"inLanguage\":\"es\"},{\"@type\":\"Organization\",\"@id\":\"https:\\\/\\\/www.esplac.cat\\\/#organization\",\"name\":\"Esplac\",\"url\":\"https:\\\/\\\/www.esplac.cat\\\/\",\"logo\":{\"@type\":\"ImageObject\",\"inLanguage\":\"es\",\"@id\":\"https:\\\/\\\/www.esplac.cat\\\/#\\\/schema\\\/logo\\\/image\\\/\",\"url\":\"https:\\\/\\\/www.esplac.cat\\\/wp-content\\\/uploads\\\/2019\\\/08\\\/logox2.png\",\"contentUrl\":\"https:\\\/\\\/www.esplac.cat\\\/wp-content\\\/uploads\\\/2019\\\/08\\\/logox2.png\",\"width\":600,\"height\":295,\"caption\":\"Esplac\"},\"image\":{\"@id\":\"https:\\\/\\\/www.esplac.cat\\\/#\\\/schema\\\/logo\\\/image\\\/\"}},{\"@type\":\"Person\",\"@id\":\"https:\\\/\\\/www.esplac.cat\\\/#\\\/schema\\\/person\\\/908383cf240be18b68f8855d0583faca\",\"name\":\"Comunicaci\u00f3 Esplac\",\"image\":{\"@type\":\"ImageObject\",\"inLanguage\":\"es\",\"@id\":\"https:\\\/\\\/secure.gravatar.com\\\/avatar\\\/7a4cf8feb412a76ea4a740ca02d95b06b2907b5a6c648c2dd0a1082a093c3141?s=96&d=mm&r=g\",\"url\":\"https:\\\/\\\/secure.gravatar.com\\\/avatar\\\/7a4cf8feb412a76ea4a740ca02d95b06b2907b5a6c648c2dd0a1082a093c3141?s=96&d=mm&r=g\",\"contentUrl\":\"https:\\\/\\\/secure.gravatar.com\\\/avatar\\\/7a4cf8feb412a76ea4a740ca02d95b06b2907b5a6c648c2dd0a1082a093c3141?s=96&d=mm&r=g\",\"caption\":\"Comunicaci\u00f3 Esplac\"}}]}<\/script>\n<!-- \/ Yoast SEO plugin. -->","yoast_head_json":{"title":"Amer acull una exitosa trobada de formaci\u00f3 per a les monitores dels sectors Girona i Osona-Ripoll\u00e8s - Esplac","robots":{"index":"index","follow":"follow","max-snippet":"max-snippet:-1","max-image-preview":"max-image-preview:large","max-video-preview":"max-video-preview:-1"},"canonical":"https:\/\/www.esplac.cat\/en\/amer-acull-exitosa-trobada-formacio-monitores-sectors-girona-i-osona-ripolles\/","og_locale":"es_ES","og_type":"article","og_title":"Amer acull una exitosa trobada de formaci\u00f3 per a les monitores dels sectors Girona i Osona-Ripoll\u00e8s - Esplac","og_description":"Les monitores del Sector Girona i el Sector Osona-Ripoll\u00e8s van [&hellip;]","og_url":"https:\/\/www.esplac.cat\/en\/amer-acull-exitosa-trobada-formacio-monitores-sectors-girona-i-osona-ripolles\/","og_site_name":"Esplac","article_published_time":"2017-04-06T09:30:17+00:00","article_modified_time":"2019-11-14T11:38:35+00:00","og_image":[{"width":847,"height":350,"url":"https:\/\/www.esplac.cat\/wp-content\/uploads\/2017\/04\/20170406_TM-or-gi.jpg","type":"image\/jpeg"}],"author":"Comunicaci\u00f3 Esplac","twitter_card":"summary_large_image","twitter_misc":{"Escrito por":"Comunicaci\u00f3 Esplac","Tiempo de lectura":"1 minuto"},"schema":{"@context":"https:\/\/schema.org","@graph":[{"@type":"Article","@id":"https:\/\/www.esplac.cat\/en\/amer-acull-exitosa-trobada-formacio-monitores-sectors-girona-i-osona-ripolles\/#article","isPartOf":{"@id":"https:\/\/www.esplac.cat\/en\/amer-acull-exitosa-trobada-formacio-monitores-sectors-girona-i-osona-ripolles\/"},"author":{"name":"Comunicaci\u00f3 Esplac","@id":"https:\/\/www.esplac.cat\/#\/schema\/person\/908383cf240be18b68f8855d0583faca"},"headline":"Amer acull una exitosa trobada de formaci\u00f3 per a les monitores dels sectors Girona i Osona-Ripoll\u00e8s","datePublished":"2017-04-06T09:30:17+00:00","dateModified":"2019-11-14T11:38:35+00:00","mainEntityOfPage":{"@id":"https:\/\/www.esplac.cat\/en\/amer-acull-exitosa-trobada-formacio-monitores-sectors-girona-i-osona-ripolles\/"},"wordCount":313,"publisher":{"@id":"https:\/\/www.esplac.cat\/#organization"},"image":{"@id":"https:\/\/www.esplac.cat\/en\/amer-acull-exitosa-trobada-formacio-monitores-sectors-girona-i-osona-ripolles\/#primaryimage"},"thumbnailUrl":"https:\/\/www.esplac.cat\/wp-content\/uploads\/2017\/04\/20170406_TM-or-gi.jpg","keywords":["formaci\u00f3","monitor","monitora","TM","trobada de monitors i monitores"],"articleSection":["Activitats sectors","Inf\u00e0ncia i Esplaiada","Sector Girona","Sector Ripoll\u00e8s, Osona i Moian\u00e8s"],"inLanguage":"es"},{"@type":"WebPage","@id":"https:\/\/www.esplac.cat\/en\/amer-acull-exitosa-trobada-formacio-monitores-sectors-girona-i-osona-ripolles\/","url":"https:\/\/www.esplac.cat\/en\/amer-acull-exitosa-trobada-formacio-monitores-sectors-girona-i-osona-ripolles\/","name":"Amer acull una exitosa trobada de formaci\u00f3 per a les monitores dels sectors Girona i Osona-Ripoll\u00e8s - Esplac","isPartOf":{"@id":"https:\/\/www.esplac.cat\/#website"},"primaryImageOfPage":{"@id":"https:\/\/www.esplac.cat\/en\/amer-acull-exitosa-trobada-formacio-monitores-sectors-girona-i-osona-ripolles\/#primaryimage"},"image":{"@id":"https:\/\/www.esplac.cat\/en\/amer-acull-exitosa-trobada-formacio-monitores-sectors-girona-i-osona-ripolles\/#primaryimage"},"thumbnailUrl":"https:\/\/www.esplac.cat\/wp-content\/uploads\/2017\/04\/20170406_TM-or-gi.jpg","datePublished":"2017-04-06T09:30:17+00:00","dateModified":"2019-11-14T11:38:35+00:00","breadcrumb":{"@id":"https:\/\/www.esplac.cat\/en\/amer-acull-exitosa-trobada-formacio-monitores-sectors-girona-i-osona-ripolles\/#breadcrumb"},"inLanguage":"es","potentialAction":[{"@type":"ReadAction","target":["https:\/\/www.esplac.cat\/en\/amer-acull-exitosa-trobada-formacio-monitores-sectors-girona-i-osona-ripolles\/"]}]},{"@type":"ImageObject","inLanguage":"es","@id":"https:\/\/www.esplac.cat\/en\/amer-acull-exitosa-trobada-formacio-monitores-sectors-girona-i-osona-ripolles\/#primaryimage","url":"https:\/\/www.esplac.cat\/wp-content\/uploads\/2017\/04\/20170406_TM-or-gi.jpg","contentUrl":"https:\/\/www.esplac.cat\/wp-content\/uploads\/2017\/04\/20170406_TM-or-gi.jpg","width":847,"height":350},{"@type":"BreadcrumbList","@id":"https:\/\/www.esplac.cat\/en\/amer-acull-exitosa-trobada-formacio-monitores-sectors-girona-i-osona-ripolles\/#breadcrumb","itemListElement":[{"@type":"ListItem","position":1,"name":"Inici","item":"https:\/\/www.esplac.cat\/es\/"},{"@type":"ListItem","position":2,"name":"Amer acull una exitosa trobada de formaci\u00f3 per a les monitores dels sectors Girona i Osona-Ripoll\u00e8s"}]},{"@type":"WebSite","@id":"https:\/\/www.esplac.cat\/#website","url":"https:\/\/www.esplac.cat\/","name":"Esplac","description":"Esplais Catalans","publisher":{"@id":"https:\/\/www.esplac.cat\/#organization"},"potentialAction":[{"@type":"SearchAction","target":{"@type":"EntryPoint","urlTemplate":"https:\/\/www.esplac.cat\/?s={search_term_string}"},"query-input":{"@type":"PropertyValueSpecification","valueRequired":true,"valueName":"search_term_string"}}],"inLanguage":"es"},{"@type":"Organization","@id":"https:\/\/www.esplac.cat\/#organization","name":"Esplac","url":"https:\/\/www.esplac.cat\/","logo":{"@type":"ImageObject","inLanguage":"es","@id":"https:\/\/www.esplac.cat\/#\/schema\/logo\/image\/","url":"https:\/\/www.esplac.cat\/wp-content\/uploads\/2019\/08\/logox2.png","contentUrl":"https:\/\/www.esplac.cat\/wp-content\/uploads\/2019\/08\/logox2.png","width":600,"height":295,"caption":"Esplac"},"image":{"@id":"https:\/\/www.esplac.cat\/#\/schema\/logo\/image\/"}},{"@type":"Person","@id":"https:\/\/www.esplac.cat\/#\/schema\/person\/908383cf240be18b68f8855d0583faca","name":"Comunicaci\u00f3 Esplac","image":{"@type":"ImageObject","inLanguage":"es","@id":"https:\/\/secure.gravatar.com\/avatar\/7a4cf8feb412a76ea4a740ca02d95b06b2907b5a6c648c2dd0a1082a093c3141?s=96&d=mm&r=g","url":"https:\/\/secure.gravatar.com\/avatar\/7a4cf8feb412a76ea4a740ca02d95b06b2907b5a6c648c2dd0a1082a093c3141?s=96&d=mm&r=g","contentUrl":"https:\/\/secure.gravatar.com\/avatar\/7a4cf8feb412a76ea4a740ca02d95b06b2907b5a6c648c2dd0a1082a093c3141?s=96&d=mm&r=g","caption":"Comunicaci\u00f3 Esplac"}}]}},"_links":{"self":[{"href":"https:\/\/www.esplac.cat\/es\/wp-json\/wp\/v2\/posts\/24830","targetHints":{"allow":["GET"]}}],"collection":[{"href":"https:\/\/www.esplac.cat\/es\/wp-json\/wp\/v2\/posts"}],"about":[{"href":"https:\/\/www.esplac.cat\/es\/wp-json\/wp\/v2\/types\/post"}],"author":[{"embeddable":true,"href":"https:\/\/www.esplac.cat\/es\/wp-json\/wp\/v2\/users\/3"}],"replies":[{"embeddable":true,"href":"https:\/\/www.esplac.cat\/es\/wp-json\/wp\/v2\/comments?post=24830"}],"version-history":[{"count":0,"href":"https:\/\/www.esplac.cat\/es\/wp-json\/wp\/v2\/posts\/24830\/revisions"}],"wp:featuredmedia":[{"embeddable":true,"href":"https:\/\/www.esplac.cat\/es\/wp-json\/wp\/v2\/media\/24832"}],"wp:attachment":[{"href":"https:\/\/www.esplac.cat\/es\/wp-json\/wp\/v2\/media?parent=24830"}],"wp:term":[{"taxonomy":"category","embeddable":true,"href":"https:\/\/www.esplac.cat\/es\/wp-json\/wp\/v2\/categories?post=24830"},{"taxonomy":"post_tag","embeddable":true,"href":"https:\/\/www.esplac.cat\/es\/wp-json\/wp\/v2\/tags?post=24830"}],"curies":[{"name":"wp","href":"https:\/\/api.w.org\/{rel}","templated":true}]}}