{"id":24839,"date":"2017-04-04T09:04:55","date_gmt":"2017-04-04T07:04:55","guid":{"rendered":"http:\/\/www.esplac.cat\/?p=13380"},"modified":"2017-04-04T09:04:55","modified_gmt":"2017-04-04T07:04:55","slug":"la-revista-som-esplai-estrena-compte-de-twitter-i-pagina-al-facebook","status":"publish","type":"post","link":"https:\/\/www.esplac.cat\/es\/la-revista-som-esplai-estrena-compte-de-twitter-i-pagina-al-facebook\/","title":{"rendered":"La revista Som Esplai estrena compte de Twitter i p\u00e0gina al Facebook"},"content":{"rendered":"<h4 class=\"p1\"><span class=\"s1\"><b>La revista digital d&#8217;Esplais Catalans, nascuda l&#8217;any 2013, pren protagonisme a les xarxes socials per tal de visibilitzar m\u00e9s els seus continguts.<\/b><\/span><\/h4>\n<p class=\"p3\"><span class=\"s1\">A l\u2019esplai eduquem, juguem, ens organitzem, riem, transformem.. I, com no pot ser d&#8217;una altra manera, reflexionem i debatem constantment. El <a href=\"http:\/\/www.somesplai.cat\/\" target=\"_blank\" rel=\"noopener noreferrer\"><strong>Som Esplai, la revista digital d&#8217;Esplais Catalans<\/strong><\/a><\/span><span class=\"s1\">,\u00a0<\/span><span class=\"s1\">que es va crear el gener de 2013,\u00a0<\/span><span class=\"s1\">va n\u00e9ixer justament amb aquest objectiu:\u00a0<\/span><span class=\"s1\">consolidar-se com un espai de debat, reflexi\u00f3 i intercanvi d&#8217;\u00a1dees, que generi discurs i que, finalment, ens serveixi per connectar l&#8217;esplai amb el m\u00f3n i l&#8217;actualitat.<\/span><\/p>\n<p class=\"p3\"><span class=\"s1\">Per tal d&#8217;aconseguir aquest objectiu i visibilitzar tots els continguts que es publiquen a la revista, <\/span><span class=\"s1\">a partir d&#8217;ara podeu seguir la revista digital per xarxes socials, perqu\u00e8 <strong>hem creat\u00a0<\/strong><\/span><strong><span class=\"s1\"><a href=\"https:\/\/twitter.com\/somesplai\" target=\"_blank\" rel=\"noopener noreferrer\">un perfil propi a Twitter<\/a> i a <a href=\"https:\/\/www.facebook.com\/somesplai\/\" target=\"_blank\" rel=\"noopener noreferrer\">una p\u00e0gina de Facebook<\/a><\/span><\/strong><span class=\"s1\"><strong>!<\/strong>\u00a0<\/span><span class=\"s1\">D&#8217;aquesta manera, compartirem els articles i continguts, farem<\/span><span class=\"s1\">\u00a0cr\u00e9ixer\u00a0<\/span><span class=\"s1\">el\u00a0<\/span><span class=\"s1\">Som Esplai i\u00a0<\/span><span class=\"s1\">el donarem\u00a0<\/span><span class=\"s1\">a con\u00e8ixer a nous p\u00fablics.<\/span><\/p>\n<h3><b>Un espai obert a la participaci\u00f3<\/b><\/h3>\n<p class=\"p1\"><span class=\"s1\">SomEsplai.cat \u00e9s un espai obert a tothom qui hi vulgui col\u00b7laborar. La coordinaci\u00f3 i el lideratge del projecte es duu a terme a trav\u00e9s del Grup de Treball del Som Esplai (abans anomenat Consell de Redacci\u00f3), format per monitors, monitores, dirigents,\u00a0<\/span><span class=\"s1\">socis i s\u00f2cies<\/span><span class=\"s1\">\u00a0i una persona t\u00e8cnica d&#8217;Esplais Catalans. \u00c9s aquest grup l&#8217;encarregat de programar els temes dels propers articles, escriure\u2019ls, fer entrevistes, enc\u00e0rregar c<\/span><span class=\"s1\">o<\/span><span class=\"s1\">ntinguts a\u00a0<\/span><span class=\"s1\">altres\u00a0<\/span><span class=\"s1\">persones i\u00a0<\/span><span class=\"s1\">planificar\u00a0<\/span><span class=\"s1\">l&#8217;agenda de publicaci\u00f3.<\/span><\/p>\n<p style=\"text-align: justify;\">Aquest grup es reuneix una vegada al mes de forma presencial, alterna<span class=\"s1\">n<\/span><span class=\"s1\">t un mes a la seu d&#8217;Esplac de Barcelona (carrer Aviny\u00f3 44, 2n pis) i un altre en algun esplai del territori. Entre reunions, l&#8217;equip treballem per mail i xarxa, intercanviant articles, opinions i impressions sobre\u00a0<\/span><span class=\"s1\">els continguts i millores\u00a0<\/span><span class=\"s1\">que\u00a0<\/span><span class=\"s1\">creiem que\u00a0<\/span><span class=\"s1\">requereix la revista.<\/span><\/p>\n<h3 class=\"p4\"><span class=\"s1\"><b>Noves seccions i monogr\u00e0fics<\/b><\/span><\/h3>\n<p class=\"p4\"><span class=\"s1\">Durant el curs hem realitzat diferents canvis a les seccions, adaptant-la a la realitat d&#8217;Esplac i als diferents formats. finalment, les seccions s\u00f3n:<\/span><\/p>\n<ul>\n<li class=\"p4\"><span class=\"s2\"><span style=\"text-decoration: underline;\"><strong>En profunditat<\/strong><\/span>:<\/span><span class=\"s1\">\u00a0reportatges o articles m\u00e9s e xtensos on desenvolupem temes interessants de l&#8217;actualitat o relacionats amb el m\u00f3n de l&#8217;educaci\u00f3 o l&#8217;associacionisme educatiu, aprofundint en el tema i aportant un valor afegit.<\/span><\/li>\n<li class=\"p4\"><strong><span style=\"text-decoration: underline;\"><span class=\"s2\">Tenim opini\u00f3<\/span><\/span><\/strong><span class=\"s1\">: articles d&#8217;opini\u00f3 on les col\u00b7laboradores i col\u00b7laboradors es posicionen sobre un tema determinat, vinculat a la realitat dels esplais o d&#8217;inter\u00e8s per a aquests.<\/span><\/li>\n<li class=\"p4\"><strong><span style=\"text-decoration: underline;\"><span class=\"s2\">Parlem amb&#8230;<\/span><\/span><\/strong><span class=\"s1\"><strong><span style=\"text-decoration: underline;\">:<\/span><\/strong> secci\u00f3 d&#8217;entrevistes a persones relacionades amb el m\u00f3n educatiu, amb l&#8217;esplai, expertes en tem\u00e0tiques que debatem i treballem&#8230;<\/span><\/li>\n<li class=\"p4\"><span class=\"s2\"><strong><span style=\"text-decoration: underline;\">Jo s\u00f3c d&#8217;esplai<\/span><\/strong>:<\/span><span class=\"s1\">\u00a0has fet una formaci\u00f3 a l&#8217;esplai o a Esplac i vols escriure&#8217;n una reflexi\u00f3 al respecte? Deixes l&#8217;esplai i vols compartir la teva carta de comiat amb el m\u00f3n? Heu fet una activitat xul\u00edssima a l&#8217;esplai que voleu explicar i compartir? Aquesta \u00e9s la vostra secci\u00f3!<\/span><\/li>\n<li class=\"p4\"><span style=\"text-decoration: underline;\"><strong><span class=\"s2\">Esplai gr\u00e0fic<\/span><\/strong><\/span><span class=\"s1\"><span style=\"text-decoration: underline;\"><strong>:<\/strong><\/span> al Som Esplai no nom\u00e9s publiquem articles i entrevistes, tamb\u00e9 ens agrada potenciar la part gr\u00e0fica: galeries de fotos, tires c\u00f2miques, il\u00b7lustracions, gifs&#8230; Aqu\u00ed trobareu la part m\u00e9s visual de la revista!<\/span><\/li>\n<\/ul>\n<p class=\"p4\"><span class=\"s1\">A m\u00e9s de les seccions, utilitzem tamb\u00e9 en diverses ocasions els <strong>Monogr\u00e0fics<\/strong> com a p<\/span><span class=\"s3\">araig\u00fces tem\u00e0tics\u00a0<\/span><span class=\"s1\">per organitzar els continguts i reflexionar, a trav\u00e9s de diferents formats, sobre <\/span><span class=\"s1\">temes que estan molt presents a l&#8217;esplai\u00a0<\/span><span class=\"s1\">i a la societat en general\u00a0<\/span><span class=\"s1\">(g\u00e8nere, formaci\u00f3, pol\u00edtica i esplai, locals&#8230;)<\/span><\/p>\n<p class=\"p4\"><span class=\"s1\">Si teniu idees de temes a tractar a la revista o voleu participar del grup de treball, podeu escriure un correu a\u00a0<a href=\"mailto:comunicacio@esplac.cat\"><span class=\"s4\"><b>comunicacio@esplac.cat<\/b><\/span><\/a>\u00a0i us donarem m\u00e9s informaci\u00f3!<\/span><\/p>\n","protected":false},"excerpt":{"rendered":"<p>La revista digital d&#8217;Esplais Catalans, nascuda l&#8217;any 2013, pren protagonisme [&hellip;]<\/p>\n","protected":false},"author":3,"featured_media":24840,"comment_status":"closed","ping_status":"open","sticky":false,"template":"","format":"standard","meta":{"om_disable_all_campaigns":false,"_monsterinsights_skip_tracking":false,"_monsterinsights_sitenote_active":false,"_monsterinsights_sitenote_note":"","_monsterinsights_sitenote_category":0,"_uf_show_specific_survey":0,"_uf_disable_surveys":false,"footnotes":""},"categories":[1119,1126,1],"tags":[867,94,868,869,72,870,784,602,150],"class_list":["post-24839","post","type-post","status-publish","format-standard","has-post-thumbnail","hentry","category-activitats-comissions-grups-de-treball","category-lapiqueta","category-sense-categoria","tag-articles","tag-comunicacio","tag-entrevistes","tag-esplai-grafic","tag-monografics","tag-opinio","tag-revista-digital","tag-som-esplai","tag-xarxes-socials"],"yoast_head":"<!-- This site is optimized with the Yoast SEO plugin v27.5 - https:\/\/yoast.com\/product\/yoast-seo-wordpress\/ -->\n<title>La revista Som Esplai estrena compte de Twitter i p\u00e0gina al Facebook - Esplac<\/title>\n<meta name=\"robots\" content=\"index, follow, max-snippet:-1, max-image-preview:large, max-video-preview:-1\" \/>\n<link rel=\"canonical\" href=\"https:\/\/www.esplac.cat\/la-revista-som-esplai-estrena-compte-de-twitter-i-pagina-al-facebook\/\" \/>\n<meta property=\"og:locale\" content=\"es_ES\" \/>\n<meta property=\"og:type\" content=\"article\" \/>\n<meta property=\"og:title\" content=\"La revista Som Esplai estrena compte de Twitter i p\u00e0gina al Facebook - Esplac\" \/>\n<meta property=\"og:description\" content=\"La revista digital d&#8217;Esplais Catalans, nascuda l&#8217;any 2013, pren protagonisme [&hellip;]\" \/>\n<meta property=\"og:url\" content=\"https:\/\/www.esplac.cat\/la-revista-som-esplai-estrena-compte-de-twitter-i-pagina-al-facebook\/\" \/>\n<meta property=\"og:site_name\" content=\"Esplac\" \/>\n<meta property=\"article:published_time\" content=\"2017-04-04T07:04:55+00:00\" \/>\n<meta property=\"og:image\" content=\"https:\/\/www.esplac.cat\/wp-content\/uploads\/2017\/04\/20170404_Somesplai-xarxes.jpg\" \/>\n\t<meta property=\"og:image:width\" content=\"847\" \/>\n\t<meta property=\"og:image:height\" content=\"350\" \/>\n\t<meta property=\"og:image:type\" content=\"image\/jpeg\" \/>\n<meta name=\"author\" content=\"Comunicaci\u00f3 Esplac\" \/>\n<meta name=\"twitter:card\" content=\"summary_large_image\" \/>\n<meta name=\"twitter:label1\" content=\"Escrito por\" \/>\n\t<meta name=\"twitter:data1\" content=\"Comunicaci\u00f3 Esplac\" \/>\n\t<meta name=\"twitter:label2\" content=\"Tiempo de lectura\" \/>\n\t<meta name=\"twitter:data2\" content=\"3 minutos\" \/>\n<script type=\"application\/ld+json\" class=\"yoast-schema-graph\">{\"@context\":\"https:\\\/\\\/schema.org\",\"@graph\":[{\"@type\":\"Article\",\"@id\":\"https:\\\/\\\/www.esplac.cat\\\/la-revista-som-esplai-estrena-compte-de-twitter-i-pagina-al-facebook\\\/#article\",\"isPartOf\":{\"@id\":\"https:\\\/\\\/www.esplac.cat\\\/la-revista-som-esplai-estrena-compte-de-twitter-i-pagina-al-facebook\\\/\"},\"author\":{\"name\":\"Comunicaci\u00f3 Esplac\",\"@id\":\"https:\\\/\\\/www.esplac.cat\\\/#\\\/schema\\\/person\\\/908383cf240be18b68f8855d0583faca\"},\"headline\":\"La revista Som Esplai estrena compte de Twitter i p\u00e0gina al Facebook\",\"datePublished\":\"2017-04-04T07:04:55+00:00\",\"mainEntityOfPage\":{\"@id\":\"https:\\\/\\\/www.esplac.cat\\\/la-revista-som-esplai-estrena-compte-de-twitter-i-pagina-al-facebook\\\/\"},\"wordCount\":638,\"publisher\":{\"@id\":\"https:\\\/\\\/www.esplac.cat\\\/#organization\"},\"image\":{\"@id\":\"https:\\\/\\\/www.esplac.cat\\\/la-revista-som-esplai-estrena-compte-de-twitter-i-pagina-al-facebook\\\/#primaryimage\"},\"thumbnailUrl\":\"https:\\\/\\\/www.esplac.cat\\\/wp-content\\\/uploads\\\/2017\\\/04\\\/20170404_Somesplai-xarxes.jpg\",\"keywords\":[\"articles\",\"comunicaci\u00f3\",\"entrevistes\",\"esplai gr\u00e0fic\",\"monogr\u00e0fics\",\"opini\u00f3\",\"revista digital\",\"som esplai\",\"xarxes socials\"],\"articleSection\":[\"Activitats comissions i grups de treball\",\"La Piqueta\",\"Sense categoria\"],\"inLanguage\":\"es\"},{\"@type\":\"WebPage\",\"@id\":\"https:\\\/\\\/www.esplac.cat\\\/la-revista-som-esplai-estrena-compte-de-twitter-i-pagina-al-facebook\\\/\",\"url\":\"https:\\\/\\\/www.esplac.cat\\\/la-revista-som-esplai-estrena-compte-de-twitter-i-pagina-al-facebook\\\/\",\"name\":\"La revista Som Esplai estrena compte de Twitter i p\u00e0gina al Facebook - Esplac\",\"isPartOf\":{\"@id\":\"https:\\\/\\\/www.esplac.cat\\\/#website\"},\"primaryImageOfPage\":{\"@id\":\"https:\\\/\\\/www.esplac.cat\\\/la-revista-som-esplai-estrena-compte-de-twitter-i-pagina-al-facebook\\\/#primaryimage\"},\"image\":{\"@id\":\"https:\\\/\\\/www.esplac.cat\\\/la-revista-som-esplai-estrena-compte-de-twitter-i-pagina-al-facebook\\\/#primaryimage\"},\"thumbnailUrl\":\"https:\\\/\\\/www.esplac.cat\\\/wp-content\\\/uploads\\\/2017\\\/04\\\/20170404_Somesplai-xarxes.jpg\",\"datePublished\":\"2017-04-04T07:04:55+00:00\",\"breadcrumb\":{\"@id\":\"https:\\\/\\\/www.esplac.cat\\\/la-revista-som-esplai-estrena-compte-de-twitter-i-pagina-al-facebook\\\/#breadcrumb\"},\"inLanguage\":\"es\",\"potentialAction\":[{\"@type\":\"ReadAction\",\"target\":[\"https:\\\/\\\/www.esplac.cat\\\/la-revista-som-esplai-estrena-compte-de-twitter-i-pagina-al-facebook\\\/\"]}]},{\"@type\":\"ImageObject\",\"inLanguage\":\"es\",\"@id\":\"https:\\\/\\\/www.esplac.cat\\\/la-revista-som-esplai-estrena-compte-de-twitter-i-pagina-al-facebook\\\/#primaryimage\",\"url\":\"https:\\\/\\\/www.esplac.cat\\\/wp-content\\\/uploads\\\/2017\\\/04\\\/20170404_Somesplai-xarxes.jpg\",\"contentUrl\":\"https:\\\/\\\/www.esplac.cat\\\/wp-content\\\/uploads\\\/2017\\\/04\\\/20170404_Somesplai-xarxes.jpg\",\"width\":847,\"height\":350},{\"@type\":\"BreadcrumbList\",\"@id\":\"https:\\\/\\\/www.esplac.cat\\\/la-revista-som-esplai-estrena-compte-de-twitter-i-pagina-al-facebook\\\/#breadcrumb\",\"itemListElement\":[{\"@type\":\"ListItem\",\"position\":1,\"name\":\"Inici\",\"item\":\"https:\\\/\\\/www.esplac.cat\\\/es\\\/\"},{\"@type\":\"ListItem\",\"position\":2,\"name\":\"La revista Som Esplai estrena compte de Twitter i p\u00e0gina al Facebook\"}]},{\"@type\":\"WebSite\",\"@id\":\"https:\\\/\\\/www.esplac.cat\\\/#website\",\"url\":\"https:\\\/\\\/www.esplac.cat\\\/\",\"name\":\"Esplac\",\"description\":\"Esplais Catalans\",\"publisher\":{\"@id\":\"https:\\\/\\\/www.esplac.cat\\\/#organization\"},\"potentialAction\":[{\"@type\":\"SearchAction\",\"target\":{\"@type\":\"EntryPoint\",\"urlTemplate\":\"https:\\\/\\\/www.esplac.cat\\\/?s={search_term_string}\"},\"query-input\":{\"@type\":\"PropertyValueSpecification\",\"valueRequired\":true,\"valueName\":\"search_term_string\"}}],\"inLanguage\":\"es\"},{\"@type\":\"Organization\",\"@id\":\"https:\\\/\\\/www.esplac.cat\\\/#organization\",\"name\":\"Esplac\",\"url\":\"https:\\\/\\\/www.esplac.cat\\\/\",\"logo\":{\"@type\":\"ImageObject\",\"inLanguage\":\"es\",\"@id\":\"https:\\\/\\\/www.esplac.cat\\\/#\\\/schema\\\/logo\\\/image\\\/\",\"url\":\"https:\\\/\\\/www.esplac.cat\\\/wp-content\\\/uploads\\\/2019\\\/08\\\/logox2.png\",\"contentUrl\":\"https:\\\/\\\/www.esplac.cat\\\/wp-content\\\/uploads\\\/2019\\\/08\\\/logox2.png\",\"width\":600,\"height\":295,\"caption\":\"Esplac\"},\"image\":{\"@id\":\"https:\\\/\\\/www.esplac.cat\\\/#\\\/schema\\\/logo\\\/image\\\/\"}},{\"@type\":\"Person\",\"@id\":\"https:\\\/\\\/www.esplac.cat\\\/#\\\/schema\\\/person\\\/908383cf240be18b68f8855d0583faca\",\"name\":\"Comunicaci\u00f3 Esplac\",\"image\":{\"@type\":\"ImageObject\",\"inLanguage\":\"es\",\"@id\":\"https:\\\/\\\/secure.gravatar.com\\\/avatar\\\/7a4cf8feb412a76ea4a740ca02d95b06b2907b5a6c648c2dd0a1082a093c3141?s=96&d=mm&r=g\",\"url\":\"https:\\\/\\\/secure.gravatar.com\\\/avatar\\\/7a4cf8feb412a76ea4a740ca02d95b06b2907b5a6c648c2dd0a1082a093c3141?s=96&d=mm&r=g\",\"contentUrl\":\"https:\\\/\\\/secure.gravatar.com\\\/avatar\\\/7a4cf8feb412a76ea4a740ca02d95b06b2907b5a6c648c2dd0a1082a093c3141?s=96&d=mm&r=g\",\"caption\":\"Comunicaci\u00f3 Esplac\"}}]}<\/script>\n<!-- \/ Yoast SEO plugin. -->","yoast_head_json":{"title":"La revista Som Esplai estrena compte de Twitter i p\u00e0gina al Facebook - Esplac","robots":{"index":"index","follow":"follow","max-snippet":"max-snippet:-1","max-image-preview":"max-image-preview:large","max-video-preview":"max-video-preview:-1"},"canonical":"https:\/\/www.esplac.cat\/la-revista-som-esplai-estrena-compte-de-twitter-i-pagina-al-facebook\/","og_locale":"es_ES","og_type":"article","og_title":"La revista Som Esplai estrena compte de Twitter i p\u00e0gina al Facebook - Esplac","og_description":"La revista digital d&#8217;Esplais Catalans, nascuda l&#8217;any 2013, pren protagonisme [&hellip;]","og_url":"https:\/\/www.esplac.cat\/la-revista-som-esplai-estrena-compte-de-twitter-i-pagina-al-facebook\/","og_site_name":"Esplac","article_published_time":"2017-04-04T07:04:55+00:00","og_image":[{"width":847,"height":350,"url":"https:\/\/www.esplac.cat\/wp-content\/uploads\/2017\/04\/20170404_Somesplai-xarxes.jpg","type":"image\/jpeg"}],"author":"Comunicaci\u00f3 Esplac","twitter_card":"summary_large_image","twitter_misc":{"Escrito por":"Comunicaci\u00f3 Esplac","Tiempo de lectura":"3 minutos"},"schema":{"@context":"https:\/\/schema.org","@graph":[{"@type":"Article","@id":"https:\/\/www.esplac.cat\/la-revista-som-esplai-estrena-compte-de-twitter-i-pagina-al-facebook\/#article","isPartOf":{"@id":"https:\/\/www.esplac.cat\/la-revista-som-esplai-estrena-compte-de-twitter-i-pagina-al-facebook\/"},"author":{"name":"Comunicaci\u00f3 Esplac","@id":"https:\/\/www.esplac.cat\/#\/schema\/person\/908383cf240be18b68f8855d0583faca"},"headline":"La revista Som Esplai estrena compte de Twitter i p\u00e0gina al Facebook","datePublished":"2017-04-04T07:04:55+00:00","mainEntityOfPage":{"@id":"https:\/\/www.esplac.cat\/la-revista-som-esplai-estrena-compte-de-twitter-i-pagina-al-facebook\/"},"wordCount":638,"publisher":{"@id":"https:\/\/www.esplac.cat\/#organization"},"image":{"@id":"https:\/\/www.esplac.cat\/la-revista-som-esplai-estrena-compte-de-twitter-i-pagina-al-facebook\/#primaryimage"},"thumbnailUrl":"https:\/\/www.esplac.cat\/wp-content\/uploads\/2017\/04\/20170404_Somesplai-xarxes.jpg","keywords":["articles","comunicaci\u00f3","entrevistes","esplai gr\u00e0fic","monogr\u00e0fics","opini\u00f3","revista digital","som esplai","xarxes socials"],"articleSection":["Activitats comissions i grups de treball","La Piqueta","Sense categoria"],"inLanguage":"es"},{"@type":"WebPage","@id":"https:\/\/www.esplac.cat\/la-revista-som-esplai-estrena-compte-de-twitter-i-pagina-al-facebook\/","url":"https:\/\/www.esplac.cat\/la-revista-som-esplai-estrena-compte-de-twitter-i-pagina-al-facebook\/","name":"La revista Som Esplai estrena compte de Twitter i p\u00e0gina al Facebook - Esplac","isPartOf":{"@id":"https:\/\/www.esplac.cat\/#website"},"primaryImageOfPage":{"@id":"https:\/\/www.esplac.cat\/la-revista-som-esplai-estrena-compte-de-twitter-i-pagina-al-facebook\/#primaryimage"},"image":{"@id":"https:\/\/www.esplac.cat\/la-revista-som-esplai-estrena-compte-de-twitter-i-pagina-al-facebook\/#primaryimage"},"thumbnailUrl":"https:\/\/www.esplac.cat\/wp-content\/uploads\/2017\/04\/20170404_Somesplai-xarxes.jpg","datePublished":"2017-04-04T07:04:55+00:00","breadcrumb":{"@id":"https:\/\/www.esplac.cat\/la-revista-som-esplai-estrena-compte-de-twitter-i-pagina-al-facebook\/#breadcrumb"},"inLanguage":"es","potentialAction":[{"@type":"ReadAction","target":["https:\/\/www.esplac.cat\/la-revista-som-esplai-estrena-compte-de-twitter-i-pagina-al-facebook\/"]}]},{"@type":"ImageObject","inLanguage":"es","@id":"https:\/\/www.esplac.cat\/la-revista-som-esplai-estrena-compte-de-twitter-i-pagina-al-facebook\/#primaryimage","url":"https:\/\/www.esplac.cat\/wp-content\/uploads\/2017\/04\/20170404_Somesplai-xarxes.jpg","contentUrl":"https:\/\/www.esplac.cat\/wp-content\/uploads\/2017\/04\/20170404_Somesplai-xarxes.jpg","width":847,"height":350},{"@type":"BreadcrumbList","@id":"https:\/\/www.esplac.cat\/la-revista-som-esplai-estrena-compte-de-twitter-i-pagina-al-facebook\/#breadcrumb","itemListElement":[{"@type":"ListItem","position":1,"name":"Inici","item":"https:\/\/www.esplac.cat\/es\/"},{"@type":"ListItem","position":2,"name":"La revista Som Esplai estrena compte de Twitter i p\u00e0gina al Facebook"}]},{"@type":"WebSite","@id":"https:\/\/www.esplac.cat\/#website","url":"https:\/\/www.esplac.cat\/","name":"Esplac","description":"Esplais Catalans","publisher":{"@id":"https:\/\/www.esplac.cat\/#organization"},"potentialAction":[{"@type":"SearchAction","target":{"@type":"EntryPoint","urlTemplate":"https:\/\/www.esplac.cat\/?s={search_term_string}"},"query-input":{"@type":"PropertyValueSpecification","valueRequired":true,"valueName":"search_term_string"}}],"inLanguage":"es"},{"@type":"Organization","@id":"https:\/\/www.esplac.cat\/#organization","name":"Esplac","url":"https:\/\/www.esplac.cat\/","logo":{"@type":"ImageObject","inLanguage":"es","@id":"https:\/\/www.esplac.cat\/#\/schema\/logo\/image\/","url":"https:\/\/www.esplac.cat\/wp-content\/uploads\/2019\/08\/logox2.png","contentUrl":"https:\/\/www.esplac.cat\/wp-content\/uploads\/2019\/08\/logox2.png","width":600,"height":295,"caption":"Esplac"},"image":{"@id":"https:\/\/www.esplac.cat\/#\/schema\/logo\/image\/"}},{"@type":"Person","@id":"https:\/\/www.esplac.cat\/#\/schema\/person\/908383cf240be18b68f8855d0583faca","name":"Comunicaci\u00f3 Esplac","image":{"@type":"ImageObject","inLanguage":"es","@id":"https:\/\/secure.gravatar.com\/avatar\/7a4cf8feb412a76ea4a740ca02d95b06b2907b5a6c648c2dd0a1082a093c3141?s=96&d=mm&r=g","url":"https:\/\/secure.gravatar.com\/avatar\/7a4cf8feb412a76ea4a740ca02d95b06b2907b5a6c648c2dd0a1082a093c3141?s=96&d=mm&r=g","contentUrl":"https:\/\/secure.gravatar.com\/avatar\/7a4cf8feb412a76ea4a740ca02d95b06b2907b5a6c648c2dd0a1082a093c3141?s=96&d=mm&r=g","caption":"Comunicaci\u00f3 Esplac"}}]}},"_links":{"self":[{"href":"https:\/\/www.esplac.cat\/es\/wp-json\/wp\/v2\/posts\/24839","targetHints":{"allow":["GET"]}}],"collection":[{"href":"https:\/\/www.esplac.cat\/es\/wp-json\/wp\/v2\/posts"}],"about":[{"href":"https:\/\/www.esplac.cat\/es\/wp-json\/wp\/v2\/types\/post"}],"author":[{"embeddable":true,"href":"https:\/\/www.esplac.cat\/es\/wp-json\/wp\/v2\/users\/3"}],"replies":[{"embeddable":true,"href":"https:\/\/www.esplac.cat\/es\/wp-json\/wp\/v2\/comments?post=24839"}],"version-history":[{"count":0,"href":"https:\/\/www.esplac.cat\/es\/wp-json\/wp\/v2\/posts\/24839\/revisions"}],"wp:featuredmedia":[{"embeddable":true,"href":"https:\/\/www.esplac.cat\/es\/wp-json\/wp\/v2\/media\/24840"}],"wp:attachment":[{"href":"https:\/\/www.esplac.cat\/es\/wp-json\/wp\/v2\/media?parent=24839"}],"wp:term":[{"taxonomy":"category","embeddable":true,"href":"https:\/\/www.esplac.cat\/es\/wp-json\/wp\/v2\/categories?post=24839"},{"taxonomy":"post_tag","embeddable":true,"href":"https:\/\/www.esplac.cat\/es\/wp-json\/wp\/v2\/tags?post=24839"}],"curies":[{"name":"wp","href":"https:\/\/api.w.org\/{rel}","templated":true}]}}