{"id":24844,"date":"2017-03-29T16:03:09","date_gmt":"2017-03-29T14:03:09","guid":{"rendered":"http:\/\/www.esplac.cat\/?p=13084"},"modified":"2017-03-29T16:03:09","modified_gmt":"2017-03-29T14:03:09","slug":"no-cremis-aquest-estiu","status":"publish","type":"post","link":"https:\/\/www.esplac.cat\/es\/no-cremis-aquest-estiu\/","title":{"rendered":"No cremis aquest estiu!"},"content":{"rendered":"<p class=\"p1\"><span class=\"s1\">Des de fa un parell d\u2019estius, aquells esplais que marxem de campaments i rutes cal que portem <b>un extintor durant les activitats<\/b>. Si la infraestructura on ens allotgem no t\u00e9 els extintors, som nosaltres qui els hem de portar a sobre: quan cuinem han d\u2019estar accessibles (incl\u00fas amb fogonets durant una ruta!).<\/span><\/p>\n<p><iframe class=\"giphy-embed\" src=\"\/\/giphy.com\/embed\/j8ZmmhNLec7XW\" width=\"480\" height=\"240\" frameborder=\"0\" allowfullscreen=\"allowfullscreen\"><\/iframe><\/p>\n<p><a href=\"https:\/\/giphy.com\/gifs\/christina-ricci-addams-family-j8ZmmhNLec7XW\">via GIPHY<\/a><\/p>\n<p style=\"text-align: justify;\">\u00c9s important que <b>els extintors es revisin cada any<\/b>, si tenen menys de 5 anys. Us oferim poder-los portar a la seu d&#8217;<strong><a href=\"http:\/\/www.encis.coop\/\" target=\"_blank\" rel=\"noopener noreferrer\">Enc\u00eds<\/a><\/strong>\u00a0a Barcelona (C. Aviny\u00f3 44, 3r.) abans del 15 de maig perqu\u00e8 facin la revisi\u00f3 anual i tenir-los preparats adequadament per l\u2019activitat d\u2019estiu. Aquestes revisions tenen un cost d<span class=\"s3\">e 8+IVA (9,68\u20ac) per cada extintor.<\/span><\/p>\n<ul class=\"ul1\">\n<li class=\"li4\"><b><\/b>\n<p style=\"text-align: justify;\"><b>Si encara no teniu els extintors, podeu adre\u00e7ar-vos a Enc\u00eds per fer la demanda per aquest estiu<\/b> (<a href=\"mailto:agencia@encis.coop\"><span class=\"s4\">agencia@encis.coop<\/span><\/a>) abans del 15 de maig. El preu de compra de cada extintor nou \u00e9s d<span class=\"s3\">e 13+IVA (15,73\u20ac).<\/span><\/p>\n<\/li>\n<\/ul>\n<p style=\"text-align: justify;\">Aquells extintors que tenen m\u00e9s de 5 anys s\u2019han de retimbrar. \u00c9s un proc\u00e9s per verificar que l\u2019extintor est\u00e0 en bon estat: t\u00e9 un cost d<span class=\"s3\">e 18\u20ac+IVA (21,78 \u20ac). Si enlloc de retimbrar, preferim comprar-ne un de nou, els podem portar a Enc\u00eds perqu\u00e8 puguin ser reciclats.<\/span><\/p>\n<p><iframe class=\"giphy-embed\" src=\"\/\/giphy.com\/embed\/h3CseUVob7Uic\" width=\"650\" height=\"400\" frameborder=\"0\" allowfullscreen=\"allowfullscreen\"><\/iframe><\/p>\n<p>&nbsp;<\/p>\n","protected":false},"excerpt":{"rendered":"<p>Des de fa un parell d\u2019estius, aquells esplais que marxem [&hellip;]<\/p>\n","protected":false},"author":3,"featured_media":24846,"comment_status":"closed","ping_status":"open","sticky":false,"template":"","format":"standard","meta":{"om_disable_all_campaigns":false,"_monsterinsights_skip_tracking":false,"_monsterinsights_sitenote_active":false,"_monsterinsights_sitenote_note":"","_monsterinsights_sitenote_category":0,"_uf_show_specific_survey":0,"_uf_disable_surveys":false,"footnotes":""},"categories":[1111,1117,1],"tags":[53,193,863,864,865,115],"class_list":["post-24844","post","type-post","status-publish","format-standard","has-post-thumbnail","hentry","category-activitats-esplac","category-activitats-esplais","category-sense-categoria","tag-campaments","tag-encis","tag-extirntors","tag-foc","tag-prevencio","tag-rutes"],"yoast_head":"<!-- This site is optimized with the Yoast SEO plugin v27.4 - https:\/\/yoast.com\/product\/yoast-seo-wordpress\/ -->\n<title>No cremis aquest estiu! - Esplac<\/title>\n<meta name=\"robots\" content=\"index, follow, max-snippet:-1, max-image-preview:large, max-video-preview:-1\" \/>\n<link rel=\"canonical\" href=\"https:\/\/www.esplac.cat\/no-cremis-aquest-estiu\/\" \/>\n<meta property=\"og:locale\" content=\"es_ES\" \/>\n<meta property=\"og:type\" content=\"article\" \/>\n<meta property=\"og:title\" content=\"No cremis aquest estiu! - Esplac\" \/>\n<meta property=\"og:description\" content=\"Des de fa un parell d\u2019estius, aquells esplais que marxem [&hellip;]\" \/>\n<meta property=\"og:url\" content=\"https:\/\/www.esplac.cat\/no-cremis-aquest-estiu\/\" \/>\n<meta property=\"og:site_name\" content=\"Esplac\" \/>\n<meta property=\"article:published_time\" content=\"2017-03-29T14:03:09+00:00\" \/>\n<meta property=\"og:image\" content=\"https:\/\/www.esplac.cat\/wp-content\/uploads\/2017\/03\/20170329_extintors.jpg\" \/>\n\t<meta property=\"og:image:width\" content=\"847\" \/>\n\t<meta property=\"og:image:height\" content=\"350\" \/>\n\t<meta property=\"og:image:type\" content=\"image\/jpeg\" \/>\n<meta name=\"author\" content=\"Comunicaci\u00f3 Esplac\" \/>\n<meta name=\"twitter:card\" content=\"summary_large_image\" \/>\n<meta name=\"twitter:label1\" content=\"Escrito por\" \/>\n\t<meta name=\"twitter:data1\" content=\"Comunicaci\u00f3 Esplac\" \/>\n\t<meta name=\"twitter:label2\" content=\"Tiempo de lectura\" \/>\n\t<meta name=\"twitter:data2\" content=\"1 minuto\" \/>\n<script type=\"application\/ld+json\" class=\"yoast-schema-graph\">{\"@context\":\"https:\\\/\\\/schema.org\",\"@graph\":[{\"@type\":\"Article\",\"@id\":\"https:\\\/\\\/www.esplac.cat\\\/no-cremis-aquest-estiu\\\/#article\",\"isPartOf\":{\"@id\":\"https:\\\/\\\/www.esplac.cat\\\/no-cremis-aquest-estiu\\\/\"},\"author\":{\"name\":\"Comunicaci\u00f3 Esplac\",\"@id\":\"https:\\\/\\\/www.esplac.cat\\\/#\\\/schema\\\/person\\\/908383cf240be18b68f8855d0583faca\"},\"headline\":\"No cremis aquest estiu!\",\"datePublished\":\"2017-03-29T14:03:09+00:00\",\"mainEntityOfPage\":{\"@id\":\"https:\\\/\\\/www.esplac.cat\\\/no-cremis-aquest-estiu\\\/\"},\"wordCount\":205,\"publisher\":{\"@id\":\"https:\\\/\\\/www.esplac.cat\\\/#organization\"},\"image\":{\"@id\":\"https:\\\/\\\/www.esplac.cat\\\/no-cremis-aquest-estiu\\\/#primaryimage\"},\"thumbnailUrl\":\"https:\\\/\\\/www.esplac.cat\\\/wp-content\\\/uploads\\\/2017\\\/03\\\/20170329_extintors.jpg\",\"keywords\":[\"campaments\",\"encis\",\"extirntors\",\"foc\",\"prevenci\u00f3\",\"rutes\"],\"articleSection\":[\"Activitats esplac\",\"Activitats esplais\",\"Sense categoria\"],\"inLanguage\":\"es\"},{\"@type\":\"WebPage\",\"@id\":\"https:\\\/\\\/www.esplac.cat\\\/no-cremis-aquest-estiu\\\/\",\"url\":\"https:\\\/\\\/www.esplac.cat\\\/no-cremis-aquest-estiu\\\/\",\"name\":\"No cremis aquest estiu! - Esplac\",\"isPartOf\":{\"@id\":\"https:\\\/\\\/www.esplac.cat\\\/#website\"},\"primaryImageOfPage\":{\"@id\":\"https:\\\/\\\/www.esplac.cat\\\/no-cremis-aquest-estiu\\\/#primaryimage\"},\"image\":{\"@id\":\"https:\\\/\\\/www.esplac.cat\\\/no-cremis-aquest-estiu\\\/#primaryimage\"},\"thumbnailUrl\":\"https:\\\/\\\/www.esplac.cat\\\/wp-content\\\/uploads\\\/2017\\\/03\\\/20170329_extintors.jpg\",\"datePublished\":\"2017-03-29T14:03:09+00:00\",\"breadcrumb\":{\"@id\":\"https:\\\/\\\/www.esplac.cat\\\/no-cremis-aquest-estiu\\\/#breadcrumb\"},\"inLanguage\":\"es\",\"potentialAction\":[{\"@type\":\"ReadAction\",\"target\":[\"https:\\\/\\\/www.esplac.cat\\\/no-cremis-aquest-estiu\\\/\"]}]},{\"@type\":\"ImageObject\",\"inLanguage\":\"es\",\"@id\":\"https:\\\/\\\/www.esplac.cat\\\/no-cremis-aquest-estiu\\\/#primaryimage\",\"url\":\"https:\\\/\\\/www.esplac.cat\\\/wp-content\\\/uploads\\\/2017\\\/03\\\/20170329_extintors.jpg\",\"contentUrl\":\"https:\\\/\\\/www.esplac.cat\\\/wp-content\\\/uploads\\\/2017\\\/03\\\/20170329_extintors.jpg\",\"width\":847,\"height\":350},{\"@type\":\"BreadcrumbList\",\"@id\":\"https:\\\/\\\/www.esplac.cat\\\/no-cremis-aquest-estiu\\\/#breadcrumb\",\"itemListElement\":[{\"@type\":\"ListItem\",\"position\":1,\"name\":\"Inici\",\"item\":\"https:\\\/\\\/www.esplac.cat\\\/es\\\/\"},{\"@type\":\"ListItem\",\"position\":2,\"name\":\"No cremis aquest estiu!\"}]},{\"@type\":\"WebSite\",\"@id\":\"https:\\\/\\\/www.esplac.cat\\\/#website\",\"url\":\"https:\\\/\\\/www.esplac.cat\\\/\",\"name\":\"Esplac\",\"description\":\"Esplais Catalans\",\"publisher\":{\"@id\":\"https:\\\/\\\/www.esplac.cat\\\/#organization\"},\"potentialAction\":[{\"@type\":\"SearchAction\",\"target\":{\"@type\":\"EntryPoint\",\"urlTemplate\":\"https:\\\/\\\/www.esplac.cat\\\/?s={search_term_string}\"},\"query-input\":{\"@type\":\"PropertyValueSpecification\",\"valueRequired\":true,\"valueName\":\"search_term_string\"}}],\"inLanguage\":\"es\"},{\"@type\":\"Organization\",\"@id\":\"https:\\\/\\\/www.esplac.cat\\\/#organization\",\"name\":\"Esplac\",\"url\":\"https:\\\/\\\/www.esplac.cat\\\/\",\"logo\":{\"@type\":\"ImageObject\",\"inLanguage\":\"es\",\"@id\":\"https:\\\/\\\/www.esplac.cat\\\/#\\\/schema\\\/logo\\\/image\\\/\",\"url\":\"https:\\\/\\\/www.esplac.cat\\\/wp-content\\\/uploads\\\/2019\\\/08\\\/logox2.png\",\"contentUrl\":\"https:\\\/\\\/www.esplac.cat\\\/wp-content\\\/uploads\\\/2019\\\/08\\\/logox2.png\",\"width\":600,\"height\":295,\"caption\":\"Esplac\"},\"image\":{\"@id\":\"https:\\\/\\\/www.esplac.cat\\\/#\\\/schema\\\/logo\\\/image\\\/\"}},{\"@type\":\"Person\",\"@id\":\"https:\\\/\\\/www.esplac.cat\\\/#\\\/schema\\\/person\\\/908383cf240be18b68f8855d0583faca\",\"name\":\"Comunicaci\u00f3 Esplac\",\"image\":{\"@type\":\"ImageObject\",\"inLanguage\":\"es\",\"@id\":\"https:\\\/\\\/secure.gravatar.com\\\/avatar\\\/7a4cf8feb412a76ea4a740ca02d95b06b2907b5a6c648c2dd0a1082a093c3141?s=96&d=mm&r=g\",\"url\":\"https:\\\/\\\/secure.gravatar.com\\\/avatar\\\/7a4cf8feb412a76ea4a740ca02d95b06b2907b5a6c648c2dd0a1082a093c3141?s=96&d=mm&r=g\",\"contentUrl\":\"https:\\\/\\\/secure.gravatar.com\\\/avatar\\\/7a4cf8feb412a76ea4a740ca02d95b06b2907b5a6c648c2dd0a1082a093c3141?s=96&d=mm&r=g\",\"caption\":\"Comunicaci\u00f3 Esplac\"}}]}<\/script>\n<!-- \/ Yoast SEO plugin. -->","yoast_head_json":{"title":"No cremis aquest estiu! - Esplac","robots":{"index":"index","follow":"follow","max-snippet":"max-snippet:-1","max-image-preview":"max-image-preview:large","max-video-preview":"max-video-preview:-1"},"canonical":"https:\/\/www.esplac.cat\/no-cremis-aquest-estiu\/","og_locale":"es_ES","og_type":"article","og_title":"No cremis aquest estiu! - Esplac","og_description":"Des de fa un parell d\u2019estius, aquells esplais que marxem [&hellip;]","og_url":"https:\/\/www.esplac.cat\/no-cremis-aquest-estiu\/","og_site_name":"Esplac","article_published_time":"2017-03-29T14:03:09+00:00","og_image":[{"width":847,"height":350,"url":"https:\/\/www.esplac.cat\/wp-content\/uploads\/2017\/03\/20170329_extintors.jpg","type":"image\/jpeg"}],"author":"Comunicaci\u00f3 Esplac","twitter_card":"summary_large_image","twitter_misc":{"Escrito por":"Comunicaci\u00f3 Esplac","Tiempo de lectura":"1 minuto"},"schema":{"@context":"https:\/\/schema.org","@graph":[{"@type":"Article","@id":"https:\/\/www.esplac.cat\/no-cremis-aquest-estiu\/#article","isPartOf":{"@id":"https:\/\/www.esplac.cat\/no-cremis-aquest-estiu\/"},"author":{"name":"Comunicaci\u00f3 Esplac","@id":"https:\/\/www.esplac.cat\/#\/schema\/person\/908383cf240be18b68f8855d0583faca"},"headline":"No cremis aquest estiu!","datePublished":"2017-03-29T14:03:09+00:00","mainEntityOfPage":{"@id":"https:\/\/www.esplac.cat\/no-cremis-aquest-estiu\/"},"wordCount":205,"publisher":{"@id":"https:\/\/www.esplac.cat\/#organization"},"image":{"@id":"https:\/\/www.esplac.cat\/no-cremis-aquest-estiu\/#primaryimage"},"thumbnailUrl":"https:\/\/www.esplac.cat\/wp-content\/uploads\/2017\/03\/20170329_extintors.jpg","keywords":["campaments","encis","extirntors","foc","prevenci\u00f3","rutes"],"articleSection":["Activitats esplac","Activitats esplais","Sense categoria"],"inLanguage":"es"},{"@type":"WebPage","@id":"https:\/\/www.esplac.cat\/no-cremis-aquest-estiu\/","url":"https:\/\/www.esplac.cat\/no-cremis-aquest-estiu\/","name":"No cremis aquest estiu! - Esplac","isPartOf":{"@id":"https:\/\/www.esplac.cat\/#website"},"primaryImageOfPage":{"@id":"https:\/\/www.esplac.cat\/no-cremis-aquest-estiu\/#primaryimage"},"image":{"@id":"https:\/\/www.esplac.cat\/no-cremis-aquest-estiu\/#primaryimage"},"thumbnailUrl":"https:\/\/www.esplac.cat\/wp-content\/uploads\/2017\/03\/20170329_extintors.jpg","datePublished":"2017-03-29T14:03:09+00:00","breadcrumb":{"@id":"https:\/\/www.esplac.cat\/no-cremis-aquest-estiu\/#breadcrumb"},"inLanguage":"es","potentialAction":[{"@type":"ReadAction","target":["https:\/\/www.esplac.cat\/no-cremis-aquest-estiu\/"]}]},{"@type":"ImageObject","inLanguage":"es","@id":"https:\/\/www.esplac.cat\/no-cremis-aquest-estiu\/#primaryimage","url":"https:\/\/www.esplac.cat\/wp-content\/uploads\/2017\/03\/20170329_extintors.jpg","contentUrl":"https:\/\/www.esplac.cat\/wp-content\/uploads\/2017\/03\/20170329_extintors.jpg","width":847,"height":350},{"@type":"BreadcrumbList","@id":"https:\/\/www.esplac.cat\/no-cremis-aquest-estiu\/#breadcrumb","itemListElement":[{"@type":"ListItem","position":1,"name":"Inici","item":"https:\/\/www.esplac.cat\/es\/"},{"@type":"ListItem","position":2,"name":"No cremis aquest estiu!"}]},{"@type":"WebSite","@id":"https:\/\/www.esplac.cat\/#website","url":"https:\/\/www.esplac.cat\/","name":"Esplac","description":"Esplais Catalans","publisher":{"@id":"https:\/\/www.esplac.cat\/#organization"},"potentialAction":[{"@type":"SearchAction","target":{"@type":"EntryPoint","urlTemplate":"https:\/\/www.esplac.cat\/?s={search_term_string}"},"query-input":{"@type":"PropertyValueSpecification","valueRequired":true,"valueName":"search_term_string"}}],"inLanguage":"es"},{"@type":"Organization","@id":"https:\/\/www.esplac.cat\/#organization","name":"Esplac","url":"https:\/\/www.esplac.cat\/","logo":{"@type":"ImageObject","inLanguage":"es","@id":"https:\/\/www.esplac.cat\/#\/schema\/logo\/image\/","url":"https:\/\/www.esplac.cat\/wp-content\/uploads\/2019\/08\/logox2.png","contentUrl":"https:\/\/www.esplac.cat\/wp-content\/uploads\/2019\/08\/logox2.png","width":600,"height":295,"caption":"Esplac"},"image":{"@id":"https:\/\/www.esplac.cat\/#\/schema\/logo\/image\/"}},{"@type":"Person","@id":"https:\/\/www.esplac.cat\/#\/schema\/person\/908383cf240be18b68f8855d0583faca","name":"Comunicaci\u00f3 Esplac","image":{"@type":"ImageObject","inLanguage":"es","@id":"https:\/\/secure.gravatar.com\/avatar\/7a4cf8feb412a76ea4a740ca02d95b06b2907b5a6c648c2dd0a1082a093c3141?s=96&d=mm&r=g","url":"https:\/\/secure.gravatar.com\/avatar\/7a4cf8feb412a76ea4a740ca02d95b06b2907b5a6c648c2dd0a1082a093c3141?s=96&d=mm&r=g","contentUrl":"https:\/\/secure.gravatar.com\/avatar\/7a4cf8feb412a76ea4a740ca02d95b06b2907b5a6c648c2dd0a1082a093c3141?s=96&d=mm&r=g","caption":"Comunicaci\u00f3 Esplac"}}]}},"_links":{"self":[{"href":"https:\/\/www.esplac.cat\/es\/wp-json\/wp\/v2\/posts\/24844","targetHints":{"allow":["GET"]}}],"collection":[{"href":"https:\/\/www.esplac.cat\/es\/wp-json\/wp\/v2\/posts"}],"about":[{"href":"https:\/\/www.esplac.cat\/es\/wp-json\/wp\/v2\/types\/post"}],"author":[{"embeddable":true,"href":"https:\/\/www.esplac.cat\/es\/wp-json\/wp\/v2\/users\/3"}],"replies":[{"embeddable":true,"href":"https:\/\/www.esplac.cat\/es\/wp-json\/wp\/v2\/comments?post=24844"}],"version-history":[{"count":0,"href":"https:\/\/www.esplac.cat\/es\/wp-json\/wp\/v2\/posts\/24844\/revisions"}],"wp:featuredmedia":[{"embeddable":true,"href":"https:\/\/www.esplac.cat\/es\/wp-json\/wp\/v2\/media\/24846"}],"wp:attachment":[{"href":"https:\/\/www.esplac.cat\/es\/wp-json\/wp\/v2\/media?parent=24844"}],"wp:term":[{"taxonomy":"category","embeddable":true,"href":"https:\/\/www.esplac.cat\/es\/wp-json\/wp\/v2\/categories?post=24844"},{"taxonomy":"post_tag","embeddable":true,"href":"https:\/\/www.esplac.cat\/es\/wp-json\/wp\/v2\/tags?post=24844"}],"curies":[{"name":"wp","href":"https:\/\/api.w.org\/{rel}","templated":true}]}}