{"id":24847,"date":"2017-03-29T09:50:19","date_gmt":"2017-03-29T07:50:19","guid":{"rendered":"http:\/\/www.esplac.cat\/?p=13051"},"modified":"2017-03-29T09:50:19","modified_gmt":"2017-03-29T07:50:19","slug":"intensa-jornada-de-treball-al-maresme","status":"publish","type":"post","link":"https:\/\/www.esplac.cat\/es\/intensa-jornada-de-treball-al-maresme\/","title":{"rendered":"Intensa jornada de formaci\u00f3 i treball sobre emocions i cos al Maresme"},"content":{"rendered":"<h4>El passat cap de setmana 18 i 19 de mar\u00e7 una trentena de monitores dels esplais del maresme van decidir formar-se de cara poder millorar la important tasca pedag\u00f2gica que realitzen als seus esplais amb infants i joves.<\/h4>\n<p>Les monitores del Maresme van realitzar la <strong>segona trobada<\/strong> del curs a <strong>Canet de Mar<\/strong> el passat cap de setmana <strong>18 i 19 de mar\u00e7<\/strong>, i van decidir formar-se al voltant de la, a vegades dif\u00edcil, <strong>relaci\u00f3 entre les emocions i el cos<\/strong>. A trav\u00e9s de t\u00e8cniques teatrals van treballar com recon\u00e8ixer i expressar aquelles emocions que ens passen pel cos.<\/p>\n<p>Cal destacar tamb\u00e9 les passejades en parelles i posterior taula rodona que van realitzar al voltant dels <strong>relleus a l&#8217;esplai<\/strong>. Mai \u00e9s f\u00e0cil planificar i gestionar els relleus en els esplais, i \u00e9s per aix\u00f2 que en aquesta taula rodona van sorgir idees i propostes per assegurar la continu\u00eftat dels esplais al <strong>Maresme lliure i tropical!<\/strong><\/p>\n<p>La trobada va ser autogestionada completament pel sector, el qual va generar i aconseguir unes formacions de gran qualitat que van deixar amb ganes de m\u00e9s a tota la comunitat de monitores i monitors maresmencs.<\/p>\n<p>D&#8217;altra banda, es van dedicar dos espais de treball per acabar de definir la <strong>Tropicalitza&#8217;t, la Trobada General del Sector que tindr\u00e0 lloc el proper 20 i 21 de maig a Montgat.<\/strong>\u00a0Els infants i joves descobriran la hist\u00f2ria del maresme i l&#8217;expressi\u00f3 \u00abLliure i Tropical\u00bb&#8230; dos poblats que un dia van decidir compartir la riquesa de la seva cultura amb els i les maresmenques!<\/p>\n<p>La cirereta del past\u00eds la van posar les estrelles pedag\u00f2giques realitzades a la nit, i que van confirmar el bon ambient\u00a0i la gran cohesi\u00f3 que tenen les monitores. Van compartir \u00e0pats al sol (i a la platja tamb\u00e9!) on es van poder acabar de con\u00e8ixier i intercanviar tot all\u00f2 que viuen cada setmana als seus esplais.<\/p>\n","protected":false},"excerpt":{"rendered":"<p>El passat cap de setmana 18 i 19 de mar\u00e7 [&hellip;]<\/p>\n","protected":false},"author":3,"featured_media":24848,"comment_status":"closed","ping_status":"open","sticky":false,"template":"","format":"standard","meta":{"om_disable_all_campaigns":false,"_monsterinsights_skip_tracking":false,"_monsterinsights_sitenote_active":false,"_monsterinsights_sitenote_note":"","_monsterinsights_sitenote_category":0,"_uf_show_specific_survey":0,"_uf_disable_surveys":false,"footnotes":""},"categories":[1110,1113],"tags":[489,54,861,862],"class_list":["post-24847","post","type-post","status-publish","format-standard","has-post-thumbnail","hentry","category-activitats-sectors","category-sector-maresme","tag-expressio-corporal","tag-formacio","tag-maresme-lliure-i-tropical","tag-taula-rodona"],"yoast_head":"<!-- This site is optimized with the Yoast SEO plugin v27.5 - https:\/\/yoast.com\/product\/yoast-seo-wordpress\/ -->\n<title>Intensa jornada de formaci\u00f3 i treball sobre emocions i cos al Maresme - Esplac<\/title>\n<meta name=\"robots\" content=\"index, follow, max-snippet:-1, max-image-preview:large, max-video-preview:-1\" \/>\n<link rel=\"canonical\" href=\"https:\/\/www.esplac.cat\/intensa-jornada-de-treball-al-maresme\/\" \/>\n<meta property=\"og:locale\" content=\"es_ES\" \/>\n<meta property=\"og:type\" content=\"article\" \/>\n<meta property=\"og:title\" content=\"Intensa jornada de formaci\u00f3 i treball sobre emocions i cos al Maresme - Esplac\" \/>\n<meta property=\"og:description\" content=\"El passat cap de setmana 18 i 19 de mar\u00e7 [&hellip;]\" \/>\n<meta property=\"og:url\" content=\"https:\/\/www.esplac.cat\/intensa-jornada-de-treball-al-maresme\/\" \/>\n<meta property=\"og:site_name\" content=\"Esplac\" \/>\n<meta property=\"article:published_time\" content=\"2017-03-29T07:50:19+00:00\" \/>\n<meta property=\"og:image\" content=\"https:\/\/www.esplac.cat\/wp-content\/uploads\/2017\/03\/20170328.jpg\" \/>\n\t<meta property=\"og:image:width\" content=\"847\" \/>\n\t<meta property=\"og:image:height\" content=\"350\" \/>\n\t<meta property=\"og:image:type\" content=\"image\/jpeg\" \/>\n<meta name=\"author\" content=\"Comunicaci\u00f3 Esplac\" \/>\n<meta name=\"twitter:card\" content=\"summary_large_image\" \/>\n<meta name=\"twitter:label1\" content=\"Escrito por\" \/>\n\t<meta name=\"twitter:data1\" content=\"Comunicaci\u00f3 Esplac\" \/>\n\t<meta name=\"twitter:label2\" content=\"Tiempo de lectura\" \/>\n\t<meta name=\"twitter:data2\" content=\"2 minutos\" \/>\n<script type=\"application\/ld+json\" class=\"yoast-schema-graph\">{\"@context\":\"https:\\\/\\\/schema.org\",\"@graph\":[{\"@type\":\"Article\",\"@id\":\"https:\\\/\\\/www.esplac.cat\\\/intensa-jornada-de-treball-al-maresme\\\/#article\",\"isPartOf\":{\"@id\":\"https:\\\/\\\/www.esplac.cat\\\/intensa-jornada-de-treball-al-maresme\\\/\"},\"author\":{\"name\":\"Comunicaci\u00f3 Esplac\",\"@id\":\"https:\\\/\\\/www.esplac.cat\\\/#\\\/schema\\\/person\\\/908383cf240be18b68f8855d0583faca\"},\"headline\":\"Intensa jornada de formaci\u00f3 i treball sobre emocions i cos al Maresme\",\"datePublished\":\"2017-03-29T07:50:19+00:00\",\"mainEntityOfPage\":{\"@id\":\"https:\\\/\\\/www.esplac.cat\\\/intensa-jornada-de-treball-al-maresme\\\/\"},\"wordCount\":334,\"publisher\":{\"@id\":\"https:\\\/\\\/www.esplac.cat\\\/#organization\"},\"image\":{\"@id\":\"https:\\\/\\\/www.esplac.cat\\\/intensa-jornada-de-treball-al-maresme\\\/#primaryimage\"},\"thumbnailUrl\":\"https:\\\/\\\/www.esplac.cat\\\/wp-content\\\/uploads\\\/2017\\\/03\\\/20170328.jpg\",\"keywords\":[\"expressi\u00f3 corporal\",\"formaci\u00f3\",\"Maresme lliure i tropical\",\"Taula rodona\"],\"articleSection\":[\"Activitats sectors\",\"Sector Maresme\"],\"inLanguage\":\"es\"},{\"@type\":\"WebPage\",\"@id\":\"https:\\\/\\\/www.esplac.cat\\\/intensa-jornada-de-treball-al-maresme\\\/\",\"url\":\"https:\\\/\\\/www.esplac.cat\\\/intensa-jornada-de-treball-al-maresme\\\/\",\"name\":\"Intensa jornada de formaci\u00f3 i treball sobre emocions i cos al Maresme - Esplac\",\"isPartOf\":{\"@id\":\"https:\\\/\\\/www.esplac.cat\\\/#website\"},\"primaryImageOfPage\":{\"@id\":\"https:\\\/\\\/www.esplac.cat\\\/intensa-jornada-de-treball-al-maresme\\\/#primaryimage\"},\"image\":{\"@id\":\"https:\\\/\\\/www.esplac.cat\\\/intensa-jornada-de-treball-al-maresme\\\/#primaryimage\"},\"thumbnailUrl\":\"https:\\\/\\\/www.esplac.cat\\\/wp-content\\\/uploads\\\/2017\\\/03\\\/20170328.jpg\",\"datePublished\":\"2017-03-29T07:50:19+00:00\",\"breadcrumb\":{\"@id\":\"https:\\\/\\\/www.esplac.cat\\\/intensa-jornada-de-treball-al-maresme\\\/#breadcrumb\"},\"inLanguage\":\"es\",\"potentialAction\":[{\"@type\":\"ReadAction\",\"target\":[\"https:\\\/\\\/www.esplac.cat\\\/intensa-jornada-de-treball-al-maresme\\\/\"]}]},{\"@type\":\"ImageObject\",\"inLanguage\":\"es\",\"@id\":\"https:\\\/\\\/www.esplac.cat\\\/intensa-jornada-de-treball-al-maresme\\\/#primaryimage\",\"url\":\"https:\\\/\\\/www.esplac.cat\\\/wp-content\\\/uploads\\\/2017\\\/03\\\/20170328.jpg\",\"contentUrl\":\"https:\\\/\\\/www.esplac.cat\\\/wp-content\\\/uploads\\\/2017\\\/03\\\/20170328.jpg\",\"width\":847,\"height\":350},{\"@type\":\"BreadcrumbList\",\"@id\":\"https:\\\/\\\/www.esplac.cat\\\/intensa-jornada-de-treball-al-maresme\\\/#breadcrumb\",\"itemListElement\":[{\"@type\":\"ListItem\",\"position\":1,\"name\":\"Inici\",\"item\":\"https:\\\/\\\/www.esplac.cat\\\/es\\\/\"},{\"@type\":\"ListItem\",\"position\":2,\"name\":\"Intensa jornada de formaci\u00f3 i treball sobre emocions i cos al Maresme\"}]},{\"@type\":\"WebSite\",\"@id\":\"https:\\\/\\\/www.esplac.cat\\\/#website\",\"url\":\"https:\\\/\\\/www.esplac.cat\\\/\",\"name\":\"Esplac\",\"description\":\"Esplais Catalans\",\"publisher\":{\"@id\":\"https:\\\/\\\/www.esplac.cat\\\/#organization\"},\"potentialAction\":[{\"@type\":\"SearchAction\",\"target\":{\"@type\":\"EntryPoint\",\"urlTemplate\":\"https:\\\/\\\/www.esplac.cat\\\/?s={search_term_string}\"},\"query-input\":{\"@type\":\"PropertyValueSpecification\",\"valueRequired\":true,\"valueName\":\"search_term_string\"}}],\"inLanguage\":\"es\"},{\"@type\":\"Organization\",\"@id\":\"https:\\\/\\\/www.esplac.cat\\\/#organization\",\"name\":\"Esplac\",\"url\":\"https:\\\/\\\/www.esplac.cat\\\/\",\"logo\":{\"@type\":\"ImageObject\",\"inLanguage\":\"es\",\"@id\":\"https:\\\/\\\/www.esplac.cat\\\/#\\\/schema\\\/logo\\\/image\\\/\",\"url\":\"https:\\\/\\\/www.esplac.cat\\\/wp-content\\\/uploads\\\/2019\\\/08\\\/logox2.png\",\"contentUrl\":\"https:\\\/\\\/www.esplac.cat\\\/wp-content\\\/uploads\\\/2019\\\/08\\\/logox2.png\",\"width\":600,\"height\":295,\"caption\":\"Esplac\"},\"image\":{\"@id\":\"https:\\\/\\\/www.esplac.cat\\\/#\\\/schema\\\/logo\\\/image\\\/\"}},{\"@type\":\"Person\",\"@id\":\"https:\\\/\\\/www.esplac.cat\\\/#\\\/schema\\\/person\\\/908383cf240be18b68f8855d0583faca\",\"name\":\"Comunicaci\u00f3 Esplac\",\"image\":{\"@type\":\"ImageObject\",\"inLanguage\":\"es\",\"@id\":\"https:\\\/\\\/secure.gravatar.com\\\/avatar\\\/7a4cf8feb412a76ea4a740ca02d95b06b2907b5a6c648c2dd0a1082a093c3141?s=96&d=mm&r=g\",\"url\":\"https:\\\/\\\/secure.gravatar.com\\\/avatar\\\/7a4cf8feb412a76ea4a740ca02d95b06b2907b5a6c648c2dd0a1082a093c3141?s=96&d=mm&r=g\",\"contentUrl\":\"https:\\\/\\\/secure.gravatar.com\\\/avatar\\\/7a4cf8feb412a76ea4a740ca02d95b06b2907b5a6c648c2dd0a1082a093c3141?s=96&d=mm&r=g\",\"caption\":\"Comunicaci\u00f3 Esplac\"}}]}<\/script>\n<!-- \/ Yoast SEO plugin. -->","yoast_head_json":{"title":"Intensa jornada de formaci\u00f3 i treball sobre emocions i cos al Maresme - Esplac","robots":{"index":"index","follow":"follow","max-snippet":"max-snippet:-1","max-image-preview":"max-image-preview:large","max-video-preview":"max-video-preview:-1"},"canonical":"https:\/\/www.esplac.cat\/intensa-jornada-de-treball-al-maresme\/","og_locale":"es_ES","og_type":"article","og_title":"Intensa jornada de formaci\u00f3 i treball sobre emocions i cos al Maresme - Esplac","og_description":"El passat cap de setmana 18 i 19 de mar\u00e7 [&hellip;]","og_url":"https:\/\/www.esplac.cat\/intensa-jornada-de-treball-al-maresme\/","og_site_name":"Esplac","article_published_time":"2017-03-29T07:50:19+00:00","og_image":[{"width":847,"height":350,"url":"https:\/\/www.esplac.cat\/wp-content\/uploads\/2017\/03\/20170328.jpg","type":"image\/jpeg"}],"author":"Comunicaci\u00f3 Esplac","twitter_card":"summary_large_image","twitter_misc":{"Escrito por":"Comunicaci\u00f3 Esplac","Tiempo de lectura":"2 minutos"},"schema":{"@context":"https:\/\/schema.org","@graph":[{"@type":"Article","@id":"https:\/\/www.esplac.cat\/intensa-jornada-de-treball-al-maresme\/#article","isPartOf":{"@id":"https:\/\/www.esplac.cat\/intensa-jornada-de-treball-al-maresme\/"},"author":{"name":"Comunicaci\u00f3 Esplac","@id":"https:\/\/www.esplac.cat\/#\/schema\/person\/908383cf240be18b68f8855d0583faca"},"headline":"Intensa jornada de formaci\u00f3 i treball sobre emocions i cos al Maresme","datePublished":"2017-03-29T07:50:19+00:00","mainEntityOfPage":{"@id":"https:\/\/www.esplac.cat\/intensa-jornada-de-treball-al-maresme\/"},"wordCount":334,"publisher":{"@id":"https:\/\/www.esplac.cat\/#organization"},"image":{"@id":"https:\/\/www.esplac.cat\/intensa-jornada-de-treball-al-maresme\/#primaryimage"},"thumbnailUrl":"https:\/\/www.esplac.cat\/wp-content\/uploads\/2017\/03\/20170328.jpg","keywords":["expressi\u00f3 corporal","formaci\u00f3","Maresme lliure i tropical","Taula rodona"],"articleSection":["Activitats sectors","Sector Maresme"],"inLanguage":"es"},{"@type":"WebPage","@id":"https:\/\/www.esplac.cat\/intensa-jornada-de-treball-al-maresme\/","url":"https:\/\/www.esplac.cat\/intensa-jornada-de-treball-al-maresme\/","name":"Intensa jornada de formaci\u00f3 i treball sobre emocions i cos al Maresme - Esplac","isPartOf":{"@id":"https:\/\/www.esplac.cat\/#website"},"primaryImageOfPage":{"@id":"https:\/\/www.esplac.cat\/intensa-jornada-de-treball-al-maresme\/#primaryimage"},"image":{"@id":"https:\/\/www.esplac.cat\/intensa-jornada-de-treball-al-maresme\/#primaryimage"},"thumbnailUrl":"https:\/\/www.esplac.cat\/wp-content\/uploads\/2017\/03\/20170328.jpg","datePublished":"2017-03-29T07:50:19+00:00","breadcrumb":{"@id":"https:\/\/www.esplac.cat\/intensa-jornada-de-treball-al-maresme\/#breadcrumb"},"inLanguage":"es","potentialAction":[{"@type":"ReadAction","target":["https:\/\/www.esplac.cat\/intensa-jornada-de-treball-al-maresme\/"]}]},{"@type":"ImageObject","inLanguage":"es","@id":"https:\/\/www.esplac.cat\/intensa-jornada-de-treball-al-maresme\/#primaryimage","url":"https:\/\/www.esplac.cat\/wp-content\/uploads\/2017\/03\/20170328.jpg","contentUrl":"https:\/\/www.esplac.cat\/wp-content\/uploads\/2017\/03\/20170328.jpg","width":847,"height":350},{"@type":"BreadcrumbList","@id":"https:\/\/www.esplac.cat\/intensa-jornada-de-treball-al-maresme\/#breadcrumb","itemListElement":[{"@type":"ListItem","position":1,"name":"Inici","item":"https:\/\/www.esplac.cat\/es\/"},{"@type":"ListItem","position":2,"name":"Intensa jornada de formaci\u00f3 i treball sobre emocions i cos al Maresme"}]},{"@type":"WebSite","@id":"https:\/\/www.esplac.cat\/#website","url":"https:\/\/www.esplac.cat\/","name":"Esplac","description":"Esplais Catalans","publisher":{"@id":"https:\/\/www.esplac.cat\/#organization"},"potentialAction":[{"@type":"SearchAction","target":{"@type":"EntryPoint","urlTemplate":"https:\/\/www.esplac.cat\/?s={search_term_string}"},"query-input":{"@type":"PropertyValueSpecification","valueRequired":true,"valueName":"search_term_string"}}],"inLanguage":"es"},{"@type":"Organization","@id":"https:\/\/www.esplac.cat\/#organization","name":"Esplac","url":"https:\/\/www.esplac.cat\/","logo":{"@type":"ImageObject","inLanguage":"es","@id":"https:\/\/www.esplac.cat\/#\/schema\/logo\/image\/","url":"https:\/\/www.esplac.cat\/wp-content\/uploads\/2019\/08\/logox2.png","contentUrl":"https:\/\/www.esplac.cat\/wp-content\/uploads\/2019\/08\/logox2.png","width":600,"height":295,"caption":"Esplac"},"image":{"@id":"https:\/\/www.esplac.cat\/#\/schema\/logo\/image\/"}},{"@type":"Person","@id":"https:\/\/www.esplac.cat\/#\/schema\/person\/908383cf240be18b68f8855d0583faca","name":"Comunicaci\u00f3 Esplac","image":{"@type":"ImageObject","inLanguage":"es","@id":"https:\/\/secure.gravatar.com\/avatar\/7a4cf8feb412a76ea4a740ca02d95b06b2907b5a6c648c2dd0a1082a093c3141?s=96&d=mm&r=g","url":"https:\/\/secure.gravatar.com\/avatar\/7a4cf8feb412a76ea4a740ca02d95b06b2907b5a6c648c2dd0a1082a093c3141?s=96&d=mm&r=g","contentUrl":"https:\/\/secure.gravatar.com\/avatar\/7a4cf8feb412a76ea4a740ca02d95b06b2907b5a6c648c2dd0a1082a093c3141?s=96&d=mm&r=g","caption":"Comunicaci\u00f3 Esplac"}}]}},"_links":{"self":[{"href":"https:\/\/www.esplac.cat\/es\/wp-json\/wp\/v2\/posts\/24847","targetHints":{"allow":["GET"]}}],"collection":[{"href":"https:\/\/www.esplac.cat\/es\/wp-json\/wp\/v2\/posts"}],"about":[{"href":"https:\/\/www.esplac.cat\/es\/wp-json\/wp\/v2\/types\/post"}],"author":[{"embeddable":true,"href":"https:\/\/www.esplac.cat\/es\/wp-json\/wp\/v2\/users\/3"}],"replies":[{"embeddable":true,"href":"https:\/\/www.esplac.cat\/es\/wp-json\/wp\/v2\/comments?post=24847"}],"version-history":[{"count":0,"href":"https:\/\/www.esplac.cat\/es\/wp-json\/wp\/v2\/posts\/24847\/revisions"}],"wp:featuredmedia":[{"embeddable":true,"href":"https:\/\/www.esplac.cat\/es\/wp-json\/wp\/v2\/media\/24848"}],"wp:attachment":[{"href":"https:\/\/www.esplac.cat\/es\/wp-json\/wp\/v2\/media?parent=24847"}],"wp:term":[{"taxonomy":"category","embeddable":true,"href":"https:\/\/www.esplac.cat\/es\/wp-json\/wp\/v2\/categories?post=24847"},{"taxonomy":"post_tag","embeddable":true,"href":"https:\/\/www.esplac.cat\/es\/wp-json\/wp\/v2\/tags?post=24847"}],"curies":[{"name":"wp","href":"https:\/\/api.w.org\/{rel}","templated":true}]}}