{"id":24852,"date":"2017-03-24T13:23:14","date_gmt":"2017-03-24T11:23:14","guid":{"rendered":"http:\/\/www.esplac.cat\/?p=12622"},"modified":"2020-01-14T12:56:59","modified_gmt":"2020-01-14T11:56:59","slug":"lassemblearisme-el-treball-en-equip-i-la-participacio-a-revisio-amb-la-nova-edicio-del-coordinem-nos","status":"publish","type":"post","link":"https:\/\/www.esplac.cat\/es\/lassemblearisme-el-treball-en-equip-i-la-participacio-a-revisio-amb-la-nova-edicio-del-coordinem-nos\/","title":{"rendered":"L\u2019assemblearisme, el treball en equip i la participaci\u00f3, a revisi\u00f3 amb la nova edici\u00f3 del &#8216;Coordinem-nos&#8217;"},"content":{"rendered":"<div class=\"fusion-fullwidth fullwidth-box fusion-builder-row-1 nonhundred-percent-fullwidth non-hundred-percent-height-scrolling\" style=\"--awb-border-radius-top-left:0px;--awb-border-radius-top-right:0px;--awb-border-radius-bottom-right:0px;--awb-border-radius-bottom-left:0px;--awb-flex-wrap:wrap;\" ><div class=\"fusion-builder-row fusion-row\"><div class=\"fusion-layout-column fusion_builder_column fusion-builder-column-0 fusion_builder_column_1_1 1_1 fusion-one-full fusion-column-first fusion-column-last\" style=\"--awb-bg-size:cover;--awb-margin-bottom:0px;\"><div class=\"fusion-column-wrapper fusion-flex-column-wrapper-legacy\"><div class=\"fusion-text fusion-text-1\"><h4 class=\"p1\" data-fontsize=\"17\" data-lineheight=\"22\"><span class=\"s1\">Publiquem una edici\u00f3 actualitzada del n\u00famero 3 de la col\u00b7leci\u00f3 <a href=\"https:\/\/www.esplac.cat\/lesmolet\/\" target=\"_blank\" rel=\"noopener noreferrer\">L\u2019Esmolet<\/a> realitzada per Esplais Catalans, que porta per t\u00edtol \u00abCoordinem-nos! Treball en equip i l\u2019assemblearisme a l\u2019esplai\u00bb i que va ser publicat l&#8217;any 2006.<\/span><\/h4>\n<p class=\"p1\"><span class=\"s3\">Durant el darrer any hem volgut revisar la publicaci\u00f3 \u00abCoordinem-nos\u00bb per actualitzar-la al treball en equip i la manera de funcionar actual dels esplais.<\/span><\/p>\n<h3 class=\"p1\" data-fontsize=\"30\" data-lineheight=\"39\"><span class=\"s3\">Qu\u00e8 hi podem trobar?<\/span><\/h3>\n<p class=\"p1\"><span class=\"s1\">T\u00e9 la finalitat d\u2019aprofundir en les bases pedag\u00f2giques i metodol\u00f2giques que compartim tots els esplais d\u2019Esplais Catalans. Despr\u00e9s de 10 anys, Esplac hem crescut en territori i sobretot en participaci\u00f3, fet que ha dotat els esplais de m\u00e9s recursos, ha desenvolupat m\u00e9s discurs pedag\u00f2gic i ha consolidat la nostra idiosincr\u00e0sia: l\u2019assemblearisme com a m\u00e8tode pedag\u00f2gic.<\/span><\/p>\n<p class=\"p1\"><span class=\"s1\">La tem\u00e0tica principal del llibre esdev\u00e9 un element transversal en el funcionament dels esplais: <b>el treball en equip i l\u2019assemblearisme dins el grup de monitors i monitores<\/b>. L\u2019objectiu \u00e9s oferir coneixements, idees i recursos que ajudin a millorar els processos de coordinaci\u00f3 i de conviv\u00e8ncia dins l\u2019equip de monitors i monitores i, a la vegada, poder enfortir la gesti\u00f3 organitzativa i pedag\u00f2gica de l\u2019entitat.<\/span><\/p>\n<h3 class=\"p1\" data-fontsize=\"30\" data-lineheight=\"39\"><span class=\"s3\">Com est\u00e0 estructurat?<\/span><\/h3>\n<p class=\"p3\"><span class=\"s1\">Aquest n\u00famero de L&#8217;Esmolet est\u00e0 dividit en 4 apartats:<\/span><\/p>\n<ol>\n<li><span class=\"s1\">Aportaci\u00f3 d\u2019elements te\u00f2rics i generals referents al treball en equip, l&#8217;assemblearisme i la participaci\u00f3.<\/span><\/li>\n<li><span class=\"s1\">An\u00e0lisi en el m\u00e8tode pedag\u00f2gic de l\u2019assemblea, la participaci\u00f3 i els mecanismes disponibles per als esplais per a reflexionar-hi.<\/span><\/li>\n<li><span class=\"s1\">Proposta per debatre i posar en com\u00fa la visi\u00f3 i viv\u00e8ncia de les relacions, la coordinaci\u00f3 i la conviv\u00e8ncia dins l\u2019equip de monitores des d\u2019una perspectiva emocional i empoderament personal.<\/span><\/li>\n<li><span class=\"s1\">Suggeriment d\u2019activitats, din\u00e0miques i recursos (t\u00e8cniques de grup) per a discutir, millorar i con\u00e8ixer qu\u00e8 \u00e9s el treball en xarxa i el treball en equip.<\/span><\/li>\n<\/ol>\n<h3 class=\"p1\" data-fontsize=\"30\" data-lineheight=\"39\"><span class=\"s3\">Per a qu\u00e8 pot servir?<\/span><\/h3>\n<p class=\"p3\"><span class=\"s1\">L\u2019objectiu \u00e9s oferir coneixements, idees i recursos que ajudin a millorar els processos de coordinaci\u00f3 i de conviv\u00e8ncia dins l\u2019equip de monitores i, a la vegada, poder enfortir la gesti\u00f3 organitzativa i pedag\u00f2gica de l\u2019entitat.<\/span><\/p>\n<h3 class=\"p1\" data-fontsize=\"30\" data-lineheight=\"39\"><span class=\"s3\">Quines novetats s\u2019inclouen?<\/span><\/h3>\n<p class=\"p3\"><span class=\"s1\">A m\u00e9s de renovar el llenguatge, terminologies i aspectes conceptuals que han pogut quedar desfasats, els llibre promou que la participaci\u00f3, d\u2019educaci\u00f3 emocional i l\u2019empoderament s\u00f3n elements transversals en la gesti\u00f3 del treball en equips.<\/span><\/p>\n<p class=\"p3\"><span class=\"s1\">Com a novetats en els continguts, hem afegit nous apartats encarats a apreciar i promoure l\u2019assertivitat emocional en els equips, alguns reptes actuals que ens podem trobar en les assemblees de monitores i monitors, (com la inclusi\u00f3, la perspectiva de g\u00e8nere, el relleu o les eines 2.0, entre d\u2019altres) i la import\u00e0ncia de la participaci\u00f3 als esplais i als equips de monitores i monitors. Tamb\u00e9 donem alguna pinzella sobre la import\u00e0ncia de la comunicaci\u00f3 no violenta a l\u2019esplai.<\/span><\/p>\n<h3 class=\"p1\" data-fontsize=\"30\" data-lineheight=\"39\"><span class=\"s3\">On el podem trobar?<\/span><\/h3>\n<p class=\"p3\"><span class=\"s1\">Aquest mes de mar\u00e7 hem repartit una c\u00f2pia a cada esplai durant les reunions de sector! Si t\u2019has quedat sense, fes un correu a <a href=\"mailto:esplac@esplac.cat\"><span class=\"s2\">esplac@esplac.cat<\/span><\/a> per a demanar-ne un: tots els esplais en podem gaudir d\u2019un exemplar. Tamb\u00e9, e<\/span><span style=\"background-color: rgba(255, 255, 255, 0); color: var(--body_typography-color); font-family: var(--body_typography-font-family); font-size: var(--body_typography-font-size); font-style: var(--body_typography-font-style,normal); font-weight: var(--body_typography-font-weight); letter-spacing: var(--body_typography-letter-spacing);\">l podem consultar de manera on-line a l\u2019apartat del<\/span><a href=\"https:\/\/www.esplac.cat\/banc-de-recursos\/\" style=\"background-color: rgba(255, 255, 255, 0); font-family: var(--body_typography-font-family); font-size: var(--body_typography-font-size); font-style: var(--body_typography-font-style,normal); letter-spacing: var(--body_typography-letter-spacing);\"> <span style=\"color: rgb(246, 157, 11);\">Banc de Recursos<\/span><\/a><span style=\"background-color: rgba(255, 255, 255, 0); font-family: var(--body_typography-font-family); font-size: var(--body_typography-font-size); font-style: var(--body_typography-font-style,normal); letter-spacing: var(--body_typography-letter-spacing); color: rgb(246, 157, 11);\">.<\/span><\/p>\n<p class=\"p3\">Tamb\u00e9 el podeu <strong>consultar i descarregar a trav\u00e9s de Issuu:<\/strong><\/p>\n<div class=\"issuuembed\" style=\"width: 847px; height: 599px;\" data-configid=\"4647276\/46284438\"><\/div>\n<p><script type=\"text\/javascript\" src=\"\/\/e.issuu.com\/embed.js\" async=\"true\"><\/script><\/p>\n<\/div><div class=\"fusion-clearfix\"><\/div><\/div><\/div><\/div><\/div>\n","protected":false},"excerpt":{"rendered":"","protected":false},"author":3,"featured_media":24853,"comment_status":"closed","ping_status":"open","sticky":false,"template":"","format":"standard","meta":{"om_disable_all_campaigns":false,"_monsterinsights_skip_tracking":false,"_monsterinsights_sitenote_active":false,"_monsterinsights_sitenote_note":"","_monsterinsights_sitenote_category":0,"_uf_show_specific_survey":0,"_uf_disable_surveys":false,"footnotes":""},"categories":[1114,1],"tags":[],"class_list":["post-24852","post","type-post","status-publish","format-standard","has-post-thumbnail","hentry","category-recursos","category-sense-categoria"],"yoast_head":"<!-- This site is optimized with the Yoast SEO plugin v27.5 - https:\/\/yoast.com\/product\/yoast-seo-wordpress\/ -->\n<title>L\u2019assemblearisme, el treball en equip i la participaci\u00f3, a revisi\u00f3 amb la nova edici\u00f3 del &#039;Coordinem-nos&#039; - Esplac<\/title>\n<meta name=\"robots\" content=\"index, follow, max-snippet:-1, max-image-preview:large, max-video-preview:-1\" \/>\n<link rel=\"canonical\" href=\"https:\/\/www.esplac.cat\/lassemblearisme-el-treball-en-equip-i-la-participacio-a-revisio-amb-la-nova-edicio-del-coordinem-nos\/\" \/>\n<meta property=\"og:locale\" content=\"es_ES\" \/>\n<meta property=\"og:type\" content=\"article\" \/>\n<meta property=\"og:title\" content=\"L\u2019assemblearisme, el treball en equip i la participaci\u00f3, a revisi\u00f3 amb la nova edici\u00f3 del &#039;Coordinem-nos&#039; - Esplac\" \/>\n<meta property=\"og:url\" content=\"https:\/\/www.esplac.cat\/lassemblearisme-el-treball-en-equip-i-la-participacio-a-revisio-amb-la-nova-edicio-del-coordinem-nos\/\" \/>\n<meta property=\"og:site_name\" content=\"Esplac\" \/>\n<meta property=\"article:published_time\" content=\"2017-03-24T11:23:14+00:00\" \/>\n<meta property=\"article:modified_time\" content=\"2020-01-14T11:56:59+00:00\" \/>\n<meta property=\"og:image\" content=\"https:\/\/www.esplac.cat\/wp-content\/uploads\/2017\/03\/20170324_Esmolet-portada.jpg\" \/>\n\t<meta property=\"og:image:width\" content=\"847\" \/>\n\t<meta property=\"og:image:height\" content=\"350\" \/>\n\t<meta property=\"og:image:type\" content=\"image\/jpeg\" \/>\n<meta name=\"author\" content=\"Comunicaci\u00f3 Esplac\" \/>\n<meta name=\"twitter:card\" content=\"summary_large_image\" \/>\n<meta name=\"twitter:label1\" content=\"Escrito por\" \/>\n\t<meta name=\"twitter:data1\" content=\"Comunicaci\u00f3 Esplac\" \/>\n\t<meta name=\"twitter:label2\" content=\"Tiempo de lectura\" \/>\n\t<meta name=\"twitter:data2\" content=\"4 minutos\" \/>\n<script type=\"application\/ld+json\" class=\"yoast-schema-graph\">{\"@context\":\"https:\\\/\\\/schema.org\",\"@graph\":[{\"@type\":\"Article\",\"@id\":\"https:\\\/\\\/www.esplac.cat\\\/lassemblearisme-el-treball-en-equip-i-la-participacio-a-revisio-amb-la-nova-edicio-del-coordinem-nos\\\/#article\",\"isPartOf\":{\"@id\":\"https:\\\/\\\/www.esplac.cat\\\/lassemblearisme-el-treball-en-equip-i-la-participacio-a-revisio-amb-la-nova-edicio-del-coordinem-nos\\\/\"},\"author\":{\"name\":\"Comunicaci\u00f3 Esplac\",\"@id\":\"https:\\\/\\\/www.esplac.cat\\\/#\\\/schema\\\/person\\\/908383cf240be18b68f8855d0583faca\"},\"headline\":\"L\u2019assemblearisme, el treball en equip i la participaci\u00f3, a revisi\u00f3 amb la nova edici\u00f3 del &#8216;Coordinem-nos&#8217;\",\"datePublished\":\"2017-03-24T11:23:14+00:00\",\"dateModified\":\"2020-01-14T11:56:59+00:00\",\"mainEntityOfPage\":{\"@id\":\"https:\\\/\\\/www.esplac.cat\\\/lassemblearisme-el-treball-en-equip-i-la-participacio-a-revisio-amb-la-nova-edicio-del-coordinem-nos\\\/\"},\"wordCount\":741,\"publisher\":{\"@id\":\"https:\\\/\\\/www.esplac.cat\\\/#organization\"},\"image\":{\"@id\":\"https:\\\/\\\/www.esplac.cat\\\/lassemblearisme-el-treball-en-equip-i-la-participacio-a-revisio-amb-la-nova-edicio-del-coordinem-nos\\\/#primaryimage\"},\"thumbnailUrl\":\"https:\\\/\\\/www.esplac.cat\\\/wp-content\\\/uploads\\\/2017\\\/03\\\/20170324_Esmolet-portada.jpg\",\"articleSection\":[\"Recursos\",\"Sense categoria\"],\"inLanguage\":\"es\"},{\"@type\":\"WebPage\",\"@id\":\"https:\\\/\\\/www.esplac.cat\\\/lassemblearisme-el-treball-en-equip-i-la-participacio-a-revisio-amb-la-nova-edicio-del-coordinem-nos\\\/\",\"url\":\"https:\\\/\\\/www.esplac.cat\\\/lassemblearisme-el-treball-en-equip-i-la-participacio-a-revisio-amb-la-nova-edicio-del-coordinem-nos\\\/\",\"name\":\"L\u2019assemblearisme, el treball en equip i la participaci\u00f3, a revisi\u00f3 amb la nova edici\u00f3 del 'Coordinem-nos' - Esplac\",\"isPartOf\":{\"@id\":\"https:\\\/\\\/www.esplac.cat\\\/#website\"},\"primaryImageOfPage\":{\"@id\":\"https:\\\/\\\/www.esplac.cat\\\/lassemblearisme-el-treball-en-equip-i-la-participacio-a-revisio-amb-la-nova-edicio-del-coordinem-nos\\\/#primaryimage\"},\"image\":{\"@id\":\"https:\\\/\\\/www.esplac.cat\\\/lassemblearisme-el-treball-en-equip-i-la-participacio-a-revisio-amb-la-nova-edicio-del-coordinem-nos\\\/#primaryimage\"},\"thumbnailUrl\":\"https:\\\/\\\/www.esplac.cat\\\/wp-content\\\/uploads\\\/2017\\\/03\\\/20170324_Esmolet-portada.jpg\",\"datePublished\":\"2017-03-24T11:23:14+00:00\",\"dateModified\":\"2020-01-14T11:56:59+00:00\",\"breadcrumb\":{\"@id\":\"https:\\\/\\\/www.esplac.cat\\\/lassemblearisme-el-treball-en-equip-i-la-participacio-a-revisio-amb-la-nova-edicio-del-coordinem-nos\\\/#breadcrumb\"},\"inLanguage\":\"es\",\"potentialAction\":[{\"@type\":\"ReadAction\",\"target\":[\"https:\\\/\\\/www.esplac.cat\\\/lassemblearisme-el-treball-en-equip-i-la-participacio-a-revisio-amb-la-nova-edicio-del-coordinem-nos\\\/\"]}]},{\"@type\":\"ImageObject\",\"inLanguage\":\"es\",\"@id\":\"https:\\\/\\\/www.esplac.cat\\\/lassemblearisme-el-treball-en-equip-i-la-participacio-a-revisio-amb-la-nova-edicio-del-coordinem-nos\\\/#primaryimage\",\"url\":\"https:\\\/\\\/www.esplac.cat\\\/wp-content\\\/uploads\\\/2017\\\/03\\\/20170324_Esmolet-portada.jpg\",\"contentUrl\":\"https:\\\/\\\/www.esplac.cat\\\/wp-content\\\/uploads\\\/2017\\\/03\\\/20170324_Esmolet-portada.jpg\",\"width\":847,\"height\":350},{\"@type\":\"BreadcrumbList\",\"@id\":\"https:\\\/\\\/www.esplac.cat\\\/lassemblearisme-el-treball-en-equip-i-la-participacio-a-revisio-amb-la-nova-edicio-del-coordinem-nos\\\/#breadcrumb\",\"itemListElement\":[{\"@type\":\"ListItem\",\"position\":1,\"name\":\"Inici\",\"item\":\"https:\\\/\\\/www.esplac.cat\\\/es\\\/\"},{\"@type\":\"ListItem\",\"position\":2,\"name\":\"L\u2019assemblearisme, el treball en equip i la participaci\u00f3, a revisi\u00f3 amb la nova edici\u00f3 del &#8216;Coordinem-nos&#8217;\"}]},{\"@type\":\"WebSite\",\"@id\":\"https:\\\/\\\/www.esplac.cat\\\/#website\",\"url\":\"https:\\\/\\\/www.esplac.cat\\\/\",\"name\":\"Esplac\",\"description\":\"Esplais Catalans\",\"publisher\":{\"@id\":\"https:\\\/\\\/www.esplac.cat\\\/#organization\"},\"potentialAction\":[{\"@type\":\"SearchAction\",\"target\":{\"@type\":\"EntryPoint\",\"urlTemplate\":\"https:\\\/\\\/www.esplac.cat\\\/?s={search_term_string}\"},\"query-input\":{\"@type\":\"PropertyValueSpecification\",\"valueRequired\":true,\"valueName\":\"search_term_string\"}}],\"inLanguage\":\"es\"},{\"@type\":\"Organization\",\"@id\":\"https:\\\/\\\/www.esplac.cat\\\/#organization\",\"name\":\"Esplac\",\"url\":\"https:\\\/\\\/www.esplac.cat\\\/\",\"logo\":{\"@type\":\"ImageObject\",\"inLanguage\":\"es\",\"@id\":\"https:\\\/\\\/www.esplac.cat\\\/#\\\/schema\\\/logo\\\/image\\\/\",\"url\":\"https:\\\/\\\/www.esplac.cat\\\/wp-content\\\/uploads\\\/2019\\\/08\\\/logox2.png\",\"contentUrl\":\"https:\\\/\\\/www.esplac.cat\\\/wp-content\\\/uploads\\\/2019\\\/08\\\/logox2.png\",\"width\":600,\"height\":295,\"caption\":\"Esplac\"},\"image\":{\"@id\":\"https:\\\/\\\/www.esplac.cat\\\/#\\\/schema\\\/logo\\\/image\\\/\"}},{\"@type\":\"Person\",\"@id\":\"https:\\\/\\\/www.esplac.cat\\\/#\\\/schema\\\/person\\\/908383cf240be18b68f8855d0583faca\",\"name\":\"Comunicaci\u00f3 Esplac\",\"image\":{\"@type\":\"ImageObject\",\"inLanguage\":\"es\",\"@id\":\"https:\\\/\\\/secure.gravatar.com\\\/avatar\\\/7a4cf8feb412a76ea4a740ca02d95b06b2907b5a6c648c2dd0a1082a093c3141?s=96&d=mm&r=g\",\"url\":\"https:\\\/\\\/secure.gravatar.com\\\/avatar\\\/7a4cf8feb412a76ea4a740ca02d95b06b2907b5a6c648c2dd0a1082a093c3141?s=96&d=mm&r=g\",\"contentUrl\":\"https:\\\/\\\/secure.gravatar.com\\\/avatar\\\/7a4cf8feb412a76ea4a740ca02d95b06b2907b5a6c648c2dd0a1082a093c3141?s=96&d=mm&r=g\",\"caption\":\"Comunicaci\u00f3 Esplac\"}}]}<\/script>\n<!-- \/ Yoast SEO plugin. -->","yoast_head_json":{"title":"L\u2019assemblearisme, el treball en equip i la participaci\u00f3, a revisi\u00f3 amb la nova edici\u00f3 del 'Coordinem-nos' - Esplac","robots":{"index":"index","follow":"follow","max-snippet":"max-snippet:-1","max-image-preview":"max-image-preview:large","max-video-preview":"max-video-preview:-1"},"canonical":"https:\/\/www.esplac.cat\/lassemblearisme-el-treball-en-equip-i-la-participacio-a-revisio-amb-la-nova-edicio-del-coordinem-nos\/","og_locale":"es_ES","og_type":"article","og_title":"L\u2019assemblearisme, el treball en equip i la participaci\u00f3, a revisi\u00f3 amb la nova edici\u00f3 del 'Coordinem-nos' - Esplac","og_url":"https:\/\/www.esplac.cat\/lassemblearisme-el-treball-en-equip-i-la-participacio-a-revisio-amb-la-nova-edicio-del-coordinem-nos\/","og_site_name":"Esplac","article_published_time":"2017-03-24T11:23:14+00:00","article_modified_time":"2020-01-14T11:56:59+00:00","og_image":[{"width":847,"height":350,"url":"https:\/\/www.esplac.cat\/wp-content\/uploads\/2017\/03\/20170324_Esmolet-portada.jpg","type":"image\/jpeg"}],"author":"Comunicaci\u00f3 Esplac","twitter_card":"summary_large_image","twitter_misc":{"Escrito por":"Comunicaci\u00f3 Esplac","Tiempo de lectura":"4 minutos"},"schema":{"@context":"https:\/\/schema.org","@graph":[{"@type":"Article","@id":"https:\/\/www.esplac.cat\/lassemblearisme-el-treball-en-equip-i-la-participacio-a-revisio-amb-la-nova-edicio-del-coordinem-nos\/#article","isPartOf":{"@id":"https:\/\/www.esplac.cat\/lassemblearisme-el-treball-en-equip-i-la-participacio-a-revisio-amb-la-nova-edicio-del-coordinem-nos\/"},"author":{"name":"Comunicaci\u00f3 Esplac","@id":"https:\/\/www.esplac.cat\/#\/schema\/person\/908383cf240be18b68f8855d0583faca"},"headline":"L\u2019assemblearisme, el treball en equip i la participaci\u00f3, a revisi\u00f3 amb la nova edici\u00f3 del &#8216;Coordinem-nos&#8217;","datePublished":"2017-03-24T11:23:14+00:00","dateModified":"2020-01-14T11:56:59+00:00","mainEntityOfPage":{"@id":"https:\/\/www.esplac.cat\/lassemblearisme-el-treball-en-equip-i-la-participacio-a-revisio-amb-la-nova-edicio-del-coordinem-nos\/"},"wordCount":741,"publisher":{"@id":"https:\/\/www.esplac.cat\/#organization"},"image":{"@id":"https:\/\/www.esplac.cat\/lassemblearisme-el-treball-en-equip-i-la-participacio-a-revisio-amb-la-nova-edicio-del-coordinem-nos\/#primaryimage"},"thumbnailUrl":"https:\/\/www.esplac.cat\/wp-content\/uploads\/2017\/03\/20170324_Esmolet-portada.jpg","articleSection":["Recursos","Sense categoria"],"inLanguage":"es"},{"@type":"WebPage","@id":"https:\/\/www.esplac.cat\/lassemblearisme-el-treball-en-equip-i-la-participacio-a-revisio-amb-la-nova-edicio-del-coordinem-nos\/","url":"https:\/\/www.esplac.cat\/lassemblearisme-el-treball-en-equip-i-la-participacio-a-revisio-amb-la-nova-edicio-del-coordinem-nos\/","name":"L\u2019assemblearisme, el treball en equip i la participaci\u00f3, a revisi\u00f3 amb la nova edici\u00f3 del 'Coordinem-nos' - Esplac","isPartOf":{"@id":"https:\/\/www.esplac.cat\/#website"},"primaryImageOfPage":{"@id":"https:\/\/www.esplac.cat\/lassemblearisme-el-treball-en-equip-i-la-participacio-a-revisio-amb-la-nova-edicio-del-coordinem-nos\/#primaryimage"},"image":{"@id":"https:\/\/www.esplac.cat\/lassemblearisme-el-treball-en-equip-i-la-participacio-a-revisio-amb-la-nova-edicio-del-coordinem-nos\/#primaryimage"},"thumbnailUrl":"https:\/\/www.esplac.cat\/wp-content\/uploads\/2017\/03\/20170324_Esmolet-portada.jpg","datePublished":"2017-03-24T11:23:14+00:00","dateModified":"2020-01-14T11:56:59+00:00","breadcrumb":{"@id":"https:\/\/www.esplac.cat\/lassemblearisme-el-treball-en-equip-i-la-participacio-a-revisio-amb-la-nova-edicio-del-coordinem-nos\/#breadcrumb"},"inLanguage":"es","potentialAction":[{"@type":"ReadAction","target":["https:\/\/www.esplac.cat\/lassemblearisme-el-treball-en-equip-i-la-participacio-a-revisio-amb-la-nova-edicio-del-coordinem-nos\/"]}]},{"@type":"ImageObject","inLanguage":"es","@id":"https:\/\/www.esplac.cat\/lassemblearisme-el-treball-en-equip-i-la-participacio-a-revisio-amb-la-nova-edicio-del-coordinem-nos\/#primaryimage","url":"https:\/\/www.esplac.cat\/wp-content\/uploads\/2017\/03\/20170324_Esmolet-portada.jpg","contentUrl":"https:\/\/www.esplac.cat\/wp-content\/uploads\/2017\/03\/20170324_Esmolet-portada.jpg","width":847,"height":350},{"@type":"BreadcrumbList","@id":"https:\/\/www.esplac.cat\/lassemblearisme-el-treball-en-equip-i-la-participacio-a-revisio-amb-la-nova-edicio-del-coordinem-nos\/#breadcrumb","itemListElement":[{"@type":"ListItem","position":1,"name":"Inici","item":"https:\/\/www.esplac.cat\/es\/"},{"@type":"ListItem","position":2,"name":"L\u2019assemblearisme, el treball en equip i la participaci\u00f3, a revisi\u00f3 amb la nova edici\u00f3 del &#8216;Coordinem-nos&#8217;"}]},{"@type":"WebSite","@id":"https:\/\/www.esplac.cat\/#website","url":"https:\/\/www.esplac.cat\/","name":"Esplac","description":"Esplais Catalans","publisher":{"@id":"https:\/\/www.esplac.cat\/#organization"},"potentialAction":[{"@type":"SearchAction","target":{"@type":"EntryPoint","urlTemplate":"https:\/\/www.esplac.cat\/?s={search_term_string}"},"query-input":{"@type":"PropertyValueSpecification","valueRequired":true,"valueName":"search_term_string"}}],"inLanguage":"es"},{"@type":"Organization","@id":"https:\/\/www.esplac.cat\/#organization","name":"Esplac","url":"https:\/\/www.esplac.cat\/","logo":{"@type":"ImageObject","inLanguage":"es","@id":"https:\/\/www.esplac.cat\/#\/schema\/logo\/image\/","url":"https:\/\/www.esplac.cat\/wp-content\/uploads\/2019\/08\/logox2.png","contentUrl":"https:\/\/www.esplac.cat\/wp-content\/uploads\/2019\/08\/logox2.png","width":600,"height":295,"caption":"Esplac"},"image":{"@id":"https:\/\/www.esplac.cat\/#\/schema\/logo\/image\/"}},{"@type":"Person","@id":"https:\/\/www.esplac.cat\/#\/schema\/person\/908383cf240be18b68f8855d0583faca","name":"Comunicaci\u00f3 Esplac","image":{"@type":"ImageObject","inLanguage":"es","@id":"https:\/\/secure.gravatar.com\/avatar\/7a4cf8feb412a76ea4a740ca02d95b06b2907b5a6c648c2dd0a1082a093c3141?s=96&d=mm&r=g","url":"https:\/\/secure.gravatar.com\/avatar\/7a4cf8feb412a76ea4a740ca02d95b06b2907b5a6c648c2dd0a1082a093c3141?s=96&d=mm&r=g","contentUrl":"https:\/\/secure.gravatar.com\/avatar\/7a4cf8feb412a76ea4a740ca02d95b06b2907b5a6c648c2dd0a1082a093c3141?s=96&d=mm&r=g","caption":"Comunicaci\u00f3 Esplac"}}]}},"_links":{"self":[{"href":"https:\/\/www.esplac.cat\/es\/wp-json\/wp\/v2\/posts\/24852","targetHints":{"allow":["GET"]}}],"collection":[{"href":"https:\/\/www.esplac.cat\/es\/wp-json\/wp\/v2\/posts"}],"about":[{"href":"https:\/\/www.esplac.cat\/es\/wp-json\/wp\/v2\/types\/post"}],"author":[{"embeddable":true,"href":"https:\/\/www.esplac.cat\/es\/wp-json\/wp\/v2\/users\/3"}],"replies":[{"embeddable":true,"href":"https:\/\/www.esplac.cat\/es\/wp-json\/wp\/v2\/comments?post=24852"}],"version-history":[{"count":0,"href":"https:\/\/www.esplac.cat\/es\/wp-json\/wp\/v2\/posts\/24852\/revisions"}],"wp:featuredmedia":[{"embeddable":true,"href":"https:\/\/www.esplac.cat\/es\/wp-json\/wp\/v2\/media\/24853"}],"wp:attachment":[{"href":"https:\/\/www.esplac.cat\/es\/wp-json\/wp\/v2\/media?parent=24852"}],"wp:term":[{"taxonomy":"category","embeddable":true,"href":"https:\/\/www.esplac.cat\/es\/wp-json\/wp\/v2\/categories?post=24852"},{"taxonomy":"post_tag","embeddable":true,"href":"https:\/\/www.esplac.cat\/es\/wp-json\/wp\/v2\/tags?post=24852"}],"curies":[{"name":"wp","href":"https:\/\/api.w.org\/{rel}","templated":true}]}}