{"id":24857,"date":"2017-03-24T09:49:33","date_gmt":"2017-03-24T07:49:33","guid":{"rendered":"http:\/\/www.esplac.cat\/?p=12796"},"modified":"2019-11-14T13:38:35","modified_gmt":"2019-11-14T11:38:35","slug":"mes-de-500-monitores-i-infants-desplais-del-valles-es-troben-a-sant-cugat-per-reivindicar-lespai-public","status":"publish","type":"post","link":"https:\/\/www.esplac.cat\/es\/mes-de-500-monitores-i-infants-desplais-del-valles-es-troben-a-sant-cugat-per-reivindicar-lespai-public\/","title":{"rendered":"M\u00e9s de 500 monitores i infants d\u2019esplais del Vall\u00e8s es troben a Sant Cugat per reivindicar l\u2019espai p\u00fablic"},"content":{"rendered":"<h4 class=\"p1\"><span class=\"s1\"><b>Onze esplais del sector Vall\u00e8s\u00a0realitzen una trobada de joves i infants a Sant Cugat el 25 i 26 de mar\u00e7 sota el lema \u00abPer una inf\u00e0ncia al carrer\u00bb, que culminar\u00e0 en una gran cercavila.<\/b><\/span><\/h4>\n<p class=\"p3\"><span class=\"s1\">Poder fer activitats al carrer amb els infants sense tants obstacles. Aix\u00f2 \u00e9s el que demanen fins a 11 esplais del sector Vall\u00e8s a\u00a0la Trobada General i Trobada Jove que celebren el dissabte 25 i diumenge 26 de mar\u00e7 a Sant Cugat del Vall\u00e8s. Per aix\u00f2, el lema escollit per elles i ells mateixos ha estat <strong>\u00abPer una inf\u00e0ncia al carrer\u00bb<\/strong>.<\/span><\/p>\n<p class=\"p3\"><span class=\"s1\">Els esplais lamenten que es troben cont\u00ednuament amb obstacles a l\u2019hora de demanar permisos, per jugar a pilota a les places amb els infants o per demanar espais p\u00fablics com escoles o poliesportius per dormir alguna nit o fer activitats. La trobada, la m\u00e9s gran realitzada fins ara pels esplais vallesencs, compta amb 111 monitors i monitores i m\u00e9s de 400 infants inscrits.<\/span><\/p>\n<p class=\"p5\"><span class=\"s1\"><b>Programa de la trobada<\/b><\/span><\/p>\n<p class=\"p3\"><span class=\"s1\">La trobada s\u2019iniciar\u00e0 dissabte 25 de mar\u00e7 a les 10:00h, moment en qu\u00e8 comen\u00e7aran a arribar els infants i joves a la Pla\u00e7a Llu\u00eds Millet per realitzar les inscripcions. Una vegada instal\u00b7lats, es dividiran per grups d\u2019edat (xics, petits\/es, mitjans\/es, joves) i faran jocs de coneixen\u00e7a fins a l\u2019hora de dinar.\u00a0<\/span><span class=\"s1\">Despr\u00e9s del dinar, els i les m\u00e9s petites faran gimcanes per diferents places de Sant Cugat, mentre que els i les joves rebran formacions sobre educaci\u00f3 emocional, g\u00e8nere, situaci\u00f3 de refugiats i refugiades o estereotips.<\/span><\/p>\n<p class=\"p6\"><span class=\"s1\">Finalment, el diumenge 26 de mar\u00e7 ser\u00e0 el moment fort del cap de setmana, <b>ja que els m\u00e9s de 500 participants realitzaran una cercavila conjunta pels carrers de Sant Cugat per culminar la trobada amb un acte reivindicatiu, a les 11:00h. La cercavila comen\u00e7a i acaba a la Pla\u00e7a Ram\u00f3n Barnils de Sant Cugat.<\/b> Al final de l\u2019acte, cap a les 12:30h, es far\u00e0 una actuaci\u00f3 d\u2019un grup d\u2019animaci\u00f3 infantil.<\/span><\/p>\n<p class=\"p6\">Esperem que aquesta gran trobada del Vall\u00e8s es celebri amb molta\u00a0#energiadelesplai!<\/p>\n","protected":false},"excerpt":{"rendered":"<p>Onze esplais del sector Vall\u00e8s\u00a0realitzen una trobada de joves i [&hellip;]<\/p>\n","protected":false},"author":3,"featured_media":24858,"comment_status":"closed","ping_status":"open","sticky":false,"template":"","format":"standard","meta":{"om_disable_all_campaigns":false,"_monsterinsights_skip_tracking":false,"_monsterinsights_sitenote_active":false,"_monsterinsights_sitenote_note":"","_monsterinsights_sitenote_category":0,"_uf_show_specific_survey":0,"_uf_disable_surveys":false,"footnotes":""},"categories":[1110,1167,1137],"tags":[855,45,613,856,344,334,857,108,493,38],"class_list":["post-24857","post","type-post","status-publish","format-standard","has-post-thumbnail","hentry","category-activitats-sectors","category-infancia","category-sector-valles","tag-cercavila","tag-drets-dels-infants","tag-espai-public","tag-infancia","tag-infants","tag-monitors-i-monitores","tag-sant-cugat","tag-trobada-general","tag-trobada-jove","tag-valles"],"yoast_head":"<!-- This site is optimized with the Yoast SEO plugin v27.5 - https:\/\/yoast.com\/product\/yoast-seo-wordpress\/ -->\n<title>M\u00e9s de 500 monitores i infants d\u2019esplais del Vall\u00e8s es troben a Sant Cugat per reivindicar l\u2019espai p\u00fablic - Esplac<\/title>\n<meta name=\"robots\" content=\"index, follow, max-snippet:-1, max-image-preview:large, max-video-preview:-1\" \/>\n<link rel=\"canonical\" href=\"https:\/\/www.esplac.cat\/mes-de-500-monitores-i-infants-desplais-del-valles-es-troben-a-sant-cugat-per-reivindicar-lespai-public\/\" \/>\n<meta property=\"og:locale\" content=\"es_ES\" \/>\n<meta property=\"og:type\" content=\"article\" \/>\n<meta property=\"og:title\" content=\"M\u00e9s de 500 monitores i infants d\u2019esplais del Vall\u00e8s es troben a Sant Cugat per reivindicar l\u2019espai p\u00fablic - Esplac\" \/>\n<meta property=\"og:description\" content=\"Onze esplais del sector Vall\u00e8s\u00a0realitzen una trobada de joves i [&hellip;]\" \/>\n<meta property=\"og:url\" content=\"https:\/\/www.esplac.cat\/mes-de-500-monitores-i-infants-desplais-del-valles-es-troben-a-sant-cugat-per-reivindicar-lespai-public\/\" \/>\n<meta property=\"og:site_name\" content=\"Esplac\" \/>\n<meta property=\"article:published_time\" content=\"2017-03-24T07:49:33+00:00\" \/>\n<meta property=\"article:modified_time\" content=\"2019-11-14T11:38:35+00:00\" \/>\n<meta property=\"og:image\" content=\"https:\/\/www.esplac.cat\/wp-content\/uploads\/2017\/03\/20170324_TGS-Valles.jpg\" \/>\n\t<meta property=\"og:image:width\" content=\"847\" \/>\n\t<meta property=\"og:image:height\" content=\"350\" \/>\n\t<meta property=\"og:image:type\" content=\"image\/jpeg\" \/>\n<meta name=\"author\" content=\"Comunicaci\u00f3 Esplac\" \/>\n<meta name=\"twitter:card\" content=\"summary_large_image\" \/>\n<meta name=\"twitter:label1\" content=\"Escrito por\" \/>\n\t<meta name=\"twitter:data1\" content=\"Comunicaci\u00f3 Esplac\" \/>\n\t<meta name=\"twitter:label2\" content=\"Tiempo de lectura\" \/>\n\t<meta name=\"twitter:data2\" content=\"2 minutos\" \/>\n<script type=\"application\/ld+json\" class=\"yoast-schema-graph\">{\"@context\":\"https:\\\/\\\/schema.org\",\"@graph\":[{\"@type\":\"Article\",\"@id\":\"https:\\\/\\\/www.esplac.cat\\\/mes-de-500-monitores-i-infants-desplais-del-valles-es-troben-a-sant-cugat-per-reivindicar-lespai-public\\\/#article\",\"isPartOf\":{\"@id\":\"https:\\\/\\\/www.esplac.cat\\\/mes-de-500-monitores-i-infants-desplais-del-valles-es-troben-a-sant-cugat-per-reivindicar-lespai-public\\\/\"},\"author\":{\"name\":\"Comunicaci\u00f3 Esplac\",\"@id\":\"https:\\\/\\\/www.esplac.cat\\\/#\\\/schema\\\/person\\\/908383cf240be18b68f8855d0583faca\"},\"headline\":\"M\u00e9s de 500 monitores i infants d\u2019esplais del Vall\u00e8s es troben a Sant Cugat per reivindicar l\u2019espai p\u00fablic\",\"datePublished\":\"2017-03-24T07:49:33+00:00\",\"dateModified\":\"2019-11-14T11:38:35+00:00\",\"mainEntityOfPage\":{\"@id\":\"https:\\\/\\\/www.esplac.cat\\\/mes-de-500-monitores-i-infants-desplais-del-valles-es-troben-a-sant-cugat-per-reivindicar-lespai-public\\\/\"},\"wordCount\":375,\"publisher\":{\"@id\":\"https:\\\/\\\/www.esplac.cat\\\/#organization\"},\"image\":{\"@id\":\"https:\\\/\\\/www.esplac.cat\\\/mes-de-500-monitores-i-infants-desplais-del-valles-es-troben-a-sant-cugat-per-reivindicar-lespai-public\\\/#primaryimage\"},\"thumbnailUrl\":\"https:\\\/\\\/www.esplac.cat\\\/wp-content\\\/uploads\\\/2017\\\/03\\\/20170324_TGS-Valles.jpg\",\"keywords\":[\"cercavila\",\"drets dels infants\",\"espai p\u00fablic\",\"infancia\",\"infants\",\"monitors i monitores\",\"sant cugat\",\"trobada general\",\"Trobada Jove\",\"valles\"],\"articleSection\":[\"Activitats sectors\",\"Inf\u00e0ncia i Esplaiada\",\"Sector Vall\u00e8s\"],\"inLanguage\":\"es\"},{\"@type\":\"WebPage\",\"@id\":\"https:\\\/\\\/www.esplac.cat\\\/mes-de-500-monitores-i-infants-desplais-del-valles-es-troben-a-sant-cugat-per-reivindicar-lespai-public\\\/\",\"url\":\"https:\\\/\\\/www.esplac.cat\\\/mes-de-500-monitores-i-infants-desplais-del-valles-es-troben-a-sant-cugat-per-reivindicar-lespai-public\\\/\",\"name\":\"M\u00e9s de 500 monitores i infants d\u2019esplais del Vall\u00e8s es troben a Sant Cugat per reivindicar l\u2019espai p\u00fablic - Esplac\",\"isPartOf\":{\"@id\":\"https:\\\/\\\/www.esplac.cat\\\/#website\"},\"primaryImageOfPage\":{\"@id\":\"https:\\\/\\\/www.esplac.cat\\\/mes-de-500-monitores-i-infants-desplais-del-valles-es-troben-a-sant-cugat-per-reivindicar-lespai-public\\\/#primaryimage\"},\"image\":{\"@id\":\"https:\\\/\\\/www.esplac.cat\\\/mes-de-500-monitores-i-infants-desplais-del-valles-es-troben-a-sant-cugat-per-reivindicar-lespai-public\\\/#primaryimage\"},\"thumbnailUrl\":\"https:\\\/\\\/www.esplac.cat\\\/wp-content\\\/uploads\\\/2017\\\/03\\\/20170324_TGS-Valles.jpg\",\"datePublished\":\"2017-03-24T07:49:33+00:00\",\"dateModified\":\"2019-11-14T11:38:35+00:00\",\"breadcrumb\":{\"@id\":\"https:\\\/\\\/www.esplac.cat\\\/mes-de-500-monitores-i-infants-desplais-del-valles-es-troben-a-sant-cugat-per-reivindicar-lespai-public\\\/#breadcrumb\"},\"inLanguage\":\"es\",\"potentialAction\":[{\"@type\":\"ReadAction\",\"target\":[\"https:\\\/\\\/www.esplac.cat\\\/mes-de-500-monitores-i-infants-desplais-del-valles-es-troben-a-sant-cugat-per-reivindicar-lespai-public\\\/\"]}]},{\"@type\":\"ImageObject\",\"inLanguage\":\"es\",\"@id\":\"https:\\\/\\\/www.esplac.cat\\\/mes-de-500-monitores-i-infants-desplais-del-valles-es-troben-a-sant-cugat-per-reivindicar-lespai-public\\\/#primaryimage\",\"url\":\"https:\\\/\\\/www.esplac.cat\\\/wp-content\\\/uploads\\\/2017\\\/03\\\/20170324_TGS-Valles.jpg\",\"contentUrl\":\"https:\\\/\\\/www.esplac.cat\\\/wp-content\\\/uploads\\\/2017\\\/03\\\/20170324_TGS-Valles.jpg\",\"width\":847,\"height\":350},{\"@type\":\"BreadcrumbList\",\"@id\":\"https:\\\/\\\/www.esplac.cat\\\/mes-de-500-monitores-i-infants-desplais-del-valles-es-troben-a-sant-cugat-per-reivindicar-lespai-public\\\/#breadcrumb\",\"itemListElement\":[{\"@type\":\"ListItem\",\"position\":1,\"name\":\"Inici\",\"item\":\"https:\\\/\\\/www.esplac.cat\\\/es\\\/\"},{\"@type\":\"ListItem\",\"position\":2,\"name\":\"M\u00e9s de 500 monitores i infants d\u2019esplais del Vall\u00e8s es troben a Sant Cugat per reivindicar l\u2019espai p\u00fablic\"}]},{\"@type\":\"WebSite\",\"@id\":\"https:\\\/\\\/www.esplac.cat\\\/#website\",\"url\":\"https:\\\/\\\/www.esplac.cat\\\/\",\"name\":\"Esplac\",\"description\":\"Esplais Catalans\",\"publisher\":{\"@id\":\"https:\\\/\\\/www.esplac.cat\\\/#organization\"},\"potentialAction\":[{\"@type\":\"SearchAction\",\"target\":{\"@type\":\"EntryPoint\",\"urlTemplate\":\"https:\\\/\\\/www.esplac.cat\\\/?s={search_term_string}\"},\"query-input\":{\"@type\":\"PropertyValueSpecification\",\"valueRequired\":true,\"valueName\":\"search_term_string\"}}],\"inLanguage\":\"es\"},{\"@type\":\"Organization\",\"@id\":\"https:\\\/\\\/www.esplac.cat\\\/#organization\",\"name\":\"Esplac\",\"url\":\"https:\\\/\\\/www.esplac.cat\\\/\",\"logo\":{\"@type\":\"ImageObject\",\"inLanguage\":\"es\",\"@id\":\"https:\\\/\\\/www.esplac.cat\\\/#\\\/schema\\\/logo\\\/image\\\/\",\"url\":\"https:\\\/\\\/www.esplac.cat\\\/wp-content\\\/uploads\\\/2019\\\/08\\\/logox2.png\",\"contentUrl\":\"https:\\\/\\\/www.esplac.cat\\\/wp-content\\\/uploads\\\/2019\\\/08\\\/logox2.png\",\"width\":600,\"height\":295,\"caption\":\"Esplac\"},\"image\":{\"@id\":\"https:\\\/\\\/www.esplac.cat\\\/#\\\/schema\\\/logo\\\/image\\\/\"}},{\"@type\":\"Person\",\"@id\":\"https:\\\/\\\/www.esplac.cat\\\/#\\\/schema\\\/person\\\/908383cf240be18b68f8855d0583faca\",\"name\":\"Comunicaci\u00f3 Esplac\",\"image\":{\"@type\":\"ImageObject\",\"inLanguage\":\"es\",\"@id\":\"https:\\\/\\\/secure.gravatar.com\\\/avatar\\\/7a4cf8feb412a76ea4a740ca02d95b06b2907b5a6c648c2dd0a1082a093c3141?s=96&d=mm&r=g\",\"url\":\"https:\\\/\\\/secure.gravatar.com\\\/avatar\\\/7a4cf8feb412a76ea4a740ca02d95b06b2907b5a6c648c2dd0a1082a093c3141?s=96&d=mm&r=g\",\"contentUrl\":\"https:\\\/\\\/secure.gravatar.com\\\/avatar\\\/7a4cf8feb412a76ea4a740ca02d95b06b2907b5a6c648c2dd0a1082a093c3141?s=96&d=mm&r=g\",\"caption\":\"Comunicaci\u00f3 Esplac\"}}]}<\/script>\n<!-- \/ Yoast SEO plugin. -->","yoast_head_json":{"title":"M\u00e9s de 500 monitores i infants d\u2019esplais del Vall\u00e8s es troben a Sant Cugat per reivindicar l\u2019espai p\u00fablic - Esplac","robots":{"index":"index","follow":"follow","max-snippet":"max-snippet:-1","max-image-preview":"max-image-preview:large","max-video-preview":"max-video-preview:-1"},"canonical":"https:\/\/www.esplac.cat\/mes-de-500-monitores-i-infants-desplais-del-valles-es-troben-a-sant-cugat-per-reivindicar-lespai-public\/","og_locale":"es_ES","og_type":"article","og_title":"M\u00e9s de 500 monitores i infants d\u2019esplais del Vall\u00e8s es troben a Sant Cugat per reivindicar l\u2019espai p\u00fablic - Esplac","og_description":"Onze esplais del sector Vall\u00e8s\u00a0realitzen una trobada de joves i [&hellip;]","og_url":"https:\/\/www.esplac.cat\/mes-de-500-monitores-i-infants-desplais-del-valles-es-troben-a-sant-cugat-per-reivindicar-lespai-public\/","og_site_name":"Esplac","article_published_time":"2017-03-24T07:49:33+00:00","article_modified_time":"2019-11-14T11:38:35+00:00","og_image":[{"width":847,"height":350,"url":"https:\/\/www.esplac.cat\/wp-content\/uploads\/2017\/03\/20170324_TGS-Valles.jpg","type":"image\/jpeg"}],"author":"Comunicaci\u00f3 Esplac","twitter_card":"summary_large_image","twitter_misc":{"Escrito por":"Comunicaci\u00f3 Esplac","Tiempo de lectura":"2 minutos"},"schema":{"@context":"https:\/\/schema.org","@graph":[{"@type":"Article","@id":"https:\/\/www.esplac.cat\/mes-de-500-monitores-i-infants-desplais-del-valles-es-troben-a-sant-cugat-per-reivindicar-lespai-public\/#article","isPartOf":{"@id":"https:\/\/www.esplac.cat\/mes-de-500-monitores-i-infants-desplais-del-valles-es-troben-a-sant-cugat-per-reivindicar-lespai-public\/"},"author":{"name":"Comunicaci\u00f3 Esplac","@id":"https:\/\/www.esplac.cat\/#\/schema\/person\/908383cf240be18b68f8855d0583faca"},"headline":"M\u00e9s de 500 monitores i infants d\u2019esplais del Vall\u00e8s es troben a Sant Cugat per reivindicar l\u2019espai p\u00fablic","datePublished":"2017-03-24T07:49:33+00:00","dateModified":"2019-11-14T11:38:35+00:00","mainEntityOfPage":{"@id":"https:\/\/www.esplac.cat\/mes-de-500-monitores-i-infants-desplais-del-valles-es-troben-a-sant-cugat-per-reivindicar-lespai-public\/"},"wordCount":375,"publisher":{"@id":"https:\/\/www.esplac.cat\/#organization"},"image":{"@id":"https:\/\/www.esplac.cat\/mes-de-500-monitores-i-infants-desplais-del-valles-es-troben-a-sant-cugat-per-reivindicar-lespai-public\/#primaryimage"},"thumbnailUrl":"https:\/\/www.esplac.cat\/wp-content\/uploads\/2017\/03\/20170324_TGS-Valles.jpg","keywords":["cercavila","drets dels infants","espai p\u00fablic","infancia","infants","monitors i monitores","sant cugat","trobada general","Trobada Jove","valles"],"articleSection":["Activitats sectors","Inf\u00e0ncia i Esplaiada","Sector Vall\u00e8s"],"inLanguage":"es"},{"@type":"WebPage","@id":"https:\/\/www.esplac.cat\/mes-de-500-monitores-i-infants-desplais-del-valles-es-troben-a-sant-cugat-per-reivindicar-lespai-public\/","url":"https:\/\/www.esplac.cat\/mes-de-500-monitores-i-infants-desplais-del-valles-es-troben-a-sant-cugat-per-reivindicar-lespai-public\/","name":"M\u00e9s de 500 monitores i infants d\u2019esplais del Vall\u00e8s es troben a Sant Cugat per reivindicar l\u2019espai p\u00fablic - Esplac","isPartOf":{"@id":"https:\/\/www.esplac.cat\/#website"},"primaryImageOfPage":{"@id":"https:\/\/www.esplac.cat\/mes-de-500-monitores-i-infants-desplais-del-valles-es-troben-a-sant-cugat-per-reivindicar-lespai-public\/#primaryimage"},"image":{"@id":"https:\/\/www.esplac.cat\/mes-de-500-monitores-i-infants-desplais-del-valles-es-troben-a-sant-cugat-per-reivindicar-lespai-public\/#primaryimage"},"thumbnailUrl":"https:\/\/www.esplac.cat\/wp-content\/uploads\/2017\/03\/20170324_TGS-Valles.jpg","datePublished":"2017-03-24T07:49:33+00:00","dateModified":"2019-11-14T11:38:35+00:00","breadcrumb":{"@id":"https:\/\/www.esplac.cat\/mes-de-500-monitores-i-infants-desplais-del-valles-es-troben-a-sant-cugat-per-reivindicar-lespai-public\/#breadcrumb"},"inLanguage":"es","potentialAction":[{"@type":"ReadAction","target":["https:\/\/www.esplac.cat\/mes-de-500-monitores-i-infants-desplais-del-valles-es-troben-a-sant-cugat-per-reivindicar-lespai-public\/"]}]},{"@type":"ImageObject","inLanguage":"es","@id":"https:\/\/www.esplac.cat\/mes-de-500-monitores-i-infants-desplais-del-valles-es-troben-a-sant-cugat-per-reivindicar-lespai-public\/#primaryimage","url":"https:\/\/www.esplac.cat\/wp-content\/uploads\/2017\/03\/20170324_TGS-Valles.jpg","contentUrl":"https:\/\/www.esplac.cat\/wp-content\/uploads\/2017\/03\/20170324_TGS-Valles.jpg","width":847,"height":350},{"@type":"BreadcrumbList","@id":"https:\/\/www.esplac.cat\/mes-de-500-monitores-i-infants-desplais-del-valles-es-troben-a-sant-cugat-per-reivindicar-lespai-public\/#breadcrumb","itemListElement":[{"@type":"ListItem","position":1,"name":"Inici","item":"https:\/\/www.esplac.cat\/es\/"},{"@type":"ListItem","position":2,"name":"M\u00e9s de 500 monitores i infants d\u2019esplais del Vall\u00e8s es troben a Sant Cugat per reivindicar l\u2019espai p\u00fablic"}]},{"@type":"WebSite","@id":"https:\/\/www.esplac.cat\/#website","url":"https:\/\/www.esplac.cat\/","name":"Esplac","description":"Esplais Catalans","publisher":{"@id":"https:\/\/www.esplac.cat\/#organization"},"potentialAction":[{"@type":"SearchAction","target":{"@type":"EntryPoint","urlTemplate":"https:\/\/www.esplac.cat\/?s={search_term_string}"},"query-input":{"@type":"PropertyValueSpecification","valueRequired":true,"valueName":"search_term_string"}}],"inLanguage":"es"},{"@type":"Organization","@id":"https:\/\/www.esplac.cat\/#organization","name":"Esplac","url":"https:\/\/www.esplac.cat\/","logo":{"@type":"ImageObject","inLanguage":"es","@id":"https:\/\/www.esplac.cat\/#\/schema\/logo\/image\/","url":"https:\/\/www.esplac.cat\/wp-content\/uploads\/2019\/08\/logox2.png","contentUrl":"https:\/\/www.esplac.cat\/wp-content\/uploads\/2019\/08\/logox2.png","width":600,"height":295,"caption":"Esplac"},"image":{"@id":"https:\/\/www.esplac.cat\/#\/schema\/logo\/image\/"}},{"@type":"Person","@id":"https:\/\/www.esplac.cat\/#\/schema\/person\/908383cf240be18b68f8855d0583faca","name":"Comunicaci\u00f3 Esplac","image":{"@type":"ImageObject","inLanguage":"es","@id":"https:\/\/secure.gravatar.com\/avatar\/7a4cf8feb412a76ea4a740ca02d95b06b2907b5a6c648c2dd0a1082a093c3141?s=96&d=mm&r=g","url":"https:\/\/secure.gravatar.com\/avatar\/7a4cf8feb412a76ea4a740ca02d95b06b2907b5a6c648c2dd0a1082a093c3141?s=96&d=mm&r=g","contentUrl":"https:\/\/secure.gravatar.com\/avatar\/7a4cf8feb412a76ea4a740ca02d95b06b2907b5a6c648c2dd0a1082a093c3141?s=96&d=mm&r=g","caption":"Comunicaci\u00f3 Esplac"}}]}},"_links":{"self":[{"href":"https:\/\/www.esplac.cat\/es\/wp-json\/wp\/v2\/posts\/24857","targetHints":{"allow":["GET"]}}],"collection":[{"href":"https:\/\/www.esplac.cat\/es\/wp-json\/wp\/v2\/posts"}],"about":[{"href":"https:\/\/www.esplac.cat\/es\/wp-json\/wp\/v2\/types\/post"}],"author":[{"embeddable":true,"href":"https:\/\/www.esplac.cat\/es\/wp-json\/wp\/v2\/users\/3"}],"replies":[{"embeddable":true,"href":"https:\/\/www.esplac.cat\/es\/wp-json\/wp\/v2\/comments?post=24857"}],"version-history":[{"count":0,"href":"https:\/\/www.esplac.cat\/es\/wp-json\/wp\/v2\/posts\/24857\/revisions"}],"wp:featuredmedia":[{"embeddable":true,"href":"https:\/\/www.esplac.cat\/es\/wp-json\/wp\/v2\/media\/24858"}],"wp:attachment":[{"href":"https:\/\/www.esplac.cat\/es\/wp-json\/wp\/v2\/media?parent=24857"}],"wp:term":[{"taxonomy":"category","embeddable":true,"href":"https:\/\/www.esplac.cat\/es\/wp-json\/wp\/v2\/categories?post=24857"},{"taxonomy":"post_tag","embeddable":true,"href":"https:\/\/www.esplac.cat\/es\/wp-json\/wp\/v2\/tags?post=24857"}],"curies":[{"name":"wp","href":"https:\/\/api.w.org\/{rel}","templated":true}]}}