{"id":24860,"date":"2017-03-23T16:42:15","date_gmt":"2017-03-23T14:42:15","guid":{"rendered":"http:\/\/www.esplac.cat\/?p=12729"},"modified":"2017-03-23T16:42:15","modified_gmt":"2017-03-23T14:42:15","slug":"el-22-dabril-vine-a-la-jornada-de-reflexio-sobre-leducacio-emocional-als-esplais","status":"publish","type":"post","link":"https:\/\/www.esplac.cat\/es\/el-22-dabril-vine-a-la-jornada-de-reflexio-sobre-leducacio-emocional-als-esplais\/","title":{"rendered":"El 22 d\u2019Abril vine a la Jornada de reflexi\u00f3 sobre l&#8217;educaci\u00f3 emocional als esplais"},"content":{"rendered":"<h4>Des del grup de treball d\u2019educaci\u00f3 emocional s\u2019ha organitzat una Taula Rodona el 22 d\u2019Abril, on es reflexionar\u00e0 des d\u2019un punt de vista tant te\u00f2ric com pr\u00e0ctic com treballem l\u2019educaci\u00f3 emocional als esplais.<\/h4>\n<p style=\"text-align: justify;\">Hem convidat tres persones relacionades amb l\u2019\u00e0mbit per fer de ponents, cada una d\u2019elles amb un perfil diferent per tal de poder tenir diferents punts de vista. El primer ponent ser\u00e0 el <strong>Roger Puig<\/strong>, que ens parlar\u00e0 des d\u2019un punt de vista m\u00e9s individual de la persona. La segona ponent ser\u00e0 la<strong> Sandra Merino,<\/strong> que ens parlar\u00e0 amb un enfoc m\u00e9s de treball de les emocions en l\u2019equip. I finalment, l\u2019\u00faltima ponent ho enfocar\u00e0 al treball amb infants i joves.<\/p>\n<p style=\"text-align: justify;\">Educar en les emocions \u00e9s imprescindible pel creixement personal de cada persona, per aix\u00f2 creiem que \u00e9s necessari facilitar aquesta tasca als esplais, aportant eines i recursos a les monitores i monitors, per tal que aquests puguin fer un bon acompanyament als infants en els seus processos emocionals.<\/p>\n<p style=\"text-align: justify;\">El lloc ser\u00e0 al <strong>Casal de Joves del Poblenou. Comen\u00e7arem a les 10:00h<\/strong> amb una petita presentaci\u00f3, que continuar\u00e0 amb la taula rodona. Despr\u00e9s de cada una de les pon\u00e8ncies es far\u00e0 una din\u00e0mica per tal d\u2019aplicar algun dels temes que s\u2019hagin tractat. Finalment hi haur\u00e0 un<strong> espai de debat,<\/strong> on es podran discutir alguns dels temes que hagin pogut anar sortint o les inquietuds que tinguin els esplais sobre el tema. Tot plegat <strong>acabar\u00e0 a la 13:30h amb una petita cloenda.<\/strong><\/p>\n<p style=\"text-align: justify;\">Les <strong>inscripcions estan obertes a EsplacNet<\/strong> des d\u2019avui dijous 23 de Mar\u00e7 <strong>fins al dilluns 17\u00a0d\u2019Abril.<\/strong> Les places seran limitades, aix\u00ed que no espereu fins a l\u2019\u00faltim moment per apuntar-vos! El preu per participant \u00e9s de 3\u20ac, on hi haur\u00e0 incl\u00f2s caf\u00e8 i un petit refrigeri que es far\u00e0 a la pausa.<\/p>\n<p>Si teniu qualsevol dubte o necessiteu m\u00e9s informaci\u00f3, ens podeu escriure a <strong>baixllobregat@esplac.cat.<\/strong><\/p>\n<p><a href=\"http:\/\/www.esplac.cat\/wp-content\/uploads\/2017\/03\/emocionem-nos_ponents-1.jpg\"><img decoding=\"async\" class=\"aligncenter size-full wp-image-13400\" src=\"http:\/\/www.esplac.cat\/wp-content\/uploads\/2017\/03\/emocionem-nos_ponents-1.jpg\" alt=\"\" width=\"595\" height=\"842\" srcset=\"https:\/\/www.esplac.cat\/wp-content\/uploads\/2017\/03\/emocionem-nos_ponents-1-200x283.jpg 200w, https:\/\/www.esplac.cat\/wp-content\/uploads\/2017\/03\/emocionem-nos_ponents-1-212x300.jpg 212w, https:\/\/www.esplac.cat\/wp-content\/uploads\/2017\/03\/emocionem-nos_ponents-1-400x566.jpg 400w, https:\/\/www.esplac.cat\/wp-content\/uploads\/2017\/03\/emocionem-nos_ponents-1.jpg 595w\" sizes=\"(max-width: 595px) 100vw, 595px\" \/><\/a><\/p>\n","protected":false},"excerpt":{"rendered":"<p>Des del grup de treball d\u2019educaci\u00f3 emocional s\u2019ha organitzat una [&hellip;]<\/p>\n","protected":false},"author":3,"featured_media":24864,"comment_status":"closed","ping_status":"open","sticky":false,"template":"","format":"standard","meta":{"om_disable_all_campaigns":false,"_monsterinsights_skip_tracking":false,"_monsterinsights_sitenote_active":false,"_monsterinsights_sitenote_note":"","_monsterinsights_sitenote_category":0,"_uf_show_specific_survey":0,"_uf_disable_surveys":false,"footnotes":""},"categories":[1119,1],"tags":[415,850,851],"class_list":["post-24860","post","type-post","status-publish","format-standard","has-post-thumbnail","hentry","category-activitats-comissions-grups-de-treball","category-sense-categoria","tag-educacio-emocional","tag-emocionem-nos","tag-grups-de-treball-i-comis"],"yoast_head":"<!-- This site is optimized with the Yoast SEO plugin v27.5 - https:\/\/yoast.com\/product\/yoast-seo-wordpress\/ -->\n<title>El 22 d\u2019Abril vine a la Jornada de reflexi\u00f3 sobre l&#039;educaci\u00f3 emocional als esplais - Esplac<\/title>\n<meta name=\"robots\" content=\"index, follow, max-snippet:-1, max-image-preview:large, max-video-preview:-1\" \/>\n<link rel=\"canonical\" href=\"https:\/\/www.esplac.cat\/el-22-dabril-vine-a-la-jornada-de-reflexio-sobre-leducacio-emocional-als-esplais\/\" \/>\n<meta property=\"og:locale\" content=\"es_ES\" \/>\n<meta property=\"og:type\" content=\"article\" \/>\n<meta property=\"og:title\" content=\"El 22 d\u2019Abril vine a la Jornada de reflexi\u00f3 sobre l&#039;educaci\u00f3 emocional als esplais - Esplac\" \/>\n<meta property=\"og:description\" content=\"Des del grup de treball d\u2019educaci\u00f3 emocional s\u2019ha organitzat una [&hellip;]\" \/>\n<meta property=\"og:url\" content=\"https:\/\/www.esplac.cat\/el-22-dabril-vine-a-la-jornada-de-reflexio-sobre-leducacio-emocional-als-esplais\/\" \/>\n<meta property=\"og:site_name\" content=\"Esplac\" \/>\n<meta property=\"article:published_time\" content=\"2017-03-23T14:42:15+00:00\" \/>\n<meta property=\"og:image\" content=\"https:\/\/www.esplac.cat\/wp-content\/uploads\/2017\/03\/20170321_emocionem.jpg\" \/>\n\t<meta property=\"og:image:width\" content=\"847\" \/>\n\t<meta property=\"og:image:height\" content=\"350\" \/>\n\t<meta property=\"og:image:type\" content=\"image\/jpeg\" \/>\n<meta name=\"author\" content=\"Comunicaci\u00f3 Esplac\" \/>\n<meta name=\"twitter:card\" content=\"summary_large_image\" \/>\n<meta name=\"twitter:label1\" content=\"Escrito por\" \/>\n\t<meta name=\"twitter:data1\" content=\"Comunicaci\u00f3 Esplac\" \/>\n\t<meta name=\"twitter:label2\" content=\"Tiempo de lectura\" \/>\n\t<meta name=\"twitter:data2\" content=\"2 minutos\" \/>\n<script type=\"application\/ld+json\" class=\"yoast-schema-graph\">{\"@context\":\"https:\\\/\\\/schema.org\",\"@graph\":[{\"@type\":\"Article\",\"@id\":\"https:\\\/\\\/www.esplac.cat\\\/el-22-dabril-vine-a-la-jornada-de-reflexio-sobre-leducacio-emocional-als-esplais\\\/#article\",\"isPartOf\":{\"@id\":\"https:\\\/\\\/www.esplac.cat\\\/el-22-dabril-vine-a-la-jornada-de-reflexio-sobre-leducacio-emocional-als-esplais\\\/\"},\"author\":{\"name\":\"Comunicaci\u00f3 Esplac\",\"@id\":\"https:\\\/\\\/www.esplac.cat\\\/#\\\/schema\\\/person\\\/908383cf240be18b68f8855d0583faca\"},\"headline\":\"El 22 d\u2019Abril vine a la Jornada de reflexi\u00f3 sobre l&#8217;educaci\u00f3 emocional als esplais\",\"datePublished\":\"2017-03-23T14:42:15+00:00\",\"mainEntityOfPage\":{\"@id\":\"https:\\\/\\\/www.esplac.cat\\\/el-22-dabril-vine-a-la-jornada-de-reflexio-sobre-leducacio-emocional-als-esplais\\\/\"},\"wordCount\":347,\"publisher\":{\"@id\":\"https:\\\/\\\/www.esplac.cat\\\/#organization\"},\"image\":{\"@id\":\"https:\\\/\\\/www.esplac.cat\\\/el-22-dabril-vine-a-la-jornada-de-reflexio-sobre-leducacio-emocional-als-esplais\\\/#primaryimage\"},\"thumbnailUrl\":\"https:\\\/\\\/www.esplac.cat\\\/wp-content\\\/uploads\\\/2017\\\/03\\\/20170321_emocionem.jpg\",\"keywords\":[\"educaci\u00f3 emocional\",\"Emocionem-nos\",\"Grups de treball i Comis\"],\"articleSection\":[\"Activitats comissions i grups de treball\",\"Sense categoria\"],\"inLanguage\":\"es\"},{\"@type\":\"WebPage\",\"@id\":\"https:\\\/\\\/www.esplac.cat\\\/el-22-dabril-vine-a-la-jornada-de-reflexio-sobre-leducacio-emocional-als-esplais\\\/\",\"url\":\"https:\\\/\\\/www.esplac.cat\\\/el-22-dabril-vine-a-la-jornada-de-reflexio-sobre-leducacio-emocional-als-esplais\\\/\",\"name\":\"El 22 d\u2019Abril vine a la Jornada de reflexi\u00f3 sobre l'educaci\u00f3 emocional als esplais - Esplac\",\"isPartOf\":{\"@id\":\"https:\\\/\\\/www.esplac.cat\\\/#website\"},\"primaryImageOfPage\":{\"@id\":\"https:\\\/\\\/www.esplac.cat\\\/el-22-dabril-vine-a-la-jornada-de-reflexio-sobre-leducacio-emocional-als-esplais\\\/#primaryimage\"},\"image\":{\"@id\":\"https:\\\/\\\/www.esplac.cat\\\/el-22-dabril-vine-a-la-jornada-de-reflexio-sobre-leducacio-emocional-als-esplais\\\/#primaryimage\"},\"thumbnailUrl\":\"https:\\\/\\\/www.esplac.cat\\\/wp-content\\\/uploads\\\/2017\\\/03\\\/20170321_emocionem.jpg\",\"datePublished\":\"2017-03-23T14:42:15+00:00\",\"breadcrumb\":{\"@id\":\"https:\\\/\\\/www.esplac.cat\\\/el-22-dabril-vine-a-la-jornada-de-reflexio-sobre-leducacio-emocional-als-esplais\\\/#breadcrumb\"},\"inLanguage\":\"es\",\"potentialAction\":[{\"@type\":\"ReadAction\",\"target\":[\"https:\\\/\\\/www.esplac.cat\\\/el-22-dabril-vine-a-la-jornada-de-reflexio-sobre-leducacio-emocional-als-esplais\\\/\"]}]},{\"@type\":\"ImageObject\",\"inLanguage\":\"es\",\"@id\":\"https:\\\/\\\/www.esplac.cat\\\/el-22-dabril-vine-a-la-jornada-de-reflexio-sobre-leducacio-emocional-als-esplais\\\/#primaryimage\",\"url\":\"https:\\\/\\\/www.esplac.cat\\\/wp-content\\\/uploads\\\/2017\\\/03\\\/20170321_emocionem.jpg\",\"contentUrl\":\"https:\\\/\\\/www.esplac.cat\\\/wp-content\\\/uploads\\\/2017\\\/03\\\/20170321_emocionem.jpg\",\"width\":847,\"height\":350},{\"@type\":\"BreadcrumbList\",\"@id\":\"https:\\\/\\\/www.esplac.cat\\\/el-22-dabril-vine-a-la-jornada-de-reflexio-sobre-leducacio-emocional-als-esplais\\\/#breadcrumb\",\"itemListElement\":[{\"@type\":\"ListItem\",\"position\":1,\"name\":\"Inici\",\"item\":\"https:\\\/\\\/www.esplac.cat\\\/es\\\/\"},{\"@type\":\"ListItem\",\"position\":2,\"name\":\"El 22 d\u2019Abril vine a la Jornada de reflexi\u00f3 sobre l&#8217;educaci\u00f3 emocional als esplais\"}]},{\"@type\":\"WebSite\",\"@id\":\"https:\\\/\\\/www.esplac.cat\\\/#website\",\"url\":\"https:\\\/\\\/www.esplac.cat\\\/\",\"name\":\"Esplac\",\"description\":\"Esplais Catalans\",\"publisher\":{\"@id\":\"https:\\\/\\\/www.esplac.cat\\\/#organization\"},\"potentialAction\":[{\"@type\":\"SearchAction\",\"target\":{\"@type\":\"EntryPoint\",\"urlTemplate\":\"https:\\\/\\\/www.esplac.cat\\\/?s={search_term_string}\"},\"query-input\":{\"@type\":\"PropertyValueSpecification\",\"valueRequired\":true,\"valueName\":\"search_term_string\"}}],\"inLanguage\":\"es\"},{\"@type\":\"Organization\",\"@id\":\"https:\\\/\\\/www.esplac.cat\\\/#organization\",\"name\":\"Esplac\",\"url\":\"https:\\\/\\\/www.esplac.cat\\\/\",\"logo\":{\"@type\":\"ImageObject\",\"inLanguage\":\"es\",\"@id\":\"https:\\\/\\\/www.esplac.cat\\\/#\\\/schema\\\/logo\\\/image\\\/\",\"url\":\"https:\\\/\\\/www.esplac.cat\\\/wp-content\\\/uploads\\\/2019\\\/08\\\/logox2.png\",\"contentUrl\":\"https:\\\/\\\/www.esplac.cat\\\/wp-content\\\/uploads\\\/2019\\\/08\\\/logox2.png\",\"width\":600,\"height\":295,\"caption\":\"Esplac\"},\"image\":{\"@id\":\"https:\\\/\\\/www.esplac.cat\\\/#\\\/schema\\\/logo\\\/image\\\/\"}},{\"@type\":\"Person\",\"@id\":\"https:\\\/\\\/www.esplac.cat\\\/#\\\/schema\\\/person\\\/908383cf240be18b68f8855d0583faca\",\"name\":\"Comunicaci\u00f3 Esplac\",\"image\":{\"@type\":\"ImageObject\",\"inLanguage\":\"es\",\"@id\":\"https:\\\/\\\/secure.gravatar.com\\\/avatar\\\/7a4cf8feb412a76ea4a740ca02d95b06b2907b5a6c648c2dd0a1082a093c3141?s=96&d=mm&r=g\",\"url\":\"https:\\\/\\\/secure.gravatar.com\\\/avatar\\\/7a4cf8feb412a76ea4a740ca02d95b06b2907b5a6c648c2dd0a1082a093c3141?s=96&d=mm&r=g\",\"contentUrl\":\"https:\\\/\\\/secure.gravatar.com\\\/avatar\\\/7a4cf8feb412a76ea4a740ca02d95b06b2907b5a6c648c2dd0a1082a093c3141?s=96&d=mm&r=g\",\"caption\":\"Comunicaci\u00f3 Esplac\"}}]}<\/script>\n<!-- \/ Yoast SEO plugin. -->","yoast_head_json":{"title":"El 22 d\u2019Abril vine a la Jornada de reflexi\u00f3 sobre l'educaci\u00f3 emocional als esplais - Esplac","robots":{"index":"index","follow":"follow","max-snippet":"max-snippet:-1","max-image-preview":"max-image-preview:large","max-video-preview":"max-video-preview:-1"},"canonical":"https:\/\/www.esplac.cat\/el-22-dabril-vine-a-la-jornada-de-reflexio-sobre-leducacio-emocional-als-esplais\/","og_locale":"es_ES","og_type":"article","og_title":"El 22 d\u2019Abril vine a la Jornada de reflexi\u00f3 sobre l'educaci\u00f3 emocional als esplais - Esplac","og_description":"Des del grup de treball d\u2019educaci\u00f3 emocional s\u2019ha organitzat una [&hellip;]","og_url":"https:\/\/www.esplac.cat\/el-22-dabril-vine-a-la-jornada-de-reflexio-sobre-leducacio-emocional-als-esplais\/","og_site_name":"Esplac","article_published_time":"2017-03-23T14:42:15+00:00","og_image":[{"width":847,"height":350,"url":"https:\/\/www.esplac.cat\/wp-content\/uploads\/2017\/03\/20170321_emocionem.jpg","type":"image\/jpeg"}],"author":"Comunicaci\u00f3 Esplac","twitter_card":"summary_large_image","twitter_misc":{"Escrito por":"Comunicaci\u00f3 Esplac","Tiempo de lectura":"2 minutos"},"schema":{"@context":"https:\/\/schema.org","@graph":[{"@type":"Article","@id":"https:\/\/www.esplac.cat\/el-22-dabril-vine-a-la-jornada-de-reflexio-sobre-leducacio-emocional-als-esplais\/#article","isPartOf":{"@id":"https:\/\/www.esplac.cat\/el-22-dabril-vine-a-la-jornada-de-reflexio-sobre-leducacio-emocional-als-esplais\/"},"author":{"name":"Comunicaci\u00f3 Esplac","@id":"https:\/\/www.esplac.cat\/#\/schema\/person\/908383cf240be18b68f8855d0583faca"},"headline":"El 22 d\u2019Abril vine a la Jornada de reflexi\u00f3 sobre l&#8217;educaci\u00f3 emocional als esplais","datePublished":"2017-03-23T14:42:15+00:00","mainEntityOfPage":{"@id":"https:\/\/www.esplac.cat\/el-22-dabril-vine-a-la-jornada-de-reflexio-sobre-leducacio-emocional-als-esplais\/"},"wordCount":347,"publisher":{"@id":"https:\/\/www.esplac.cat\/#organization"},"image":{"@id":"https:\/\/www.esplac.cat\/el-22-dabril-vine-a-la-jornada-de-reflexio-sobre-leducacio-emocional-als-esplais\/#primaryimage"},"thumbnailUrl":"https:\/\/www.esplac.cat\/wp-content\/uploads\/2017\/03\/20170321_emocionem.jpg","keywords":["educaci\u00f3 emocional","Emocionem-nos","Grups de treball i Comis"],"articleSection":["Activitats comissions i grups de treball","Sense categoria"],"inLanguage":"es"},{"@type":"WebPage","@id":"https:\/\/www.esplac.cat\/el-22-dabril-vine-a-la-jornada-de-reflexio-sobre-leducacio-emocional-als-esplais\/","url":"https:\/\/www.esplac.cat\/el-22-dabril-vine-a-la-jornada-de-reflexio-sobre-leducacio-emocional-als-esplais\/","name":"El 22 d\u2019Abril vine a la Jornada de reflexi\u00f3 sobre l'educaci\u00f3 emocional als esplais - Esplac","isPartOf":{"@id":"https:\/\/www.esplac.cat\/#website"},"primaryImageOfPage":{"@id":"https:\/\/www.esplac.cat\/el-22-dabril-vine-a-la-jornada-de-reflexio-sobre-leducacio-emocional-als-esplais\/#primaryimage"},"image":{"@id":"https:\/\/www.esplac.cat\/el-22-dabril-vine-a-la-jornada-de-reflexio-sobre-leducacio-emocional-als-esplais\/#primaryimage"},"thumbnailUrl":"https:\/\/www.esplac.cat\/wp-content\/uploads\/2017\/03\/20170321_emocionem.jpg","datePublished":"2017-03-23T14:42:15+00:00","breadcrumb":{"@id":"https:\/\/www.esplac.cat\/el-22-dabril-vine-a-la-jornada-de-reflexio-sobre-leducacio-emocional-als-esplais\/#breadcrumb"},"inLanguage":"es","potentialAction":[{"@type":"ReadAction","target":["https:\/\/www.esplac.cat\/el-22-dabril-vine-a-la-jornada-de-reflexio-sobre-leducacio-emocional-als-esplais\/"]}]},{"@type":"ImageObject","inLanguage":"es","@id":"https:\/\/www.esplac.cat\/el-22-dabril-vine-a-la-jornada-de-reflexio-sobre-leducacio-emocional-als-esplais\/#primaryimage","url":"https:\/\/www.esplac.cat\/wp-content\/uploads\/2017\/03\/20170321_emocionem.jpg","contentUrl":"https:\/\/www.esplac.cat\/wp-content\/uploads\/2017\/03\/20170321_emocionem.jpg","width":847,"height":350},{"@type":"BreadcrumbList","@id":"https:\/\/www.esplac.cat\/el-22-dabril-vine-a-la-jornada-de-reflexio-sobre-leducacio-emocional-als-esplais\/#breadcrumb","itemListElement":[{"@type":"ListItem","position":1,"name":"Inici","item":"https:\/\/www.esplac.cat\/es\/"},{"@type":"ListItem","position":2,"name":"El 22 d\u2019Abril vine a la Jornada de reflexi\u00f3 sobre l&#8217;educaci\u00f3 emocional als esplais"}]},{"@type":"WebSite","@id":"https:\/\/www.esplac.cat\/#website","url":"https:\/\/www.esplac.cat\/","name":"Esplac","description":"Esplais Catalans","publisher":{"@id":"https:\/\/www.esplac.cat\/#organization"},"potentialAction":[{"@type":"SearchAction","target":{"@type":"EntryPoint","urlTemplate":"https:\/\/www.esplac.cat\/?s={search_term_string}"},"query-input":{"@type":"PropertyValueSpecification","valueRequired":true,"valueName":"search_term_string"}}],"inLanguage":"es"},{"@type":"Organization","@id":"https:\/\/www.esplac.cat\/#organization","name":"Esplac","url":"https:\/\/www.esplac.cat\/","logo":{"@type":"ImageObject","inLanguage":"es","@id":"https:\/\/www.esplac.cat\/#\/schema\/logo\/image\/","url":"https:\/\/www.esplac.cat\/wp-content\/uploads\/2019\/08\/logox2.png","contentUrl":"https:\/\/www.esplac.cat\/wp-content\/uploads\/2019\/08\/logox2.png","width":600,"height":295,"caption":"Esplac"},"image":{"@id":"https:\/\/www.esplac.cat\/#\/schema\/logo\/image\/"}},{"@type":"Person","@id":"https:\/\/www.esplac.cat\/#\/schema\/person\/908383cf240be18b68f8855d0583faca","name":"Comunicaci\u00f3 Esplac","image":{"@type":"ImageObject","inLanguage":"es","@id":"https:\/\/secure.gravatar.com\/avatar\/7a4cf8feb412a76ea4a740ca02d95b06b2907b5a6c648c2dd0a1082a093c3141?s=96&d=mm&r=g","url":"https:\/\/secure.gravatar.com\/avatar\/7a4cf8feb412a76ea4a740ca02d95b06b2907b5a6c648c2dd0a1082a093c3141?s=96&d=mm&r=g","contentUrl":"https:\/\/secure.gravatar.com\/avatar\/7a4cf8feb412a76ea4a740ca02d95b06b2907b5a6c648c2dd0a1082a093c3141?s=96&d=mm&r=g","caption":"Comunicaci\u00f3 Esplac"}}]}},"_links":{"self":[{"href":"https:\/\/www.esplac.cat\/es\/wp-json\/wp\/v2\/posts\/24860","targetHints":{"allow":["GET"]}}],"collection":[{"href":"https:\/\/www.esplac.cat\/es\/wp-json\/wp\/v2\/posts"}],"about":[{"href":"https:\/\/www.esplac.cat\/es\/wp-json\/wp\/v2\/types\/post"}],"author":[{"embeddable":true,"href":"https:\/\/www.esplac.cat\/es\/wp-json\/wp\/v2\/users\/3"}],"replies":[{"embeddable":true,"href":"https:\/\/www.esplac.cat\/es\/wp-json\/wp\/v2\/comments?post=24860"}],"version-history":[{"count":0,"href":"https:\/\/www.esplac.cat\/es\/wp-json\/wp\/v2\/posts\/24860\/revisions"}],"wp:featuredmedia":[{"embeddable":true,"href":"https:\/\/www.esplac.cat\/es\/wp-json\/wp\/v2\/media\/24864"}],"wp:attachment":[{"href":"https:\/\/www.esplac.cat\/es\/wp-json\/wp\/v2\/media?parent=24860"}],"wp:term":[{"taxonomy":"category","embeddable":true,"href":"https:\/\/www.esplac.cat\/es\/wp-json\/wp\/v2\/categories?post=24860"},{"taxonomy":"post_tag","embeddable":true,"href":"https:\/\/www.esplac.cat\/es\/wp-json\/wp\/v2\/tags?post=24860"}],"curies":[{"name":"wp","href":"https:\/\/api.w.org\/{rel}","templated":true}]}}