{"id":24874,"date":"2017-03-16T11:51:57","date_gmt":"2017-03-16T09:51:57","guid":{"rendered":"http:\/\/www.esplac.cat\/?p=12439"},"modified":"2017-03-16T11:51:57","modified_gmt":"2017-03-16T09:51:57","slug":"la-multada-una-jornada-reivindicativa-de-lesplai-gmm","status":"publish","type":"post","link":"https:\/\/www.esplac.cat\/es\/la-multada-una-jornada-reivindicativa-de-lesplai-gmm\/","title":{"rendered":"La Multada, una jornada reivindicativa de l&#8217;esplai GMM"},"content":{"rendered":"<h4 class=\"p1\">L&#8217;esplai GMM organitza una jornada per reivindicar l&#8217;\u00fas de l&#8217;espai p\u00fablic i visibilitzar la tasca de l&#8217;esplai.<\/h4>\n<p class=\"p1\"><span class=\"s1\">Fa 3 anys l&#8217;Esplai\u00a0GMM\u00a0va celebrar la festa del seu 75\u00e8 aniversari a la pla\u00e7a del Nord de Barcelona i va acabar rebent una\u00a0multa\u00a0que, despr\u00e9s de molt lluitar, van haver d&#8217;acabar pagant injustament. <a href=\"https:\/\/www.youtube.com\/watch?v=OSDDhGOS6UU\" target=\"_blank\" rel=\"noopener noreferrer\">Els i les monis ho expliquen en aquest video-manifest<\/a>. V<\/span><span class=\"s1\">an\u00a0lluitar per aconseguir la retirada de la multa que consideraven\u00a0injusta per\u00f2, finalment, la van\u00a0haver de pagar. \u00c9s per aix\u00f2, que aquest organitzen L<em>a MULTADA del GMM<\/em>,\u00a0per donar a con\u00e8ixer aquesta situaci\u00f3 en particular i reivindicar que l&#8217;esplai p\u00fablic est\u00e0 deixant de ser de les ve\u00efnes.<\/span><\/p>\n<p class=\"p1\"><span class=\"s1\"><em>La\u00a0Multada, <\/em>que tindr\u00e0 lloc el 18 de mar\u00e7 durant tot el dia a la pla\u00e7a del Nord de Gr\u00e0cia,\u00a0ser\u00e0 una jornada reivindicativa, festiva i participativa en la qual s&#8217;organitzaran activitats i tallers, es celebrar\u00e0 un dinar de germanor, es far\u00e0 esplai al carrer i s&#8217;omplir\u00e0 el barri amb una tabalada i molta m\u00fasica.\u00a0\u00c9s, en definitiva, un moment per sortir al carrer per visibilitzar la tasca social i educativa.<\/span><\/p>\n<p class=\"p1\"><span class=\"s1\">L&#8217;esplai demana el suport de tothom per gaudir plegades d&#8217;una jornada reivindicativa i festiva! a m\u00e9s de totes les activitats durant el dia, es far\u00e0 una lectura del manifest a les\u00a019h\u00a0a\u00a0Pla\u00e7a\u00a0de la Vila de Gr\u00e0cia, on s&#8217;iniciar\u00e0 la tabalada que recorrer\u00e0 el barri i acabar\u00e0 a la\u00a0Pla\u00e7a\u00a0del Nord, on hi haur\u00e0 m\u00fasica per no parar de ballar! El dia\u00a018 de mar\u00e7 a la pla\u00e7a del Nord, recuprem\u00a0l&#8217;espai p\u00fablic i fem\u00a0cohesi\u00f3 social i teixim xarxa de barri!<\/span><\/p>\n<p class=\"p1\"><span class=\"s1\">Trobareu m\u00e9s informaci\u00f3 en aquest <a href=\"https:\/\/www.facebook.com\/events\/1868342573446092\/\" target=\"_blank\" rel=\"noopener noreferrer\">esdeveniment al Facebook<\/a>.<br \/>\n<\/span><\/p>\n<p class=\"p1\"><a href=\"http:\/\/www.esplac.cat\/wp-content\/uploads\/2017\/03\/16992215_10210689769418323_7581073573848891172_o.jpg\"><img decoding=\"async\" class=\"aligncenter size-large wp-image-12442\" src=\"http:\/\/www.esplac.cat\/wp-content\/uploads\/2017\/03\/16992215_10210689769418323_7581073573848891172_o-722x1024.jpg\" alt=\"\" width=\"722\" height=\"1024\" srcset=\"https:\/\/www.esplac.cat\/wp-content\/uploads\/2017\/03\/16992215_10210689769418323_7581073573848891172_o-200x284.jpg 200w, https:\/\/www.esplac.cat\/wp-content\/uploads\/2017\/03\/16992215_10210689769418323_7581073573848891172_o-211x300.jpg 211w, https:\/\/www.esplac.cat\/wp-content\/uploads\/2017\/03\/16992215_10210689769418323_7581073573848891172_o-400x568.jpg 400w, https:\/\/www.esplac.cat\/wp-content\/uploads\/2017\/03\/16992215_10210689769418323_7581073573848891172_o-600x851.jpg 600w, https:\/\/www.esplac.cat\/wp-content\/uploads\/2017\/03\/16992215_10210689769418323_7581073573848891172_o-722x1024.jpg 722w, https:\/\/www.esplac.cat\/wp-content\/uploads\/2017\/03\/16992215_10210689769418323_7581073573848891172_o-768x1090.jpg 768w, https:\/\/www.esplac.cat\/wp-content\/uploads\/2017\/03\/16992215_10210689769418323_7581073573848891172_o-800x1135.jpg 800w, https:\/\/www.esplac.cat\/wp-content\/uploads\/2017\/03\/16992215_10210689769418323_7581073573848891172_o-1200x1703.jpg 1200w, https:\/\/www.esplac.cat\/wp-content\/uploads\/2017\/03\/16992215_10210689769418323_7581073573848891172_o.jpg 1441w\" sizes=\"(max-width: 722px) 100vw, 722px\" \/><\/a><\/p>\n","protected":false},"excerpt":{"rendered":"<p>L&#8217;esplai GMM organitza una jornada per reivindicar l&#8217;\u00fas de l&#8217;espai [&hellip;]<\/p>\n","protected":false},"author":3,"featured_media":24876,"comment_status":"closed","ping_status":"open","sticky":false,"template":"","format":"standard","meta":{"om_disable_all_campaigns":false,"_monsterinsights_skip_tracking":false,"_monsterinsights_sitenote_active":false,"_monsterinsights_sitenote_note":"","_monsterinsights_sitenote_category":0,"_uf_show_specific_survey":0,"_uf_disable_surveys":false,"footnotes":""},"categories":[1110,1128],"tags":[844,845,846],"class_list":["post-24874","post","type-post","status-publish","format-standard","has-post-thumbnail","hentry","category-activitats-sectors","category-sector-barcelona","tag-gmm","tag-gracia","tag-multada"],"yoast_head":"<!-- This site is optimized with the Yoast SEO plugin v27.5 - https:\/\/yoast.com\/product\/yoast-seo-wordpress\/ -->\n<title>La Multada, una jornada reivindicativa de l&#039;esplai GMM - Esplac<\/title>\n<meta name=\"robots\" content=\"index, follow, max-snippet:-1, max-image-preview:large, max-video-preview:-1\" \/>\n<link rel=\"canonical\" href=\"https:\/\/www.esplac.cat\/la-multada-una-jornada-reivindicativa-de-lesplai-gmm\/\" \/>\n<meta property=\"og:locale\" content=\"es_ES\" \/>\n<meta property=\"og:type\" content=\"article\" \/>\n<meta property=\"og:title\" content=\"La Multada, una jornada reivindicativa de l&#039;esplai GMM - Esplac\" \/>\n<meta property=\"og:description\" content=\"L&#8217;esplai GMM organitza una jornada per reivindicar l&#8217;\u00fas de l&#8217;espai [&hellip;]\" \/>\n<meta property=\"og:url\" content=\"https:\/\/www.esplac.cat\/la-multada-una-jornada-reivindicativa-de-lesplai-gmm\/\" \/>\n<meta property=\"og:site_name\" content=\"Esplac\" \/>\n<meta property=\"article:published_time\" content=\"2017-03-16T09:51:57+00:00\" \/>\n<meta property=\"og:image\" content=\"https:\/\/www.esplac.cat\/wp-content\/uploads\/2017\/03\/20170316_multada-GMM.jpg\" \/>\n\t<meta property=\"og:image:width\" content=\"847\" \/>\n\t<meta property=\"og:image:height\" content=\"350\" \/>\n\t<meta property=\"og:image:type\" content=\"image\/jpeg\" \/>\n<meta name=\"author\" content=\"Comunicaci\u00f3 Esplac\" \/>\n<meta name=\"twitter:card\" content=\"summary_large_image\" \/>\n<meta name=\"twitter:label1\" content=\"Escrito por\" \/>\n\t<meta name=\"twitter:data1\" content=\"Comunicaci\u00f3 Esplac\" \/>\n\t<meta name=\"twitter:label2\" content=\"Tiempo de lectura\" \/>\n\t<meta name=\"twitter:data2\" content=\"1 minuto\" \/>\n<script type=\"application\/ld+json\" class=\"yoast-schema-graph\">{\"@context\":\"https:\\\/\\\/schema.org\",\"@graph\":[{\"@type\":\"Article\",\"@id\":\"https:\\\/\\\/www.esplac.cat\\\/la-multada-una-jornada-reivindicativa-de-lesplai-gmm\\\/#article\",\"isPartOf\":{\"@id\":\"https:\\\/\\\/www.esplac.cat\\\/la-multada-una-jornada-reivindicativa-de-lesplai-gmm\\\/\"},\"author\":{\"name\":\"Comunicaci\u00f3 Esplac\",\"@id\":\"https:\\\/\\\/www.esplac.cat\\\/#\\\/schema\\\/person\\\/908383cf240be18b68f8855d0583faca\"},\"headline\":\"La Multada, una jornada reivindicativa de l&#8217;esplai GMM\",\"datePublished\":\"2017-03-16T09:51:57+00:00\",\"mainEntityOfPage\":{\"@id\":\"https:\\\/\\\/www.esplac.cat\\\/la-multada-una-jornada-reivindicativa-de-lesplai-gmm\\\/\"},\"wordCount\":311,\"publisher\":{\"@id\":\"https:\\\/\\\/www.esplac.cat\\\/#organization\"},\"image\":{\"@id\":\"https:\\\/\\\/www.esplac.cat\\\/la-multada-una-jornada-reivindicativa-de-lesplai-gmm\\\/#primaryimage\"},\"thumbnailUrl\":\"https:\\\/\\\/www.esplac.cat\\\/wp-content\\\/uploads\\\/2017\\\/03\\\/20170316_multada-GMM.jpg\",\"keywords\":[\"GMM\",\"Gr\u00e0cia\",\"multada\"],\"articleSection\":[\"Activitats sectors\",\"Sector Barcelona\"],\"inLanguage\":\"es\"},{\"@type\":\"WebPage\",\"@id\":\"https:\\\/\\\/www.esplac.cat\\\/la-multada-una-jornada-reivindicativa-de-lesplai-gmm\\\/\",\"url\":\"https:\\\/\\\/www.esplac.cat\\\/la-multada-una-jornada-reivindicativa-de-lesplai-gmm\\\/\",\"name\":\"La Multada, una jornada reivindicativa de l'esplai GMM - Esplac\",\"isPartOf\":{\"@id\":\"https:\\\/\\\/www.esplac.cat\\\/#website\"},\"primaryImageOfPage\":{\"@id\":\"https:\\\/\\\/www.esplac.cat\\\/la-multada-una-jornada-reivindicativa-de-lesplai-gmm\\\/#primaryimage\"},\"image\":{\"@id\":\"https:\\\/\\\/www.esplac.cat\\\/la-multada-una-jornada-reivindicativa-de-lesplai-gmm\\\/#primaryimage\"},\"thumbnailUrl\":\"https:\\\/\\\/www.esplac.cat\\\/wp-content\\\/uploads\\\/2017\\\/03\\\/20170316_multada-GMM.jpg\",\"datePublished\":\"2017-03-16T09:51:57+00:00\",\"breadcrumb\":{\"@id\":\"https:\\\/\\\/www.esplac.cat\\\/la-multada-una-jornada-reivindicativa-de-lesplai-gmm\\\/#breadcrumb\"},\"inLanguage\":\"es\",\"potentialAction\":[{\"@type\":\"ReadAction\",\"target\":[\"https:\\\/\\\/www.esplac.cat\\\/la-multada-una-jornada-reivindicativa-de-lesplai-gmm\\\/\"]}]},{\"@type\":\"ImageObject\",\"inLanguage\":\"es\",\"@id\":\"https:\\\/\\\/www.esplac.cat\\\/la-multada-una-jornada-reivindicativa-de-lesplai-gmm\\\/#primaryimage\",\"url\":\"https:\\\/\\\/www.esplac.cat\\\/wp-content\\\/uploads\\\/2017\\\/03\\\/20170316_multada-GMM.jpg\",\"contentUrl\":\"https:\\\/\\\/www.esplac.cat\\\/wp-content\\\/uploads\\\/2017\\\/03\\\/20170316_multada-GMM.jpg\",\"width\":847,\"height\":350},{\"@type\":\"BreadcrumbList\",\"@id\":\"https:\\\/\\\/www.esplac.cat\\\/la-multada-una-jornada-reivindicativa-de-lesplai-gmm\\\/#breadcrumb\",\"itemListElement\":[{\"@type\":\"ListItem\",\"position\":1,\"name\":\"Inici\",\"item\":\"https:\\\/\\\/www.esplac.cat\\\/es\\\/\"},{\"@type\":\"ListItem\",\"position\":2,\"name\":\"La Multada, una jornada reivindicativa de l&#8217;esplai GMM\"}]},{\"@type\":\"WebSite\",\"@id\":\"https:\\\/\\\/www.esplac.cat\\\/#website\",\"url\":\"https:\\\/\\\/www.esplac.cat\\\/\",\"name\":\"Esplac\",\"description\":\"Esplais Catalans\",\"publisher\":{\"@id\":\"https:\\\/\\\/www.esplac.cat\\\/#organization\"},\"potentialAction\":[{\"@type\":\"SearchAction\",\"target\":{\"@type\":\"EntryPoint\",\"urlTemplate\":\"https:\\\/\\\/www.esplac.cat\\\/?s={search_term_string}\"},\"query-input\":{\"@type\":\"PropertyValueSpecification\",\"valueRequired\":true,\"valueName\":\"search_term_string\"}}],\"inLanguage\":\"es\"},{\"@type\":\"Organization\",\"@id\":\"https:\\\/\\\/www.esplac.cat\\\/#organization\",\"name\":\"Esplac\",\"url\":\"https:\\\/\\\/www.esplac.cat\\\/\",\"logo\":{\"@type\":\"ImageObject\",\"inLanguage\":\"es\",\"@id\":\"https:\\\/\\\/www.esplac.cat\\\/#\\\/schema\\\/logo\\\/image\\\/\",\"url\":\"https:\\\/\\\/www.esplac.cat\\\/wp-content\\\/uploads\\\/2019\\\/08\\\/logox2.png\",\"contentUrl\":\"https:\\\/\\\/www.esplac.cat\\\/wp-content\\\/uploads\\\/2019\\\/08\\\/logox2.png\",\"width\":600,\"height\":295,\"caption\":\"Esplac\"},\"image\":{\"@id\":\"https:\\\/\\\/www.esplac.cat\\\/#\\\/schema\\\/logo\\\/image\\\/\"}},{\"@type\":\"Person\",\"@id\":\"https:\\\/\\\/www.esplac.cat\\\/#\\\/schema\\\/person\\\/908383cf240be18b68f8855d0583faca\",\"name\":\"Comunicaci\u00f3 Esplac\",\"image\":{\"@type\":\"ImageObject\",\"inLanguage\":\"es\",\"@id\":\"https:\\\/\\\/secure.gravatar.com\\\/avatar\\\/7a4cf8feb412a76ea4a740ca02d95b06b2907b5a6c648c2dd0a1082a093c3141?s=96&d=mm&r=g\",\"url\":\"https:\\\/\\\/secure.gravatar.com\\\/avatar\\\/7a4cf8feb412a76ea4a740ca02d95b06b2907b5a6c648c2dd0a1082a093c3141?s=96&d=mm&r=g\",\"contentUrl\":\"https:\\\/\\\/secure.gravatar.com\\\/avatar\\\/7a4cf8feb412a76ea4a740ca02d95b06b2907b5a6c648c2dd0a1082a093c3141?s=96&d=mm&r=g\",\"caption\":\"Comunicaci\u00f3 Esplac\"}}]}<\/script>\n<!-- \/ Yoast SEO plugin. -->","yoast_head_json":{"title":"La Multada, una jornada reivindicativa de l'esplai GMM - Esplac","robots":{"index":"index","follow":"follow","max-snippet":"max-snippet:-1","max-image-preview":"max-image-preview:large","max-video-preview":"max-video-preview:-1"},"canonical":"https:\/\/www.esplac.cat\/la-multada-una-jornada-reivindicativa-de-lesplai-gmm\/","og_locale":"es_ES","og_type":"article","og_title":"La Multada, una jornada reivindicativa de l'esplai GMM - Esplac","og_description":"L&#8217;esplai GMM organitza una jornada per reivindicar l&#8217;\u00fas de l&#8217;espai [&hellip;]","og_url":"https:\/\/www.esplac.cat\/la-multada-una-jornada-reivindicativa-de-lesplai-gmm\/","og_site_name":"Esplac","article_published_time":"2017-03-16T09:51:57+00:00","og_image":[{"width":847,"height":350,"url":"https:\/\/www.esplac.cat\/wp-content\/uploads\/2017\/03\/20170316_multada-GMM.jpg","type":"image\/jpeg"}],"author":"Comunicaci\u00f3 Esplac","twitter_card":"summary_large_image","twitter_misc":{"Escrito por":"Comunicaci\u00f3 Esplac","Tiempo de lectura":"1 minuto"},"schema":{"@context":"https:\/\/schema.org","@graph":[{"@type":"Article","@id":"https:\/\/www.esplac.cat\/la-multada-una-jornada-reivindicativa-de-lesplai-gmm\/#article","isPartOf":{"@id":"https:\/\/www.esplac.cat\/la-multada-una-jornada-reivindicativa-de-lesplai-gmm\/"},"author":{"name":"Comunicaci\u00f3 Esplac","@id":"https:\/\/www.esplac.cat\/#\/schema\/person\/908383cf240be18b68f8855d0583faca"},"headline":"La Multada, una jornada reivindicativa de l&#8217;esplai GMM","datePublished":"2017-03-16T09:51:57+00:00","mainEntityOfPage":{"@id":"https:\/\/www.esplac.cat\/la-multada-una-jornada-reivindicativa-de-lesplai-gmm\/"},"wordCount":311,"publisher":{"@id":"https:\/\/www.esplac.cat\/#organization"},"image":{"@id":"https:\/\/www.esplac.cat\/la-multada-una-jornada-reivindicativa-de-lesplai-gmm\/#primaryimage"},"thumbnailUrl":"https:\/\/www.esplac.cat\/wp-content\/uploads\/2017\/03\/20170316_multada-GMM.jpg","keywords":["GMM","Gr\u00e0cia","multada"],"articleSection":["Activitats sectors","Sector Barcelona"],"inLanguage":"es"},{"@type":"WebPage","@id":"https:\/\/www.esplac.cat\/la-multada-una-jornada-reivindicativa-de-lesplai-gmm\/","url":"https:\/\/www.esplac.cat\/la-multada-una-jornada-reivindicativa-de-lesplai-gmm\/","name":"La Multada, una jornada reivindicativa de l'esplai GMM - Esplac","isPartOf":{"@id":"https:\/\/www.esplac.cat\/#website"},"primaryImageOfPage":{"@id":"https:\/\/www.esplac.cat\/la-multada-una-jornada-reivindicativa-de-lesplai-gmm\/#primaryimage"},"image":{"@id":"https:\/\/www.esplac.cat\/la-multada-una-jornada-reivindicativa-de-lesplai-gmm\/#primaryimage"},"thumbnailUrl":"https:\/\/www.esplac.cat\/wp-content\/uploads\/2017\/03\/20170316_multada-GMM.jpg","datePublished":"2017-03-16T09:51:57+00:00","breadcrumb":{"@id":"https:\/\/www.esplac.cat\/la-multada-una-jornada-reivindicativa-de-lesplai-gmm\/#breadcrumb"},"inLanguage":"es","potentialAction":[{"@type":"ReadAction","target":["https:\/\/www.esplac.cat\/la-multada-una-jornada-reivindicativa-de-lesplai-gmm\/"]}]},{"@type":"ImageObject","inLanguage":"es","@id":"https:\/\/www.esplac.cat\/la-multada-una-jornada-reivindicativa-de-lesplai-gmm\/#primaryimage","url":"https:\/\/www.esplac.cat\/wp-content\/uploads\/2017\/03\/20170316_multada-GMM.jpg","contentUrl":"https:\/\/www.esplac.cat\/wp-content\/uploads\/2017\/03\/20170316_multada-GMM.jpg","width":847,"height":350},{"@type":"BreadcrumbList","@id":"https:\/\/www.esplac.cat\/la-multada-una-jornada-reivindicativa-de-lesplai-gmm\/#breadcrumb","itemListElement":[{"@type":"ListItem","position":1,"name":"Inici","item":"https:\/\/www.esplac.cat\/es\/"},{"@type":"ListItem","position":2,"name":"La Multada, una jornada reivindicativa de l&#8217;esplai GMM"}]},{"@type":"WebSite","@id":"https:\/\/www.esplac.cat\/#website","url":"https:\/\/www.esplac.cat\/","name":"Esplac","description":"Esplais Catalans","publisher":{"@id":"https:\/\/www.esplac.cat\/#organization"},"potentialAction":[{"@type":"SearchAction","target":{"@type":"EntryPoint","urlTemplate":"https:\/\/www.esplac.cat\/?s={search_term_string}"},"query-input":{"@type":"PropertyValueSpecification","valueRequired":true,"valueName":"search_term_string"}}],"inLanguage":"es"},{"@type":"Organization","@id":"https:\/\/www.esplac.cat\/#organization","name":"Esplac","url":"https:\/\/www.esplac.cat\/","logo":{"@type":"ImageObject","inLanguage":"es","@id":"https:\/\/www.esplac.cat\/#\/schema\/logo\/image\/","url":"https:\/\/www.esplac.cat\/wp-content\/uploads\/2019\/08\/logox2.png","contentUrl":"https:\/\/www.esplac.cat\/wp-content\/uploads\/2019\/08\/logox2.png","width":600,"height":295,"caption":"Esplac"},"image":{"@id":"https:\/\/www.esplac.cat\/#\/schema\/logo\/image\/"}},{"@type":"Person","@id":"https:\/\/www.esplac.cat\/#\/schema\/person\/908383cf240be18b68f8855d0583faca","name":"Comunicaci\u00f3 Esplac","image":{"@type":"ImageObject","inLanguage":"es","@id":"https:\/\/secure.gravatar.com\/avatar\/7a4cf8feb412a76ea4a740ca02d95b06b2907b5a6c648c2dd0a1082a093c3141?s=96&d=mm&r=g","url":"https:\/\/secure.gravatar.com\/avatar\/7a4cf8feb412a76ea4a740ca02d95b06b2907b5a6c648c2dd0a1082a093c3141?s=96&d=mm&r=g","contentUrl":"https:\/\/secure.gravatar.com\/avatar\/7a4cf8feb412a76ea4a740ca02d95b06b2907b5a6c648c2dd0a1082a093c3141?s=96&d=mm&r=g","caption":"Comunicaci\u00f3 Esplac"}}]}},"_links":{"self":[{"href":"https:\/\/www.esplac.cat\/es\/wp-json\/wp\/v2\/posts\/24874","targetHints":{"allow":["GET"]}}],"collection":[{"href":"https:\/\/www.esplac.cat\/es\/wp-json\/wp\/v2\/posts"}],"about":[{"href":"https:\/\/www.esplac.cat\/es\/wp-json\/wp\/v2\/types\/post"}],"author":[{"embeddable":true,"href":"https:\/\/www.esplac.cat\/es\/wp-json\/wp\/v2\/users\/3"}],"replies":[{"embeddable":true,"href":"https:\/\/www.esplac.cat\/es\/wp-json\/wp\/v2\/comments?post=24874"}],"version-history":[{"count":0,"href":"https:\/\/www.esplac.cat\/es\/wp-json\/wp\/v2\/posts\/24874\/revisions"}],"wp:featuredmedia":[{"embeddable":true,"href":"https:\/\/www.esplac.cat\/es\/wp-json\/wp\/v2\/media\/24876"}],"wp:attachment":[{"href":"https:\/\/www.esplac.cat\/es\/wp-json\/wp\/v2\/media?parent=24874"}],"wp:term":[{"taxonomy":"category","embeddable":true,"href":"https:\/\/www.esplac.cat\/es\/wp-json\/wp\/v2\/categories?post=24874"},{"taxonomy":"post_tag","embeddable":true,"href":"https:\/\/www.esplac.cat\/es\/wp-json\/wp\/v2\/tags?post=24874"}],"curies":[{"name":"wp","href":"https:\/\/api.w.org\/{rel}","templated":true}]}}