{"id":24890,"date":"2017-03-10T12:59:40","date_gmt":"2017-03-10T10:59:40","guid":{"rendered":"http:\/\/www.esplac.cat\/?p=12378"},"modified":"2019-11-14T13:33:26","modified_gmt":"2019-11-14T11:33:26","slug":"al-sector-barcelona-ens-formem-tot-lany","status":"publish","type":"post","link":"https:\/\/www.esplac.cat\/es\/al-sector-barcelona-ens-formem-tot-lany\/","title":{"rendered":"Al Sector Barcelona ens formem tot l\u2019any"},"content":{"rendered":"<h4>Ens formem i autoformem a les Vesprades del sector!<\/h4>\n<p>El passat 3 de mar\u00e7 des del Sector Barcelona vam realitzar les <strong>Vesprades<\/strong>, que s\u00f3n un espai formatiu que vol donar resposta a les necessitats formatives dels esplais i de les monitores i monitors del Sector.<\/p>\n<p>Per organitzar les formacions, la comissi\u00f3 ha estat treballant durant uns mesos per veure qu\u00e8 pod\u00edem oferir i si canviar o no el format. Finalment, es va considerar a nivell de sector que manten\u00edem el format de formaci\u00f3 un divendres a la tarda.<\/p>\n<p>Les formacions que hem desenvolupat han estat de dos tipus: 1)\u00a0<strong>Formacions de 4h<\/strong>, conjuntament amb l\u2019Escola Lliure el Sol, <strong>sobre \u00abel c\u00e0stig\u00bb i \u00abgesti\u00f3 de conflictes als equips\u00bb<\/strong> i 2) <strong>Espais formatius de 2h<\/strong>, autogestionats des del sector amb persones volunt\u00e0ries dinamitzadores de les sessions: <strong>\u00abg\u00e8nere a l\u2019esplai\u00bb, \u00abeducaci\u00f3 emocional als equips\u00bb i \u00abel c\u00e0stig\u00bb.<\/strong><\/p>\n<p>Mantenim els i les persones assistents a les Vesprades respecte anys anteriors en aquesta activitat formativa del sector! Vam ser <strong>61 persones participants<\/strong> en les formacions i espais formatius, <strong>7 dinamitzadores volunt\u00e0ries del sector<\/strong> i <strong>6 membres de la comissi\u00f3 de 9 esplais actius del sector<\/strong>. Un cop acabades les formacions, vam sopar plegades i acompanyades de m\u00fasica (de la PD\u00a0Se lia!) Si vols veure com va anar, dona-li un cop d\u2019ull al <a href=\"https:\/\/www.flickr.com\/photos\/144017531@N05\/\">Flickr del Sector!<\/a><\/p>\n","protected":false},"excerpt":{"rendered":"<p>Ens formem i autoformem a les Vesprades del sector! El [&hellip;]<\/p>\n","protected":false},"author":3,"featured_media":24891,"comment_status":"closed","ping_status":"open","sticky":false,"template":"","format":"standard","meta":{"om_disable_all_campaigns":false,"_monsterinsights_skip_tracking":false,"_monsterinsights_sitenote_active":false,"_monsterinsights_sitenote_note":"","_monsterinsights_sitenote_category":0,"_uf_show_specific_survey":0,"_uf_disable_surveys":false,"footnotes":""},"categories":[1110,1160,1164,1128],"tags":[43,54,455,119,726],"class_list":["post-24890","post","type-post","status-publish","format-standard","has-post-thumbnail","hentry","category-activitats-sectors","category-comissio-gsdd","category-gestio-de-conflictes","category-sector-barcelona","tag-escola-lliure-el-sol","tag-formacio","tag-gestio-de-conflictes","tag-sector-barcelona","tag-vesprades"],"yoast_head":"<!-- This site is optimized with the Yoast SEO plugin v27.4 - https:\/\/yoast.com\/product\/yoast-seo-wordpress\/ -->\n<title>Al Sector Barcelona ens formem tot l\u2019any - Esplac<\/title>\n<meta name=\"robots\" content=\"index, follow, max-snippet:-1, max-image-preview:large, max-video-preview:-1\" \/>\n<link rel=\"canonical\" href=\"https:\/\/www.esplac.cat\/en\/al-sector-barcelona-ens-formem-tot-lany\/\" \/>\n<meta property=\"og:locale\" content=\"es_ES\" \/>\n<meta property=\"og:type\" content=\"article\" \/>\n<meta property=\"og:title\" content=\"Al Sector Barcelona ens formem tot l\u2019any - Esplac\" \/>\n<meta property=\"og:description\" content=\"Ens formem i autoformem a les Vesprades del sector! El [&hellip;]\" \/>\n<meta property=\"og:url\" content=\"https:\/\/www.esplac.cat\/en\/al-sector-barcelona-ens-formem-tot-lany\/\" \/>\n<meta property=\"og:site_name\" content=\"Esplac\" \/>\n<meta property=\"article:published_time\" content=\"2017-03-10T10:59:40+00:00\" \/>\n<meta property=\"article:modified_time\" content=\"2019-11-14T11:33:26+00:00\" \/>\n<meta property=\"og:image\" content=\"https:\/\/www.esplac.cat\/wp-content\/uploads\/2017\/03\/vesprades.jpg\" \/>\n\t<meta property=\"og:image:width\" content=\"847\" \/>\n\t<meta property=\"og:image:height\" content=\"350\" \/>\n\t<meta property=\"og:image:type\" content=\"image\/jpeg\" \/>\n<meta name=\"author\" content=\"Comunicaci\u00f3 Esplac\" \/>\n<meta name=\"twitter:card\" content=\"summary_large_image\" \/>\n<meta name=\"twitter:label1\" content=\"Escrito por\" \/>\n\t<meta name=\"twitter:data1\" content=\"Comunicaci\u00f3 Esplac\" \/>\n\t<meta name=\"twitter:label2\" content=\"Tiempo de lectura\" \/>\n\t<meta name=\"twitter:data2\" content=\"1 minuto\" \/>\n<script type=\"application\/ld+json\" class=\"yoast-schema-graph\">{\"@context\":\"https:\\\/\\\/schema.org\",\"@graph\":[{\"@type\":\"Article\",\"@id\":\"https:\\\/\\\/www.esplac.cat\\\/en\\\/al-sector-barcelona-ens-formem-tot-lany\\\/#article\",\"isPartOf\":{\"@id\":\"https:\\\/\\\/www.esplac.cat\\\/en\\\/al-sector-barcelona-ens-formem-tot-lany\\\/\"},\"author\":{\"name\":\"Comunicaci\u00f3 Esplac\",\"@id\":\"https:\\\/\\\/www.esplac.cat\\\/#\\\/schema\\\/person\\\/908383cf240be18b68f8855d0583faca\"},\"headline\":\"Al Sector Barcelona ens formem tot l\u2019any\",\"datePublished\":\"2017-03-10T10:59:40+00:00\",\"dateModified\":\"2019-11-14T11:33:26+00:00\",\"mainEntityOfPage\":{\"@id\":\"https:\\\/\\\/www.esplac.cat\\\/en\\\/al-sector-barcelona-ens-formem-tot-lany\\\/\"},\"wordCount\":234,\"publisher\":{\"@id\":\"https:\\\/\\\/www.esplac.cat\\\/#organization\"},\"image\":{\"@id\":\"https:\\\/\\\/www.esplac.cat\\\/en\\\/al-sector-barcelona-ens-formem-tot-lany\\\/#primaryimage\"},\"thumbnailUrl\":\"https:\\\/\\\/www.esplac.cat\\\/wp-content\\\/uploads\\\/2017\\\/03\\\/vesprades.jpg\",\"keywords\":[\"escola lliure el sol\",\"formaci\u00f3\",\"gesti\u00f3 de conflictes\",\"sector Barcelona\",\"Vesprades\"],\"articleSection\":[\"Activitats sectors\",\"Comissi\u00f3 GSDD\",\"Gesti\u00f3 de conflictes\",\"Sector Barcelona\"],\"inLanguage\":\"es\"},{\"@type\":\"WebPage\",\"@id\":\"https:\\\/\\\/www.esplac.cat\\\/en\\\/al-sector-barcelona-ens-formem-tot-lany\\\/\",\"url\":\"https:\\\/\\\/www.esplac.cat\\\/en\\\/al-sector-barcelona-ens-formem-tot-lany\\\/\",\"name\":\"Al Sector Barcelona ens formem tot l\u2019any - Esplac\",\"isPartOf\":{\"@id\":\"https:\\\/\\\/www.esplac.cat\\\/#website\"},\"primaryImageOfPage\":{\"@id\":\"https:\\\/\\\/www.esplac.cat\\\/en\\\/al-sector-barcelona-ens-formem-tot-lany\\\/#primaryimage\"},\"image\":{\"@id\":\"https:\\\/\\\/www.esplac.cat\\\/en\\\/al-sector-barcelona-ens-formem-tot-lany\\\/#primaryimage\"},\"thumbnailUrl\":\"https:\\\/\\\/www.esplac.cat\\\/wp-content\\\/uploads\\\/2017\\\/03\\\/vesprades.jpg\",\"datePublished\":\"2017-03-10T10:59:40+00:00\",\"dateModified\":\"2019-11-14T11:33:26+00:00\",\"breadcrumb\":{\"@id\":\"https:\\\/\\\/www.esplac.cat\\\/en\\\/al-sector-barcelona-ens-formem-tot-lany\\\/#breadcrumb\"},\"inLanguage\":\"es\",\"potentialAction\":[{\"@type\":\"ReadAction\",\"target\":[\"https:\\\/\\\/www.esplac.cat\\\/en\\\/al-sector-barcelona-ens-formem-tot-lany\\\/\"]}]},{\"@type\":\"ImageObject\",\"inLanguage\":\"es\",\"@id\":\"https:\\\/\\\/www.esplac.cat\\\/en\\\/al-sector-barcelona-ens-formem-tot-lany\\\/#primaryimage\",\"url\":\"https:\\\/\\\/www.esplac.cat\\\/wp-content\\\/uploads\\\/2017\\\/03\\\/vesprades.jpg\",\"contentUrl\":\"https:\\\/\\\/www.esplac.cat\\\/wp-content\\\/uploads\\\/2017\\\/03\\\/vesprades.jpg\",\"width\":847,\"height\":350},{\"@type\":\"BreadcrumbList\",\"@id\":\"https:\\\/\\\/www.esplac.cat\\\/en\\\/al-sector-barcelona-ens-formem-tot-lany\\\/#breadcrumb\",\"itemListElement\":[{\"@type\":\"ListItem\",\"position\":1,\"name\":\"Inici\",\"item\":\"https:\\\/\\\/www.esplac.cat\\\/es\\\/\"},{\"@type\":\"ListItem\",\"position\":2,\"name\":\"Al Sector Barcelona ens formem tot l\u2019any\"}]},{\"@type\":\"WebSite\",\"@id\":\"https:\\\/\\\/www.esplac.cat\\\/#website\",\"url\":\"https:\\\/\\\/www.esplac.cat\\\/\",\"name\":\"Esplac\",\"description\":\"Esplais Catalans\",\"publisher\":{\"@id\":\"https:\\\/\\\/www.esplac.cat\\\/#organization\"},\"potentialAction\":[{\"@type\":\"SearchAction\",\"target\":{\"@type\":\"EntryPoint\",\"urlTemplate\":\"https:\\\/\\\/www.esplac.cat\\\/?s={search_term_string}\"},\"query-input\":{\"@type\":\"PropertyValueSpecification\",\"valueRequired\":true,\"valueName\":\"search_term_string\"}}],\"inLanguage\":\"es\"},{\"@type\":\"Organization\",\"@id\":\"https:\\\/\\\/www.esplac.cat\\\/#organization\",\"name\":\"Esplac\",\"url\":\"https:\\\/\\\/www.esplac.cat\\\/\",\"logo\":{\"@type\":\"ImageObject\",\"inLanguage\":\"es\",\"@id\":\"https:\\\/\\\/www.esplac.cat\\\/#\\\/schema\\\/logo\\\/image\\\/\",\"url\":\"https:\\\/\\\/www.esplac.cat\\\/wp-content\\\/uploads\\\/2019\\\/08\\\/logox2.png\",\"contentUrl\":\"https:\\\/\\\/www.esplac.cat\\\/wp-content\\\/uploads\\\/2019\\\/08\\\/logox2.png\",\"width\":600,\"height\":295,\"caption\":\"Esplac\"},\"image\":{\"@id\":\"https:\\\/\\\/www.esplac.cat\\\/#\\\/schema\\\/logo\\\/image\\\/\"}},{\"@type\":\"Person\",\"@id\":\"https:\\\/\\\/www.esplac.cat\\\/#\\\/schema\\\/person\\\/908383cf240be18b68f8855d0583faca\",\"name\":\"Comunicaci\u00f3 Esplac\",\"image\":{\"@type\":\"ImageObject\",\"inLanguage\":\"es\",\"@id\":\"https:\\\/\\\/secure.gravatar.com\\\/avatar\\\/7a4cf8feb412a76ea4a740ca02d95b06b2907b5a6c648c2dd0a1082a093c3141?s=96&d=mm&r=g\",\"url\":\"https:\\\/\\\/secure.gravatar.com\\\/avatar\\\/7a4cf8feb412a76ea4a740ca02d95b06b2907b5a6c648c2dd0a1082a093c3141?s=96&d=mm&r=g\",\"contentUrl\":\"https:\\\/\\\/secure.gravatar.com\\\/avatar\\\/7a4cf8feb412a76ea4a740ca02d95b06b2907b5a6c648c2dd0a1082a093c3141?s=96&d=mm&r=g\",\"caption\":\"Comunicaci\u00f3 Esplac\"}}]}<\/script>\n<!-- \/ Yoast SEO plugin. -->","yoast_head_json":{"title":"Al Sector Barcelona ens formem tot l\u2019any - Esplac","robots":{"index":"index","follow":"follow","max-snippet":"max-snippet:-1","max-image-preview":"max-image-preview:large","max-video-preview":"max-video-preview:-1"},"canonical":"https:\/\/www.esplac.cat\/en\/al-sector-barcelona-ens-formem-tot-lany\/","og_locale":"es_ES","og_type":"article","og_title":"Al Sector Barcelona ens formem tot l\u2019any - Esplac","og_description":"Ens formem i autoformem a les Vesprades del sector! El [&hellip;]","og_url":"https:\/\/www.esplac.cat\/en\/al-sector-barcelona-ens-formem-tot-lany\/","og_site_name":"Esplac","article_published_time":"2017-03-10T10:59:40+00:00","article_modified_time":"2019-11-14T11:33:26+00:00","og_image":[{"width":847,"height":350,"url":"https:\/\/www.esplac.cat\/wp-content\/uploads\/2017\/03\/vesprades.jpg","type":"image\/jpeg"}],"author":"Comunicaci\u00f3 Esplac","twitter_card":"summary_large_image","twitter_misc":{"Escrito por":"Comunicaci\u00f3 Esplac","Tiempo de lectura":"1 minuto"},"schema":{"@context":"https:\/\/schema.org","@graph":[{"@type":"Article","@id":"https:\/\/www.esplac.cat\/en\/al-sector-barcelona-ens-formem-tot-lany\/#article","isPartOf":{"@id":"https:\/\/www.esplac.cat\/en\/al-sector-barcelona-ens-formem-tot-lany\/"},"author":{"name":"Comunicaci\u00f3 Esplac","@id":"https:\/\/www.esplac.cat\/#\/schema\/person\/908383cf240be18b68f8855d0583faca"},"headline":"Al Sector Barcelona ens formem tot l\u2019any","datePublished":"2017-03-10T10:59:40+00:00","dateModified":"2019-11-14T11:33:26+00:00","mainEntityOfPage":{"@id":"https:\/\/www.esplac.cat\/en\/al-sector-barcelona-ens-formem-tot-lany\/"},"wordCount":234,"publisher":{"@id":"https:\/\/www.esplac.cat\/#organization"},"image":{"@id":"https:\/\/www.esplac.cat\/en\/al-sector-barcelona-ens-formem-tot-lany\/#primaryimage"},"thumbnailUrl":"https:\/\/www.esplac.cat\/wp-content\/uploads\/2017\/03\/vesprades.jpg","keywords":["escola lliure el sol","formaci\u00f3","gesti\u00f3 de conflictes","sector Barcelona","Vesprades"],"articleSection":["Activitats sectors","Comissi\u00f3 GSDD","Gesti\u00f3 de conflictes","Sector Barcelona"],"inLanguage":"es"},{"@type":"WebPage","@id":"https:\/\/www.esplac.cat\/en\/al-sector-barcelona-ens-formem-tot-lany\/","url":"https:\/\/www.esplac.cat\/en\/al-sector-barcelona-ens-formem-tot-lany\/","name":"Al Sector Barcelona ens formem tot l\u2019any - Esplac","isPartOf":{"@id":"https:\/\/www.esplac.cat\/#website"},"primaryImageOfPage":{"@id":"https:\/\/www.esplac.cat\/en\/al-sector-barcelona-ens-formem-tot-lany\/#primaryimage"},"image":{"@id":"https:\/\/www.esplac.cat\/en\/al-sector-barcelona-ens-formem-tot-lany\/#primaryimage"},"thumbnailUrl":"https:\/\/www.esplac.cat\/wp-content\/uploads\/2017\/03\/vesprades.jpg","datePublished":"2017-03-10T10:59:40+00:00","dateModified":"2019-11-14T11:33:26+00:00","breadcrumb":{"@id":"https:\/\/www.esplac.cat\/en\/al-sector-barcelona-ens-formem-tot-lany\/#breadcrumb"},"inLanguage":"es","potentialAction":[{"@type":"ReadAction","target":["https:\/\/www.esplac.cat\/en\/al-sector-barcelona-ens-formem-tot-lany\/"]}]},{"@type":"ImageObject","inLanguage":"es","@id":"https:\/\/www.esplac.cat\/en\/al-sector-barcelona-ens-formem-tot-lany\/#primaryimage","url":"https:\/\/www.esplac.cat\/wp-content\/uploads\/2017\/03\/vesprades.jpg","contentUrl":"https:\/\/www.esplac.cat\/wp-content\/uploads\/2017\/03\/vesprades.jpg","width":847,"height":350},{"@type":"BreadcrumbList","@id":"https:\/\/www.esplac.cat\/en\/al-sector-barcelona-ens-formem-tot-lany\/#breadcrumb","itemListElement":[{"@type":"ListItem","position":1,"name":"Inici","item":"https:\/\/www.esplac.cat\/es\/"},{"@type":"ListItem","position":2,"name":"Al Sector Barcelona ens formem tot l\u2019any"}]},{"@type":"WebSite","@id":"https:\/\/www.esplac.cat\/#website","url":"https:\/\/www.esplac.cat\/","name":"Esplac","description":"Esplais Catalans","publisher":{"@id":"https:\/\/www.esplac.cat\/#organization"},"potentialAction":[{"@type":"SearchAction","target":{"@type":"EntryPoint","urlTemplate":"https:\/\/www.esplac.cat\/?s={search_term_string}"},"query-input":{"@type":"PropertyValueSpecification","valueRequired":true,"valueName":"search_term_string"}}],"inLanguage":"es"},{"@type":"Organization","@id":"https:\/\/www.esplac.cat\/#organization","name":"Esplac","url":"https:\/\/www.esplac.cat\/","logo":{"@type":"ImageObject","inLanguage":"es","@id":"https:\/\/www.esplac.cat\/#\/schema\/logo\/image\/","url":"https:\/\/www.esplac.cat\/wp-content\/uploads\/2019\/08\/logox2.png","contentUrl":"https:\/\/www.esplac.cat\/wp-content\/uploads\/2019\/08\/logox2.png","width":600,"height":295,"caption":"Esplac"},"image":{"@id":"https:\/\/www.esplac.cat\/#\/schema\/logo\/image\/"}},{"@type":"Person","@id":"https:\/\/www.esplac.cat\/#\/schema\/person\/908383cf240be18b68f8855d0583faca","name":"Comunicaci\u00f3 Esplac","image":{"@type":"ImageObject","inLanguage":"es","@id":"https:\/\/secure.gravatar.com\/avatar\/7a4cf8feb412a76ea4a740ca02d95b06b2907b5a6c648c2dd0a1082a093c3141?s=96&d=mm&r=g","url":"https:\/\/secure.gravatar.com\/avatar\/7a4cf8feb412a76ea4a740ca02d95b06b2907b5a6c648c2dd0a1082a093c3141?s=96&d=mm&r=g","contentUrl":"https:\/\/secure.gravatar.com\/avatar\/7a4cf8feb412a76ea4a740ca02d95b06b2907b5a6c648c2dd0a1082a093c3141?s=96&d=mm&r=g","caption":"Comunicaci\u00f3 Esplac"}}]}},"_links":{"self":[{"href":"https:\/\/www.esplac.cat\/es\/wp-json\/wp\/v2\/posts\/24890","targetHints":{"allow":["GET"]}}],"collection":[{"href":"https:\/\/www.esplac.cat\/es\/wp-json\/wp\/v2\/posts"}],"about":[{"href":"https:\/\/www.esplac.cat\/es\/wp-json\/wp\/v2\/types\/post"}],"author":[{"embeddable":true,"href":"https:\/\/www.esplac.cat\/es\/wp-json\/wp\/v2\/users\/3"}],"replies":[{"embeddable":true,"href":"https:\/\/www.esplac.cat\/es\/wp-json\/wp\/v2\/comments?post=24890"}],"version-history":[{"count":0,"href":"https:\/\/www.esplac.cat\/es\/wp-json\/wp\/v2\/posts\/24890\/revisions"}],"wp:featuredmedia":[{"embeddable":true,"href":"https:\/\/www.esplac.cat\/es\/wp-json\/wp\/v2\/media\/24891"}],"wp:attachment":[{"href":"https:\/\/www.esplac.cat\/es\/wp-json\/wp\/v2\/media?parent=24890"}],"wp:term":[{"taxonomy":"category","embeddable":true,"href":"https:\/\/www.esplac.cat\/es\/wp-json\/wp\/v2\/categories?post=24890"},{"taxonomy":"post_tag","embeddable":true,"href":"https:\/\/www.esplac.cat\/es\/wp-json\/wp\/v2\/tags?post=24890"}],"curies":[{"name":"wp","href":"https:\/\/api.w.org\/{rel}","templated":true}]}}