{"id":24898,"date":"2017-03-07T14:34:48","date_gmt":"2017-03-07T12:34:48","guid":{"rendered":"http:\/\/www.esplac.cat\/?p=12355"},"modified":"2017-03-07T14:34:48","modified_gmt":"2017-03-07T12:34:48","slug":"els-i-les-monitores-del-camp-de-tarragona-passen-un-cap-de-setmana-de-formacio-i-convivencia","status":"publish","type":"post","link":"https:\/\/www.esplac.cat\/es\/els-i-les-monitores-del-camp-de-tarragona-passen-un-cap-de-setmana-de-formacio-i-convivencia\/","title":{"rendered":"Els i les monitores del Camp de Tarragona passen un cap de setmana de formaci\u00f3 i conviv\u00e8ncia"},"content":{"rendered":"<h4 align=\"justify\">El passat cap de setmana, 4 i 5 de mar\u00e7, les monitores del Sector Camp de Tarragona van celebrar\u00a0la Trobada de Monis a l&#8217;Alberg de Sarral<\/h4>\n<p align=\"justify\">\u00c9rem poca gent per\u00f2 els que hi vam ser en vam gaudir! Les monitores de l&#8217;Esplai l&#8217;Esclop (Vila-seca), de l&#8217;esplai del Serrallo (Tarragona) i de La Grapadora (Tarragona) ens vam trobar dissabte a les vuit del vespre per comen\u00e7ar el nostre cap de setmana de conviv\u00e8ncia, feina i formaci\u00f3, en un entorn privilegiat i \u00edntim.<\/p>\n<p align=\"justify\">Com que els diferents esplais del sector estan en un curs de Relleu Generacional, entenem que el Sector tamb\u00e9 ho est\u00e0, aix\u00ed doncs, tan bon punt vam\u00a0arribar, monis veteranes i monis novells ens vam dividir per tal de treballar i fer din\u00e0miques en diferents tem\u00e0tiques.<\/p>\n<p align=\"justify\">Per una banda, els <em>veterans<\/em>\u00a0van\u00a0fer una reuni\u00f3 log\u00edstica de la Trobada de Joves Intersectorial (juntament amb els sectors Pened\u00e8s, Garraf i Anoia i el Baix Llobregat) que ens va permetre tancar temes oberts i organitzar les tasques a fer. Per l&#8217;altra, els i les joves van gaudir d&#8217;una xerrada per part de l&#8217;Eduard Fernando i Xavier Planas (Equip de Coordinaci\u00f3) que els va permetre con\u00e8ixer millor qu\u00e8 fa\u00a0Esplac\u00a0i com funciona. El resultat va ser molt positiu per ambdues bandes i ens permetr\u00e0 un millor funcionament a les pr\u00f2ximes reunions de sector!<\/p>\n<p align=\"justify\">Despr\u00e9s de sopar, vam creure necessari fer un \u00ab<strong>De Copes amb&#8230;!\u00bb<\/strong>, una activitat formativa i de cohesi\u00f3 ja\u00a0caracter\u00edstica del sector.\u00a0Van venir a dinamitzar-la dos antics EGS del Sector, la Laia Espina i l&#8217;Aitor Caballero, i ens va servir per tractar el relleu i les visions de les monis veteranes i les monis joves que acaben d&#8217;entrar a l&#8217;esplai i que poc a poc van adquirint responsabilitats. Va ser una vetllada m\u00e0gica i nost\u00e0lgica, vam tractar molts temes i vam empatitzar amb les diferents opinions i sensacions que anaven sorgint i s&#8217;anaven exposant. En acabar, vam gaudir de la festa i la disbauxa en un ambient de <em>bonrollisme\u00a0<\/em>col\u00b7lectiu! Ens vam disfressar, vam ballar i ens vam anar coneixent una mica m\u00e9s. Torn\u00e0vem a recuperar l&#8217;ess\u00e8ncia de les antigues Trobades de Monis!<\/p>\n<p align=\"justify\">L&#8217;endem\u00e0 vam gaudir d&#8217;una formaci\u00f3 d&#8217;Organitzaci\u00f3 i Cohesi\u00f3 d&#8217;Equips de m\u00e0 de Jordi Navarro. En aquesta formaci\u00f3 ens vam plantejar moltes coses: Som un grup? Som un equip? Quin rol assumeixo? Com funciona el meu esplai? L&#8217;organitzaci\u00f3 est\u00e0 clara per tothom?&#8230; Aix\u00f2 ens va servir per repassar la situaci\u00f3 dels nostres esplais, con\u00e8ixer els seus punts forts i els punts a millorar, con\u00e8ixer i obrir-nos a altres realitats i replantejar-nos qui som i qu\u00e8 volem. La Trobada de Monis va ser \u00fatil, necess\u00e0ria i enriquidora. En vam fer un balan\u00e7 positiu i ens va servir per carregar-nos d&#8217;energia de l&#8217;esplai!<\/p>\n<p align=\"justify\">A partir d&#8217;ara encarem la Trobada de Joves Intersectorial amb moltes ganes i il\u00b7lusi\u00f3 i treballarem per refor\u00e7ar el Sector Camp de Tarragona\u00a0en tot el que queda de curs!<\/p>\n","protected":false},"excerpt":{"rendered":"<p>El passat cap de setmana, 4 i 5 de mar\u00e7, [&hellip;]<\/p>\n","protected":false},"author":3,"featured_media":24899,"comment_status":"closed","ping_status":"open","sticky":false,"template":"","format":"standard","meta":{"om_disable_all_campaigns":false,"_monsterinsights_skip_tracking":false,"_monsterinsights_sitenote_active":false,"_monsterinsights_sitenote_note":"","_monsterinsights_sitenote_category":0,"_uf_show_specific_survey":0,"_uf_disable_surveys":false,"footnotes":""},"categories":[1110,1122],"tags":[774,840,54,841,681],"class_list":["post-24898","post","type-post","status-publish","format-standard","has-post-thumbnail","hentry","category-activitats-sectors","category-sector-camp-de-tarragona","tag-camp-de-tarragona","tag-de-copes-amb","tag-formacio","tag-trobada-de-joves-intersectorial","tag-trobada-de-monitors-i-monitores"],"yoast_head":"<!-- This site is optimized with the Yoast SEO plugin v27.5 - https:\/\/yoast.com\/product\/yoast-seo-wordpress\/ -->\n<title>Els i les monitores del Camp de Tarragona passen un cap de setmana de formaci\u00f3 i conviv\u00e8ncia - Esplac<\/title>\n<meta name=\"robots\" content=\"index, follow, max-snippet:-1, max-image-preview:large, max-video-preview:-1\" \/>\n<link rel=\"canonical\" href=\"https:\/\/www.esplac.cat\/els-i-les-monitores-del-camp-de-tarragona-passen-un-cap-de-setmana-de-formacio-i-convivencia\/\" \/>\n<meta property=\"og:locale\" content=\"es_ES\" \/>\n<meta property=\"og:type\" content=\"article\" \/>\n<meta property=\"og:title\" content=\"Els i les monitores del Camp de Tarragona passen un cap de setmana de formaci\u00f3 i conviv\u00e8ncia - Esplac\" \/>\n<meta property=\"og:description\" content=\"El passat cap de setmana, 4 i 5 de mar\u00e7, [&hellip;]\" \/>\n<meta property=\"og:url\" content=\"https:\/\/www.esplac.cat\/els-i-les-monitores-del-camp-de-tarragona-passen-un-cap-de-setmana-de-formacio-i-convivencia\/\" \/>\n<meta property=\"og:site_name\" content=\"Esplac\" \/>\n<meta property=\"article:published_time\" content=\"2017-03-07T12:34:48+00:00\" \/>\n<meta property=\"og:image\" content=\"https:\/\/www.esplac.cat\/wp-content\/uploads\/2017\/03\/20170307_TM-Cdt.jpg\" \/>\n\t<meta property=\"og:image:width\" content=\"847\" \/>\n\t<meta property=\"og:image:height\" content=\"350\" \/>\n\t<meta property=\"og:image:type\" content=\"image\/jpeg\" \/>\n<meta name=\"author\" content=\"Comunicaci\u00f3 Esplac\" \/>\n<meta name=\"twitter:card\" content=\"summary_large_image\" \/>\n<meta name=\"twitter:label1\" content=\"Escrito por\" \/>\n\t<meta name=\"twitter:data1\" content=\"Comunicaci\u00f3 Esplac\" \/>\n\t<meta name=\"twitter:label2\" content=\"Tiempo de lectura\" \/>\n\t<meta name=\"twitter:data2\" content=\"3 minutos\" \/>\n<script type=\"application\/ld+json\" class=\"yoast-schema-graph\">{\"@context\":\"https:\\\/\\\/schema.org\",\"@graph\":[{\"@type\":\"Article\",\"@id\":\"https:\\\/\\\/www.esplac.cat\\\/els-i-les-monitores-del-camp-de-tarragona-passen-un-cap-de-setmana-de-formacio-i-convivencia\\\/#article\",\"isPartOf\":{\"@id\":\"https:\\\/\\\/www.esplac.cat\\\/els-i-les-monitores-del-camp-de-tarragona-passen-un-cap-de-setmana-de-formacio-i-convivencia\\\/\"},\"author\":{\"name\":\"Comunicaci\u00f3 Esplac\",\"@id\":\"https:\\\/\\\/www.esplac.cat\\\/#\\\/schema\\\/person\\\/908383cf240be18b68f8855d0583faca\"},\"headline\":\"Els i les monitores del Camp de Tarragona passen un cap de setmana de formaci\u00f3 i conviv\u00e8ncia\",\"datePublished\":\"2017-03-07T12:34:48+00:00\",\"mainEntityOfPage\":{\"@id\":\"https:\\\/\\\/www.esplac.cat\\\/els-i-les-monitores-del-camp-de-tarragona-passen-un-cap-de-setmana-de-formacio-i-convivencia\\\/\"},\"wordCount\":543,\"publisher\":{\"@id\":\"https:\\\/\\\/www.esplac.cat\\\/#organization\"},\"image\":{\"@id\":\"https:\\\/\\\/www.esplac.cat\\\/els-i-les-monitores-del-camp-de-tarragona-passen-un-cap-de-setmana-de-formacio-i-convivencia\\\/#primaryimage\"},\"thumbnailUrl\":\"https:\\\/\\\/www.esplac.cat\\\/wp-content\\\/uploads\\\/2017\\\/03\\\/20170307_TM-Cdt.jpg\",\"keywords\":[\"Camp de Tarragona\",\"De copes amb\",\"formaci\u00f3\",\"Trobada de Joves Intersectorial\",\"trobada de monitors i monitores\"],\"articleSection\":[\"Activitats sectors\",\"Sector Camp de Tarragona\"],\"inLanguage\":\"es\"},{\"@type\":\"WebPage\",\"@id\":\"https:\\\/\\\/www.esplac.cat\\\/els-i-les-monitores-del-camp-de-tarragona-passen-un-cap-de-setmana-de-formacio-i-convivencia\\\/\",\"url\":\"https:\\\/\\\/www.esplac.cat\\\/els-i-les-monitores-del-camp-de-tarragona-passen-un-cap-de-setmana-de-formacio-i-convivencia\\\/\",\"name\":\"Els i les monitores del Camp de Tarragona passen un cap de setmana de formaci\u00f3 i conviv\u00e8ncia - Esplac\",\"isPartOf\":{\"@id\":\"https:\\\/\\\/www.esplac.cat\\\/#website\"},\"primaryImageOfPage\":{\"@id\":\"https:\\\/\\\/www.esplac.cat\\\/els-i-les-monitores-del-camp-de-tarragona-passen-un-cap-de-setmana-de-formacio-i-convivencia\\\/#primaryimage\"},\"image\":{\"@id\":\"https:\\\/\\\/www.esplac.cat\\\/els-i-les-monitores-del-camp-de-tarragona-passen-un-cap-de-setmana-de-formacio-i-convivencia\\\/#primaryimage\"},\"thumbnailUrl\":\"https:\\\/\\\/www.esplac.cat\\\/wp-content\\\/uploads\\\/2017\\\/03\\\/20170307_TM-Cdt.jpg\",\"datePublished\":\"2017-03-07T12:34:48+00:00\",\"breadcrumb\":{\"@id\":\"https:\\\/\\\/www.esplac.cat\\\/els-i-les-monitores-del-camp-de-tarragona-passen-un-cap-de-setmana-de-formacio-i-convivencia\\\/#breadcrumb\"},\"inLanguage\":\"es\",\"potentialAction\":[{\"@type\":\"ReadAction\",\"target\":[\"https:\\\/\\\/www.esplac.cat\\\/els-i-les-monitores-del-camp-de-tarragona-passen-un-cap-de-setmana-de-formacio-i-convivencia\\\/\"]}]},{\"@type\":\"ImageObject\",\"inLanguage\":\"es\",\"@id\":\"https:\\\/\\\/www.esplac.cat\\\/els-i-les-monitores-del-camp-de-tarragona-passen-un-cap-de-setmana-de-formacio-i-convivencia\\\/#primaryimage\",\"url\":\"https:\\\/\\\/www.esplac.cat\\\/wp-content\\\/uploads\\\/2017\\\/03\\\/20170307_TM-Cdt.jpg\",\"contentUrl\":\"https:\\\/\\\/www.esplac.cat\\\/wp-content\\\/uploads\\\/2017\\\/03\\\/20170307_TM-Cdt.jpg\",\"width\":847,\"height\":350},{\"@type\":\"BreadcrumbList\",\"@id\":\"https:\\\/\\\/www.esplac.cat\\\/els-i-les-monitores-del-camp-de-tarragona-passen-un-cap-de-setmana-de-formacio-i-convivencia\\\/#breadcrumb\",\"itemListElement\":[{\"@type\":\"ListItem\",\"position\":1,\"name\":\"Inici\",\"item\":\"https:\\\/\\\/www.esplac.cat\\\/es\\\/\"},{\"@type\":\"ListItem\",\"position\":2,\"name\":\"Els i les monitores del Camp de Tarragona passen un cap de setmana de formaci\u00f3 i conviv\u00e8ncia\"}]},{\"@type\":\"WebSite\",\"@id\":\"https:\\\/\\\/www.esplac.cat\\\/#website\",\"url\":\"https:\\\/\\\/www.esplac.cat\\\/\",\"name\":\"Esplac\",\"description\":\"Esplais Catalans\",\"publisher\":{\"@id\":\"https:\\\/\\\/www.esplac.cat\\\/#organization\"},\"potentialAction\":[{\"@type\":\"SearchAction\",\"target\":{\"@type\":\"EntryPoint\",\"urlTemplate\":\"https:\\\/\\\/www.esplac.cat\\\/?s={search_term_string}\"},\"query-input\":{\"@type\":\"PropertyValueSpecification\",\"valueRequired\":true,\"valueName\":\"search_term_string\"}}],\"inLanguage\":\"es\"},{\"@type\":\"Organization\",\"@id\":\"https:\\\/\\\/www.esplac.cat\\\/#organization\",\"name\":\"Esplac\",\"url\":\"https:\\\/\\\/www.esplac.cat\\\/\",\"logo\":{\"@type\":\"ImageObject\",\"inLanguage\":\"es\",\"@id\":\"https:\\\/\\\/www.esplac.cat\\\/#\\\/schema\\\/logo\\\/image\\\/\",\"url\":\"https:\\\/\\\/www.esplac.cat\\\/wp-content\\\/uploads\\\/2019\\\/08\\\/logox2.png\",\"contentUrl\":\"https:\\\/\\\/www.esplac.cat\\\/wp-content\\\/uploads\\\/2019\\\/08\\\/logox2.png\",\"width\":600,\"height\":295,\"caption\":\"Esplac\"},\"image\":{\"@id\":\"https:\\\/\\\/www.esplac.cat\\\/#\\\/schema\\\/logo\\\/image\\\/\"}},{\"@type\":\"Person\",\"@id\":\"https:\\\/\\\/www.esplac.cat\\\/#\\\/schema\\\/person\\\/908383cf240be18b68f8855d0583faca\",\"name\":\"Comunicaci\u00f3 Esplac\",\"image\":{\"@type\":\"ImageObject\",\"inLanguage\":\"es\",\"@id\":\"https:\\\/\\\/secure.gravatar.com\\\/avatar\\\/7a4cf8feb412a76ea4a740ca02d95b06b2907b5a6c648c2dd0a1082a093c3141?s=96&d=mm&r=g\",\"url\":\"https:\\\/\\\/secure.gravatar.com\\\/avatar\\\/7a4cf8feb412a76ea4a740ca02d95b06b2907b5a6c648c2dd0a1082a093c3141?s=96&d=mm&r=g\",\"contentUrl\":\"https:\\\/\\\/secure.gravatar.com\\\/avatar\\\/7a4cf8feb412a76ea4a740ca02d95b06b2907b5a6c648c2dd0a1082a093c3141?s=96&d=mm&r=g\",\"caption\":\"Comunicaci\u00f3 Esplac\"}}]}<\/script>\n<!-- \/ Yoast SEO plugin. -->","yoast_head_json":{"title":"Els i les monitores del Camp de Tarragona passen un cap de setmana de formaci\u00f3 i conviv\u00e8ncia - Esplac","robots":{"index":"index","follow":"follow","max-snippet":"max-snippet:-1","max-image-preview":"max-image-preview:large","max-video-preview":"max-video-preview:-1"},"canonical":"https:\/\/www.esplac.cat\/els-i-les-monitores-del-camp-de-tarragona-passen-un-cap-de-setmana-de-formacio-i-convivencia\/","og_locale":"es_ES","og_type":"article","og_title":"Els i les monitores del Camp de Tarragona passen un cap de setmana de formaci\u00f3 i conviv\u00e8ncia - Esplac","og_description":"El passat cap de setmana, 4 i 5 de mar\u00e7, [&hellip;]","og_url":"https:\/\/www.esplac.cat\/els-i-les-monitores-del-camp-de-tarragona-passen-un-cap-de-setmana-de-formacio-i-convivencia\/","og_site_name":"Esplac","article_published_time":"2017-03-07T12:34:48+00:00","og_image":[{"width":847,"height":350,"url":"https:\/\/www.esplac.cat\/wp-content\/uploads\/2017\/03\/20170307_TM-Cdt.jpg","type":"image\/jpeg"}],"author":"Comunicaci\u00f3 Esplac","twitter_card":"summary_large_image","twitter_misc":{"Escrito por":"Comunicaci\u00f3 Esplac","Tiempo de lectura":"3 minutos"},"schema":{"@context":"https:\/\/schema.org","@graph":[{"@type":"Article","@id":"https:\/\/www.esplac.cat\/els-i-les-monitores-del-camp-de-tarragona-passen-un-cap-de-setmana-de-formacio-i-convivencia\/#article","isPartOf":{"@id":"https:\/\/www.esplac.cat\/els-i-les-monitores-del-camp-de-tarragona-passen-un-cap-de-setmana-de-formacio-i-convivencia\/"},"author":{"name":"Comunicaci\u00f3 Esplac","@id":"https:\/\/www.esplac.cat\/#\/schema\/person\/908383cf240be18b68f8855d0583faca"},"headline":"Els i les monitores del Camp de Tarragona passen un cap de setmana de formaci\u00f3 i conviv\u00e8ncia","datePublished":"2017-03-07T12:34:48+00:00","mainEntityOfPage":{"@id":"https:\/\/www.esplac.cat\/els-i-les-monitores-del-camp-de-tarragona-passen-un-cap-de-setmana-de-formacio-i-convivencia\/"},"wordCount":543,"publisher":{"@id":"https:\/\/www.esplac.cat\/#organization"},"image":{"@id":"https:\/\/www.esplac.cat\/els-i-les-monitores-del-camp-de-tarragona-passen-un-cap-de-setmana-de-formacio-i-convivencia\/#primaryimage"},"thumbnailUrl":"https:\/\/www.esplac.cat\/wp-content\/uploads\/2017\/03\/20170307_TM-Cdt.jpg","keywords":["Camp de Tarragona","De copes amb","formaci\u00f3","Trobada de Joves Intersectorial","trobada de monitors i monitores"],"articleSection":["Activitats sectors","Sector Camp de Tarragona"],"inLanguage":"es"},{"@type":"WebPage","@id":"https:\/\/www.esplac.cat\/els-i-les-monitores-del-camp-de-tarragona-passen-un-cap-de-setmana-de-formacio-i-convivencia\/","url":"https:\/\/www.esplac.cat\/els-i-les-monitores-del-camp-de-tarragona-passen-un-cap-de-setmana-de-formacio-i-convivencia\/","name":"Els i les monitores del Camp de Tarragona passen un cap de setmana de formaci\u00f3 i conviv\u00e8ncia - Esplac","isPartOf":{"@id":"https:\/\/www.esplac.cat\/#website"},"primaryImageOfPage":{"@id":"https:\/\/www.esplac.cat\/els-i-les-monitores-del-camp-de-tarragona-passen-un-cap-de-setmana-de-formacio-i-convivencia\/#primaryimage"},"image":{"@id":"https:\/\/www.esplac.cat\/els-i-les-monitores-del-camp-de-tarragona-passen-un-cap-de-setmana-de-formacio-i-convivencia\/#primaryimage"},"thumbnailUrl":"https:\/\/www.esplac.cat\/wp-content\/uploads\/2017\/03\/20170307_TM-Cdt.jpg","datePublished":"2017-03-07T12:34:48+00:00","breadcrumb":{"@id":"https:\/\/www.esplac.cat\/els-i-les-monitores-del-camp-de-tarragona-passen-un-cap-de-setmana-de-formacio-i-convivencia\/#breadcrumb"},"inLanguage":"es","potentialAction":[{"@type":"ReadAction","target":["https:\/\/www.esplac.cat\/els-i-les-monitores-del-camp-de-tarragona-passen-un-cap-de-setmana-de-formacio-i-convivencia\/"]}]},{"@type":"ImageObject","inLanguage":"es","@id":"https:\/\/www.esplac.cat\/els-i-les-monitores-del-camp-de-tarragona-passen-un-cap-de-setmana-de-formacio-i-convivencia\/#primaryimage","url":"https:\/\/www.esplac.cat\/wp-content\/uploads\/2017\/03\/20170307_TM-Cdt.jpg","contentUrl":"https:\/\/www.esplac.cat\/wp-content\/uploads\/2017\/03\/20170307_TM-Cdt.jpg","width":847,"height":350},{"@type":"BreadcrumbList","@id":"https:\/\/www.esplac.cat\/els-i-les-monitores-del-camp-de-tarragona-passen-un-cap-de-setmana-de-formacio-i-convivencia\/#breadcrumb","itemListElement":[{"@type":"ListItem","position":1,"name":"Inici","item":"https:\/\/www.esplac.cat\/es\/"},{"@type":"ListItem","position":2,"name":"Els i les monitores del Camp de Tarragona passen un cap de setmana de formaci\u00f3 i conviv\u00e8ncia"}]},{"@type":"WebSite","@id":"https:\/\/www.esplac.cat\/#website","url":"https:\/\/www.esplac.cat\/","name":"Esplac","description":"Esplais Catalans","publisher":{"@id":"https:\/\/www.esplac.cat\/#organization"},"potentialAction":[{"@type":"SearchAction","target":{"@type":"EntryPoint","urlTemplate":"https:\/\/www.esplac.cat\/?s={search_term_string}"},"query-input":{"@type":"PropertyValueSpecification","valueRequired":true,"valueName":"search_term_string"}}],"inLanguage":"es"},{"@type":"Organization","@id":"https:\/\/www.esplac.cat\/#organization","name":"Esplac","url":"https:\/\/www.esplac.cat\/","logo":{"@type":"ImageObject","inLanguage":"es","@id":"https:\/\/www.esplac.cat\/#\/schema\/logo\/image\/","url":"https:\/\/www.esplac.cat\/wp-content\/uploads\/2019\/08\/logox2.png","contentUrl":"https:\/\/www.esplac.cat\/wp-content\/uploads\/2019\/08\/logox2.png","width":600,"height":295,"caption":"Esplac"},"image":{"@id":"https:\/\/www.esplac.cat\/#\/schema\/logo\/image\/"}},{"@type":"Person","@id":"https:\/\/www.esplac.cat\/#\/schema\/person\/908383cf240be18b68f8855d0583faca","name":"Comunicaci\u00f3 Esplac","image":{"@type":"ImageObject","inLanguage":"es","@id":"https:\/\/secure.gravatar.com\/avatar\/7a4cf8feb412a76ea4a740ca02d95b06b2907b5a6c648c2dd0a1082a093c3141?s=96&d=mm&r=g","url":"https:\/\/secure.gravatar.com\/avatar\/7a4cf8feb412a76ea4a740ca02d95b06b2907b5a6c648c2dd0a1082a093c3141?s=96&d=mm&r=g","contentUrl":"https:\/\/secure.gravatar.com\/avatar\/7a4cf8feb412a76ea4a740ca02d95b06b2907b5a6c648c2dd0a1082a093c3141?s=96&d=mm&r=g","caption":"Comunicaci\u00f3 Esplac"}}]}},"_links":{"self":[{"href":"https:\/\/www.esplac.cat\/es\/wp-json\/wp\/v2\/posts\/24898","targetHints":{"allow":["GET"]}}],"collection":[{"href":"https:\/\/www.esplac.cat\/es\/wp-json\/wp\/v2\/posts"}],"about":[{"href":"https:\/\/www.esplac.cat\/es\/wp-json\/wp\/v2\/types\/post"}],"author":[{"embeddable":true,"href":"https:\/\/www.esplac.cat\/es\/wp-json\/wp\/v2\/users\/3"}],"replies":[{"embeddable":true,"href":"https:\/\/www.esplac.cat\/es\/wp-json\/wp\/v2\/comments?post=24898"}],"version-history":[{"count":0,"href":"https:\/\/www.esplac.cat\/es\/wp-json\/wp\/v2\/posts\/24898\/revisions"}],"wp:featuredmedia":[{"embeddable":true,"href":"https:\/\/www.esplac.cat\/es\/wp-json\/wp\/v2\/media\/24899"}],"wp:attachment":[{"href":"https:\/\/www.esplac.cat\/es\/wp-json\/wp\/v2\/media?parent=24898"}],"wp:term":[{"taxonomy":"category","embeddable":true,"href":"https:\/\/www.esplac.cat\/es\/wp-json\/wp\/v2\/categories?post=24898"},{"taxonomy":"post_tag","embeddable":true,"href":"https:\/\/www.esplac.cat\/es\/wp-json\/wp\/v2\/tags?post=24898"}],"curies":[{"name":"wp","href":"https:\/\/api.w.org\/{rel}","templated":true}]}}