{"id":24900,"date":"2017-03-01T12:43:02","date_gmt":"2017-03-01T10:43:02","guid":{"rendered":"http:\/\/www.esplac.cat\/?p=12334"},"modified":"2017-03-01T12:43:02","modified_gmt":"2017-03-01T10:43:02","slug":"el-sector-girona-dona-la-benvinguda-a-lesplai-medinya","status":"publish","type":"post","link":"https:\/\/www.esplac.cat\/es\/el-sector-girona-dona-la-benvinguda-a-lesplai-medinya\/","title":{"rendered":"El sector Girona d\u00f3na la benvinguda a l&#8217;esplai Mediny\u00e0"},"content":{"rendered":"<h4>El petit per\u00f2 potent sector Girona ens v\u00e0rem trobar el passat dia 18 de Febrer a Mediny\u00e0 per fer la primera trobada d&#8217;infants d&#8217;aquest any 2017, on vam donar la benvinguda oficial al nostre sector a l&#8217;esplai de Mediny\u00e0<\/h4>\n<p>La trobada d&#8217;infants que ha celebrat el sector Girona ha tingut un moment especial: va servir per donar la benvinguda a l&#8217;esplai Mediny\u00e0! Aquest esplai va entrar a la 35a Assemblea General Ordin\u00e0ria del passat novembre a formar part d&#8217;Esplac!<\/p>\n<p>La trobada va comen\u00e7ar amb l&#8217;arribada dels esplais Papu-Tisores (Llagostera) i La Teranyina\u00a0(Amer) de bon mat\u00ed, quan es va donar inici a la trobada tot fent una rotllana gegant d&#8217;infants, joves, monitors i monitores ballant una dansa.\u00a0Al llarg del mat\u00ed, per grups d&#8217;edat es va realitzar una gimcana d&#8217;orientaci\u00f3 pel poble de Mediny\u00e0, la qual va servir per potenciar el treball en equip i la coneixen\u00e7a entre els infants i joves del sector. Un cop recollides totes les peces de puzzle marcades al mapa, vam anar cap a l&#8217;espai de trobada per fer un dinar en germanor.<\/p>\n<p>All\u00e0 ens hi esperaven persones de l&#8217;equip de coordinaci\u00f3 d&#8217;Esplac, que ens van fer una visita, mentres els infants i joves gaudien d&#8217;una estona conjunta. A la tarda, un cop pa\u00eft el dinar i enmig de badalls d&#8217;alguns dels infants m\u00e9s petitons de la trobada, vam comen\u00e7ar l&#8217;activitat que hi havia programada per la tarda. Aquesta consistia en un joc per estacions, seguint els mateixos grups d&#8217;edat que s&#8217;havien organitzat al mat\u00ed, i va funcionar sobre rodes fins a l&#8217;hora de berenar.<\/p>\n<p>Les coques de Mediny\u00e0 s\u00f3n bon\u00edssimes, i m\u00e9s d&#8217;un jove es va quedar amb ganes de repetir!<br \/>\nI com sempre va arribar l&#8217;hora del comiat. Tal com haviem comen\u00e7at, vam acabar, tot fent una macrorotllana i ballant, per\u00f2 aquesta vegada amb m\u00e9s complicitat!<\/p>\n<p><a href=\"http:\/\/www.esplac.cat\/wp-content\/uploads\/2017\/03\/20170228_TI-Girona-Medinya\u0300.jpg\"><img decoding=\"async\" class=\"aligncenter size-large wp-image-12337\" src=\"http:\/\/www.esplac.cat\/wp-content\/uploads\/2017\/03\/20170228_TI-Girona-Medinya\u0300-1024x768.jpg\" alt=\"\" width=\"770\" height=\"578\" srcset=\"https:\/\/www.esplac.cat\/wp-content\/uploads\/2017\/03\/20170228_TI-Girona-Medinya\u0300-200x150.jpg 200w, https:\/\/www.esplac.cat\/wp-content\/uploads\/2017\/03\/20170228_TI-Girona-Medinya\u0300-300x225.jpg 300w, https:\/\/www.esplac.cat\/wp-content\/uploads\/2017\/03\/20170228_TI-Girona-Medinya\u0300-400x300.jpg 400w, https:\/\/www.esplac.cat\/wp-content\/uploads\/2017\/03\/20170228_TI-Girona-Medinya\u0300-600x450.jpg 600w, https:\/\/www.esplac.cat\/wp-content\/uploads\/2017\/03\/20170228_TI-Girona-Medinya\u0300-768x576.jpg 768w, https:\/\/www.esplac.cat\/wp-content\/uploads\/2017\/03\/20170228_TI-Girona-Medinya\u0300-800x600.jpg 800w, https:\/\/www.esplac.cat\/wp-content\/uploads\/2017\/03\/20170228_TI-Girona-Medinya\u0300-1024x768.jpg 1024w, https:\/\/www.esplac.cat\/wp-content\/uploads\/2017\/03\/20170228_TI-Girona-Medinya\u0300-1200x900.jpg 1200w, https:\/\/www.esplac.cat\/wp-content\/uploads\/2017\/03\/20170228_TI-Girona-Medinya\u0300.jpg 1600w\" sizes=\"(max-width: 770px) 100vw, 770px\" \/><\/a><\/p>\n","protected":false},"excerpt":{"rendered":"<p>El petit per\u00f2 potent sector Girona ens v\u00e0rem trobar el [&hellip;]<\/p>\n","protected":false},"author":3,"featured_media":24902,"comment_status":"closed","ping_status":"open","sticky":false,"template":"","format":"standard","meta":{"om_disable_all_campaigns":false,"_monsterinsights_skip_tracking":false,"_monsterinsights_sitenote_active":false,"_monsterinsights_sitenote_note":"","_monsterinsights_sitenote_category":0,"_uf_show_specific_survey":0,"_uf_disable_surveys":false,"footnotes":""},"categories":[1110,1130],"tags":[839,503,121,716,24],"class_list":["post-24900","post","type-post","status-publish","format-standard","has-post-thumbnail","hentry","category-activitats-sectors","category-sector-girona","tag-medinya","tag-papu-tisores","tag-sector-girona","tag-teranyina","tag-trobada-dinfants"],"yoast_head":"<!-- This site is optimized with the Yoast SEO plugin v27.4 - https:\/\/yoast.com\/product\/yoast-seo-wordpress\/ -->\n<title>El sector Girona d\u00f3na la benvinguda a l&#039;esplai Mediny\u00e0 - Esplac<\/title>\n<meta name=\"robots\" content=\"index, follow, max-snippet:-1, max-image-preview:large, max-video-preview:-1\" \/>\n<link rel=\"canonical\" href=\"https:\/\/www.esplac.cat\/el-sector-girona-dona-la-benvinguda-a-lesplai-medinya\/\" \/>\n<meta property=\"og:locale\" content=\"es_ES\" \/>\n<meta property=\"og:type\" content=\"article\" \/>\n<meta property=\"og:title\" content=\"El sector Girona d\u00f3na la benvinguda a l&#039;esplai Mediny\u00e0 - Esplac\" \/>\n<meta property=\"og:description\" content=\"El petit per\u00f2 potent sector Girona ens v\u00e0rem trobar el [&hellip;]\" \/>\n<meta property=\"og:url\" content=\"https:\/\/www.esplac.cat\/el-sector-girona-dona-la-benvinguda-a-lesplai-medinya\/\" \/>\n<meta property=\"og:site_name\" content=\"Esplac\" \/>\n<meta property=\"article:published_time\" content=\"2017-03-01T10:43:02+00:00\" \/>\n<meta property=\"og:image\" content=\"https:\/\/www.esplac.cat\/wp-content\/uploads\/2017\/03\/20170301_benvinguda-medinya.jpg\" \/>\n\t<meta property=\"og:image:width\" content=\"847\" \/>\n\t<meta property=\"og:image:height\" content=\"350\" \/>\n\t<meta property=\"og:image:type\" content=\"image\/jpeg\" \/>\n<meta name=\"author\" content=\"Comunicaci\u00f3 Esplac\" \/>\n<meta name=\"twitter:card\" content=\"summary_large_image\" \/>\n<meta name=\"twitter:label1\" content=\"Escrito por\" \/>\n\t<meta name=\"twitter:data1\" content=\"Comunicaci\u00f3 Esplac\" \/>\n\t<meta name=\"twitter:label2\" content=\"Tiempo de lectura\" \/>\n\t<meta name=\"twitter:data2\" content=\"2 minutos\" \/>\n<script type=\"application\/ld+json\" class=\"yoast-schema-graph\">{\"@context\":\"https:\\\/\\\/schema.org\",\"@graph\":[{\"@type\":\"Article\",\"@id\":\"https:\\\/\\\/www.esplac.cat\\\/el-sector-girona-dona-la-benvinguda-a-lesplai-medinya\\\/#article\",\"isPartOf\":{\"@id\":\"https:\\\/\\\/www.esplac.cat\\\/el-sector-girona-dona-la-benvinguda-a-lesplai-medinya\\\/\"},\"author\":{\"name\":\"Comunicaci\u00f3 Esplac\",\"@id\":\"https:\\\/\\\/www.esplac.cat\\\/#\\\/schema\\\/person\\\/908383cf240be18b68f8855d0583faca\"},\"headline\":\"El sector Girona d\u00f3na la benvinguda a l&#8217;esplai Mediny\u00e0\",\"datePublished\":\"2017-03-01T10:43:02+00:00\",\"mainEntityOfPage\":{\"@id\":\"https:\\\/\\\/www.esplac.cat\\\/el-sector-girona-dona-la-benvinguda-a-lesplai-medinya\\\/\"},\"wordCount\":345,\"publisher\":{\"@id\":\"https:\\\/\\\/www.esplac.cat\\\/#organization\"},\"image\":{\"@id\":\"https:\\\/\\\/www.esplac.cat\\\/el-sector-girona-dona-la-benvinguda-a-lesplai-medinya\\\/#primaryimage\"},\"thumbnailUrl\":\"https:\\\/\\\/www.esplac.cat\\\/wp-content\\\/uploads\\\/2017\\\/03\\\/20170301_benvinguda-medinya.jpg\",\"keywords\":[\"Mediny\u00e0\",\"papu-tisores\",\"sector Girona\",\"Teranyina\",\"trobada d'infants\"],\"articleSection\":[\"Activitats sectors\",\"Sector Girona\"],\"inLanguage\":\"es\"},{\"@type\":\"WebPage\",\"@id\":\"https:\\\/\\\/www.esplac.cat\\\/el-sector-girona-dona-la-benvinguda-a-lesplai-medinya\\\/\",\"url\":\"https:\\\/\\\/www.esplac.cat\\\/el-sector-girona-dona-la-benvinguda-a-lesplai-medinya\\\/\",\"name\":\"El sector Girona d\u00f3na la benvinguda a l'esplai Mediny\u00e0 - Esplac\",\"isPartOf\":{\"@id\":\"https:\\\/\\\/www.esplac.cat\\\/#website\"},\"primaryImageOfPage\":{\"@id\":\"https:\\\/\\\/www.esplac.cat\\\/el-sector-girona-dona-la-benvinguda-a-lesplai-medinya\\\/#primaryimage\"},\"image\":{\"@id\":\"https:\\\/\\\/www.esplac.cat\\\/el-sector-girona-dona-la-benvinguda-a-lesplai-medinya\\\/#primaryimage\"},\"thumbnailUrl\":\"https:\\\/\\\/www.esplac.cat\\\/wp-content\\\/uploads\\\/2017\\\/03\\\/20170301_benvinguda-medinya.jpg\",\"datePublished\":\"2017-03-01T10:43:02+00:00\",\"breadcrumb\":{\"@id\":\"https:\\\/\\\/www.esplac.cat\\\/el-sector-girona-dona-la-benvinguda-a-lesplai-medinya\\\/#breadcrumb\"},\"inLanguage\":\"es\",\"potentialAction\":[{\"@type\":\"ReadAction\",\"target\":[\"https:\\\/\\\/www.esplac.cat\\\/el-sector-girona-dona-la-benvinguda-a-lesplai-medinya\\\/\"]}]},{\"@type\":\"ImageObject\",\"inLanguage\":\"es\",\"@id\":\"https:\\\/\\\/www.esplac.cat\\\/el-sector-girona-dona-la-benvinguda-a-lesplai-medinya\\\/#primaryimage\",\"url\":\"https:\\\/\\\/www.esplac.cat\\\/wp-content\\\/uploads\\\/2017\\\/03\\\/20170301_benvinguda-medinya.jpg\",\"contentUrl\":\"https:\\\/\\\/www.esplac.cat\\\/wp-content\\\/uploads\\\/2017\\\/03\\\/20170301_benvinguda-medinya.jpg\",\"width\":847,\"height\":350},{\"@type\":\"BreadcrumbList\",\"@id\":\"https:\\\/\\\/www.esplac.cat\\\/el-sector-girona-dona-la-benvinguda-a-lesplai-medinya\\\/#breadcrumb\",\"itemListElement\":[{\"@type\":\"ListItem\",\"position\":1,\"name\":\"Inici\",\"item\":\"https:\\\/\\\/www.esplac.cat\\\/es\\\/\"},{\"@type\":\"ListItem\",\"position\":2,\"name\":\"El sector Girona d\u00f3na la benvinguda a l&#8217;esplai Mediny\u00e0\"}]},{\"@type\":\"WebSite\",\"@id\":\"https:\\\/\\\/www.esplac.cat\\\/#website\",\"url\":\"https:\\\/\\\/www.esplac.cat\\\/\",\"name\":\"Esplac\",\"description\":\"Esplais Catalans\",\"publisher\":{\"@id\":\"https:\\\/\\\/www.esplac.cat\\\/#organization\"},\"potentialAction\":[{\"@type\":\"SearchAction\",\"target\":{\"@type\":\"EntryPoint\",\"urlTemplate\":\"https:\\\/\\\/www.esplac.cat\\\/?s={search_term_string}\"},\"query-input\":{\"@type\":\"PropertyValueSpecification\",\"valueRequired\":true,\"valueName\":\"search_term_string\"}}],\"inLanguage\":\"es\"},{\"@type\":\"Organization\",\"@id\":\"https:\\\/\\\/www.esplac.cat\\\/#organization\",\"name\":\"Esplac\",\"url\":\"https:\\\/\\\/www.esplac.cat\\\/\",\"logo\":{\"@type\":\"ImageObject\",\"inLanguage\":\"es\",\"@id\":\"https:\\\/\\\/www.esplac.cat\\\/#\\\/schema\\\/logo\\\/image\\\/\",\"url\":\"https:\\\/\\\/www.esplac.cat\\\/wp-content\\\/uploads\\\/2019\\\/08\\\/logox2.png\",\"contentUrl\":\"https:\\\/\\\/www.esplac.cat\\\/wp-content\\\/uploads\\\/2019\\\/08\\\/logox2.png\",\"width\":600,\"height\":295,\"caption\":\"Esplac\"},\"image\":{\"@id\":\"https:\\\/\\\/www.esplac.cat\\\/#\\\/schema\\\/logo\\\/image\\\/\"}},{\"@type\":\"Person\",\"@id\":\"https:\\\/\\\/www.esplac.cat\\\/#\\\/schema\\\/person\\\/908383cf240be18b68f8855d0583faca\",\"name\":\"Comunicaci\u00f3 Esplac\",\"image\":{\"@type\":\"ImageObject\",\"inLanguage\":\"es\",\"@id\":\"https:\\\/\\\/secure.gravatar.com\\\/avatar\\\/7a4cf8feb412a76ea4a740ca02d95b06b2907b5a6c648c2dd0a1082a093c3141?s=96&d=mm&r=g\",\"url\":\"https:\\\/\\\/secure.gravatar.com\\\/avatar\\\/7a4cf8feb412a76ea4a740ca02d95b06b2907b5a6c648c2dd0a1082a093c3141?s=96&d=mm&r=g\",\"contentUrl\":\"https:\\\/\\\/secure.gravatar.com\\\/avatar\\\/7a4cf8feb412a76ea4a740ca02d95b06b2907b5a6c648c2dd0a1082a093c3141?s=96&d=mm&r=g\",\"caption\":\"Comunicaci\u00f3 Esplac\"}}]}<\/script>\n<!-- \/ Yoast SEO plugin. -->","yoast_head_json":{"title":"El sector Girona d\u00f3na la benvinguda a l'esplai Mediny\u00e0 - Esplac","robots":{"index":"index","follow":"follow","max-snippet":"max-snippet:-1","max-image-preview":"max-image-preview:large","max-video-preview":"max-video-preview:-1"},"canonical":"https:\/\/www.esplac.cat\/el-sector-girona-dona-la-benvinguda-a-lesplai-medinya\/","og_locale":"es_ES","og_type":"article","og_title":"El sector Girona d\u00f3na la benvinguda a l'esplai Mediny\u00e0 - Esplac","og_description":"El petit per\u00f2 potent sector Girona ens v\u00e0rem trobar el [&hellip;]","og_url":"https:\/\/www.esplac.cat\/el-sector-girona-dona-la-benvinguda-a-lesplai-medinya\/","og_site_name":"Esplac","article_published_time":"2017-03-01T10:43:02+00:00","og_image":[{"width":847,"height":350,"url":"https:\/\/www.esplac.cat\/wp-content\/uploads\/2017\/03\/20170301_benvinguda-medinya.jpg","type":"image\/jpeg"}],"author":"Comunicaci\u00f3 Esplac","twitter_card":"summary_large_image","twitter_misc":{"Escrito por":"Comunicaci\u00f3 Esplac","Tiempo de lectura":"2 minutos"},"schema":{"@context":"https:\/\/schema.org","@graph":[{"@type":"Article","@id":"https:\/\/www.esplac.cat\/el-sector-girona-dona-la-benvinguda-a-lesplai-medinya\/#article","isPartOf":{"@id":"https:\/\/www.esplac.cat\/el-sector-girona-dona-la-benvinguda-a-lesplai-medinya\/"},"author":{"name":"Comunicaci\u00f3 Esplac","@id":"https:\/\/www.esplac.cat\/#\/schema\/person\/908383cf240be18b68f8855d0583faca"},"headline":"El sector Girona d\u00f3na la benvinguda a l&#8217;esplai Mediny\u00e0","datePublished":"2017-03-01T10:43:02+00:00","mainEntityOfPage":{"@id":"https:\/\/www.esplac.cat\/el-sector-girona-dona-la-benvinguda-a-lesplai-medinya\/"},"wordCount":345,"publisher":{"@id":"https:\/\/www.esplac.cat\/#organization"},"image":{"@id":"https:\/\/www.esplac.cat\/el-sector-girona-dona-la-benvinguda-a-lesplai-medinya\/#primaryimage"},"thumbnailUrl":"https:\/\/www.esplac.cat\/wp-content\/uploads\/2017\/03\/20170301_benvinguda-medinya.jpg","keywords":["Mediny\u00e0","papu-tisores","sector Girona","Teranyina","trobada d'infants"],"articleSection":["Activitats sectors","Sector Girona"],"inLanguage":"es"},{"@type":"WebPage","@id":"https:\/\/www.esplac.cat\/el-sector-girona-dona-la-benvinguda-a-lesplai-medinya\/","url":"https:\/\/www.esplac.cat\/el-sector-girona-dona-la-benvinguda-a-lesplai-medinya\/","name":"El sector Girona d\u00f3na la benvinguda a l'esplai Mediny\u00e0 - Esplac","isPartOf":{"@id":"https:\/\/www.esplac.cat\/#website"},"primaryImageOfPage":{"@id":"https:\/\/www.esplac.cat\/el-sector-girona-dona-la-benvinguda-a-lesplai-medinya\/#primaryimage"},"image":{"@id":"https:\/\/www.esplac.cat\/el-sector-girona-dona-la-benvinguda-a-lesplai-medinya\/#primaryimage"},"thumbnailUrl":"https:\/\/www.esplac.cat\/wp-content\/uploads\/2017\/03\/20170301_benvinguda-medinya.jpg","datePublished":"2017-03-01T10:43:02+00:00","breadcrumb":{"@id":"https:\/\/www.esplac.cat\/el-sector-girona-dona-la-benvinguda-a-lesplai-medinya\/#breadcrumb"},"inLanguage":"es","potentialAction":[{"@type":"ReadAction","target":["https:\/\/www.esplac.cat\/el-sector-girona-dona-la-benvinguda-a-lesplai-medinya\/"]}]},{"@type":"ImageObject","inLanguage":"es","@id":"https:\/\/www.esplac.cat\/el-sector-girona-dona-la-benvinguda-a-lesplai-medinya\/#primaryimage","url":"https:\/\/www.esplac.cat\/wp-content\/uploads\/2017\/03\/20170301_benvinguda-medinya.jpg","contentUrl":"https:\/\/www.esplac.cat\/wp-content\/uploads\/2017\/03\/20170301_benvinguda-medinya.jpg","width":847,"height":350},{"@type":"BreadcrumbList","@id":"https:\/\/www.esplac.cat\/el-sector-girona-dona-la-benvinguda-a-lesplai-medinya\/#breadcrumb","itemListElement":[{"@type":"ListItem","position":1,"name":"Inici","item":"https:\/\/www.esplac.cat\/es\/"},{"@type":"ListItem","position":2,"name":"El sector Girona d\u00f3na la benvinguda a l&#8217;esplai Mediny\u00e0"}]},{"@type":"WebSite","@id":"https:\/\/www.esplac.cat\/#website","url":"https:\/\/www.esplac.cat\/","name":"Esplac","description":"Esplais Catalans","publisher":{"@id":"https:\/\/www.esplac.cat\/#organization"},"potentialAction":[{"@type":"SearchAction","target":{"@type":"EntryPoint","urlTemplate":"https:\/\/www.esplac.cat\/?s={search_term_string}"},"query-input":{"@type":"PropertyValueSpecification","valueRequired":true,"valueName":"search_term_string"}}],"inLanguage":"es"},{"@type":"Organization","@id":"https:\/\/www.esplac.cat\/#organization","name":"Esplac","url":"https:\/\/www.esplac.cat\/","logo":{"@type":"ImageObject","inLanguage":"es","@id":"https:\/\/www.esplac.cat\/#\/schema\/logo\/image\/","url":"https:\/\/www.esplac.cat\/wp-content\/uploads\/2019\/08\/logox2.png","contentUrl":"https:\/\/www.esplac.cat\/wp-content\/uploads\/2019\/08\/logox2.png","width":600,"height":295,"caption":"Esplac"},"image":{"@id":"https:\/\/www.esplac.cat\/#\/schema\/logo\/image\/"}},{"@type":"Person","@id":"https:\/\/www.esplac.cat\/#\/schema\/person\/908383cf240be18b68f8855d0583faca","name":"Comunicaci\u00f3 Esplac","image":{"@type":"ImageObject","inLanguage":"es","@id":"https:\/\/secure.gravatar.com\/avatar\/7a4cf8feb412a76ea4a740ca02d95b06b2907b5a6c648c2dd0a1082a093c3141?s=96&d=mm&r=g","url":"https:\/\/secure.gravatar.com\/avatar\/7a4cf8feb412a76ea4a740ca02d95b06b2907b5a6c648c2dd0a1082a093c3141?s=96&d=mm&r=g","contentUrl":"https:\/\/secure.gravatar.com\/avatar\/7a4cf8feb412a76ea4a740ca02d95b06b2907b5a6c648c2dd0a1082a093c3141?s=96&d=mm&r=g","caption":"Comunicaci\u00f3 Esplac"}}]}},"_links":{"self":[{"href":"https:\/\/www.esplac.cat\/es\/wp-json\/wp\/v2\/posts\/24900","targetHints":{"allow":["GET"]}}],"collection":[{"href":"https:\/\/www.esplac.cat\/es\/wp-json\/wp\/v2\/posts"}],"about":[{"href":"https:\/\/www.esplac.cat\/es\/wp-json\/wp\/v2\/types\/post"}],"author":[{"embeddable":true,"href":"https:\/\/www.esplac.cat\/es\/wp-json\/wp\/v2\/users\/3"}],"replies":[{"embeddable":true,"href":"https:\/\/www.esplac.cat\/es\/wp-json\/wp\/v2\/comments?post=24900"}],"version-history":[{"count":0,"href":"https:\/\/www.esplac.cat\/es\/wp-json\/wp\/v2\/posts\/24900\/revisions"}],"wp:featuredmedia":[{"embeddable":true,"href":"https:\/\/www.esplac.cat\/es\/wp-json\/wp\/v2\/media\/24902"}],"wp:attachment":[{"href":"https:\/\/www.esplac.cat\/es\/wp-json\/wp\/v2\/media?parent=24900"}],"wp:term":[{"taxonomy":"category","embeddable":true,"href":"https:\/\/www.esplac.cat\/es\/wp-json\/wp\/v2\/categories?post=24900"},{"taxonomy":"post_tag","embeddable":true,"href":"https:\/\/www.esplac.cat\/es\/wp-json\/wp\/v2\/tags?post=24900"}],"curies":[{"name":"wp","href":"https:\/\/api.w.org\/{rel}","templated":true}]}}