{"id":24904,"date":"2017-02-24T11:53:25","date_gmt":"2017-02-24T09:53:25","guid":{"rendered":"http:\/\/www.esplac.cat\/?p=12307"},"modified":"2017-02-24T11:53:25","modified_gmt":"2017-02-24T09:53:25","slug":"valles-on-nhi-cap-un-nhi-caben-dos","status":"publish","type":"post","link":"https:\/\/www.esplac.cat\/es\/valles-on-nhi-cap-un-nhi-caben-dos\/","title":{"rendered":"Vall\u00e8s: on n\u2019hi cap un, n\u2019hi caben dos!"},"content":{"rendered":"<h4>Durant la passada reuni\u00f3 de Sector del Vall\u00e8s aquest febrer vam dur a terme el segon debat sobre la divisi\u00f3 del nostre sector, aprovada en el Pla de Treball del curs.<\/h4>\n<p>El Sector Vall\u00e8s compta actualment amb 19 esplais repartits en dues comarques (el Vall\u00e8s Oriental i el Vall\u00e8s Occidental). Ha estat al llarg d\u2019aquests \u00faltims anys quan el sector ha crescut m\u00e9s notablement i sembla que seguir\u00e0 fent-ho.<\/p>\n<p>Aquest fet, juntament amb la mala comunicaci\u00f3 entre els Vallesos, la massificaci\u00f3 de les activitats, la baixa participaci\u00f3 en algunes comissions, la dificultat de poder fer una bona atenci\u00f3 a tots els esplais\u2026 Va fer que alguna vegada tingu\u00e9ssim el debat de si partir-nos en dos sectors o no, sense arribar a cap conclusi\u00f3.<\/p>\n<p>Finalment, al Pla de Treball aprovat a l\u2019Assemblea General del Sector del mes d\u2019octubre vam acordar que, al llarg d\u2019aquest curs portar\u00edem a debat quin era l\u2019estat del sector i quina perspectiva de futur hi veiem: si seguir treballant com un sol sector, o per contra, si vol\u00edem dividir-nos per tal de millorar la cohesi\u00f3, l\u2019atenci\u00f3 personalitzada, les activitats i el nostre dia a dia al sector.<\/p>\n<p>Al desembre, durant la reuni\u00f3 de sector, vam arribar a la conclusi\u00f3 que prefer\u00edem m\u00e9s qualitat a quantitat, i que per tant, la millor opci\u00f3 per a poder garantir una bona atenci\u00f3 personalitzada i una bona participaci\u00f3 a les activitats, era la divisi\u00f3 en dos sectors m\u00e9s petits.<\/p>\n<p>Aix\u00ed doncs, durant la reuni\u00f3 de sector de febrer vam comen\u00e7ar a definir, a partir d\u2019una enquesta que havien omplert els esplais, com ens vol\u00edem separar i quines activitats vol\u00edem fer juntes o separades els dos nous sectors.<\/p>\n<p>Despr\u00e9s d\u2019un llarg i intens debat, vam arribar a l\u2019acord que, a partir de la reuni\u00f3 de sector de juny, actuarem com dos sectors separats per tal de construir un pla de treball per cada sector, de manera que despr\u00e9s d\u2019aprovar la dissoluci\u00f3 del sector Vall\u00e8s i la creaci\u00f3 dels dos nous, a l\u2019AGO 2017 d\u2019Esplac es pugui ratificar la nostra decisi\u00f3.<\/p>\n<p>Una dels principals acords presos va ser que partirem des de la perspectiva de treball de 2 sectors independents, fent cadascun les seves activitats i que, en cas que sorg\u00eds la inquietud, ens podr\u00edem posar d\u2019acord per realitzar alguna activitat conjunta, igual que fan la resta de sectors d\u2019Esplac. Tot i aix\u00ed, finalment es va decidir que les comissions actuals de treball decidiran si volen doblar-se o continuar unides quan hi hagi dos nous sectors.<\/p>\n","protected":false},"excerpt":{"rendered":"<p>Durant la passada reuni\u00f3 de Sector del Vall\u00e8s aquest febrer [&hellip;]<\/p>\n","protected":false},"author":3,"featured_media":24905,"comment_status":"closed","ping_status":"open","sticky":false,"template":"","format":"standard","meta":{"om_disable_all_campaigns":false,"_monsterinsights_skip_tracking":false,"_monsterinsights_sitenote_active":false,"_monsterinsights_sitenote_note":"","_monsterinsights_sitenote_category":0,"_uf_show_specific_survey":0,"_uf_disable_surveys":false,"footnotes":""},"categories":[1137],"tags":[838,338],"class_list":["post-24904","post","type-post","status-publish","format-standard","has-post-thumbnail","hentry","category-sector-valles","tag-divisio-del-sector","tag-pla-de-treball"],"yoast_head":"<!-- This site is optimized with the Yoast SEO plugin v27.4 - https:\/\/yoast.com\/product\/yoast-seo-wordpress\/ -->\n<title>Vall\u00e8s: on n\u2019hi cap un, n\u2019hi caben dos! - Esplac<\/title>\n<meta name=\"robots\" content=\"index, follow, max-snippet:-1, max-image-preview:large, max-video-preview:-1\" \/>\n<link rel=\"canonical\" href=\"https:\/\/www.esplac.cat\/en\/valles-on-nhi-cap-un-nhi-caben-dos\/\" \/>\n<meta property=\"og:locale\" content=\"es_ES\" \/>\n<meta property=\"og:type\" content=\"article\" \/>\n<meta property=\"og:title\" content=\"Vall\u00e8s: on n\u2019hi cap un, n\u2019hi caben dos! - Esplac\" \/>\n<meta property=\"og:description\" content=\"Durant la passada reuni\u00f3 de Sector del Vall\u00e8s aquest febrer [&hellip;]\" \/>\n<meta property=\"og:url\" content=\"https:\/\/www.esplac.cat\/en\/valles-on-nhi-cap-un-nhi-caben-dos\/\" \/>\n<meta property=\"og:site_name\" content=\"Esplac\" \/>\n<meta property=\"article:published_time\" content=\"2017-02-24T09:53:25+00:00\" \/>\n<meta property=\"og:image\" content=\"https:\/\/www.esplac.cat\/wp-content\/uploads\/2017\/02\/valles1.jpg\" \/>\n\t<meta property=\"og:image:width\" content=\"847\" \/>\n\t<meta property=\"og:image:height\" content=\"350\" \/>\n\t<meta property=\"og:image:type\" content=\"image\/jpeg\" \/>\n<meta name=\"author\" content=\"Comunicaci\u00f3 Esplac\" \/>\n<meta name=\"twitter:card\" content=\"summary_large_image\" \/>\n<meta name=\"twitter:label1\" content=\"Escrito por\" \/>\n\t<meta name=\"twitter:data1\" content=\"Comunicaci\u00f3 Esplac\" \/>\n\t<meta name=\"twitter:label2\" content=\"Tiempo de lectura\" \/>\n\t<meta name=\"twitter:data2\" content=\"2 minutos\" \/>\n<script type=\"application\/ld+json\" class=\"yoast-schema-graph\">{\"@context\":\"https:\\\/\\\/schema.org\",\"@graph\":[{\"@type\":\"Article\",\"@id\":\"https:\\\/\\\/www.esplac.cat\\\/en\\\/valles-on-nhi-cap-un-nhi-caben-dos\\\/#article\",\"isPartOf\":{\"@id\":\"https:\\\/\\\/www.esplac.cat\\\/en\\\/valles-on-nhi-cap-un-nhi-caben-dos\\\/\"},\"author\":{\"name\":\"Comunicaci\u00f3 Esplac\",\"@id\":\"https:\\\/\\\/www.esplac.cat\\\/#\\\/schema\\\/person\\\/908383cf240be18b68f8855d0583faca\"},\"headline\":\"Vall\u00e8s: on n\u2019hi cap un, n\u2019hi caben dos!\",\"datePublished\":\"2017-02-24T09:53:25+00:00\",\"mainEntityOfPage\":{\"@id\":\"https:\\\/\\\/www.esplac.cat\\\/en\\\/valles-on-nhi-cap-un-nhi-caben-dos\\\/\"},\"wordCount\":454,\"publisher\":{\"@id\":\"https:\\\/\\\/www.esplac.cat\\\/#organization\"},\"image\":{\"@id\":\"https:\\\/\\\/www.esplac.cat\\\/en\\\/valles-on-nhi-cap-un-nhi-caben-dos\\\/#primaryimage\"},\"thumbnailUrl\":\"https:\\\/\\\/www.esplac.cat\\\/wp-content\\\/uploads\\\/2017\\\/02\\\/valles1.jpg\",\"keywords\":[\"Divisi\u00f3 del sector\",\"pla de treball\"],\"articleSection\":[\"Sector Vall\u00e8s\"],\"inLanguage\":\"es\"},{\"@type\":\"WebPage\",\"@id\":\"https:\\\/\\\/www.esplac.cat\\\/en\\\/valles-on-nhi-cap-un-nhi-caben-dos\\\/\",\"url\":\"https:\\\/\\\/www.esplac.cat\\\/en\\\/valles-on-nhi-cap-un-nhi-caben-dos\\\/\",\"name\":\"Vall\u00e8s: on n\u2019hi cap un, n\u2019hi caben dos! - Esplac\",\"isPartOf\":{\"@id\":\"https:\\\/\\\/www.esplac.cat\\\/#website\"},\"primaryImageOfPage\":{\"@id\":\"https:\\\/\\\/www.esplac.cat\\\/en\\\/valles-on-nhi-cap-un-nhi-caben-dos\\\/#primaryimage\"},\"image\":{\"@id\":\"https:\\\/\\\/www.esplac.cat\\\/en\\\/valles-on-nhi-cap-un-nhi-caben-dos\\\/#primaryimage\"},\"thumbnailUrl\":\"https:\\\/\\\/www.esplac.cat\\\/wp-content\\\/uploads\\\/2017\\\/02\\\/valles1.jpg\",\"datePublished\":\"2017-02-24T09:53:25+00:00\",\"breadcrumb\":{\"@id\":\"https:\\\/\\\/www.esplac.cat\\\/en\\\/valles-on-nhi-cap-un-nhi-caben-dos\\\/#breadcrumb\"},\"inLanguage\":\"es\",\"potentialAction\":[{\"@type\":\"ReadAction\",\"target\":[\"https:\\\/\\\/www.esplac.cat\\\/en\\\/valles-on-nhi-cap-un-nhi-caben-dos\\\/\"]}]},{\"@type\":\"ImageObject\",\"inLanguage\":\"es\",\"@id\":\"https:\\\/\\\/www.esplac.cat\\\/en\\\/valles-on-nhi-cap-un-nhi-caben-dos\\\/#primaryimage\",\"url\":\"https:\\\/\\\/www.esplac.cat\\\/wp-content\\\/uploads\\\/2017\\\/02\\\/valles1.jpg\",\"contentUrl\":\"https:\\\/\\\/www.esplac.cat\\\/wp-content\\\/uploads\\\/2017\\\/02\\\/valles1.jpg\",\"width\":847,\"height\":350},{\"@type\":\"BreadcrumbList\",\"@id\":\"https:\\\/\\\/www.esplac.cat\\\/en\\\/valles-on-nhi-cap-un-nhi-caben-dos\\\/#breadcrumb\",\"itemListElement\":[{\"@type\":\"ListItem\",\"position\":1,\"name\":\"Inici\",\"item\":\"https:\\\/\\\/www.esplac.cat\\\/es\\\/\"},{\"@type\":\"ListItem\",\"position\":2,\"name\":\"Vall\u00e8s: on n\u2019hi cap un, n\u2019hi caben dos!\"}]},{\"@type\":\"WebSite\",\"@id\":\"https:\\\/\\\/www.esplac.cat\\\/#website\",\"url\":\"https:\\\/\\\/www.esplac.cat\\\/\",\"name\":\"Esplac\",\"description\":\"Esplais Catalans\",\"publisher\":{\"@id\":\"https:\\\/\\\/www.esplac.cat\\\/#organization\"},\"potentialAction\":[{\"@type\":\"SearchAction\",\"target\":{\"@type\":\"EntryPoint\",\"urlTemplate\":\"https:\\\/\\\/www.esplac.cat\\\/?s={search_term_string}\"},\"query-input\":{\"@type\":\"PropertyValueSpecification\",\"valueRequired\":true,\"valueName\":\"search_term_string\"}}],\"inLanguage\":\"es\"},{\"@type\":\"Organization\",\"@id\":\"https:\\\/\\\/www.esplac.cat\\\/#organization\",\"name\":\"Esplac\",\"url\":\"https:\\\/\\\/www.esplac.cat\\\/\",\"logo\":{\"@type\":\"ImageObject\",\"inLanguage\":\"es\",\"@id\":\"https:\\\/\\\/www.esplac.cat\\\/#\\\/schema\\\/logo\\\/image\\\/\",\"url\":\"https:\\\/\\\/www.esplac.cat\\\/wp-content\\\/uploads\\\/2019\\\/08\\\/logox2.png\",\"contentUrl\":\"https:\\\/\\\/www.esplac.cat\\\/wp-content\\\/uploads\\\/2019\\\/08\\\/logox2.png\",\"width\":600,\"height\":295,\"caption\":\"Esplac\"},\"image\":{\"@id\":\"https:\\\/\\\/www.esplac.cat\\\/#\\\/schema\\\/logo\\\/image\\\/\"}},{\"@type\":\"Person\",\"@id\":\"https:\\\/\\\/www.esplac.cat\\\/#\\\/schema\\\/person\\\/908383cf240be18b68f8855d0583faca\",\"name\":\"Comunicaci\u00f3 Esplac\",\"image\":{\"@type\":\"ImageObject\",\"inLanguage\":\"es\",\"@id\":\"https:\\\/\\\/secure.gravatar.com\\\/avatar\\\/7a4cf8feb412a76ea4a740ca02d95b06b2907b5a6c648c2dd0a1082a093c3141?s=96&d=mm&r=g\",\"url\":\"https:\\\/\\\/secure.gravatar.com\\\/avatar\\\/7a4cf8feb412a76ea4a740ca02d95b06b2907b5a6c648c2dd0a1082a093c3141?s=96&d=mm&r=g\",\"contentUrl\":\"https:\\\/\\\/secure.gravatar.com\\\/avatar\\\/7a4cf8feb412a76ea4a740ca02d95b06b2907b5a6c648c2dd0a1082a093c3141?s=96&d=mm&r=g\",\"caption\":\"Comunicaci\u00f3 Esplac\"}}]}<\/script>\n<!-- \/ Yoast SEO plugin. -->","yoast_head_json":{"title":"Vall\u00e8s: on n\u2019hi cap un, n\u2019hi caben dos! - Esplac","robots":{"index":"index","follow":"follow","max-snippet":"max-snippet:-1","max-image-preview":"max-image-preview:large","max-video-preview":"max-video-preview:-1"},"canonical":"https:\/\/www.esplac.cat\/en\/valles-on-nhi-cap-un-nhi-caben-dos\/","og_locale":"es_ES","og_type":"article","og_title":"Vall\u00e8s: on n\u2019hi cap un, n\u2019hi caben dos! - Esplac","og_description":"Durant la passada reuni\u00f3 de Sector del Vall\u00e8s aquest febrer [&hellip;]","og_url":"https:\/\/www.esplac.cat\/en\/valles-on-nhi-cap-un-nhi-caben-dos\/","og_site_name":"Esplac","article_published_time":"2017-02-24T09:53:25+00:00","og_image":[{"width":847,"height":350,"url":"https:\/\/www.esplac.cat\/wp-content\/uploads\/2017\/02\/valles1.jpg","type":"image\/jpeg"}],"author":"Comunicaci\u00f3 Esplac","twitter_card":"summary_large_image","twitter_misc":{"Escrito por":"Comunicaci\u00f3 Esplac","Tiempo de lectura":"2 minutos"},"schema":{"@context":"https:\/\/schema.org","@graph":[{"@type":"Article","@id":"https:\/\/www.esplac.cat\/en\/valles-on-nhi-cap-un-nhi-caben-dos\/#article","isPartOf":{"@id":"https:\/\/www.esplac.cat\/en\/valles-on-nhi-cap-un-nhi-caben-dos\/"},"author":{"name":"Comunicaci\u00f3 Esplac","@id":"https:\/\/www.esplac.cat\/#\/schema\/person\/908383cf240be18b68f8855d0583faca"},"headline":"Vall\u00e8s: on n\u2019hi cap un, n\u2019hi caben dos!","datePublished":"2017-02-24T09:53:25+00:00","mainEntityOfPage":{"@id":"https:\/\/www.esplac.cat\/en\/valles-on-nhi-cap-un-nhi-caben-dos\/"},"wordCount":454,"publisher":{"@id":"https:\/\/www.esplac.cat\/#organization"},"image":{"@id":"https:\/\/www.esplac.cat\/en\/valles-on-nhi-cap-un-nhi-caben-dos\/#primaryimage"},"thumbnailUrl":"https:\/\/www.esplac.cat\/wp-content\/uploads\/2017\/02\/valles1.jpg","keywords":["Divisi\u00f3 del sector","pla de treball"],"articleSection":["Sector Vall\u00e8s"],"inLanguage":"es"},{"@type":"WebPage","@id":"https:\/\/www.esplac.cat\/en\/valles-on-nhi-cap-un-nhi-caben-dos\/","url":"https:\/\/www.esplac.cat\/en\/valles-on-nhi-cap-un-nhi-caben-dos\/","name":"Vall\u00e8s: on n\u2019hi cap un, n\u2019hi caben dos! - Esplac","isPartOf":{"@id":"https:\/\/www.esplac.cat\/#website"},"primaryImageOfPage":{"@id":"https:\/\/www.esplac.cat\/en\/valles-on-nhi-cap-un-nhi-caben-dos\/#primaryimage"},"image":{"@id":"https:\/\/www.esplac.cat\/en\/valles-on-nhi-cap-un-nhi-caben-dos\/#primaryimage"},"thumbnailUrl":"https:\/\/www.esplac.cat\/wp-content\/uploads\/2017\/02\/valles1.jpg","datePublished":"2017-02-24T09:53:25+00:00","breadcrumb":{"@id":"https:\/\/www.esplac.cat\/en\/valles-on-nhi-cap-un-nhi-caben-dos\/#breadcrumb"},"inLanguage":"es","potentialAction":[{"@type":"ReadAction","target":["https:\/\/www.esplac.cat\/en\/valles-on-nhi-cap-un-nhi-caben-dos\/"]}]},{"@type":"ImageObject","inLanguage":"es","@id":"https:\/\/www.esplac.cat\/en\/valles-on-nhi-cap-un-nhi-caben-dos\/#primaryimage","url":"https:\/\/www.esplac.cat\/wp-content\/uploads\/2017\/02\/valles1.jpg","contentUrl":"https:\/\/www.esplac.cat\/wp-content\/uploads\/2017\/02\/valles1.jpg","width":847,"height":350},{"@type":"BreadcrumbList","@id":"https:\/\/www.esplac.cat\/en\/valles-on-nhi-cap-un-nhi-caben-dos\/#breadcrumb","itemListElement":[{"@type":"ListItem","position":1,"name":"Inici","item":"https:\/\/www.esplac.cat\/es\/"},{"@type":"ListItem","position":2,"name":"Vall\u00e8s: on n\u2019hi cap un, n\u2019hi caben dos!"}]},{"@type":"WebSite","@id":"https:\/\/www.esplac.cat\/#website","url":"https:\/\/www.esplac.cat\/","name":"Esplac","description":"Esplais Catalans","publisher":{"@id":"https:\/\/www.esplac.cat\/#organization"},"potentialAction":[{"@type":"SearchAction","target":{"@type":"EntryPoint","urlTemplate":"https:\/\/www.esplac.cat\/?s={search_term_string}"},"query-input":{"@type":"PropertyValueSpecification","valueRequired":true,"valueName":"search_term_string"}}],"inLanguage":"es"},{"@type":"Organization","@id":"https:\/\/www.esplac.cat\/#organization","name":"Esplac","url":"https:\/\/www.esplac.cat\/","logo":{"@type":"ImageObject","inLanguage":"es","@id":"https:\/\/www.esplac.cat\/#\/schema\/logo\/image\/","url":"https:\/\/www.esplac.cat\/wp-content\/uploads\/2019\/08\/logox2.png","contentUrl":"https:\/\/www.esplac.cat\/wp-content\/uploads\/2019\/08\/logox2.png","width":600,"height":295,"caption":"Esplac"},"image":{"@id":"https:\/\/www.esplac.cat\/#\/schema\/logo\/image\/"}},{"@type":"Person","@id":"https:\/\/www.esplac.cat\/#\/schema\/person\/908383cf240be18b68f8855d0583faca","name":"Comunicaci\u00f3 Esplac","image":{"@type":"ImageObject","inLanguage":"es","@id":"https:\/\/secure.gravatar.com\/avatar\/7a4cf8feb412a76ea4a740ca02d95b06b2907b5a6c648c2dd0a1082a093c3141?s=96&d=mm&r=g","url":"https:\/\/secure.gravatar.com\/avatar\/7a4cf8feb412a76ea4a740ca02d95b06b2907b5a6c648c2dd0a1082a093c3141?s=96&d=mm&r=g","contentUrl":"https:\/\/secure.gravatar.com\/avatar\/7a4cf8feb412a76ea4a740ca02d95b06b2907b5a6c648c2dd0a1082a093c3141?s=96&d=mm&r=g","caption":"Comunicaci\u00f3 Esplac"}}]}},"_links":{"self":[{"href":"https:\/\/www.esplac.cat\/es\/wp-json\/wp\/v2\/posts\/24904","targetHints":{"allow":["GET"]}}],"collection":[{"href":"https:\/\/www.esplac.cat\/es\/wp-json\/wp\/v2\/posts"}],"about":[{"href":"https:\/\/www.esplac.cat\/es\/wp-json\/wp\/v2\/types\/post"}],"author":[{"embeddable":true,"href":"https:\/\/www.esplac.cat\/es\/wp-json\/wp\/v2\/users\/3"}],"replies":[{"embeddable":true,"href":"https:\/\/www.esplac.cat\/es\/wp-json\/wp\/v2\/comments?post=24904"}],"version-history":[{"count":0,"href":"https:\/\/www.esplac.cat\/es\/wp-json\/wp\/v2\/posts\/24904\/revisions"}],"wp:featuredmedia":[{"embeddable":true,"href":"https:\/\/www.esplac.cat\/es\/wp-json\/wp\/v2\/media\/24905"}],"wp:attachment":[{"href":"https:\/\/www.esplac.cat\/es\/wp-json\/wp\/v2\/media?parent=24904"}],"wp:term":[{"taxonomy":"category","embeddable":true,"href":"https:\/\/www.esplac.cat\/es\/wp-json\/wp\/v2\/categories?post=24904"},{"taxonomy":"post_tag","embeddable":true,"href":"https:\/\/www.esplac.cat\/es\/wp-json\/wp\/v2\/tags?post=24904"}],"curies":[{"name":"wp","href":"https:\/\/api.w.org\/{rel}","templated":true}]}}