{"id":24920,"date":"2017-02-02T15:48:46","date_gmt":"2017-02-02T13:48:46","guid":{"rendered":"http:\/\/www.esplac.cat\/?p=12117"},"modified":"2019-11-14T13:33:26","modified_gmt":"2019-11-14T11:33:26","slug":"encetem-el-debat-sobre-el-pla-estrategic-2017-20-al-gran-comite","status":"publish","type":"post","link":"https:\/\/www.esplac.cat\/es\/encetem-el-debat-sobre-el-pla-estrategic-2017-20-al-gran-comite\/","title":{"rendered":"Encetem el debat sobre el Pla Estrat\u00e8gic 2017-20 al Gran Comit\u00e8"},"content":{"rendered":"<h4>Els i les dirigents d&#8217;Esplac ens vam formar i vam debatre sobre els projectes del nou curs\u00a0en\u00a0el primer Gran comit\u00e8 del 2017 a Can Brugarola (Canet de Mar) el cap de setmana del 28 i 29 de gener<\/h4>\n<p style=\"text-align: justify;\">Noves cares, moltes idees i ganes de debatre i construir plegades. Una trentena de dirigents de l&#8217;Equip de Coordinaci\u00f3 i dels deu Equips Generals dels 10\u00a0sectors geogr\u00e0fics (EGS) d&#8217;Esplac vam celebrar el primer\u00a0Gran Comit\u00e8 de l&#8217;any a Can Brugarola, el primer amb els nous EGS i membres de l&#8217;Equip de Coordinaci\u00f3 despr\u00e9s de la celebraci\u00f3 de l&#8217;AGO.<\/p>\n<p style=\"text-align: justify;\">El cap de setmana va ser complet: va comen\u00e7ar dissabte al mat\u00ed amb una formaci\u00f3 din\u00e0mica sobre la gesti\u00f3 de conflictes i la presa de decisions en qu\u00e8 vam\u00a0poder reflexionar sobre els rols i veus dins l&#8217;equip i com arribem\u00a0(o no) al consens. Una de les reflexions que van generar m\u00e9s acceptaci\u00f3\u00a0despr\u00e9s de la\u00a0formaci\u00f3 va ser que \u00e9s important que tinguem espais de cura on puguem cuidar-nos i expressar-nos.<\/p>\n<p style=\"text-align: justify;\">Despr\u00e9s de dinar, vam traslladar la valoraci\u00f3 dels esplais sobre el funcionament de la 35a Assemblea General Ordin\u00e0ria del passat 27 de novembre. Tot seguit, vam comen\u00e7ar a tra\u00e7ar les primeres idees sobre el proc\u00e9s de participaci\u00f3 per comen\u00e7ar a organitzar l&#8217;Esplaiada 2018.<\/p>\n<p style=\"text-align: justify;\">Diumenge el dia va estar dedicat \u00edntegrament a\u00a0comen\u00e7ar a posar\u00a0els fonaments del nou Pla Estrat\u00e8gic 2017-20, que es treballar\u00e0 tamb\u00e9 durant aquest curs als esplais i als sectors. Vam analitzar els valors, la visi\u00f3 i la missi\u00f3 de l&#8217;entitat, vam repassar els objectius marcats en l&#8217;anterior Pla i vam actualitzar el DAFO de l&#8217;entitat per detectar els punts forts i febles que tenim.<\/p>\n<p style=\"text-align: justify;\">En definitiva, un cap de setmana productiu, per\u00f2 tamb\u00e9 ple d&#8217;emocions i cohesi\u00f3 d&#8217;equip!\u00a0Continuem enfortint els esplais i Esplac!<\/p>\n","protected":false},"excerpt":{"rendered":"<p>Els i les dirigents d&#8217;Esplac ens vam formar i vam [&hellip;]<\/p>\n","protected":false},"author":3,"featured_media":24921,"comment_status":"closed","ping_status":"open","sticky":false,"template":"","format":"standard","meta":{"om_disable_all_campaigns":false,"_monsterinsights_skip_tracking":false,"_monsterinsights_sitenote_active":false,"_monsterinsights_sitenote_note":"","_monsterinsights_sitenote_category":0,"_uf_show_specific_survey":0,"_uf_disable_surveys":false,"footnotes":""},"categories":[1111,1164,1],"tags":[780,356,824,148],"class_list":["post-24920","post","type-post","status-publish","format-standard","has-post-thumbnail","hentry","category-activitats-esplac","category-gestio-de-conflictes","category-sense-categoria","tag-dirigents","tag-c5-egs","tag-equip-de-coordinacio","tag-gran-comite"],"yoast_head":"<!-- This site is optimized with the Yoast SEO plugin v27.4 - https:\/\/yoast.com\/product\/yoast-seo-wordpress\/ -->\n<title>Encetem el debat sobre el Pla Estrat\u00e8gic 2017-20 al Gran Comit\u00e8 - Esplac<\/title>\n<meta name=\"robots\" content=\"index, follow, max-snippet:-1, max-image-preview:large, max-video-preview:-1\" \/>\n<link rel=\"canonical\" href=\"https:\/\/www.esplac.cat\/en\/encetem-el-debat-sobre-el-pla-estrategic-2017-20-al-gran-comite\/\" \/>\n<meta property=\"og:locale\" content=\"es_ES\" \/>\n<meta property=\"og:type\" content=\"article\" \/>\n<meta property=\"og:title\" content=\"Encetem el debat sobre el Pla Estrat\u00e8gic 2017-20 al Gran Comit\u00e8 - Esplac\" \/>\n<meta property=\"og:description\" content=\"Els i les dirigents d&#8217;Esplac ens vam formar i vam [&hellip;]\" \/>\n<meta property=\"og:url\" content=\"https:\/\/www.esplac.cat\/en\/encetem-el-debat-sobre-el-pla-estrategic-2017-20-al-gran-comite\/\" \/>\n<meta property=\"og:site_name\" content=\"Esplac\" \/>\n<meta property=\"article:published_time\" content=\"2017-02-02T13:48:46+00:00\" \/>\n<meta property=\"article:modified_time\" content=\"2019-11-14T11:33:26+00:00\" \/>\n<meta property=\"og:image\" content=\"https:\/\/www.esplac.cat\/wp-content\/uploads\/2017\/02\/20170202_Gran-Comite.jpg\" \/>\n\t<meta property=\"og:image:width\" content=\"847\" \/>\n\t<meta property=\"og:image:height\" content=\"351\" \/>\n\t<meta property=\"og:image:type\" content=\"image\/jpeg\" \/>\n<meta name=\"author\" content=\"Comunicaci\u00f3 Esplac\" \/>\n<meta name=\"twitter:card\" content=\"summary_large_image\" \/>\n<meta name=\"twitter:label1\" content=\"Escrito por\" \/>\n\t<meta name=\"twitter:data1\" content=\"Comunicaci\u00f3 Esplac\" \/>\n\t<meta name=\"twitter:label2\" content=\"Tiempo de lectura\" \/>\n\t<meta name=\"twitter:data2\" content=\"2 minutos\" \/>\n<script type=\"application\/ld+json\" class=\"yoast-schema-graph\">{\"@context\":\"https:\\\/\\\/schema.org\",\"@graph\":[{\"@type\":\"Article\",\"@id\":\"https:\\\/\\\/www.esplac.cat\\\/en\\\/encetem-el-debat-sobre-el-pla-estrategic-2017-20-al-gran-comite\\\/#article\",\"isPartOf\":{\"@id\":\"https:\\\/\\\/www.esplac.cat\\\/en\\\/encetem-el-debat-sobre-el-pla-estrategic-2017-20-al-gran-comite\\\/\"},\"author\":{\"name\":\"Comunicaci\u00f3 Esplac\",\"@id\":\"https:\\\/\\\/www.esplac.cat\\\/#\\\/schema\\\/person\\\/908383cf240be18b68f8855d0583faca\"},\"headline\":\"Encetem el debat sobre el Pla Estrat\u00e8gic 2017-20 al Gran Comit\u00e8\",\"datePublished\":\"2017-02-02T13:48:46+00:00\",\"dateModified\":\"2019-11-14T11:33:26+00:00\",\"mainEntityOfPage\":{\"@id\":\"https:\\\/\\\/www.esplac.cat\\\/en\\\/encetem-el-debat-sobre-el-pla-estrategic-2017-20-al-gran-comite\\\/\"},\"wordCount\":333,\"publisher\":{\"@id\":\"https:\\\/\\\/www.esplac.cat\\\/#organization\"},\"image\":{\"@id\":\"https:\\\/\\\/www.esplac.cat\\\/en\\\/encetem-el-debat-sobre-el-pla-estrategic-2017-20-al-gran-comite\\\/#primaryimage\"},\"thumbnailUrl\":\"https:\\\/\\\/www.esplac.cat\\\/wp-content\\\/uploads\\\/2017\\\/02\\\/20170202_Gran-Comite.jpg\",\"keywords\":[\"dirigents\",\"EGS\",\"Equip de Coordinaci\u00f3\",\"gran comite\"],\"articleSection\":[\"Activitats esplac\",\"Gesti\u00f3 de conflictes\",\"Sense categoria\"],\"inLanguage\":\"es\"},{\"@type\":\"WebPage\",\"@id\":\"https:\\\/\\\/www.esplac.cat\\\/en\\\/encetem-el-debat-sobre-el-pla-estrategic-2017-20-al-gran-comite\\\/\",\"url\":\"https:\\\/\\\/www.esplac.cat\\\/en\\\/encetem-el-debat-sobre-el-pla-estrategic-2017-20-al-gran-comite\\\/\",\"name\":\"Encetem el debat sobre el Pla Estrat\u00e8gic 2017-20 al Gran Comit\u00e8 - Esplac\",\"isPartOf\":{\"@id\":\"https:\\\/\\\/www.esplac.cat\\\/#website\"},\"primaryImageOfPage\":{\"@id\":\"https:\\\/\\\/www.esplac.cat\\\/en\\\/encetem-el-debat-sobre-el-pla-estrategic-2017-20-al-gran-comite\\\/#primaryimage\"},\"image\":{\"@id\":\"https:\\\/\\\/www.esplac.cat\\\/en\\\/encetem-el-debat-sobre-el-pla-estrategic-2017-20-al-gran-comite\\\/#primaryimage\"},\"thumbnailUrl\":\"https:\\\/\\\/www.esplac.cat\\\/wp-content\\\/uploads\\\/2017\\\/02\\\/20170202_Gran-Comite.jpg\",\"datePublished\":\"2017-02-02T13:48:46+00:00\",\"dateModified\":\"2019-11-14T11:33:26+00:00\",\"breadcrumb\":{\"@id\":\"https:\\\/\\\/www.esplac.cat\\\/en\\\/encetem-el-debat-sobre-el-pla-estrategic-2017-20-al-gran-comite\\\/#breadcrumb\"},\"inLanguage\":\"es\",\"potentialAction\":[{\"@type\":\"ReadAction\",\"target\":[\"https:\\\/\\\/www.esplac.cat\\\/en\\\/encetem-el-debat-sobre-el-pla-estrategic-2017-20-al-gran-comite\\\/\"]}]},{\"@type\":\"ImageObject\",\"inLanguage\":\"es\",\"@id\":\"https:\\\/\\\/www.esplac.cat\\\/en\\\/encetem-el-debat-sobre-el-pla-estrategic-2017-20-al-gran-comite\\\/#primaryimage\",\"url\":\"https:\\\/\\\/www.esplac.cat\\\/wp-content\\\/uploads\\\/2017\\\/02\\\/20170202_Gran-Comite.jpg\",\"contentUrl\":\"https:\\\/\\\/www.esplac.cat\\\/wp-content\\\/uploads\\\/2017\\\/02\\\/20170202_Gran-Comite.jpg\",\"width\":847,\"height\":351},{\"@type\":\"BreadcrumbList\",\"@id\":\"https:\\\/\\\/www.esplac.cat\\\/en\\\/encetem-el-debat-sobre-el-pla-estrategic-2017-20-al-gran-comite\\\/#breadcrumb\",\"itemListElement\":[{\"@type\":\"ListItem\",\"position\":1,\"name\":\"Inici\",\"item\":\"https:\\\/\\\/www.esplac.cat\\\/es\\\/\"},{\"@type\":\"ListItem\",\"position\":2,\"name\":\"Encetem el debat sobre el Pla Estrat\u00e8gic 2017-20 al Gran Comit\u00e8\"}]},{\"@type\":\"WebSite\",\"@id\":\"https:\\\/\\\/www.esplac.cat\\\/#website\",\"url\":\"https:\\\/\\\/www.esplac.cat\\\/\",\"name\":\"Esplac\",\"description\":\"Esplais Catalans\",\"publisher\":{\"@id\":\"https:\\\/\\\/www.esplac.cat\\\/#organization\"},\"potentialAction\":[{\"@type\":\"SearchAction\",\"target\":{\"@type\":\"EntryPoint\",\"urlTemplate\":\"https:\\\/\\\/www.esplac.cat\\\/?s={search_term_string}\"},\"query-input\":{\"@type\":\"PropertyValueSpecification\",\"valueRequired\":true,\"valueName\":\"search_term_string\"}}],\"inLanguage\":\"es\"},{\"@type\":\"Organization\",\"@id\":\"https:\\\/\\\/www.esplac.cat\\\/#organization\",\"name\":\"Esplac\",\"url\":\"https:\\\/\\\/www.esplac.cat\\\/\",\"logo\":{\"@type\":\"ImageObject\",\"inLanguage\":\"es\",\"@id\":\"https:\\\/\\\/www.esplac.cat\\\/#\\\/schema\\\/logo\\\/image\\\/\",\"url\":\"https:\\\/\\\/www.esplac.cat\\\/wp-content\\\/uploads\\\/2019\\\/08\\\/logox2.png\",\"contentUrl\":\"https:\\\/\\\/www.esplac.cat\\\/wp-content\\\/uploads\\\/2019\\\/08\\\/logox2.png\",\"width\":600,\"height\":295,\"caption\":\"Esplac\"},\"image\":{\"@id\":\"https:\\\/\\\/www.esplac.cat\\\/#\\\/schema\\\/logo\\\/image\\\/\"}},{\"@type\":\"Person\",\"@id\":\"https:\\\/\\\/www.esplac.cat\\\/#\\\/schema\\\/person\\\/908383cf240be18b68f8855d0583faca\",\"name\":\"Comunicaci\u00f3 Esplac\",\"image\":{\"@type\":\"ImageObject\",\"inLanguage\":\"es\",\"@id\":\"https:\\\/\\\/secure.gravatar.com\\\/avatar\\\/7a4cf8feb412a76ea4a740ca02d95b06b2907b5a6c648c2dd0a1082a093c3141?s=96&d=mm&r=g\",\"url\":\"https:\\\/\\\/secure.gravatar.com\\\/avatar\\\/7a4cf8feb412a76ea4a740ca02d95b06b2907b5a6c648c2dd0a1082a093c3141?s=96&d=mm&r=g\",\"contentUrl\":\"https:\\\/\\\/secure.gravatar.com\\\/avatar\\\/7a4cf8feb412a76ea4a740ca02d95b06b2907b5a6c648c2dd0a1082a093c3141?s=96&d=mm&r=g\",\"caption\":\"Comunicaci\u00f3 Esplac\"}}]}<\/script>\n<!-- \/ Yoast SEO plugin. -->","yoast_head_json":{"title":"Encetem el debat sobre el Pla Estrat\u00e8gic 2017-20 al Gran Comit\u00e8 - Esplac","robots":{"index":"index","follow":"follow","max-snippet":"max-snippet:-1","max-image-preview":"max-image-preview:large","max-video-preview":"max-video-preview:-1"},"canonical":"https:\/\/www.esplac.cat\/en\/encetem-el-debat-sobre-el-pla-estrategic-2017-20-al-gran-comite\/","og_locale":"es_ES","og_type":"article","og_title":"Encetem el debat sobre el Pla Estrat\u00e8gic 2017-20 al Gran Comit\u00e8 - Esplac","og_description":"Els i les dirigents d&#8217;Esplac ens vam formar i vam [&hellip;]","og_url":"https:\/\/www.esplac.cat\/en\/encetem-el-debat-sobre-el-pla-estrategic-2017-20-al-gran-comite\/","og_site_name":"Esplac","article_published_time":"2017-02-02T13:48:46+00:00","article_modified_time":"2019-11-14T11:33:26+00:00","og_image":[{"width":847,"height":351,"url":"https:\/\/www.esplac.cat\/wp-content\/uploads\/2017\/02\/20170202_Gran-Comite.jpg","type":"image\/jpeg"}],"author":"Comunicaci\u00f3 Esplac","twitter_card":"summary_large_image","twitter_misc":{"Escrito por":"Comunicaci\u00f3 Esplac","Tiempo de lectura":"2 minutos"},"schema":{"@context":"https:\/\/schema.org","@graph":[{"@type":"Article","@id":"https:\/\/www.esplac.cat\/en\/encetem-el-debat-sobre-el-pla-estrategic-2017-20-al-gran-comite\/#article","isPartOf":{"@id":"https:\/\/www.esplac.cat\/en\/encetem-el-debat-sobre-el-pla-estrategic-2017-20-al-gran-comite\/"},"author":{"name":"Comunicaci\u00f3 Esplac","@id":"https:\/\/www.esplac.cat\/#\/schema\/person\/908383cf240be18b68f8855d0583faca"},"headline":"Encetem el debat sobre el Pla Estrat\u00e8gic 2017-20 al Gran Comit\u00e8","datePublished":"2017-02-02T13:48:46+00:00","dateModified":"2019-11-14T11:33:26+00:00","mainEntityOfPage":{"@id":"https:\/\/www.esplac.cat\/en\/encetem-el-debat-sobre-el-pla-estrategic-2017-20-al-gran-comite\/"},"wordCount":333,"publisher":{"@id":"https:\/\/www.esplac.cat\/#organization"},"image":{"@id":"https:\/\/www.esplac.cat\/en\/encetem-el-debat-sobre-el-pla-estrategic-2017-20-al-gran-comite\/#primaryimage"},"thumbnailUrl":"https:\/\/www.esplac.cat\/wp-content\/uploads\/2017\/02\/20170202_Gran-Comite.jpg","keywords":["dirigents","EGS","Equip de Coordinaci\u00f3","gran comite"],"articleSection":["Activitats esplac","Gesti\u00f3 de conflictes","Sense categoria"],"inLanguage":"es"},{"@type":"WebPage","@id":"https:\/\/www.esplac.cat\/en\/encetem-el-debat-sobre-el-pla-estrategic-2017-20-al-gran-comite\/","url":"https:\/\/www.esplac.cat\/en\/encetem-el-debat-sobre-el-pla-estrategic-2017-20-al-gran-comite\/","name":"Encetem el debat sobre el Pla Estrat\u00e8gic 2017-20 al Gran Comit\u00e8 - Esplac","isPartOf":{"@id":"https:\/\/www.esplac.cat\/#website"},"primaryImageOfPage":{"@id":"https:\/\/www.esplac.cat\/en\/encetem-el-debat-sobre-el-pla-estrategic-2017-20-al-gran-comite\/#primaryimage"},"image":{"@id":"https:\/\/www.esplac.cat\/en\/encetem-el-debat-sobre-el-pla-estrategic-2017-20-al-gran-comite\/#primaryimage"},"thumbnailUrl":"https:\/\/www.esplac.cat\/wp-content\/uploads\/2017\/02\/20170202_Gran-Comite.jpg","datePublished":"2017-02-02T13:48:46+00:00","dateModified":"2019-11-14T11:33:26+00:00","breadcrumb":{"@id":"https:\/\/www.esplac.cat\/en\/encetem-el-debat-sobre-el-pla-estrategic-2017-20-al-gran-comite\/#breadcrumb"},"inLanguage":"es","potentialAction":[{"@type":"ReadAction","target":["https:\/\/www.esplac.cat\/en\/encetem-el-debat-sobre-el-pla-estrategic-2017-20-al-gran-comite\/"]}]},{"@type":"ImageObject","inLanguage":"es","@id":"https:\/\/www.esplac.cat\/en\/encetem-el-debat-sobre-el-pla-estrategic-2017-20-al-gran-comite\/#primaryimage","url":"https:\/\/www.esplac.cat\/wp-content\/uploads\/2017\/02\/20170202_Gran-Comite.jpg","contentUrl":"https:\/\/www.esplac.cat\/wp-content\/uploads\/2017\/02\/20170202_Gran-Comite.jpg","width":847,"height":351},{"@type":"BreadcrumbList","@id":"https:\/\/www.esplac.cat\/en\/encetem-el-debat-sobre-el-pla-estrategic-2017-20-al-gran-comite\/#breadcrumb","itemListElement":[{"@type":"ListItem","position":1,"name":"Inici","item":"https:\/\/www.esplac.cat\/es\/"},{"@type":"ListItem","position":2,"name":"Encetem el debat sobre el Pla Estrat\u00e8gic 2017-20 al Gran Comit\u00e8"}]},{"@type":"WebSite","@id":"https:\/\/www.esplac.cat\/#website","url":"https:\/\/www.esplac.cat\/","name":"Esplac","description":"Esplais Catalans","publisher":{"@id":"https:\/\/www.esplac.cat\/#organization"},"potentialAction":[{"@type":"SearchAction","target":{"@type":"EntryPoint","urlTemplate":"https:\/\/www.esplac.cat\/?s={search_term_string}"},"query-input":{"@type":"PropertyValueSpecification","valueRequired":true,"valueName":"search_term_string"}}],"inLanguage":"es"},{"@type":"Organization","@id":"https:\/\/www.esplac.cat\/#organization","name":"Esplac","url":"https:\/\/www.esplac.cat\/","logo":{"@type":"ImageObject","inLanguage":"es","@id":"https:\/\/www.esplac.cat\/#\/schema\/logo\/image\/","url":"https:\/\/www.esplac.cat\/wp-content\/uploads\/2019\/08\/logox2.png","contentUrl":"https:\/\/www.esplac.cat\/wp-content\/uploads\/2019\/08\/logox2.png","width":600,"height":295,"caption":"Esplac"},"image":{"@id":"https:\/\/www.esplac.cat\/#\/schema\/logo\/image\/"}},{"@type":"Person","@id":"https:\/\/www.esplac.cat\/#\/schema\/person\/908383cf240be18b68f8855d0583faca","name":"Comunicaci\u00f3 Esplac","image":{"@type":"ImageObject","inLanguage":"es","@id":"https:\/\/secure.gravatar.com\/avatar\/7a4cf8feb412a76ea4a740ca02d95b06b2907b5a6c648c2dd0a1082a093c3141?s=96&d=mm&r=g","url":"https:\/\/secure.gravatar.com\/avatar\/7a4cf8feb412a76ea4a740ca02d95b06b2907b5a6c648c2dd0a1082a093c3141?s=96&d=mm&r=g","contentUrl":"https:\/\/secure.gravatar.com\/avatar\/7a4cf8feb412a76ea4a740ca02d95b06b2907b5a6c648c2dd0a1082a093c3141?s=96&d=mm&r=g","caption":"Comunicaci\u00f3 Esplac"}}]}},"_links":{"self":[{"href":"https:\/\/www.esplac.cat\/es\/wp-json\/wp\/v2\/posts\/24920","targetHints":{"allow":["GET"]}}],"collection":[{"href":"https:\/\/www.esplac.cat\/es\/wp-json\/wp\/v2\/posts"}],"about":[{"href":"https:\/\/www.esplac.cat\/es\/wp-json\/wp\/v2\/types\/post"}],"author":[{"embeddable":true,"href":"https:\/\/www.esplac.cat\/es\/wp-json\/wp\/v2\/users\/3"}],"replies":[{"embeddable":true,"href":"https:\/\/www.esplac.cat\/es\/wp-json\/wp\/v2\/comments?post=24920"}],"version-history":[{"count":0,"href":"https:\/\/www.esplac.cat\/es\/wp-json\/wp\/v2\/posts\/24920\/revisions"}],"wp:featuredmedia":[{"embeddable":true,"href":"https:\/\/www.esplac.cat\/es\/wp-json\/wp\/v2\/media\/24921"}],"wp:attachment":[{"href":"https:\/\/www.esplac.cat\/es\/wp-json\/wp\/v2\/media?parent=24920"}],"wp:term":[{"taxonomy":"category","embeddable":true,"href":"https:\/\/www.esplac.cat\/es\/wp-json\/wp\/v2\/categories?post=24920"},{"taxonomy":"post_tag","embeddable":true,"href":"https:\/\/www.esplac.cat\/es\/wp-json\/wp\/v2\/tags?post=24920"}],"curies":[{"name":"wp","href":"https:\/\/api.w.org\/{rel}","templated":true}]}}