{"id":24922,"date":"2017-01-20T12:43:11","date_gmt":"2017-01-20T10:43:11","guid":{"rendered":"http:\/\/www.esplac.cat\/?p=12074"},"modified":"2017-01-20T12:43:11","modified_gmt":"2017-01-20T10:43:11","slug":"inscripcions-obertes-al-dont-fear-refugees-un-intercanvi-juvenil-a-portugal","status":"publish","type":"post","link":"https:\/\/www.esplac.cat\/es\/inscripcions-obertes-al-dont-fear-refugees-un-intercanvi-juvenil-a-portugal\/","title":{"rendered":"Inscripcions obertes al &#8216;Don\u2019t fear refugees&#8217;, un intercanvi juvenil a Portugal"},"content":{"rendered":"<h4 style=\"text-align:justify\">Organitzat per l&#8217;organitzaci\u00f3 Rota Jovem, aquest projecte que es desenvolupar\u00e0 entre el mar\u00e7 i l&#8217;agost, pret\u00e9n treballar el discurs de l\u2019odi i la por a l\u2019alteritat en relaci\u00f3 amb els refugiats<\/h4>\n<p style=\"text-align:justify\">Amb el t\u00edtol <b>Don\u2019t fear refugees! Perspectives on hate speech and fear of otherness relating to refugees<\/b> l\u2019organitzaci\u00f3 portuguesa <b><a href=\"http:\/\/home.rotajovem.com\" target=\"_blank\" rel=\"noopener noreferrer\">Rota Jovem<\/a><\/b> ha iniciat aquest ambici\u00f3s projecte que implica a  entitats de S\u00e8rbia, L\u00edban, Gr\u00e8cia, Armenia, Portugal i Catalunya. El projecte t\u00e9 tres parts: una reuni\u00f3 preparat\u00f2ria al mar\u00e7, un intercanvi juvenil al maig i un seminari de formaci\u00f3 a l\u2019agost.<\/p>\n<p style=\"text-align:justify\">Les inscripcions per a la primera part del projecte ja estan obertes! Si us interessa el tema de cara a poder-lo treballar amb l\u2019esplai, aquesta oportunitat us pot donar eines per a impulsar un projecte. Cerquem monis, joves o pre-monis per crear un grup de participants, no importa que no vingueu d\u2019esplais diferents. Tamb\u00e9 cerquem un o una moni que vulgui assumir la responsabilitat de coordinar el grup i assistir a la reuni\u00f3 preparat\u00f2ria de mar\u00e7.<\/p>\n<p>Aqu\u00ed teniu la informaci\u00f3 b\u00e0sica de l&#8217;intercanvi:<\/p>\n<ul>\n<li>Dates: del 19 al 27 de maig.<\/li>\n<li>Lloc: Cascais, Portugal.<\/li>\n<li>Places per Esplac: 5 monis (1 dels quals ha de fer de responsable)<\/li>\n<li>Requisits b\u00e0sics: tenir entre 16  i 26 anys, un nivell d\u2019angl\u00e8s mitj\u00e0-alt i ganes d\u2019implementar un projecte sobre aquest tema amb l\u2019esplai. (veure al formulari criteris de selecci\u00f3)<\/li>\n<\/ul>\n<p>Per inscriure\u2019s, <b><a href=\"https:\/\/docs.google.com\/forms\/d\/11ev6vBpElMBujTVSTYkkdi_E04pnIn0EYCQjTww1JnU\/formrestricted?edit_requested=true\" target=\"_blank\" rel=\"noopener noreferrer\"> feu clic aqu\u00ed per emplenar aquest formulari<\/a><\/b>. Teniu fins al <b>dijous 26 de gener! (TERMINI AMPLIAT FINS L&#8217;1 DE FEBRER)<\/b><\/p>\n","protected":false},"excerpt":{"rendered":"<p>Organitzat per l&#8217;organitzaci\u00f3 Rota Jovem, aquest projecte que es desenvolupar\u00e0 [&hellip;]<\/p>\n","protected":false},"author":3,"featured_media":24923,"comment_status":"closed","ping_status":"open","sticky":false,"template":"","format":"standard","meta":{"om_disable_all_campaigns":false,"_monsterinsights_skip_tracking":false,"_monsterinsights_sitenote_active":false,"_monsterinsights_sitenote_note":"","_monsterinsights_sitenote_category":0,"_uf_show_specific_survey":0,"_uf_disable_surveys":false,"footnotes":""},"categories":[1131,1112,1],"tags":[],"class_list":["post-24922","post","type-post","status-publish","format-standard","has-post-thumbnail","hentry","category-cursos-formacions","category-esplac-al-mon","category-sense-categoria"],"yoast_head":"<!-- This site is optimized with the Yoast SEO plugin v27.5 - https:\/\/yoast.com\/product\/yoast-seo-wordpress\/ -->\n<title>Inscripcions obertes al &#039;Don\u2019t fear refugees&#039;, un intercanvi juvenil a Portugal - Esplac<\/title>\n<meta name=\"robots\" content=\"index, follow, max-snippet:-1, max-image-preview:large, max-video-preview:-1\" \/>\n<link rel=\"canonical\" href=\"https:\/\/www.esplac.cat\/inscripcions-obertes-al-dont-fear-refugees-un-intercanvi-juvenil-a-portugal\/\" \/>\n<meta property=\"og:locale\" content=\"es_ES\" \/>\n<meta property=\"og:type\" content=\"article\" \/>\n<meta property=\"og:title\" content=\"Inscripcions obertes al &#039;Don\u2019t fear refugees&#039;, un intercanvi juvenil a Portugal - Esplac\" \/>\n<meta property=\"og:description\" content=\"Organitzat per l&#8217;organitzaci\u00f3 Rota Jovem, aquest projecte que es desenvolupar\u00e0 [&hellip;]\" \/>\n<meta property=\"og:url\" content=\"https:\/\/www.esplac.cat\/inscripcions-obertes-al-dont-fear-refugees-un-intercanvi-juvenil-a-portugal\/\" \/>\n<meta property=\"og:site_name\" content=\"Esplac\" \/>\n<meta property=\"article:published_time\" content=\"2017-01-20T10:43:11+00:00\" \/>\n<meta property=\"og:image\" content=\"https:\/\/www.esplac.cat\/wp-content\/uploads\/2017\/01\/20170119_Refugees-intercanvi.jpg\" \/>\n\t<meta property=\"og:image:width\" content=\"847\" \/>\n\t<meta property=\"og:image:height\" content=\"351\" \/>\n\t<meta property=\"og:image:type\" content=\"image\/jpeg\" \/>\n<meta name=\"author\" content=\"Comunicaci\u00f3 Esplac\" \/>\n<meta name=\"twitter:card\" content=\"summary_large_image\" \/>\n<meta name=\"twitter:label1\" content=\"Escrito por\" \/>\n\t<meta name=\"twitter:data1\" content=\"Comunicaci\u00f3 Esplac\" \/>\n\t<meta name=\"twitter:label2\" content=\"Tiempo de lectura\" \/>\n\t<meta name=\"twitter:data2\" content=\"1 minuto\" \/>\n<script type=\"application\/ld+json\" class=\"yoast-schema-graph\">{\"@context\":\"https:\\\/\\\/schema.org\",\"@graph\":[{\"@type\":\"Article\",\"@id\":\"https:\\\/\\\/www.esplac.cat\\\/inscripcions-obertes-al-dont-fear-refugees-un-intercanvi-juvenil-a-portugal\\\/#article\",\"isPartOf\":{\"@id\":\"https:\\\/\\\/www.esplac.cat\\\/inscripcions-obertes-al-dont-fear-refugees-un-intercanvi-juvenil-a-portugal\\\/\"},\"author\":{\"name\":\"Comunicaci\u00f3 Esplac\",\"@id\":\"https:\\\/\\\/www.esplac.cat\\\/#\\\/schema\\\/person\\\/908383cf240be18b68f8855d0583faca\"},\"headline\":\"Inscripcions obertes al &#8216;Don\u2019t fear refugees&#8217;, un intercanvi juvenil a Portugal\",\"datePublished\":\"2017-01-20T10:43:11+00:00\",\"mainEntityOfPage\":{\"@id\":\"https:\\\/\\\/www.esplac.cat\\\/inscripcions-obertes-al-dont-fear-refugees-un-intercanvi-juvenil-a-portugal\\\/\"},\"wordCount\":278,\"publisher\":{\"@id\":\"https:\\\/\\\/www.esplac.cat\\\/#organization\"},\"image\":{\"@id\":\"https:\\\/\\\/www.esplac.cat\\\/inscripcions-obertes-al-dont-fear-refugees-un-intercanvi-juvenil-a-portugal\\\/#primaryimage\"},\"thumbnailUrl\":\"https:\\\/\\\/www.esplac.cat\\\/wp-content\\\/uploads\\\/2017\\\/01\\\/20170119_Refugees-intercanvi.jpg\",\"articleSection\":[\"Cursos i formacions\",\"Esplac al m\u00f3n\",\"Sense categoria\"],\"inLanguage\":\"es\"},{\"@type\":\"WebPage\",\"@id\":\"https:\\\/\\\/www.esplac.cat\\\/inscripcions-obertes-al-dont-fear-refugees-un-intercanvi-juvenil-a-portugal\\\/\",\"url\":\"https:\\\/\\\/www.esplac.cat\\\/inscripcions-obertes-al-dont-fear-refugees-un-intercanvi-juvenil-a-portugal\\\/\",\"name\":\"Inscripcions obertes al 'Don\u2019t fear refugees', un intercanvi juvenil a Portugal - Esplac\",\"isPartOf\":{\"@id\":\"https:\\\/\\\/www.esplac.cat\\\/#website\"},\"primaryImageOfPage\":{\"@id\":\"https:\\\/\\\/www.esplac.cat\\\/inscripcions-obertes-al-dont-fear-refugees-un-intercanvi-juvenil-a-portugal\\\/#primaryimage\"},\"image\":{\"@id\":\"https:\\\/\\\/www.esplac.cat\\\/inscripcions-obertes-al-dont-fear-refugees-un-intercanvi-juvenil-a-portugal\\\/#primaryimage\"},\"thumbnailUrl\":\"https:\\\/\\\/www.esplac.cat\\\/wp-content\\\/uploads\\\/2017\\\/01\\\/20170119_Refugees-intercanvi.jpg\",\"datePublished\":\"2017-01-20T10:43:11+00:00\",\"breadcrumb\":{\"@id\":\"https:\\\/\\\/www.esplac.cat\\\/inscripcions-obertes-al-dont-fear-refugees-un-intercanvi-juvenil-a-portugal\\\/#breadcrumb\"},\"inLanguage\":\"es\",\"potentialAction\":[{\"@type\":\"ReadAction\",\"target\":[\"https:\\\/\\\/www.esplac.cat\\\/inscripcions-obertes-al-dont-fear-refugees-un-intercanvi-juvenil-a-portugal\\\/\"]}]},{\"@type\":\"ImageObject\",\"inLanguage\":\"es\",\"@id\":\"https:\\\/\\\/www.esplac.cat\\\/inscripcions-obertes-al-dont-fear-refugees-un-intercanvi-juvenil-a-portugal\\\/#primaryimage\",\"url\":\"https:\\\/\\\/www.esplac.cat\\\/wp-content\\\/uploads\\\/2017\\\/01\\\/20170119_Refugees-intercanvi.jpg\",\"contentUrl\":\"https:\\\/\\\/www.esplac.cat\\\/wp-content\\\/uploads\\\/2017\\\/01\\\/20170119_Refugees-intercanvi.jpg\",\"width\":847,\"height\":351},{\"@type\":\"BreadcrumbList\",\"@id\":\"https:\\\/\\\/www.esplac.cat\\\/inscripcions-obertes-al-dont-fear-refugees-un-intercanvi-juvenil-a-portugal\\\/#breadcrumb\",\"itemListElement\":[{\"@type\":\"ListItem\",\"position\":1,\"name\":\"Inici\",\"item\":\"https:\\\/\\\/www.esplac.cat\\\/es\\\/\"},{\"@type\":\"ListItem\",\"position\":2,\"name\":\"Inscripcions obertes al &#8216;Don\u2019t fear refugees&#8217;, un intercanvi juvenil a Portugal\"}]},{\"@type\":\"WebSite\",\"@id\":\"https:\\\/\\\/www.esplac.cat\\\/#website\",\"url\":\"https:\\\/\\\/www.esplac.cat\\\/\",\"name\":\"Esplac\",\"description\":\"Esplais Catalans\",\"publisher\":{\"@id\":\"https:\\\/\\\/www.esplac.cat\\\/#organization\"},\"potentialAction\":[{\"@type\":\"SearchAction\",\"target\":{\"@type\":\"EntryPoint\",\"urlTemplate\":\"https:\\\/\\\/www.esplac.cat\\\/?s={search_term_string}\"},\"query-input\":{\"@type\":\"PropertyValueSpecification\",\"valueRequired\":true,\"valueName\":\"search_term_string\"}}],\"inLanguage\":\"es\"},{\"@type\":\"Organization\",\"@id\":\"https:\\\/\\\/www.esplac.cat\\\/#organization\",\"name\":\"Esplac\",\"url\":\"https:\\\/\\\/www.esplac.cat\\\/\",\"logo\":{\"@type\":\"ImageObject\",\"inLanguage\":\"es\",\"@id\":\"https:\\\/\\\/www.esplac.cat\\\/#\\\/schema\\\/logo\\\/image\\\/\",\"url\":\"https:\\\/\\\/www.esplac.cat\\\/wp-content\\\/uploads\\\/2019\\\/08\\\/logox2.png\",\"contentUrl\":\"https:\\\/\\\/www.esplac.cat\\\/wp-content\\\/uploads\\\/2019\\\/08\\\/logox2.png\",\"width\":600,\"height\":295,\"caption\":\"Esplac\"},\"image\":{\"@id\":\"https:\\\/\\\/www.esplac.cat\\\/#\\\/schema\\\/logo\\\/image\\\/\"}},{\"@type\":\"Person\",\"@id\":\"https:\\\/\\\/www.esplac.cat\\\/#\\\/schema\\\/person\\\/908383cf240be18b68f8855d0583faca\",\"name\":\"Comunicaci\u00f3 Esplac\",\"image\":{\"@type\":\"ImageObject\",\"inLanguage\":\"es\",\"@id\":\"https:\\\/\\\/secure.gravatar.com\\\/avatar\\\/7a4cf8feb412a76ea4a740ca02d95b06b2907b5a6c648c2dd0a1082a093c3141?s=96&d=mm&r=g\",\"url\":\"https:\\\/\\\/secure.gravatar.com\\\/avatar\\\/7a4cf8feb412a76ea4a740ca02d95b06b2907b5a6c648c2dd0a1082a093c3141?s=96&d=mm&r=g\",\"contentUrl\":\"https:\\\/\\\/secure.gravatar.com\\\/avatar\\\/7a4cf8feb412a76ea4a740ca02d95b06b2907b5a6c648c2dd0a1082a093c3141?s=96&d=mm&r=g\",\"caption\":\"Comunicaci\u00f3 Esplac\"}}]}<\/script>\n<!-- \/ Yoast SEO plugin. -->","yoast_head_json":{"title":"Inscripcions obertes al 'Don\u2019t fear refugees', un intercanvi juvenil a Portugal - Esplac","robots":{"index":"index","follow":"follow","max-snippet":"max-snippet:-1","max-image-preview":"max-image-preview:large","max-video-preview":"max-video-preview:-1"},"canonical":"https:\/\/www.esplac.cat\/inscripcions-obertes-al-dont-fear-refugees-un-intercanvi-juvenil-a-portugal\/","og_locale":"es_ES","og_type":"article","og_title":"Inscripcions obertes al 'Don\u2019t fear refugees', un intercanvi juvenil a Portugal - Esplac","og_description":"Organitzat per l&#8217;organitzaci\u00f3 Rota Jovem, aquest projecte que es desenvolupar\u00e0 [&hellip;]","og_url":"https:\/\/www.esplac.cat\/inscripcions-obertes-al-dont-fear-refugees-un-intercanvi-juvenil-a-portugal\/","og_site_name":"Esplac","article_published_time":"2017-01-20T10:43:11+00:00","og_image":[{"width":847,"height":351,"url":"https:\/\/www.esplac.cat\/wp-content\/uploads\/2017\/01\/20170119_Refugees-intercanvi.jpg","type":"image\/jpeg"}],"author":"Comunicaci\u00f3 Esplac","twitter_card":"summary_large_image","twitter_misc":{"Escrito por":"Comunicaci\u00f3 Esplac","Tiempo de lectura":"1 minuto"},"schema":{"@context":"https:\/\/schema.org","@graph":[{"@type":"Article","@id":"https:\/\/www.esplac.cat\/inscripcions-obertes-al-dont-fear-refugees-un-intercanvi-juvenil-a-portugal\/#article","isPartOf":{"@id":"https:\/\/www.esplac.cat\/inscripcions-obertes-al-dont-fear-refugees-un-intercanvi-juvenil-a-portugal\/"},"author":{"name":"Comunicaci\u00f3 Esplac","@id":"https:\/\/www.esplac.cat\/#\/schema\/person\/908383cf240be18b68f8855d0583faca"},"headline":"Inscripcions obertes al &#8216;Don\u2019t fear refugees&#8217;, un intercanvi juvenil a Portugal","datePublished":"2017-01-20T10:43:11+00:00","mainEntityOfPage":{"@id":"https:\/\/www.esplac.cat\/inscripcions-obertes-al-dont-fear-refugees-un-intercanvi-juvenil-a-portugal\/"},"wordCount":278,"publisher":{"@id":"https:\/\/www.esplac.cat\/#organization"},"image":{"@id":"https:\/\/www.esplac.cat\/inscripcions-obertes-al-dont-fear-refugees-un-intercanvi-juvenil-a-portugal\/#primaryimage"},"thumbnailUrl":"https:\/\/www.esplac.cat\/wp-content\/uploads\/2017\/01\/20170119_Refugees-intercanvi.jpg","articleSection":["Cursos i formacions","Esplac al m\u00f3n","Sense categoria"],"inLanguage":"es"},{"@type":"WebPage","@id":"https:\/\/www.esplac.cat\/inscripcions-obertes-al-dont-fear-refugees-un-intercanvi-juvenil-a-portugal\/","url":"https:\/\/www.esplac.cat\/inscripcions-obertes-al-dont-fear-refugees-un-intercanvi-juvenil-a-portugal\/","name":"Inscripcions obertes al 'Don\u2019t fear refugees', un intercanvi juvenil a Portugal - Esplac","isPartOf":{"@id":"https:\/\/www.esplac.cat\/#website"},"primaryImageOfPage":{"@id":"https:\/\/www.esplac.cat\/inscripcions-obertes-al-dont-fear-refugees-un-intercanvi-juvenil-a-portugal\/#primaryimage"},"image":{"@id":"https:\/\/www.esplac.cat\/inscripcions-obertes-al-dont-fear-refugees-un-intercanvi-juvenil-a-portugal\/#primaryimage"},"thumbnailUrl":"https:\/\/www.esplac.cat\/wp-content\/uploads\/2017\/01\/20170119_Refugees-intercanvi.jpg","datePublished":"2017-01-20T10:43:11+00:00","breadcrumb":{"@id":"https:\/\/www.esplac.cat\/inscripcions-obertes-al-dont-fear-refugees-un-intercanvi-juvenil-a-portugal\/#breadcrumb"},"inLanguage":"es","potentialAction":[{"@type":"ReadAction","target":["https:\/\/www.esplac.cat\/inscripcions-obertes-al-dont-fear-refugees-un-intercanvi-juvenil-a-portugal\/"]}]},{"@type":"ImageObject","inLanguage":"es","@id":"https:\/\/www.esplac.cat\/inscripcions-obertes-al-dont-fear-refugees-un-intercanvi-juvenil-a-portugal\/#primaryimage","url":"https:\/\/www.esplac.cat\/wp-content\/uploads\/2017\/01\/20170119_Refugees-intercanvi.jpg","contentUrl":"https:\/\/www.esplac.cat\/wp-content\/uploads\/2017\/01\/20170119_Refugees-intercanvi.jpg","width":847,"height":351},{"@type":"BreadcrumbList","@id":"https:\/\/www.esplac.cat\/inscripcions-obertes-al-dont-fear-refugees-un-intercanvi-juvenil-a-portugal\/#breadcrumb","itemListElement":[{"@type":"ListItem","position":1,"name":"Inici","item":"https:\/\/www.esplac.cat\/es\/"},{"@type":"ListItem","position":2,"name":"Inscripcions obertes al &#8216;Don\u2019t fear refugees&#8217;, un intercanvi juvenil a Portugal"}]},{"@type":"WebSite","@id":"https:\/\/www.esplac.cat\/#website","url":"https:\/\/www.esplac.cat\/","name":"Esplac","description":"Esplais Catalans","publisher":{"@id":"https:\/\/www.esplac.cat\/#organization"},"potentialAction":[{"@type":"SearchAction","target":{"@type":"EntryPoint","urlTemplate":"https:\/\/www.esplac.cat\/?s={search_term_string}"},"query-input":{"@type":"PropertyValueSpecification","valueRequired":true,"valueName":"search_term_string"}}],"inLanguage":"es"},{"@type":"Organization","@id":"https:\/\/www.esplac.cat\/#organization","name":"Esplac","url":"https:\/\/www.esplac.cat\/","logo":{"@type":"ImageObject","inLanguage":"es","@id":"https:\/\/www.esplac.cat\/#\/schema\/logo\/image\/","url":"https:\/\/www.esplac.cat\/wp-content\/uploads\/2019\/08\/logox2.png","contentUrl":"https:\/\/www.esplac.cat\/wp-content\/uploads\/2019\/08\/logox2.png","width":600,"height":295,"caption":"Esplac"},"image":{"@id":"https:\/\/www.esplac.cat\/#\/schema\/logo\/image\/"}},{"@type":"Person","@id":"https:\/\/www.esplac.cat\/#\/schema\/person\/908383cf240be18b68f8855d0583faca","name":"Comunicaci\u00f3 Esplac","image":{"@type":"ImageObject","inLanguage":"es","@id":"https:\/\/secure.gravatar.com\/avatar\/7a4cf8feb412a76ea4a740ca02d95b06b2907b5a6c648c2dd0a1082a093c3141?s=96&d=mm&r=g","url":"https:\/\/secure.gravatar.com\/avatar\/7a4cf8feb412a76ea4a740ca02d95b06b2907b5a6c648c2dd0a1082a093c3141?s=96&d=mm&r=g","contentUrl":"https:\/\/secure.gravatar.com\/avatar\/7a4cf8feb412a76ea4a740ca02d95b06b2907b5a6c648c2dd0a1082a093c3141?s=96&d=mm&r=g","caption":"Comunicaci\u00f3 Esplac"}}]}},"_links":{"self":[{"href":"https:\/\/www.esplac.cat\/es\/wp-json\/wp\/v2\/posts\/24922","targetHints":{"allow":["GET"]}}],"collection":[{"href":"https:\/\/www.esplac.cat\/es\/wp-json\/wp\/v2\/posts"}],"about":[{"href":"https:\/\/www.esplac.cat\/es\/wp-json\/wp\/v2\/types\/post"}],"author":[{"embeddable":true,"href":"https:\/\/www.esplac.cat\/es\/wp-json\/wp\/v2\/users\/3"}],"replies":[{"embeddable":true,"href":"https:\/\/www.esplac.cat\/es\/wp-json\/wp\/v2\/comments?post=24922"}],"version-history":[{"count":0,"href":"https:\/\/www.esplac.cat\/es\/wp-json\/wp\/v2\/posts\/24922\/revisions"}],"wp:featuredmedia":[{"embeddable":true,"href":"https:\/\/www.esplac.cat\/es\/wp-json\/wp\/v2\/media\/24923"}],"wp:attachment":[{"href":"https:\/\/www.esplac.cat\/es\/wp-json\/wp\/v2\/media?parent=24922"}],"wp:term":[{"taxonomy":"category","embeddable":true,"href":"https:\/\/www.esplac.cat\/es\/wp-json\/wp\/v2\/categories?post=24922"},{"taxonomy":"post_tag","embeddable":true,"href":"https:\/\/www.esplac.cat\/es\/wp-json\/wp\/v2\/tags?post=24922"}],"curies":[{"name":"wp","href":"https:\/\/api.w.org\/{rel}","templated":true}]}}