{"id":24941,"date":"2016-12-23T12:08:23","date_gmt":"2016-12-23T10:08:23","guid":{"rendered":"http:\/\/www.esplac.cat\/?p=11867"},"modified":"2019-11-14T13:17:42","modified_gmt":"2019-11-14T11:17:42","slug":"darrera-setmana-per-participar-al-concurs-de-bones-pactiques-ambientals-lesplai-verd","status":"publish","type":"post","link":"https:\/\/www.esplac.cat\/es\/darrera-setmana-per-participar-al-concurs-de-bones-pactiques-ambientals-lesplai-verd\/","title":{"rendered":"Darrera setmana per participar al concurs de bones p\u00e0ctiques ambientals &#8216;L&#8217;Esplai Verd&#8217;"},"content":{"rendered":"<p style=\"text-align: justify;\">A l\u2019esplai treballem per respectar el medi ambient i fomentar pr\u00e0ctiques sostenibles. \u00c9s per aix\u00f2 que la comissi\u00f3 Reduint Petjada d\u2019Esplac recorda a tots els esplais que poden participar al concurs <strong>\u00abL&#8217;Esplai Verd\u00bb, un concurs per a qu\u00e8 ens envieu les bones pr\u00e0ctiques ambientals que feu a les vostres esplais fins al 31\/12\/2016!<\/strong><\/p>\n<p style=\"text-align: justify;\">El concurs consisteix en fer-nos arribar fotografies de les bones pr\u00e0ctiques i ens expliqueu breument quines iniciatives en mat\u00e8ria ambiental feu durant el curs o els campaments i col\u00f2nies. Poden ser activitats d\u2019educaci\u00f3 ambiental, pr\u00e0ctiques sostenibles, infraestructures de bioconstrucci\u00f3, h\u00e0bits saludables que fomenteu\u2026 L\u2019\u00fanica condici\u00f3 \u00e9s que siguin pr\u00e0ctiques sostenibles i ecol\u00f2giques!<\/p>\n<p style=\"text-align: justify;\">Animeu-vos a participar i fer difusi\u00f3 de les vostres iniciatives per un esplai m\u00e9s verd! I si teniu qualsevol dubte, com sempre, nom\u00e9s cal que ens contacteu a <strong>comissioreduintpetjada@esplac.cat.<\/strong><\/p>\n<h3 style=\"text-align: justify;\"><a href=\"http:\/\/www.esplac.cat\/wp-content\/uploads\/2016\/12\/Bases_Concurs_Esplai_Verd.pdf\" target=\"_blank\" rel=\"noopener noreferrer\"><strong>Repasseu les Bases del concurs l&#8217;Esplai Verd<\/strong><\/a><\/h3>\n<p>&nbsp;<\/p>\n","protected":false},"excerpt":{"rendered":"<p>A l\u2019esplai treballem per respectar el medi ambient i fomentar [&hellip;]<\/p>\n","protected":false},"author":3,"featured_media":24942,"comment_status":"closed","ping_status":"open","sticky":false,"template":"","format":"standard","meta":{"om_disable_all_campaigns":false,"_monsterinsights_skip_tracking":false,"_monsterinsights_sitenote_active":false,"_monsterinsights_sitenote_note":"","_monsterinsights_sitenote_category":0,"_uf_show_specific_survey":0,"_uf_disable_surveys":false,"footnotes":""},"categories":[1119,1121,1161,1],"tags":[67,544,82,826,459,83],"class_list":["post-24941","post","type-post","status-publish","format-standard","has-post-thumbnail","hentry","category-activitats-comissions-grups-de-treball","category-bones-practiques-2","category-comissio-reduint-petjada","category-sense-categoria","tag-bones-practiques","tag-ecologisme","tag-educacio-ambiental","tag-esplai-verd","tag-medi-ambient","tag-reduint-petjada"],"yoast_head":"<!-- This site is optimized with the Yoast SEO plugin v27.4 - https:\/\/yoast.com\/product\/yoast-seo-wordpress\/ -->\n<title>Darrera setmana per participar al concurs de bones p\u00e0ctiques ambientals &#039;L&#039;Esplai Verd&#039; - Esplac<\/title>\n<meta name=\"robots\" content=\"index, follow, max-snippet:-1, max-image-preview:large, max-video-preview:-1\" \/>\n<link rel=\"canonical\" href=\"https:\/\/www.esplac.cat\/en\/darrera-setmana-per-participar-al-concurs-de-bones-pactiques-ambientals-lesplai-verd\/\" \/>\n<meta property=\"og:locale\" content=\"es_ES\" \/>\n<meta property=\"og:type\" content=\"article\" \/>\n<meta property=\"og:title\" content=\"Darrera setmana per participar al concurs de bones p\u00e0ctiques ambientals &#039;L&#039;Esplai Verd&#039; - Esplac\" \/>\n<meta property=\"og:description\" content=\"A l\u2019esplai treballem per respectar el medi ambient i fomentar [&hellip;]\" \/>\n<meta property=\"og:url\" content=\"https:\/\/www.esplac.cat\/en\/darrera-setmana-per-participar-al-concurs-de-bones-pactiques-ambientals-lesplai-verd\/\" \/>\n<meta property=\"og:site_name\" content=\"Esplac\" \/>\n<meta property=\"article:published_time\" content=\"2016-12-23T10:08:23+00:00\" \/>\n<meta property=\"article:modified_time\" content=\"2019-11-14T11:17:42+00:00\" \/>\n<meta property=\"og:image\" content=\"https:\/\/www.esplac.cat\/wp-content\/uploads\/2016\/12\/20151222_Concurs-Estiu-verd.jpg\" \/>\n\t<meta property=\"og:image:width\" content=\"847\" \/>\n\t<meta property=\"og:image:height\" content=\"350\" \/>\n\t<meta property=\"og:image:type\" content=\"image\/jpeg\" \/>\n<meta name=\"author\" content=\"Comunicaci\u00f3 Esplac\" \/>\n<meta name=\"twitter:card\" content=\"summary_large_image\" \/>\n<meta name=\"twitter:label1\" content=\"Escrito por\" \/>\n\t<meta name=\"twitter:data1\" content=\"Comunicaci\u00f3 Esplac\" \/>\n\t<meta name=\"twitter:label2\" content=\"Tiempo de lectura\" \/>\n\t<meta name=\"twitter:data2\" content=\"1 minuto\" \/>\n<script type=\"application\/ld+json\" class=\"yoast-schema-graph\">{\"@context\":\"https:\\\/\\\/schema.org\",\"@graph\":[{\"@type\":\"Article\",\"@id\":\"https:\\\/\\\/www.esplac.cat\\\/en\\\/darrera-setmana-per-participar-al-concurs-de-bones-pactiques-ambientals-lesplai-verd\\\/#article\",\"isPartOf\":{\"@id\":\"https:\\\/\\\/www.esplac.cat\\\/en\\\/darrera-setmana-per-participar-al-concurs-de-bones-pactiques-ambientals-lesplai-verd\\\/\"},\"author\":{\"name\":\"Comunicaci\u00f3 Esplac\",\"@id\":\"https:\\\/\\\/www.esplac.cat\\\/#\\\/schema\\\/person\\\/908383cf240be18b68f8855d0583faca\"},\"headline\":\"Darrera setmana per participar al concurs de bones p\u00e0ctiques ambientals &#8216;L&#8217;Esplai Verd&#8217;\",\"datePublished\":\"2016-12-23T10:08:23+00:00\",\"dateModified\":\"2019-11-14T11:17:42+00:00\",\"mainEntityOfPage\":{\"@id\":\"https:\\\/\\\/www.esplac.cat\\\/en\\\/darrera-setmana-per-participar-al-concurs-de-bones-pactiques-ambientals-lesplai-verd\\\/\"},\"wordCount\":174,\"publisher\":{\"@id\":\"https:\\\/\\\/www.esplac.cat\\\/#organization\"},\"image\":{\"@id\":\"https:\\\/\\\/www.esplac.cat\\\/en\\\/darrera-setmana-per-participar-al-concurs-de-bones-pactiques-ambientals-lesplai-verd\\\/#primaryimage\"},\"thumbnailUrl\":\"https:\\\/\\\/www.esplac.cat\\\/wp-content\\\/uploads\\\/2016\\\/12\\\/20151222_Concurs-Estiu-verd.jpg\",\"keywords\":[\"bones pr\u00e0ctiques\",\"ecologisme\",\"educacio ambiental\",\"esplai verd\",\"medi ambient\",\"reduint petjada\"],\"articleSection\":[\"Activitats comissions i grups de treball\",\"Bones pr\u00e0ctiques\",\"Comissi\u00f3 Reduint Petjada\",\"Sense categoria\"],\"inLanguage\":\"es\"},{\"@type\":\"WebPage\",\"@id\":\"https:\\\/\\\/www.esplac.cat\\\/en\\\/darrera-setmana-per-participar-al-concurs-de-bones-pactiques-ambientals-lesplai-verd\\\/\",\"url\":\"https:\\\/\\\/www.esplac.cat\\\/en\\\/darrera-setmana-per-participar-al-concurs-de-bones-pactiques-ambientals-lesplai-verd\\\/\",\"name\":\"Darrera setmana per participar al concurs de bones p\u00e0ctiques ambientals 'L'Esplai Verd' - Esplac\",\"isPartOf\":{\"@id\":\"https:\\\/\\\/www.esplac.cat\\\/#website\"},\"primaryImageOfPage\":{\"@id\":\"https:\\\/\\\/www.esplac.cat\\\/en\\\/darrera-setmana-per-participar-al-concurs-de-bones-pactiques-ambientals-lesplai-verd\\\/#primaryimage\"},\"image\":{\"@id\":\"https:\\\/\\\/www.esplac.cat\\\/en\\\/darrera-setmana-per-participar-al-concurs-de-bones-pactiques-ambientals-lesplai-verd\\\/#primaryimage\"},\"thumbnailUrl\":\"https:\\\/\\\/www.esplac.cat\\\/wp-content\\\/uploads\\\/2016\\\/12\\\/20151222_Concurs-Estiu-verd.jpg\",\"datePublished\":\"2016-12-23T10:08:23+00:00\",\"dateModified\":\"2019-11-14T11:17:42+00:00\",\"breadcrumb\":{\"@id\":\"https:\\\/\\\/www.esplac.cat\\\/en\\\/darrera-setmana-per-participar-al-concurs-de-bones-pactiques-ambientals-lesplai-verd\\\/#breadcrumb\"},\"inLanguage\":\"es\",\"potentialAction\":[{\"@type\":\"ReadAction\",\"target\":[\"https:\\\/\\\/www.esplac.cat\\\/en\\\/darrera-setmana-per-participar-al-concurs-de-bones-pactiques-ambientals-lesplai-verd\\\/\"]}]},{\"@type\":\"ImageObject\",\"inLanguage\":\"es\",\"@id\":\"https:\\\/\\\/www.esplac.cat\\\/en\\\/darrera-setmana-per-participar-al-concurs-de-bones-pactiques-ambientals-lesplai-verd\\\/#primaryimage\",\"url\":\"https:\\\/\\\/www.esplac.cat\\\/wp-content\\\/uploads\\\/2016\\\/12\\\/20151222_Concurs-Estiu-verd.jpg\",\"contentUrl\":\"https:\\\/\\\/www.esplac.cat\\\/wp-content\\\/uploads\\\/2016\\\/12\\\/20151222_Concurs-Estiu-verd.jpg\",\"width\":847,\"height\":350},{\"@type\":\"BreadcrumbList\",\"@id\":\"https:\\\/\\\/www.esplac.cat\\\/en\\\/darrera-setmana-per-participar-al-concurs-de-bones-pactiques-ambientals-lesplai-verd\\\/#breadcrumb\",\"itemListElement\":[{\"@type\":\"ListItem\",\"position\":1,\"name\":\"Inici\",\"item\":\"https:\\\/\\\/www.esplac.cat\\\/es\\\/\"},{\"@type\":\"ListItem\",\"position\":2,\"name\":\"Darrera setmana per participar al concurs de bones p\u00e0ctiques ambientals &#8216;L&#8217;Esplai Verd&#8217;\"}]},{\"@type\":\"WebSite\",\"@id\":\"https:\\\/\\\/www.esplac.cat\\\/#website\",\"url\":\"https:\\\/\\\/www.esplac.cat\\\/\",\"name\":\"Esplac\",\"description\":\"Esplais Catalans\",\"publisher\":{\"@id\":\"https:\\\/\\\/www.esplac.cat\\\/#organization\"},\"potentialAction\":[{\"@type\":\"SearchAction\",\"target\":{\"@type\":\"EntryPoint\",\"urlTemplate\":\"https:\\\/\\\/www.esplac.cat\\\/?s={search_term_string}\"},\"query-input\":{\"@type\":\"PropertyValueSpecification\",\"valueRequired\":true,\"valueName\":\"search_term_string\"}}],\"inLanguage\":\"es\"},{\"@type\":\"Organization\",\"@id\":\"https:\\\/\\\/www.esplac.cat\\\/#organization\",\"name\":\"Esplac\",\"url\":\"https:\\\/\\\/www.esplac.cat\\\/\",\"logo\":{\"@type\":\"ImageObject\",\"inLanguage\":\"es\",\"@id\":\"https:\\\/\\\/www.esplac.cat\\\/#\\\/schema\\\/logo\\\/image\\\/\",\"url\":\"https:\\\/\\\/www.esplac.cat\\\/wp-content\\\/uploads\\\/2019\\\/08\\\/logox2.png\",\"contentUrl\":\"https:\\\/\\\/www.esplac.cat\\\/wp-content\\\/uploads\\\/2019\\\/08\\\/logox2.png\",\"width\":600,\"height\":295,\"caption\":\"Esplac\"},\"image\":{\"@id\":\"https:\\\/\\\/www.esplac.cat\\\/#\\\/schema\\\/logo\\\/image\\\/\"}},{\"@type\":\"Person\",\"@id\":\"https:\\\/\\\/www.esplac.cat\\\/#\\\/schema\\\/person\\\/908383cf240be18b68f8855d0583faca\",\"name\":\"Comunicaci\u00f3 Esplac\",\"image\":{\"@type\":\"ImageObject\",\"inLanguage\":\"es\",\"@id\":\"https:\\\/\\\/secure.gravatar.com\\\/avatar\\\/7a4cf8feb412a76ea4a740ca02d95b06b2907b5a6c648c2dd0a1082a093c3141?s=96&d=mm&r=g\",\"url\":\"https:\\\/\\\/secure.gravatar.com\\\/avatar\\\/7a4cf8feb412a76ea4a740ca02d95b06b2907b5a6c648c2dd0a1082a093c3141?s=96&d=mm&r=g\",\"contentUrl\":\"https:\\\/\\\/secure.gravatar.com\\\/avatar\\\/7a4cf8feb412a76ea4a740ca02d95b06b2907b5a6c648c2dd0a1082a093c3141?s=96&d=mm&r=g\",\"caption\":\"Comunicaci\u00f3 Esplac\"}}]}<\/script>\n<!-- \/ Yoast SEO plugin. -->","yoast_head_json":{"title":"Darrera setmana per participar al concurs de bones p\u00e0ctiques ambientals 'L'Esplai Verd' - Esplac","robots":{"index":"index","follow":"follow","max-snippet":"max-snippet:-1","max-image-preview":"max-image-preview:large","max-video-preview":"max-video-preview:-1"},"canonical":"https:\/\/www.esplac.cat\/en\/darrera-setmana-per-participar-al-concurs-de-bones-pactiques-ambientals-lesplai-verd\/","og_locale":"es_ES","og_type":"article","og_title":"Darrera setmana per participar al concurs de bones p\u00e0ctiques ambientals 'L'Esplai Verd' - Esplac","og_description":"A l\u2019esplai treballem per respectar el medi ambient i fomentar [&hellip;]","og_url":"https:\/\/www.esplac.cat\/en\/darrera-setmana-per-participar-al-concurs-de-bones-pactiques-ambientals-lesplai-verd\/","og_site_name":"Esplac","article_published_time":"2016-12-23T10:08:23+00:00","article_modified_time":"2019-11-14T11:17:42+00:00","og_image":[{"width":847,"height":350,"url":"https:\/\/www.esplac.cat\/wp-content\/uploads\/2016\/12\/20151222_Concurs-Estiu-verd.jpg","type":"image\/jpeg"}],"author":"Comunicaci\u00f3 Esplac","twitter_card":"summary_large_image","twitter_misc":{"Escrito por":"Comunicaci\u00f3 Esplac","Tiempo de lectura":"1 minuto"},"schema":{"@context":"https:\/\/schema.org","@graph":[{"@type":"Article","@id":"https:\/\/www.esplac.cat\/en\/darrera-setmana-per-participar-al-concurs-de-bones-pactiques-ambientals-lesplai-verd\/#article","isPartOf":{"@id":"https:\/\/www.esplac.cat\/en\/darrera-setmana-per-participar-al-concurs-de-bones-pactiques-ambientals-lesplai-verd\/"},"author":{"name":"Comunicaci\u00f3 Esplac","@id":"https:\/\/www.esplac.cat\/#\/schema\/person\/908383cf240be18b68f8855d0583faca"},"headline":"Darrera setmana per participar al concurs de bones p\u00e0ctiques ambientals &#8216;L&#8217;Esplai Verd&#8217;","datePublished":"2016-12-23T10:08:23+00:00","dateModified":"2019-11-14T11:17:42+00:00","mainEntityOfPage":{"@id":"https:\/\/www.esplac.cat\/en\/darrera-setmana-per-participar-al-concurs-de-bones-pactiques-ambientals-lesplai-verd\/"},"wordCount":174,"publisher":{"@id":"https:\/\/www.esplac.cat\/#organization"},"image":{"@id":"https:\/\/www.esplac.cat\/en\/darrera-setmana-per-participar-al-concurs-de-bones-pactiques-ambientals-lesplai-verd\/#primaryimage"},"thumbnailUrl":"https:\/\/www.esplac.cat\/wp-content\/uploads\/2016\/12\/20151222_Concurs-Estiu-verd.jpg","keywords":["bones pr\u00e0ctiques","ecologisme","educacio ambiental","esplai verd","medi ambient","reduint petjada"],"articleSection":["Activitats comissions i grups de treball","Bones pr\u00e0ctiques","Comissi\u00f3 Reduint Petjada","Sense categoria"],"inLanguage":"es"},{"@type":"WebPage","@id":"https:\/\/www.esplac.cat\/en\/darrera-setmana-per-participar-al-concurs-de-bones-pactiques-ambientals-lesplai-verd\/","url":"https:\/\/www.esplac.cat\/en\/darrera-setmana-per-participar-al-concurs-de-bones-pactiques-ambientals-lesplai-verd\/","name":"Darrera setmana per participar al concurs de bones p\u00e0ctiques ambientals 'L'Esplai Verd' - Esplac","isPartOf":{"@id":"https:\/\/www.esplac.cat\/#website"},"primaryImageOfPage":{"@id":"https:\/\/www.esplac.cat\/en\/darrera-setmana-per-participar-al-concurs-de-bones-pactiques-ambientals-lesplai-verd\/#primaryimage"},"image":{"@id":"https:\/\/www.esplac.cat\/en\/darrera-setmana-per-participar-al-concurs-de-bones-pactiques-ambientals-lesplai-verd\/#primaryimage"},"thumbnailUrl":"https:\/\/www.esplac.cat\/wp-content\/uploads\/2016\/12\/20151222_Concurs-Estiu-verd.jpg","datePublished":"2016-12-23T10:08:23+00:00","dateModified":"2019-11-14T11:17:42+00:00","breadcrumb":{"@id":"https:\/\/www.esplac.cat\/en\/darrera-setmana-per-participar-al-concurs-de-bones-pactiques-ambientals-lesplai-verd\/#breadcrumb"},"inLanguage":"es","potentialAction":[{"@type":"ReadAction","target":["https:\/\/www.esplac.cat\/en\/darrera-setmana-per-participar-al-concurs-de-bones-pactiques-ambientals-lesplai-verd\/"]}]},{"@type":"ImageObject","inLanguage":"es","@id":"https:\/\/www.esplac.cat\/en\/darrera-setmana-per-participar-al-concurs-de-bones-pactiques-ambientals-lesplai-verd\/#primaryimage","url":"https:\/\/www.esplac.cat\/wp-content\/uploads\/2016\/12\/20151222_Concurs-Estiu-verd.jpg","contentUrl":"https:\/\/www.esplac.cat\/wp-content\/uploads\/2016\/12\/20151222_Concurs-Estiu-verd.jpg","width":847,"height":350},{"@type":"BreadcrumbList","@id":"https:\/\/www.esplac.cat\/en\/darrera-setmana-per-participar-al-concurs-de-bones-pactiques-ambientals-lesplai-verd\/#breadcrumb","itemListElement":[{"@type":"ListItem","position":1,"name":"Inici","item":"https:\/\/www.esplac.cat\/es\/"},{"@type":"ListItem","position":2,"name":"Darrera setmana per participar al concurs de bones p\u00e0ctiques ambientals &#8216;L&#8217;Esplai Verd&#8217;"}]},{"@type":"WebSite","@id":"https:\/\/www.esplac.cat\/#website","url":"https:\/\/www.esplac.cat\/","name":"Esplac","description":"Esplais Catalans","publisher":{"@id":"https:\/\/www.esplac.cat\/#organization"},"potentialAction":[{"@type":"SearchAction","target":{"@type":"EntryPoint","urlTemplate":"https:\/\/www.esplac.cat\/?s={search_term_string}"},"query-input":{"@type":"PropertyValueSpecification","valueRequired":true,"valueName":"search_term_string"}}],"inLanguage":"es"},{"@type":"Organization","@id":"https:\/\/www.esplac.cat\/#organization","name":"Esplac","url":"https:\/\/www.esplac.cat\/","logo":{"@type":"ImageObject","inLanguage":"es","@id":"https:\/\/www.esplac.cat\/#\/schema\/logo\/image\/","url":"https:\/\/www.esplac.cat\/wp-content\/uploads\/2019\/08\/logox2.png","contentUrl":"https:\/\/www.esplac.cat\/wp-content\/uploads\/2019\/08\/logox2.png","width":600,"height":295,"caption":"Esplac"},"image":{"@id":"https:\/\/www.esplac.cat\/#\/schema\/logo\/image\/"}},{"@type":"Person","@id":"https:\/\/www.esplac.cat\/#\/schema\/person\/908383cf240be18b68f8855d0583faca","name":"Comunicaci\u00f3 Esplac","image":{"@type":"ImageObject","inLanguage":"es","@id":"https:\/\/secure.gravatar.com\/avatar\/7a4cf8feb412a76ea4a740ca02d95b06b2907b5a6c648c2dd0a1082a093c3141?s=96&d=mm&r=g","url":"https:\/\/secure.gravatar.com\/avatar\/7a4cf8feb412a76ea4a740ca02d95b06b2907b5a6c648c2dd0a1082a093c3141?s=96&d=mm&r=g","contentUrl":"https:\/\/secure.gravatar.com\/avatar\/7a4cf8feb412a76ea4a740ca02d95b06b2907b5a6c648c2dd0a1082a093c3141?s=96&d=mm&r=g","caption":"Comunicaci\u00f3 Esplac"}}]}},"_links":{"self":[{"href":"https:\/\/www.esplac.cat\/es\/wp-json\/wp\/v2\/posts\/24941","targetHints":{"allow":["GET"]}}],"collection":[{"href":"https:\/\/www.esplac.cat\/es\/wp-json\/wp\/v2\/posts"}],"about":[{"href":"https:\/\/www.esplac.cat\/es\/wp-json\/wp\/v2\/types\/post"}],"author":[{"embeddable":true,"href":"https:\/\/www.esplac.cat\/es\/wp-json\/wp\/v2\/users\/3"}],"replies":[{"embeddable":true,"href":"https:\/\/www.esplac.cat\/es\/wp-json\/wp\/v2\/comments?post=24941"}],"version-history":[{"count":0,"href":"https:\/\/www.esplac.cat\/es\/wp-json\/wp\/v2\/posts\/24941\/revisions"}],"wp:featuredmedia":[{"embeddable":true,"href":"https:\/\/www.esplac.cat\/es\/wp-json\/wp\/v2\/media\/24942"}],"wp:attachment":[{"href":"https:\/\/www.esplac.cat\/es\/wp-json\/wp\/v2\/media?parent=24941"}],"wp:term":[{"taxonomy":"category","embeddable":true,"href":"https:\/\/www.esplac.cat\/es\/wp-json\/wp\/v2\/categories?post=24941"},{"taxonomy":"post_tag","embeddable":true,"href":"https:\/\/www.esplac.cat\/es\/wp-json\/wp\/v2\/tags?post=24941"}],"curies":[{"name":"wp","href":"https:\/\/api.w.org\/{rel}","templated":true}]}}