{"id":24945,"date":"2016-12-21T10:36:40","date_gmt":"2016-12-21T08:36:40","guid":{"rendered":"http:\/\/www.esplac.cat\/?p=11817"},"modified":"2016-12-21T10:36:40","modified_gmt":"2016-12-21T08:36:40","slug":"migracions-i-refugiades-aquesta-sera-la-tematica-de-la-propera-study-session-de-lifm-sei","status":"publish","type":"post","link":"https:\/\/www.esplac.cat\/es\/migracions-i-refugiades-aquesta-sera-la-tematica-de-la-propera-study-session-de-lifm-sei\/","title":{"rendered":"\u00abMigracions i refugiades\u00bb, aquesta ser\u00e0 la tem\u00e0tica de la propera Study Session de l\u2019IFM-SEI"},"content":{"rendered":"<p>La sessi\u00f3 formativa tindr\u00e0 lloc del 5 al 12 de mar\u00e7 del 2017 a Estrasburg, Fran\u00e7a<\/strong><\/h4>\n<p class=\"p1\"><b><\/b>Per a qui els vingui de nou, les <b><i>Study Sessions<\/i><\/b><span class=\"Apple-converted-space\">\u00a0 <\/span>s\u00f3n formacions que organitza l\u2019IFM-SEI dos cops l\u2019any en col\u00b7laboraci\u00f3 amb el Consell d\u2019Europa per a totes les entitats que en som s\u00f2cies. La propera Study Session s\u2019emmarcar\u00e0 dins del projecte <a href=\"http:\/\/ifm-sei.org\/en\/projects\/on-the-move\/\">Children On the Move<\/a>, en el que Esplac portem col\u00b7laborant-hi des de l\u2019inici i que pret\u00e9n reflexionar sobre temes de mobilitat (des de migracions i refugiades, fins a fronteres i visats, passant per treball i exili juvenil) i crear eines per a que les entitats puguem treballar-hi amb els nostres grups d\u2019infants i joves.<\/p>\n<p class=\"p3\">Si tens entre 16 i 30 anys i tens un nivell intermig d\u2019angl\u00e8s, vols formar-te en temes com infants refugiats, menors sense fam\u00edlia, drets dels infants i treball juvenil, i tens experi\u00e8ncia o ganes d&#8217;iniciar un projecte relacionat amb el teu esplai o sector, vol dir que tens el perfil adequat per participar.<\/p>\n<p class=\"p1\">Trobareu m\u00e9s informaci\u00f3\u00a0<a href=\"http:\/\/ifm-sei.org\/wp-content\/uploads\/2016\/12\/IFM-SEI-Study-Session-2017-%E2%80%98Children-on-the-move%E2%80%99-call-for-participants.pdf\">AQU\u00cd<\/a>.<\/p>\n<p class=\"p1\">La inscripci\u00f3 la podeu fer directament al <a href=\"https:\/\/docs.google.com\/a\/esplac.cat\/forms\/d\/e\/1FAIpQLScgoFgxpRDC311n5gPAvUzdCq_LjVKZYoiwCsNaBCA1fjTQ-g\/viewform?c=0&amp;w=1\">formulari<\/a> de l\u2019IFM-SEI, <strong>abans del 8 de gener del 2017.<\/strong><\/p>\n","protected":false},"excerpt":{"rendered":"<p>La sessi\u00f3 formativa tindr\u00e0 lloc del 5 al 12 de [&hellip;]<\/p>\n","protected":false},"author":3,"featured_media":24946,"comment_status":"closed","ping_status":"open","sticky":false,"template":"","format":"standard","meta":{"om_disable_all_campaigns":false,"_monsterinsights_skip_tracking":false,"_monsterinsights_sitenote_active":false,"_monsterinsights_sitenote_note":"","_monsterinsights_sitenote_category":0,"_uf_show_specific_survey":0,"_uf_disable_surveys":false,"footnotes":""},"categories":[1131,1112,1],"tags":[59,656,625,821],"class_list":["post-24945","post","type-post","status-publish","format-standard","has-post-thumbnail","hentry","category-cursos-formacions","category-esplac-al-mon","category-sense-categoria","tag-ifm-sei","tag-migracions","tag-refugiades","tag-study-session"],"yoast_head":"<!-- This site is optimized with the Yoast SEO plugin v27.5 - https:\/\/yoast.com\/product\/yoast-seo-wordpress\/ -->\n<title>&quot;Migracions i refugiades&quot;, aquesta ser\u00e0 la tem\u00e0tica de la propera Study Session de l\u2019IFM-SEI - Esplac<\/title>\n<meta name=\"robots\" content=\"index, follow, max-snippet:-1, max-image-preview:large, max-video-preview:-1\" \/>\n<link rel=\"canonical\" href=\"https:\/\/www.esplac.cat\/es\/migracions-i-refugiades-aquesta-sera-la-tematica-de-la-propera-study-session-de-lifm-sei\/\" \/>\n<meta property=\"og:locale\" content=\"es_ES\" \/>\n<meta property=\"og:type\" content=\"article\" \/>\n<meta property=\"og:title\" content=\"&quot;Migracions i refugiades&quot;, aquesta ser\u00e0 la tem\u00e0tica de la propera Study Session de l\u2019IFM-SEI - Esplac\" \/>\n<meta property=\"og:description\" content=\"La sessi\u00f3 formativa tindr\u00e0 lloc del 5 al 12 de [&hellip;]\" \/>\n<meta property=\"og:url\" content=\"https:\/\/www.esplac.cat\/es\/migracions-i-refugiades-aquesta-sera-la-tematica-de-la-propera-study-session-de-lifm-sei\/\" \/>\n<meta property=\"og:site_name\" content=\"Esplac\" \/>\n<meta property=\"article:published_time\" content=\"2016-12-21T08:36:40+00:00\" \/>\n<meta property=\"og:image\" content=\"https:\/\/www.esplac.cat\/wp-content\/uploads\/2016\/12\/internacional1.jpg\" \/>\n\t<meta property=\"og:image:width\" content=\"847\" \/>\n\t<meta property=\"og:image:height\" content=\"350\" \/>\n\t<meta property=\"og:image:type\" content=\"image\/jpeg\" \/>\n<meta name=\"author\" content=\"Comunicaci\u00f3 Esplac\" \/>\n<meta name=\"twitter:card\" content=\"summary_large_image\" \/>\n<meta name=\"twitter:label1\" content=\"Escrito por\" \/>\n\t<meta name=\"twitter:data1\" content=\"Comunicaci\u00f3 Esplac\" \/>\n\t<meta name=\"twitter:label2\" content=\"Tiempo de lectura\" \/>\n\t<meta name=\"twitter:data2\" content=\"1 minuto\" \/>\n<script type=\"application\/ld+json\" class=\"yoast-schema-graph\">{\"@context\":\"https:\\\/\\\/schema.org\",\"@graph\":[{\"@type\":\"Article\",\"@id\":\"https:\\\/\\\/www.esplac.cat\\\/es\\\/migracions-i-refugiades-aquesta-sera-la-tematica-de-la-propera-study-session-de-lifm-sei\\\/#article\",\"isPartOf\":{\"@id\":\"https:\\\/\\\/www.esplac.cat\\\/es\\\/migracions-i-refugiades-aquesta-sera-la-tematica-de-la-propera-study-session-de-lifm-sei\\\/\"},\"author\":{\"name\":\"Comunicaci\u00f3 Esplac\",\"@id\":\"https:\\\/\\\/www.esplac.cat\\\/#\\\/schema\\\/person\\\/908383cf240be18b68f8855d0583faca\"},\"headline\":\"\u00abMigracions i refugiades\u00bb, aquesta ser\u00e0 la tem\u00e0tica de la propera Study Session de l\u2019IFM-SEI\",\"datePublished\":\"2016-12-21T08:36:40+00:00\",\"mainEntityOfPage\":{\"@id\":\"https:\\\/\\\/www.esplac.cat\\\/es\\\/migracions-i-refugiades-aquesta-sera-la-tematica-de-la-propera-study-session-de-lifm-sei\\\/\"},\"wordCount\":213,\"publisher\":{\"@id\":\"https:\\\/\\\/www.esplac.cat\\\/#organization\"},\"image\":{\"@id\":\"https:\\\/\\\/www.esplac.cat\\\/es\\\/migracions-i-refugiades-aquesta-sera-la-tematica-de-la-propera-study-session-de-lifm-sei\\\/#primaryimage\"},\"thumbnailUrl\":\"https:\\\/\\\/www.esplac.cat\\\/wp-content\\\/uploads\\\/2016\\\/12\\\/internacional1.jpg\",\"keywords\":[\"IFM-SEI\",\"migracions\",\"refugiades\",\"study session\"],\"articleSection\":[\"Cursos i formacions\",\"Esplac al m\u00f3n\",\"Sense categoria\"],\"inLanguage\":\"es\"},{\"@type\":\"WebPage\",\"@id\":\"https:\\\/\\\/www.esplac.cat\\\/es\\\/migracions-i-refugiades-aquesta-sera-la-tematica-de-la-propera-study-session-de-lifm-sei\\\/\",\"url\":\"https:\\\/\\\/www.esplac.cat\\\/es\\\/migracions-i-refugiades-aquesta-sera-la-tematica-de-la-propera-study-session-de-lifm-sei\\\/\",\"name\":\"\\\"Migracions i refugiades\\\", aquesta ser\u00e0 la tem\u00e0tica de la propera Study Session de l\u2019IFM-SEI - Esplac\",\"isPartOf\":{\"@id\":\"https:\\\/\\\/www.esplac.cat\\\/#website\"},\"primaryImageOfPage\":{\"@id\":\"https:\\\/\\\/www.esplac.cat\\\/es\\\/migracions-i-refugiades-aquesta-sera-la-tematica-de-la-propera-study-session-de-lifm-sei\\\/#primaryimage\"},\"image\":{\"@id\":\"https:\\\/\\\/www.esplac.cat\\\/es\\\/migracions-i-refugiades-aquesta-sera-la-tematica-de-la-propera-study-session-de-lifm-sei\\\/#primaryimage\"},\"thumbnailUrl\":\"https:\\\/\\\/www.esplac.cat\\\/wp-content\\\/uploads\\\/2016\\\/12\\\/internacional1.jpg\",\"datePublished\":\"2016-12-21T08:36:40+00:00\",\"breadcrumb\":{\"@id\":\"https:\\\/\\\/www.esplac.cat\\\/es\\\/migracions-i-refugiades-aquesta-sera-la-tematica-de-la-propera-study-session-de-lifm-sei\\\/#breadcrumb\"},\"inLanguage\":\"es\",\"potentialAction\":[{\"@type\":\"ReadAction\",\"target\":[\"https:\\\/\\\/www.esplac.cat\\\/es\\\/migracions-i-refugiades-aquesta-sera-la-tematica-de-la-propera-study-session-de-lifm-sei\\\/\"]}]},{\"@type\":\"ImageObject\",\"inLanguage\":\"es\",\"@id\":\"https:\\\/\\\/www.esplac.cat\\\/es\\\/migracions-i-refugiades-aquesta-sera-la-tematica-de-la-propera-study-session-de-lifm-sei\\\/#primaryimage\",\"url\":\"https:\\\/\\\/www.esplac.cat\\\/wp-content\\\/uploads\\\/2016\\\/12\\\/internacional1.jpg\",\"contentUrl\":\"https:\\\/\\\/www.esplac.cat\\\/wp-content\\\/uploads\\\/2016\\\/12\\\/internacional1.jpg\",\"width\":847,\"height\":350},{\"@type\":\"BreadcrumbList\",\"@id\":\"https:\\\/\\\/www.esplac.cat\\\/es\\\/migracions-i-refugiades-aquesta-sera-la-tematica-de-la-propera-study-session-de-lifm-sei\\\/#breadcrumb\",\"itemListElement\":[{\"@type\":\"ListItem\",\"position\":1,\"name\":\"Inici\",\"item\":\"https:\\\/\\\/www.esplac.cat\\\/es\\\/\"},{\"@type\":\"ListItem\",\"position\":2,\"name\":\"\u00abMigracions i refugiades\u00bb, aquesta ser\u00e0 la tem\u00e0tica de la propera Study Session de l\u2019IFM-SEI\"}]},{\"@type\":\"WebSite\",\"@id\":\"https:\\\/\\\/www.esplac.cat\\\/#website\",\"url\":\"https:\\\/\\\/www.esplac.cat\\\/\",\"name\":\"Esplac\",\"description\":\"Esplais Catalans\",\"publisher\":{\"@id\":\"https:\\\/\\\/www.esplac.cat\\\/#organization\"},\"potentialAction\":[{\"@type\":\"SearchAction\",\"target\":{\"@type\":\"EntryPoint\",\"urlTemplate\":\"https:\\\/\\\/www.esplac.cat\\\/?s={search_term_string}\"},\"query-input\":{\"@type\":\"PropertyValueSpecification\",\"valueRequired\":true,\"valueName\":\"search_term_string\"}}],\"inLanguage\":\"es\"},{\"@type\":\"Organization\",\"@id\":\"https:\\\/\\\/www.esplac.cat\\\/#organization\",\"name\":\"Esplac\",\"url\":\"https:\\\/\\\/www.esplac.cat\\\/\",\"logo\":{\"@type\":\"ImageObject\",\"inLanguage\":\"es\",\"@id\":\"https:\\\/\\\/www.esplac.cat\\\/#\\\/schema\\\/logo\\\/image\\\/\",\"url\":\"https:\\\/\\\/www.esplac.cat\\\/wp-content\\\/uploads\\\/2019\\\/08\\\/logox2.png\",\"contentUrl\":\"https:\\\/\\\/www.esplac.cat\\\/wp-content\\\/uploads\\\/2019\\\/08\\\/logox2.png\",\"width\":600,\"height\":295,\"caption\":\"Esplac\"},\"image\":{\"@id\":\"https:\\\/\\\/www.esplac.cat\\\/#\\\/schema\\\/logo\\\/image\\\/\"}},{\"@type\":\"Person\",\"@id\":\"https:\\\/\\\/www.esplac.cat\\\/#\\\/schema\\\/person\\\/908383cf240be18b68f8855d0583faca\",\"name\":\"Comunicaci\u00f3 Esplac\",\"image\":{\"@type\":\"ImageObject\",\"inLanguage\":\"es\",\"@id\":\"https:\\\/\\\/secure.gravatar.com\\\/avatar\\\/7a4cf8feb412a76ea4a740ca02d95b06b2907b5a6c648c2dd0a1082a093c3141?s=96&d=mm&r=g\",\"url\":\"https:\\\/\\\/secure.gravatar.com\\\/avatar\\\/7a4cf8feb412a76ea4a740ca02d95b06b2907b5a6c648c2dd0a1082a093c3141?s=96&d=mm&r=g\",\"contentUrl\":\"https:\\\/\\\/secure.gravatar.com\\\/avatar\\\/7a4cf8feb412a76ea4a740ca02d95b06b2907b5a6c648c2dd0a1082a093c3141?s=96&d=mm&r=g\",\"caption\":\"Comunicaci\u00f3 Esplac\"}}]}<\/script>\n<!-- \/ Yoast SEO plugin. -->","yoast_head_json":{"title":"\"Migracions i refugiades\", aquesta ser\u00e0 la tem\u00e0tica de la propera Study Session de l\u2019IFM-SEI - Esplac","robots":{"index":"index","follow":"follow","max-snippet":"max-snippet:-1","max-image-preview":"max-image-preview:large","max-video-preview":"max-video-preview:-1"},"canonical":"https:\/\/www.esplac.cat\/es\/migracions-i-refugiades-aquesta-sera-la-tematica-de-la-propera-study-session-de-lifm-sei\/","og_locale":"es_ES","og_type":"article","og_title":"\"Migracions i refugiades\", aquesta ser\u00e0 la tem\u00e0tica de la propera Study Session de l\u2019IFM-SEI - Esplac","og_description":"La sessi\u00f3 formativa tindr\u00e0 lloc del 5 al 12 de [&hellip;]","og_url":"https:\/\/www.esplac.cat\/es\/migracions-i-refugiades-aquesta-sera-la-tematica-de-la-propera-study-session-de-lifm-sei\/","og_site_name":"Esplac","article_published_time":"2016-12-21T08:36:40+00:00","og_image":[{"width":847,"height":350,"url":"https:\/\/www.esplac.cat\/wp-content\/uploads\/2016\/12\/internacional1.jpg","type":"image\/jpeg"}],"author":"Comunicaci\u00f3 Esplac","twitter_card":"summary_large_image","twitter_misc":{"Escrito por":"Comunicaci\u00f3 Esplac","Tiempo de lectura":"1 minuto"},"schema":{"@context":"https:\/\/schema.org","@graph":[{"@type":"Article","@id":"https:\/\/www.esplac.cat\/es\/migracions-i-refugiades-aquesta-sera-la-tematica-de-la-propera-study-session-de-lifm-sei\/#article","isPartOf":{"@id":"https:\/\/www.esplac.cat\/es\/migracions-i-refugiades-aquesta-sera-la-tematica-de-la-propera-study-session-de-lifm-sei\/"},"author":{"name":"Comunicaci\u00f3 Esplac","@id":"https:\/\/www.esplac.cat\/#\/schema\/person\/908383cf240be18b68f8855d0583faca"},"headline":"\u00abMigracions i refugiades\u00bb, aquesta ser\u00e0 la tem\u00e0tica de la propera Study Session de l\u2019IFM-SEI","datePublished":"2016-12-21T08:36:40+00:00","mainEntityOfPage":{"@id":"https:\/\/www.esplac.cat\/es\/migracions-i-refugiades-aquesta-sera-la-tematica-de-la-propera-study-session-de-lifm-sei\/"},"wordCount":213,"publisher":{"@id":"https:\/\/www.esplac.cat\/#organization"},"image":{"@id":"https:\/\/www.esplac.cat\/es\/migracions-i-refugiades-aquesta-sera-la-tematica-de-la-propera-study-session-de-lifm-sei\/#primaryimage"},"thumbnailUrl":"https:\/\/www.esplac.cat\/wp-content\/uploads\/2016\/12\/internacional1.jpg","keywords":["IFM-SEI","migracions","refugiades","study session"],"articleSection":["Cursos i formacions","Esplac al m\u00f3n","Sense categoria"],"inLanguage":"es"},{"@type":"WebPage","@id":"https:\/\/www.esplac.cat\/es\/migracions-i-refugiades-aquesta-sera-la-tematica-de-la-propera-study-session-de-lifm-sei\/","url":"https:\/\/www.esplac.cat\/es\/migracions-i-refugiades-aquesta-sera-la-tematica-de-la-propera-study-session-de-lifm-sei\/","name":"\"Migracions i refugiades\", aquesta ser\u00e0 la tem\u00e0tica de la propera Study Session de l\u2019IFM-SEI - Esplac","isPartOf":{"@id":"https:\/\/www.esplac.cat\/#website"},"primaryImageOfPage":{"@id":"https:\/\/www.esplac.cat\/es\/migracions-i-refugiades-aquesta-sera-la-tematica-de-la-propera-study-session-de-lifm-sei\/#primaryimage"},"image":{"@id":"https:\/\/www.esplac.cat\/es\/migracions-i-refugiades-aquesta-sera-la-tematica-de-la-propera-study-session-de-lifm-sei\/#primaryimage"},"thumbnailUrl":"https:\/\/www.esplac.cat\/wp-content\/uploads\/2016\/12\/internacional1.jpg","datePublished":"2016-12-21T08:36:40+00:00","breadcrumb":{"@id":"https:\/\/www.esplac.cat\/es\/migracions-i-refugiades-aquesta-sera-la-tematica-de-la-propera-study-session-de-lifm-sei\/#breadcrumb"},"inLanguage":"es","potentialAction":[{"@type":"ReadAction","target":["https:\/\/www.esplac.cat\/es\/migracions-i-refugiades-aquesta-sera-la-tematica-de-la-propera-study-session-de-lifm-sei\/"]}]},{"@type":"ImageObject","inLanguage":"es","@id":"https:\/\/www.esplac.cat\/es\/migracions-i-refugiades-aquesta-sera-la-tematica-de-la-propera-study-session-de-lifm-sei\/#primaryimage","url":"https:\/\/www.esplac.cat\/wp-content\/uploads\/2016\/12\/internacional1.jpg","contentUrl":"https:\/\/www.esplac.cat\/wp-content\/uploads\/2016\/12\/internacional1.jpg","width":847,"height":350},{"@type":"BreadcrumbList","@id":"https:\/\/www.esplac.cat\/es\/migracions-i-refugiades-aquesta-sera-la-tematica-de-la-propera-study-session-de-lifm-sei\/#breadcrumb","itemListElement":[{"@type":"ListItem","position":1,"name":"Inici","item":"https:\/\/www.esplac.cat\/es\/"},{"@type":"ListItem","position":2,"name":"\u00abMigracions i refugiades\u00bb, aquesta ser\u00e0 la tem\u00e0tica de la propera Study Session de l\u2019IFM-SEI"}]},{"@type":"WebSite","@id":"https:\/\/www.esplac.cat\/#website","url":"https:\/\/www.esplac.cat\/","name":"Esplac","description":"Esplais Catalans","publisher":{"@id":"https:\/\/www.esplac.cat\/#organization"},"potentialAction":[{"@type":"SearchAction","target":{"@type":"EntryPoint","urlTemplate":"https:\/\/www.esplac.cat\/?s={search_term_string}"},"query-input":{"@type":"PropertyValueSpecification","valueRequired":true,"valueName":"search_term_string"}}],"inLanguage":"es"},{"@type":"Organization","@id":"https:\/\/www.esplac.cat\/#organization","name":"Esplac","url":"https:\/\/www.esplac.cat\/","logo":{"@type":"ImageObject","inLanguage":"es","@id":"https:\/\/www.esplac.cat\/#\/schema\/logo\/image\/","url":"https:\/\/www.esplac.cat\/wp-content\/uploads\/2019\/08\/logox2.png","contentUrl":"https:\/\/www.esplac.cat\/wp-content\/uploads\/2019\/08\/logox2.png","width":600,"height":295,"caption":"Esplac"},"image":{"@id":"https:\/\/www.esplac.cat\/#\/schema\/logo\/image\/"}},{"@type":"Person","@id":"https:\/\/www.esplac.cat\/#\/schema\/person\/908383cf240be18b68f8855d0583faca","name":"Comunicaci\u00f3 Esplac","image":{"@type":"ImageObject","inLanguage":"es","@id":"https:\/\/secure.gravatar.com\/avatar\/7a4cf8feb412a76ea4a740ca02d95b06b2907b5a6c648c2dd0a1082a093c3141?s=96&d=mm&r=g","url":"https:\/\/secure.gravatar.com\/avatar\/7a4cf8feb412a76ea4a740ca02d95b06b2907b5a6c648c2dd0a1082a093c3141?s=96&d=mm&r=g","contentUrl":"https:\/\/secure.gravatar.com\/avatar\/7a4cf8feb412a76ea4a740ca02d95b06b2907b5a6c648c2dd0a1082a093c3141?s=96&d=mm&r=g","caption":"Comunicaci\u00f3 Esplac"}}]}},"_links":{"self":[{"href":"https:\/\/www.esplac.cat\/es\/wp-json\/wp\/v2\/posts\/24945","targetHints":{"allow":["GET"]}}],"collection":[{"href":"https:\/\/www.esplac.cat\/es\/wp-json\/wp\/v2\/posts"}],"about":[{"href":"https:\/\/www.esplac.cat\/es\/wp-json\/wp\/v2\/types\/post"}],"author":[{"embeddable":true,"href":"https:\/\/www.esplac.cat\/es\/wp-json\/wp\/v2\/users\/3"}],"replies":[{"embeddable":true,"href":"https:\/\/www.esplac.cat\/es\/wp-json\/wp\/v2\/comments?post=24945"}],"version-history":[{"count":0,"href":"https:\/\/www.esplac.cat\/es\/wp-json\/wp\/v2\/posts\/24945\/revisions"}],"wp:featuredmedia":[{"embeddable":true,"href":"https:\/\/www.esplac.cat\/es\/wp-json\/wp\/v2\/media\/24946"}],"wp:attachment":[{"href":"https:\/\/www.esplac.cat\/es\/wp-json\/wp\/v2\/media?parent=24945"}],"wp:term":[{"taxonomy":"category","embeddable":true,"href":"https:\/\/www.esplac.cat\/es\/wp-json\/wp\/v2\/categories?post=24945"},{"taxonomy":"post_tag","embeddable":true,"href":"https:\/\/www.esplac.cat\/es\/wp-json\/wp\/v2\/tags?post=24945"}],"curies":[{"name":"wp","href":"https:\/\/api.w.org\/{rel}","templated":true}]}}