{"id":24965,"date":"2016-12-10T12:00:29","date_gmt":"2016-12-10T10:00:29","guid":{"rendered":"http:\/\/www.esplac.cat\/?p=11875"},"modified":"2016-12-10T12:00:29","modified_gmt":"2016-12-10T10:00:29","slug":"la-fundacio-vicki-bernadet-forma-a-monis-en-la-prevencio-dabusos-a-menors","status":"publish","type":"post","link":"https:\/\/www.esplac.cat\/es\/la-fundacio-vicki-bernadet-forma-a-monis-en-la-prevencio-dabusos-a-menors\/","title":{"rendered":"La Fundaci\u00f3 Vicki Bernadet forma a monis en la prevenci\u00f3 d&#8217;abusos a menors"},"content":{"rendered":"<h4 style=\"text-align: justify;\">El passat 28 d&#8217;Octubre vam acollir a la seu d&#8217;Esplac la formaci\u00f3 sobre detecci\u00f3 i prevenci\u00f3 d&#8217;abusos sexuals infantils de la m\u00e0 de la <a href=\"http:\/\/www.fbernadet.org\" target=\"_blank\" rel=\"noopener noreferrer\">Fundaci\u00f3 Vicki Bernadet<\/a> i amb la participaci\u00f3\u00a0d&#8217;una vintena de persones.<\/h4>\n<p style=\"text-align: justify;\">La sala Marta Mata de la seu d&#8217;Esplais Catalans a Barcelona estava plena per la formaci\u00f3 impartida per la Fundaci\u00f3 Vicki Bernadet: ens vam\u00a0trobar 21 persones de\u00a0diferents sectors d&#8217;Esplac per aprofundir i con\u00e8ixer m\u00e9s detalls sobre la detecci\u00f3 \u00a0i prevenci\u00f3 d&#8217;abusos sexuals infantils. La metodologia es va basar en explicar possibles casos reals de manera que gaireb\u00e9 els podies viure. \u00c9s per aix\u00f2 que, des del primer moment, la formadora, Pilar Polo, ens va captivar. Amb uns exemples colpidors i un discurs molt directe va ser m\u00e9s que suficient per mantenir-nos atentes durant les quatre hores que dura la xerrada, sense l&#8217;ajuda de cap gui\u00f3 ni cap altre suport gr\u00e0fic.<\/p>\n<p style=\"text-align: justify;\">Tamb\u00e9 ens va explicar\u00a0qui \u00e9s Vicki Bernadet, el sentit de la fundaci\u00f3 i com treballen per la prevenci\u00f3 dels abusos sexuals a menors. Ens va parlar de que aquest tipus d&#8217;ab\u00fas \u00e9s molt m\u00e9s extens dels que realment percebem. Despr\u00e9s ens va mostrar casos que podien ser reals, que ens van podar els p\u00e8ls de punta. Segur que ning\u00fa en va sortir indiferent.<\/p>\n<p style=\"text-align: justify;\">En resum: una formaci\u00f3 molt \u00fatil i recomanable per tots aquells qui treballem amb infants directa o indirectament, perqu\u00e8, aturar els abusos sexuals a infants \u00e9s cosa de totes.<\/p>\n","protected":false},"excerpt":{"rendered":"<p>El passat 28 d&#8217;Octubre vam acollir a la seu d&#8217;Esplac [&hellip;]<\/p>\n","protected":false},"author":3,"featured_media":24966,"comment_status":"closed","ping_status":"open","sticky":false,"template":"","format":"standard","meta":{"om_disable_all_campaigns":false,"_monsterinsights_skip_tracking":false,"_monsterinsights_sitenote_active":false,"_monsterinsights_sitenote_note":"","_monsterinsights_sitenote_category":0,"_uf_show_specific_survey":0,"_uf_disable_surveys":false,"footnotes":""},"categories":[1111,1131,1],"tags":[80,342,54,769],"class_list":["post-24965","post","type-post","status-publish","format-standard","has-post-thumbnail","hentry","category-activitats-esplac","category-cursos-formacions","category-sense-categoria","tag-abusos-a-menors","tag-abusos-sexuals","tag-formacio","tag-vicki-bernadet"],"yoast_head":"<!-- This site is optimized with the Yoast SEO plugin v27.5 - https:\/\/yoast.com\/product\/yoast-seo-wordpress\/ -->\n<title>La Fundaci\u00f3 Vicki Bernadet forma a monis en la prevenci\u00f3 d&#039;abusos a menors - Esplac<\/title>\n<meta name=\"robots\" content=\"index, follow, max-snippet:-1, max-image-preview:large, max-video-preview:-1\" \/>\n<link rel=\"canonical\" href=\"https:\/\/www.esplac.cat\/es\/la-fundacio-vicki-bernadet-forma-a-monis-en-la-prevencio-dabusos-a-menors\/\" \/>\n<meta property=\"og:locale\" content=\"es_ES\" \/>\n<meta property=\"og:type\" content=\"article\" \/>\n<meta property=\"og:title\" content=\"La Fundaci\u00f3 Vicki Bernadet forma a monis en la prevenci\u00f3 d&#039;abusos a menors - Esplac\" \/>\n<meta property=\"og:description\" content=\"El passat 28 d&#8217;Octubre vam acollir a la seu d&#8217;Esplac [&hellip;]\" \/>\n<meta property=\"og:url\" content=\"https:\/\/www.esplac.cat\/es\/la-fundacio-vicki-bernadet-forma-a-monis-en-la-prevencio-dabusos-a-menors\/\" \/>\n<meta property=\"og:site_name\" content=\"Esplac\" \/>\n<meta property=\"article:published_time\" content=\"2016-12-10T10:00:29+00:00\" \/>\n<meta property=\"og:image\" content=\"https:\/\/www.esplac.cat\/wp-content\/uploads\/2016\/12\/20161223_Resum-formacio-Vicki-B.jpg\" \/>\n\t<meta property=\"og:image:width\" content=\"847\" \/>\n\t<meta property=\"og:image:height\" content=\"350\" \/>\n\t<meta property=\"og:image:type\" content=\"image\/jpeg\" \/>\n<meta name=\"author\" content=\"Comunicaci\u00f3 Esplac\" \/>\n<meta name=\"twitter:card\" content=\"summary_large_image\" \/>\n<meta name=\"twitter:label1\" content=\"Escrito por\" \/>\n\t<meta name=\"twitter:data1\" content=\"Comunicaci\u00f3 Esplac\" \/>\n\t<meta name=\"twitter:label2\" content=\"Tiempo de lectura\" \/>\n\t<meta name=\"twitter:data2\" content=\"1 minuto\" \/>\n<script type=\"application\/ld+json\" class=\"yoast-schema-graph\">{\"@context\":\"https:\\\/\\\/schema.org\",\"@graph\":[{\"@type\":\"Article\",\"@id\":\"https:\\\/\\\/www.esplac.cat\\\/es\\\/la-fundacio-vicki-bernadet-forma-a-monis-en-la-prevencio-dabusos-a-menors\\\/#article\",\"isPartOf\":{\"@id\":\"https:\\\/\\\/www.esplac.cat\\\/es\\\/la-fundacio-vicki-bernadet-forma-a-monis-en-la-prevencio-dabusos-a-menors\\\/\"},\"author\":{\"name\":\"Comunicaci\u00f3 Esplac\",\"@id\":\"https:\\\/\\\/www.esplac.cat\\\/#\\\/schema\\\/person\\\/908383cf240be18b68f8855d0583faca\"},\"headline\":\"La Fundaci\u00f3 Vicki Bernadet forma a monis en la prevenci\u00f3 d&#8217;abusos a menors\",\"datePublished\":\"2016-12-10T10:00:29+00:00\",\"mainEntityOfPage\":{\"@id\":\"https:\\\/\\\/www.esplac.cat\\\/es\\\/la-fundacio-vicki-bernadet-forma-a-monis-en-la-prevencio-dabusos-a-menors\\\/\"},\"wordCount\":269,\"publisher\":{\"@id\":\"https:\\\/\\\/www.esplac.cat\\\/#organization\"},\"image\":{\"@id\":\"https:\\\/\\\/www.esplac.cat\\\/es\\\/la-fundacio-vicki-bernadet-forma-a-monis-en-la-prevencio-dabusos-a-menors\\\/#primaryimage\"},\"thumbnailUrl\":\"https:\\\/\\\/www.esplac.cat\\\/wp-content\\\/uploads\\\/2016\\\/12\\\/20161223_Resum-formacio-Vicki-B.jpg\",\"keywords\":[\"abusos a menors\",\"abusos sexuals\",\"formaci\u00f3\",\"Vicki Bernadet\"],\"articleSection\":[\"Activitats esplac\",\"Cursos i formacions\",\"Sense categoria\"],\"inLanguage\":\"es\"},{\"@type\":\"WebPage\",\"@id\":\"https:\\\/\\\/www.esplac.cat\\\/es\\\/la-fundacio-vicki-bernadet-forma-a-monis-en-la-prevencio-dabusos-a-menors\\\/\",\"url\":\"https:\\\/\\\/www.esplac.cat\\\/es\\\/la-fundacio-vicki-bernadet-forma-a-monis-en-la-prevencio-dabusos-a-menors\\\/\",\"name\":\"La Fundaci\u00f3 Vicki Bernadet forma a monis en la prevenci\u00f3 d'abusos a menors - Esplac\",\"isPartOf\":{\"@id\":\"https:\\\/\\\/www.esplac.cat\\\/#website\"},\"primaryImageOfPage\":{\"@id\":\"https:\\\/\\\/www.esplac.cat\\\/es\\\/la-fundacio-vicki-bernadet-forma-a-monis-en-la-prevencio-dabusos-a-menors\\\/#primaryimage\"},\"image\":{\"@id\":\"https:\\\/\\\/www.esplac.cat\\\/es\\\/la-fundacio-vicki-bernadet-forma-a-monis-en-la-prevencio-dabusos-a-menors\\\/#primaryimage\"},\"thumbnailUrl\":\"https:\\\/\\\/www.esplac.cat\\\/wp-content\\\/uploads\\\/2016\\\/12\\\/20161223_Resum-formacio-Vicki-B.jpg\",\"datePublished\":\"2016-12-10T10:00:29+00:00\",\"breadcrumb\":{\"@id\":\"https:\\\/\\\/www.esplac.cat\\\/es\\\/la-fundacio-vicki-bernadet-forma-a-monis-en-la-prevencio-dabusos-a-menors\\\/#breadcrumb\"},\"inLanguage\":\"es\",\"potentialAction\":[{\"@type\":\"ReadAction\",\"target\":[\"https:\\\/\\\/www.esplac.cat\\\/es\\\/la-fundacio-vicki-bernadet-forma-a-monis-en-la-prevencio-dabusos-a-menors\\\/\"]}]},{\"@type\":\"ImageObject\",\"inLanguage\":\"es\",\"@id\":\"https:\\\/\\\/www.esplac.cat\\\/es\\\/la-fundacio-vicki-bernadet-forma-a-monis-en-la-prevencio-dabusos-a-menors\\\/#primaryimage\",\"url\":\"https:\\\/\\\/www.esplac.cat\\\/wp-content\\\/uploads\\\/2016\\\/12\\\/20161223_Resum-formacio-Vicki-B.jpg\",\"contentUrl\":\"https:\\\/\\\/www.esplac.cat\\\/wp-content\\\/uploads\\\/2016\\\/12\\\/20161223_Resum-formacio-Vicki-B.jpg\",\"width\":847,\"height\":350},{\"@type\":\"BreadcrumbList\",\"@id\":\"https:\\\/\\\/www.esplac.cat\\\/es\\\/la-fundacio-vicki-bernadet-forma-a-monis-en-la-prevencio-dabusos-a-menors\\\/#breadcrumb\",\"itemListElement\":[{\"@type\":\"ListItem\",\"position\":1,\"name\":\"Inici\",\"item\":\"https:\\\/\\\/www.esplac.cat\\\/es\\\/\"},{\"@type\":\"ListItem\",\"position\":2,\"name\":\"La Fundaci\u00f3 Vicki Bernadet forma a monis en la prevenci\u00f3 d&#8217;abusos a menors\"}]},{\"@type\":\"WebSite\",\"@id\":\"https:\\\/\\\/www.esplac.cat\\\/#website\",\"url\":\"https:\\\/\\\/www.esplac.cat\\\/\",\"name\":\"Esplac\",\"description\":\"Esplais Catalans\",\"publisher\":{\"@id\":\"https:\\\/\\\/www.esplac.cat\\\/#organization\"},\"potentialAction\":[{\"@type\":\"SearchAction\",\"target\":{\"@type\":\"EntryPoint\",\"urlTemplate\":\"https:\\\/\\\/www.esplac.cat\\\/?s={search_term_string}\"},\"query-input\":{\"@type\":\"PropertyValueSpecification\",\"valueRequired\":true,\"valueName\":\"search_term_string\"}}],\"inLanguage\":\"es\"},{\"@type\":\"Organization\",\"@id\":\"https:\\\/\\\/www.esplac.cat\\\/#organization\",\"name\":\"Esplac\",\"url\":\"https:\\\/\\\/www.esplac.cat\\\/\",\"logo\":{\"@type\":\"ImageObject\",\"inLanguage\":\"es\",\"@id\":\"https:\\\/\\\/www.esplac.cat\\\/#\\\/schema\\\/logo\\\/image\\\/\",\"url\":\"https:\\\/\\\/www.esplac.cat\\\/wp-content\\\/uploads\\\/2019\\\/08\\\/logox2.png\",\"contentUrl\":\"https:\\\/\\\/www.esplac.cat\\\/wp-content\\\/uploads\\\/2019\\\/08\\\/logox2.png\",\"width\":600,\"height\":295,\"caption\":\"Esplac\"},\"image\":{\"@id\":\"https:\\\/\\\/www.esplac.cat\\\/#\\\/schema\\\/logo\\\/image\\\/\"}},{\"@type\":\"Person\",\"@id\":\"https:\\\/\\\/www.esplac.cat\\\/#\\\/schema\\\/person\\\/908383cf240be18b68f8855d0583faca\",\"name\":\"Comunicaci\u00f3 Esplac\",\"image\":{\"@type\":\"ImageObject\",\"inLanguage\":\"es\",\"@id\":\"https:\\\/\\\/secure.gravatar.com\\\/avatar\\\/7a4cf8feb412a76ea4a740ca02d95b06b2907b5a6c648c2dd0a1082a093c3141?s=96&d=mm&r=g\",\"url\":\"https:\\\/\\\/secure.gravatar.com\\\/avatar\\\/7a4cf8feb412a76ea4a740ca02d95b06b2907b5a6c648c2dd0a1082a093c3141?s=96&d=mm&r=g\",\"contentUrl\":\"https:\\\/\\\/secure.gravatar.com\\\/avatar\\\/7a4cf8feb412a76ea4a740ca02d95b06b2907b5a6c648c2dd0a1082a093c3141?s=96&d=mm&r=g\",\"caption\":\"Comunicaci\u00f3 Esplac\"}}]}<\/script>\n<!-- \/ Yoast SEO plugin. -->","yoast_head_json":{"title":"La Fundaci\u00f3 Vicki Bernadet forma a monis en la prevenci\u00f3 d'abusos a menors - Esplac","robots":{"index":"index","follow":"follow","max-snippet":"max-snippet:-1","max-image-preview":"max-image-preview:large","max-video-preview":"max-video-preview:-1"},"canonical":"https:\/\/www.esplac.cat\/es\/la-fundacio-vicki-bernadet-forma-a-monis-en-la-prevencio-dabusos-a-menors\/","og_locale":"es_ES","og_type":"article","og_title":"La Fundaci\u00f3 Vicki Bernadet forma a monis en la prevenci\u00f3 d'abusos a menors - Esplac","og_description":"El passat 28 d&#8217;Octubre vam acollir a la seu d&#8217;Esplac [&hellip;]","og_url":"https:\/\/www.esplac.cat\/es\/la-fundacio-vicki-bernadet-forma-a-monis-en-la-prevencio-dabusos-a-menors\/","og_site_name":"Esplac","article_published_time":"2016-12-10T10:00:29+00:00","og_image":[{"width":847,"height":350,"url":"https:\/\/www.esplac.cat\/wp-content\/uploads\/2016\/12\/20161223_Resum-formacio-Vicki-B.jpg","type":"image\/jpeg"}],"author":"Comunicaci\u00f3 Esplac","twitter_card":"summary_large_image","twitter_misc":{"Escrito por":"Comunicaci\u00f3 Esplac","Tiempo de lectura":"1 minuto"},"schema":{"@context":"https:\/\/schema.org","@graph":[{"@type":"Article","@id":"https:\/\/www.esplac.cat\/es\/la-fundacio-vicki-bernadet-forma-a-monis-en-la-prevencio-dabusos-a-menors\/#article","isPartOf":{"@id":"https:\/\/www.esplac.cat\/es\/la-fundacio-vicki-bernadet-forma-a-monis-en-la-prevencio-dabusos-a-menors\/"},"author":{"name":"Comunicaci\u00f3 Esplac","@id":"https:\/\/www.esplac.cat\/#\/schema\/person\/908383cf240be18b68f8855d0583faca"},"headline":"La Fundaci\u00f3 Vicki Bernadet forma a monis en la prevenci\u00f3 d&#8217;abusos a menors","datePublished":"2016-12-10T10:00:29+00:00","mainEntityOfPage":{"@id":"https:\/\/www.esplac.cat\/es\/la-fundacio-vicki-bernadet-forma-a-monis-en-la-prevencio-dabusos-a-menors\/"},"wordCount":269,"publisher":{"@id":"https:\/\/www.esplac.cat\/#organization"},"image":{"@id":"https:\/\/www.esplac.cat\/es\/la-fundacio-vicki-bernadet-forma-a-monis-en-la-prevencio-dabusos-a-menors\/#primaryimage"},"thumbnailUrl":"https:\/\/www.esplac.cat\/wp-content\/uploads\/2016\/12\/20161223_Resum-formacio-Vicki-B.jpg","keywords":["abusos a menors","abusos sexuals","formaci\u00f3","Vicki Bernadet"],"articleSection":["Activitats esplac","Cursos i formacions","Sense categoria"],"inLanguage":"es"},{"@type":"WebPage","@id":"https:\/\/www.esplac.cat\/es\/la-fundacio-vicki-bernadet-forma-a-monis-en-la-prevencio-dabusos-a-menors\/","url":"https:\/\/www.esplac.cat\/es\/la-fundacio-vicki-bernadet-forma-a-monis-en-la-prevencio-dabusos-a-menors\/","name":"La Fundaci\u00f3 Vicki Bernadet forma a monis en la prevenci\u00f3 d'abusos a menors - Esplac","isPartOf":{"@id":"https:\/\/www.esplac.cat\/#website"},"primaryImageOfPage":{"@id":"https:\/\/www.esplac.cat\/es\/la-fundacio-vicki-bernadet-forma-a-monis-en-la-prevencio-dabusos-a-menors\/#primaryimage"},"image":{"@id":"https:\/\/www.esplac.cat\/es\/la-fundacio-vicki-bernadet-forma-a-monis-en-la-prevencio-dabusos-a-menors\/#primaryimage"},"thumbnailUrl":"https:\/\/www.esplac.cat\/wp-content\/uploads\/2016\/12\/20161223_Resum-formacio-Vicki-B.jpg","datePublished":"2016-12-10T10:00:29+00:00","breadcrumb":{"@id":"https:\/\/www.esplac.cat\/es\/la-fundacio-vicki-bernadet-forma-a-monis-en-la-prevencio-dabusos-a-menors\/#breadcrumb"},"inLanguage":"es","potentialAction":[{"@type":"ReadAction","target":["https:\/\/www.esplac.cat\/es\/la-fundacio-vicki-bernadet-forma-a-monis-en-la-prevencio-dabusos-a-menors\/"]}]},{"@type":"ImageObject","inLanguage":"es","@id":"https:\/\/www.esplac.cat\/es\/la-fundacio-vicki-bernadet-forma-a-monis-en-la-prevencio-dabusos-a-menors\/#primaryimage","url":"https:\/\/www.esplac.cat\/wp-content\/uploads\/2016\/12\/20161223_Resum-formacio-Vicki-B.jpg","contentUrl":"https:\/\/www.esplac.cat\/wp-content\/uploads\/2016\/12\/20161223_Resum-formacio-Vicki-B.jpg","width":847,"height":350},{"@type":"BreadcrumbList","@id":"https:\/\/www.esplac.cat\/es\/la-fundacio-vicki-bernadet-forma-a-monis-en-la-prevencio-dabusos-a-menors\/#breadcrumb","itemListElement":[{"@type":"ListItem","position":1,"name":"Inici","item":"https:\/\/www.esplac.cat\/es\/"},{"@type":"ListItem","position":2,"name":"La Fundaci\u00f3 Vicki Bernadet forma a monis en la prevenci\u00f3 d&#8217;abusos a menors"}]},{"@type":"WebSite","@id":"https:\/\/www.esplac.cat\/#website","url":"https:\/\/www.esplac.cat\/","name":"Esplac","description":"Esplais Catalans","publisher":{"@id":"https:\/\/www.esplac.cat\/#organization"},"potentialAction":[{"@type":"SearchAction","target":{"@type":"EntryPoint","urlTemplate":"https:\/\/www.esplac.cat\/?s={search_term_string}"},"query-input":{"@type":"PropertyValueSpecification","valueRequired":true,"valueName":"search_term_string"}}],"inLanguage":"es"},{"@type":"Organization","@id":"https:\/\/www.esplac.cat\/#organization","name":"Esplac","url":"https:\/\/www.esplac.cat\/","logo":{"@type":"ImageObject","inLanguage":"es","@id":"https:\/\/www.esplac.cat\/#\/schema\/logo\/image\/","url":"https:\/\/www.esplac.cat\/wp-content\/uploads\/2019\/08\/logox2.png","contentUrl":"https:\/\/www.esplac.cat\/wp-content\/uploads\/2019\/08\/logox2.png","width":600,"height":295,"caption":"Esplac"},"image":{"@id":"https:\/\/www.esplac.cat\/#\/schema\/logo\/image\/"}},{"@type":"Person","@id":"https:\/\/www.esplac.cat\/#\/schema\/person\/908383cf240be18b68f8855d0583faca","name":"Comunicaci\u00f3 Esplac","image":{"@type":"ImageObject","inLanguage":"es","@id":"https:\/\/secure.gravatar.com\/avatar\/7a4cf8feb412a76ea4a740ca02d95b06b2907b5a6c648c2dd0a1082a093c3141?s=96&d=mm&r=g","url":"https:\/\/secure.gravatar.com\/avatar\/7a4cf8feb412a76ea4a740ca02d95b06b2907b5a6c648c2dd0a1082a093c3141?s=96&d=mm&r=g","contentUrl":"https:\/\/secure.gravatar.com\/avatar\/7a4cf8feb412a76ea4a740ca02d95b06b2907b5a6c648c2dd0a1082a093c3141?s=96&d=mm&r=g","caption":"Comunicaci\u00f3 Esplac"}}]}},"_links":{"self":[{"href":"https:\/\/www.esplac.cat\/es\/wp-json\/wp\/v2\/posts\/24965","targetHints":{"allow":["GET"]}}],"collection":[{"href":"https:\/\/www.esplac.cat\/es\/wp-json\/wp\/v2\/posts"}],"about":[{"href":"https:\/\/www.esplac.cat\/es\/wp-json\/wp\/v2\/types\/post"}],"author":[{"embeddable":true,"href":"https:\/\/www.esplac.cat\/es\/wp-json\/wp\/v2\/users\/3"}],"replies":[{"embeddable":true,"href":"https:\/\/www.esplac.cat\/es\/wp-json\/wp\/v2\/comments?post=24965"}],"version-history":[{"count":0,"href":"https:\/\/www.esplac.cat\/es\/wp-json\/wp\/v2\/posts\/24965\/revisions"}],"wp:featuredmedia":[{"embeddable":true,"href":"https:\/\/www.esplac.cat\/es\/wp-json\/wp\/v2\/media\/24966"}],"wp:attachment":[{"href":"https:\/\/www.esplac.cat\/es\/wp-json\/wp\/v2\/media?parent=24965"}],"wp:term":[{"taxonomy":"category","embeddable":true,"href":"https:\/\/www.esplac.cat\/es\/wp-json\/wp\/v2\/categories?post=24965"},{"taxonomy":"post_tag","embeddable":true,"href":"https:\/\/www.esplac.cat\/es\/wp-json\/wp\/v2\/tags?post=24965"}],"curies":[{"name":"wp","href":"https:\/\/api.w.org\/{rel}","templated":true}]}}