{"id":24967,"date":"2016-12-01T11:50:43","date_gmt":"2016-12-01T09:50:43","guid":{"rendered":"http:\/\/www.esplac.cat\/?p=11661"},"modified":"2016-12-01T11:50:43","modified_gmt":"2016-12-01T09:50:43","slug":"presentem-el-trailer-del-documental-transformar-educant","status":"publish","type":"post","link":"https:\/\/www.esplac.cat\/es\/presentem-el-trailer-del-documental-transformar-educant\/","title":{"rendered":"Presentem el tr\u00e0iler del documental Transformar Educant"},"content":{"rendered":"<h4 style=\"text-align: justify;\">El documental dels esplais catalans, realitzat aquest any per Esplac i la productora Camille Zonca, s&#8217;estrenar\u00e0 el febrer de 2017<\/h4>\n<p style=\"text-align: justify;\">A la cloenda de la 35a Assemblea General Ordin\u00e0ria d&#8217;Esplais Catalans del passat diumenge a Granollers vam presentar en exclusiva el tr\u00e0iler del documental <strong>Transformar Educant<\/strong>. El documental, que es troba en una fase de postproducci\u00f3 molt avan\u00e7ada, explica la realitat dels esplais a trav\u00e9s de protagonistes vinculats a 3 esplais d&#8217;Esplac: l&#8217;esplai Espurna (Sants, Barcelona), l&#8217;esplai Roques Albes (Sallent) i l&#8217;esplai La Tribu (Matar\u00f3). En el documental veurem a les protagonistes (infants, monitores i persones vinculades a la hist\u00f2ria esplaiera) en diferents ambients:\u00a0campaments a la muntanya, reunions de monis, trobades amb fam\u00edlies, dinars, preparaci\u00f3 d\u2019activitats&#8230;<\/p>\n<p style=\"text-align: justify;\">El documental va ser finan\u00e7at parcialment a trav\u00e9s d&#8217;una campanya de micromecenatge en qu\u00e8 es van superar expectatives: de 5.000 euros que deman\u00e0vem, en vam aconseguir finalment 6.730!<\/p>\n<p style=\"text-align: justify;\">Les mecenes rebran les seves recompenses durant ela propera mesoa de gener i febrer. A m\u00e9s, el documental s&#8217;estrenar\u00e0 a principis de febrer de 2017 a Barcelona. <strong>Estigueu atentes a la data i lloc que anunciarem properament!<\/strong><\/p>\n","protected":false},"excerpt":{"rendered":"<p>El documental dels esplais catalans, realitzat aquest any per Esplac [&hellip;]<\/p>\n","protected":false},"author":3,"featured_media":24968,"comment_status":"closed","ping_status":"open","sticky":false,"template":"","format":"standard","meta":{"om_disable_all_campaigns":false,"_monsterinsights_skip_tracking":false,"_monsterinsights_sitenote_active":false,"_monsterinsights_sitenote_note":"","_monsterinsights_sitenote_category":0,"_uf_show_specific_survey":0,"_uf_disable_surveys":false,"footnotes":""},"categories":[1111,1,1142],"tags":[697,576,92,256,719],"class_list":["post-24967","post","type-post","status-publish","format-standard","has-post-thumbnail","hentry","category-activitats-esplac","category-sense-categoria","category-transformar-educant-historia-dels-esplais","tag-camille-zonca","tag-documental","tag-educacio","tag-historia-dels-esplais","tag-transformar-educant"],"yoast_head":"<!-- This site is optimized with the Yoast SEO plugin v27.4 - https:\/\/yoast.com\/product\/yoast-seo-wordpress\/ -->\n<title>Presentem el tr\u00e0iler del documental Transformar Educant - Esplac<\/title>\n<meta name=\"robots\" content=\"index, follow, max-snippet:-1, max-image-preview:large, max-video-preview:-1\" \/>\n<link rel=\"canonical\" href=\"https:\/\/www.esplac.cat\/presentem-el-trailer-del-documental-transformar-educant\/\" \/>\n<meta property=\"og:locale\" content=\"es_ES\" \/>\n<meta property=\"og:type\" content=\"article\" \/>\n<meta property=\"og:title\" content=\"Presentem el tr\u00e0iler del documental Transformar Educant - Esplac\" \/>\n<meta property=\"og:description\" content=\"El documental dels esplais catalans, realitzat aquest any per Esplac [&hellip;]\" \/>\n<meta property=\"og:url\" content=\"https:\/\/www.esplac.cat\/presentem-el-trailer-del-documental-transformar-educant\/\" \/>\n<meta property=\"og:site_name\" content=\"Esplac\" \/>\n<meta property=\"article:published_time\" content=\"2016-12-01T09:50:43+00:00\" \/>\n<meta property=\"og:image\" content=\"https:\/\/www.esplac.cat\/wp-content\/uploads\/2016\/12\/20161201_Trailer_transformar-ed.jpg\" \/>\n\t<meta property=\"og:image:width\" content=\"847\" \/>\n\t<meta property=\"og:image:height\" content=\"350\" \/>\n\t<meta property=\"og:image:type\" content=\"image\/jpeg\" \/>\n<meta name=\"author\" content=\"Comunicaci\u00f3 Esplac\" \/>\n<meta name=\"twitter:card\" content=\"summary_large_image\" \/>\n<meta name=\"twitter:label1\" content=\"Escrito por\" \/>\n\t<meta name=\"twitter:data1\" content=\"Comunicaci\u00f3 Esplac\" \/>\n\t<meta name=\"twitter:label2\" content=\"Tiempo de lectura\" \/>\n\t<meta name=\"twitter:data2\" content=\"1 minuto\" \/>\n<script type=\"application\/ld+json\" class=\"yoast-schema-graph\">{\"@context\":\"https:\\\/\\\/schema.org\",\"@graph\":[{\"@type\":\"Article\",\"@id\":\"https:\\\/\\\/www.esplac.cat\\\/presentem-el-trailer-del-documental-transformar-educant\\\/#article\",\"isPartOf\":{\"@id\":\"https:\\\/\\\/www.esplac.cat\\\/presentem-el-trailer-del-documental-transformar-educant\\\/\"},\"author\":{\"name\":\"Comunicaci\u00f3 Esplac\",\"@id\":\"https:\\\/\\\/www.esplac.cat\\\/#\\\/schema\\\/person\\\/908383cf240be18b68f8855d0583faca\"},\"headline\":\"Presentem el tr\u00e0iler del documental Transformar Educant\",\"datePublished\":\"2016-12-01T09:50:43+00:00\",\"mainEntityOfPage\":{\"@id\":\"https:\\\/\\\/www.esplac.cat\\\/presentem-el-trailer-del-documental-transformar-educant\\\/\"},\"wordCount\":204,\"publisher\":{\"@id\":\"https:\\\/\\\/www.esplac.cat\\\/#organization\"},\"image\":{\"@id\":\"https:\\\/\\\/www.esplac.cat\\\/presentem-el-trailer-del-documental-transformar-educant\\\/#primaryimage\"},\"thumbnailUrl\":\"https:\\\/\\\/www.esplac.cat\\\/wp-content\\\/uploads\\\/2016\\\/12\\\/20161201_Trailer_transformar-ed.jpg\",\"keywords\":[\"Camille Zonca\",\"documental\",\"educaci\u00f3\",\"hist\u00f2ria dels esplais\",\"Transformar educant\"],\"articleSection\":[\"Activitats esplac\",\"Sense categoria\",\"Transformar educant: hist\u00f2ria dels esplais\"],\"inLanguage\":\"es\"},{\"@type\":\"WebPage\",\"@id\":\"https:\\\/\\\/www.esplac.cat\\\/presentem-el-trailer-del-documental-transformar-educant\\\/\",\"url\":\"https:\\\/\\\/www.esplac.cat\\\/presentem-el-trailer-del-documental-transformar-educant\\\/\",\"name\":\"Presentem el tr\u00e0iler del documental Transformar Educant - Esplac\",\"isPartOf\":{\"@id\":\"https:\\\/\\\/www.esplac.cat\\\/#website\"},\"primaryImageOfPage\":{\"@id\":\"https:\\\/\\\/www.esplac.cat\\\/presentem-el-trailer-del-documental-transformar-educant\\\/#primaryimage\"},\"image\":{\"@id\":\"https:\\\/\\\/www.esplac.cat\\\/presentem-el-trailer-del-documental-transformar-educant\\\/#primaryimage\"},\"thumbnailUrl\":\"https:\\\/\\\/www.esplac.cat\\\/wp-content\\\/uploads\\\/2016\\\/12\\\/20161201_Trailer_transformar-ed.jpg\",\"datePublished\":\"2016-12-01T09:50:43+00:00\",\"breadcrumb\":{\"@id\":\"https:\\\/\\\/www.esplac.cat\\\/presentem-el-trailer-del-documental-transformar-educant\\\/#breadcrumb\"},\"inLanguage\":\"es\",\"potentialAction\":[{\"@type\":\"ReadAction\",\"target\":[\"https:\\\/\\\/www.esplac.cat\\\/presentem-el-trailer-del-documental-transformar-educant\\\/\"]}]},{\"@type\":\"ImageObject\",\"inLanguage\":\"es\",\"@id\":\"https:\\\/\\\/www.esplac.cat\\\/presentem-el-trailer-del-documental-transformar-educant\\\/#primaryimage\",\"url\":\"https:\\\/\\\/www.esplac.cat\\\/wp-content\\\/uploads\\\/2016\\\/12\\\/20161201_Trailer_transformar-ed.jpg\",\"contentUrl\":\"https:\\\/\\\/www.esplac.cat\\\/wp-content\\\/uploads\\\/2016\\\/12\\\/20161201_Trailer_transformar-ed.jpg\",\"width\":847,\"height\":350},{\"@type\":\"BreadcrumbList\",\"@id\":\"https:\\\/\\\/www.esplac.cat\\\/presentem-el-trailer-del-documental-transformar-educant\\\/#breadcrumb\",\"itemListElement\":[{\"@type\":\"ListItem\",\"position\":1,\"name\":\"Inici\",\"item\":\"https:\\\/\\\/www.esplac.cat\\\/es\\\/\"},{\"@type\":\"ListItem\",\"position\":2,\"name\":\"Presentem el tr\u00e0iler del documental Transformar Educant\"}]},{\"@type\":\"WebSite\",\"@id\":\"https:\\\/\\\/www.esplac.cat\\\/#website\",\"url\":\"https:\\\/\\\/www.esplac.cat\\\/\",\"name\":\"Esplac\",\"description\":\"Esplais Catalans\",\"publisher\":{\"@id\":\"https:\\\/\\\/www.esplac.cat\\\/#organization\"},\"potentialAction\":[{\"@type\":\"SearchAction\",\"target\":{\"@type\":\"EntryPoint\",\"urlTemplate\":\"https:\\\/\\\/www.esplac.cat\\\/?s={search_term_string}\"},\"query-input\":{\"@type\":\"PropertyValueSpecification\",\"valueRequired\":true,\"valueName\":\"search_term_string\"}}],\"inLanguage\":\"es\"},{\"@type\":\"Organization\",\"@id\":\"https:\\\/\\\/www.esplac.cat\\\/#organization\",\"name\":\"Esplac\",\"url\":\"https:\\\/\\\/www.esplac.cat\\\/\",\"logo\":{\"@type\":\"ImageObject\",\"inLanguage\":\"es\",\"@id\":\"https:\\\/\\\/www.esplac.cat\\\/#\\\/schema\\\/logo\\\/image\\\/\",\"url\":\"https:\\\/\\\/www.esplac.cat\\\/wp-content\\\/uploads\\\/2019\\\/08\\\/logox2.png\",\"contentUrl\":\"https:\\\/\\\/www.esplac.cat\\\/wp-content\\\/uploads\\\/2019\\\/08\\\/logox2.png\",\"width\":600,\"height\":295,\"caption\":\"Esplac\"},\"image\":{\"@id\":\"https:\\\/\\\/www.esplac.cat\\\/#\\\/schema\\\/logo\\\/image\\\/\"}},{\"@type\":\"Person\",\"@id\":\"https:\\\/\\\/www.esplac.cat\\\/#\\\/schema\\\/person\\\/908383cf240be18b68f8855d0583faca\",\"name\":\"Comunicaci\u00f3 Esplac\",\"image\":{\"@type\":\"ImageObject\",\"inLanguage\":\"es\",\"@id\":\"https:\\\/\\\/secure.gravatar.com\\\/avatar\\\/7a4cf8feb412a76ea4a740ca02d95b06b2907b5a6c648c2dd0a1082a093c3141?s=96&d=mm&r=g\",\"url\":\"https:\\\/\\\/secure.gravatar.com\\\/avatar\\\/7a4cf8feb412a76ea4a740ca02d95b06b2907b5a6c648c2dd0a1082a093c3141?s=96&d=mm&r=g\",\"contentUrl\":\"https:\\\/\\\/secure.gravatar.com\\\/avatar\\\/7a4cf8feb412a76ea4a740ca02d95b06b2907b5a6c648c2dd0a1082a093c3141?s=96&d=mm&r=g\",\"caption\":\"Comunicaci\u00f3 Esplac\"}}]}<\/script>\n<!-- \/ Yoast SEO plugin. -->","yoast_head_json":{"title":"Presentem el tr\u00e0iler del documental Transformar Educant - Esplac","robots":{"index":"index","follow":"follow","max-snippet":"max-snippet:-1","max-image-preview":"max-image-preview:large","max-video-preview":"max-video-preview:-1"},"canonical":"https:\/\/www.esplac.cat\/presentem-el-trailer-del-documental-transformar-educant\/","og_locale":"es_ES","og_type":"article","og_title":"Presentem el tr\u00e0iler del documental Transformar Educant - Esplac","og_description":"El documental dels esplais catalans, realitzat aquest any per Esplac [&hellip;]","og_url":"https:\/\/www.esplac.cat\/presentem-el-trailer-del-documental-transformar-educant\/","og_site_name":"Esplac","article_published_time":"2016-12-01T09:50:43+00:00","og_image":[{"width":847,"height":350,"url":"https:\/\/www.esplac.cat\/wp-content\/uploads\/2016\/12\/20161201_Trailer_transformar-ed.jpg","type":"image\/jpeg"}],"author":"Comunicaci\u00f3 Esplac","twitter_card":"summary_large_image","twitter_misc":{"Escrito por":"Comunicaci\u00f3 Esplac","Tiempo de lectura":"1 minuto"},"schema":{"@context":"https:\/\/schema.org","@graph":[{"@type":"Article","@id":"https:\/\/www.esplac.cat\/presentem-el-trailer-del-documental-transformar-educant\/#article","isPartOf":{"@id":"https:\/\/www.esplac.cat\/presentem-el-trailer-del-documental-transformar-educant\/"},"author":{"name":"Comunicaci\u00f3 Esplac","@id":"https:\/\/www.esplac.cat\/#\/schema\/person\/908383cf240be18b68f8855d0583faca"},"headline":"Presentem el tr\u00e0iler del documental Transformar Educant","datePublished":"2016-12-01T09:50:43+00:00","mainEntityOfPage":{"@id":"https:\/\/www.esplac.cat\/presentem-el-trailer-del-documental-transformar-educant\/"},"wordCount":204,"publisher":{"@id":"https:\/\/www.esplac.cat\/#organization"},"image":{"@id":"https:\/\/www.esplac.cat\/presentem-el-trailer-del-documental-transformar-educant\/#primaryimage"},"thumbnailUrl":"https:\/\/www.esplac.cat\/wp-content\/uploads\/2016\/12\/20161201_Trailer_transformar-ed.jpg","keywords":["Camille Zonca","documental","educaci\u00f3","hist\u00f2ria dels esplais","Transformar educant"],"articleSection":["Activitats esplac","Sense categoria","Transformar educant: hist\u00f2ria dels esplais"],"inLanguage":"es"},{"@type":"WebPage","@id":"https:\/\/www.esplac.cat\/presentem-el-trailer-del-documental-transformar-educant\/","url":"https:\/\/www.esplac.cat\/presentem-el-trailer-del-documental-transformar-educant\/","name":"Presentem el tr\u00e0iler del documental Transformar Educant - Esplac","isPartOf":{"@id":"https:\/\/www.esplac.cat\/#website"},"primaryImageOfPage":{"@id":"https:\/\/www.esplac.cat\/presentem-el-trailer-del-documental-transformar-educant\/#primaryimage"},"image":{"@id":"https:\/\/www.esplac.cat\/presentem-el-trailer-del-documental-transformar-educant\/#primaryimage"},"thumbnailUrl":"https:\/\/www.esplac.cat\/wp-content\/uploads\/2016\/12\/20161201_Trailer_transformar-ed.jpg","datePublished":"2016-12-01T09:50:43+00:00","breadcrumb":{"@id":"https:\/\/www.esplac.cat\/presentem-el-trailer-del-documental-transformar-educant\/#breadcrumb"},"inLanguage":"es","potentialAction":[{"@type":"ReadAction","target":["https:\/\/www.esplac.cat\/presentem-el-trailer-del-documental-transformar-educant\/"]}]},{"@type":"ImageObject","inLanguage":"es","@id":"https:\/\/www.esplac.cat\/presentem-el-trailer-del-documental-transformar-educant\/#primaryimage","url":"https:\/\/www.esplac.cat\/wp-content\/uploads\/2016\/12\/20161201_Trailer_transformar-ed.jpg","contentUrl":"https:\/\/www.esplac.cat\/wp-content\/uploads\/2016\/12\/20161201_Trailer_transformar-ed.jpg","width":847,"height":350},{"@type":"BreadcrumbList","@id":"https:\/\/www.esplac.cat\/presentem-el-trailer-del-documental-transformar-educant\/#breadcrumb","itemListElement":[{"@type":"ListItem","position":1,"name":"Inici","item":"https:\/\/www.esplac.cat\/es\/"},{"@type":"ListItem","position":2,"name":"Presentem el tr\u00e0iler del documental Transformar Educant"}]},{"@type":"WebSite","@id":"https:\/\/www.esplac.cat\/#website","url":"https:\/\/www.esplac.cat\/","name":"Esplac","description":"Esplais Catalans","publisher":{"@id":"https:\/\/www.esplac.cat\/#organization"},"potentialAction":[{"@type":"SearchAction","target":{"@type":"EntryPoint","urlTemplate":"https:\/\/www.esplac.cat\/?s={search_term_string}"},"query-input":{"@type":"PropertyValueSpecification","valueRequired":true,"valueName":"search_term_string"}}],"inLanguage":"es"},{"@type":"Organization","@id":"https:\/\/www.esplac.cat\/#organization","name":"Esplac","url":"https:\/\/www.esplac.cat\/","logo":{"@type":"ImageObject","inLanguage":"es","@id":"https:\/\/www.esplac.cat\/#\/schema\/logo\/image\/","url":"https:\/\/www.esplac.cat\/wp-content\/uploads\/2019\/08\/logox2.png","contentUrl":"https:\/\/www.esplac.cat\/wp-content\/uploads\/2019\/08\/logox2.png","width":600,"height":295,"caption":"Esplac"},"image":{"@id":"https:\/\/www.esplac.cat\/#\/schema\/logo\/image\/"}},{"@type":"Person","@id":"https:\/\/www.esplac.cat\/#\/schema\/person\/908383cf240be18b68f8855d0583faca","name":"Comunicaci\u00f3 Esplac","image":{"@type":"ImageObject","inLanguage":"es","@id":"https:\/\/secure.gravatar.com\/avatar\/7a4cf8feb412a76ea4a740ca02d95b06b2907b5a6c648c2dd0a1082a093c3141?s=96&d=mm&r=g","url":"https:\/\/secure.gravatar.com\/avatar\/7a4cf8feb412a76ea4a740ca02d95b06b2907b5a6c648c2dd0a1082a093c3141?s=96&d=mm&r=g","contentUrl":"https:\/\/secure.gravatar.com\/avatar\/7a4cf8feb412a76ea4a740ca02d95b06b2907b5a6c648c2dd0a1082a093c3141?s=96&d=mm&r=g","caption":"Comunicaci\u00f3 Esplac"}}]}},"_links":{"self":[{"href":"https:\/\/www.esplac.cat\/es\/wp-json\/wp\/v2\/posts\/24967","targetHints":{"allow":["GET"]}}],"collection":[{"href":"https:\/\/www.esplac.cat\/es\/wp-json\/wp\/v2\/posts"}],"about":[{"href":"https:\/\/www.esplac.cat\/es\/wp-json\/wp\/v2\/types\/post"}],"author":[{"embeddable":true,"href":"https:\/\/www.esplac.cat\/es\/wp-json\/wp\/v2\/users\/3"}],"replies":[{"embeddable":true,"href":"https:\/\/www.esplac.cat\/es\/wp-json\/wp\/v2\/comments?post=24967"}],"version-history":[{"count":0,"href":"https:\/\/www.esplac.cat\/es\/wp-json\/wp\/v2\/posts\/24967\/revisions"}],"wp:featuredmedia":[{"embeddable":true,"href":"https:\/\/www.esplac.cat\/es\/wp-json\/wp\/v2\/media\/24968"}],"wp:attachment":[{"href":"https:\/\/www.esplac.cat\/es\/wp-json\/wp\/v2\/media?parent=24967"}],"wp:term":[{"taxonomy":"category","embeddable":true,"href":"https:\/\/www.esplac.cat\/es\/wp-json\/wp\/v2\/categories?post=24967"},{"taxonomy":"post_tag","embeddable":true,"href":"https:\/\/www.esplac.cat\/es\/wp-json\/wp\/v2\/tags?post=24967"}],"curies":[{"name":"wp","href":"https:\/\/api.w.org\/{rel}","templated":true}]}}