{"id":24969,"date":"2016-11-29T16:55:56","date_gmt":"2016-11-29T14:55:56","guid":{"rendered":"http:\/\/www.esplac.cat\/?p=11628"},"modified":"2016-11-29T16:55:56","modified_gmt":"2016-11-29T14:55:56","slug":"esplais-catalans-reivindica-el-dret-a-veu-i-vot-dels-infants-a-la-35a-assemblea-general","status":"publish","type":"post","link":"https:\/\/www.esplac.cat\/es\/esplais-catalans-reivindica-el-dret-a-veu-i-vot-dels-infants-a-la-35a-assemblea-general\/","title":{"rendered":"Esplais Catalans reivindica el dret a veu i vot dels infants a la 35a Assemblea General"},"content":{"rendered":"<h4 style=\"text-align: justify;\">M\u00e9s de 250\u00a0monitors de 66 esplais han\u00a0participat en el plenari del m\u00e0xim \u00f2rgan de decisi\u00f3 de l&#8217;associaci\u00f3,\u00a0que es va celebrar el diumenge 27 de novembre al Centre Cultural de Granollers<\/h4>\n<p style=\"text-align: justify;\">Monitors i monitores de 66 esplais federats a Esplais Catalans-Esplac van\u00a0celebrar el diumenge al Centre Cultural de Granollers el plenari de la 35a Assemblea General Ordin\u00e0ria, el m\u00e0xim espai de decisi\u00f3 de l\u2019entitat. Dissabte un centenar de monis ja havien treballat en diferents grups de treball les l\u00ednies estrat\u00e8giques dels projectes m\u00e9s importants del Pla de Treball, convertint l&#8217;AGO del 2016 en la primera d&#8217;Esplac que es desenvolupa durant tot el cap de setmana. El diumenge, dia del plenari de l&#8217;assemblea, van participar 258\u00a0monitors i monitores de 66 esplais d\u2019arreu del territori van debatre i aprovar els principals projectes de l\u2019associaci\u00f3 per l\u2019any vinent, aix\u00ed com les resolucions i posicionaments de l\u2019entitat. Un d\u2019ells ha estat <a href=\"http:\/\/www.esplac.cat\/wp-content\/uploads\/2016\/10\/Vot_infantil.pdf\" target=\"_blank\" data-saferedirecturl=\"https:\/\/www.google.com\/url?hl=ca&amp;q=http:\/\/www.esplac.cat\/wp-content\/uploads\/2016\/10\/Vot_infantil.pdf&amp;source=gmail&amp;ust=1480515606814000&amp;usg=AFQjCNGilTPe7wlnvSAgWQxAqSylAXXEEQ\" rel=\"noopener noreferrer\">la reivindicaci\u00f3 de la plena ciutadania dels infants i del seu dret a <\/a><a href=\"http:\/\/www.esplac.cat\/wp-content\/uploads\/2016\/10\/Vot_infantil.pdf\" target=\"_blank\" data-saferedirecturl=\"https:\/\/www.google.com\/url?hl=ca&amp;q=http:\/\/www.esplac.cat\/wp-content\/uploads\/2016\/10\/Vot_infantil.pdf&amp;source=gmail&amp;ust=1480515606814000&amp;usg=AFQjCNGilTPe7wlnvSAgWQxAqSylAXXEEQ\" rel=\"noopener noreferrer\">ser escoltats<\/a>. Com va destacar la presidenta d&#8217;Esplac, Irene Torrecilla, en el seu discurs a la cloenda, \u00abla participaci\u00f3 infantil \u00e9s un dels nostres pilars i no volem que sigui aix\u00ed nom\u00e9s a l\u2019esplai. Volem que els infants puguin participar arreu i se\u2019ls reconegui com a persones amb veu i vot\u00bb.<\/p>\n<p style=\"text-align: justify;\">Els esplais tamb\u00e9 van\u00a0reclamar una <a href=\"http:\/\/www.esplac.cat\/wp-content\/uploads\/2016\/10\/Som_Educacio.pdf\" target=\"_blank\" rel=\"noopener noreferrer\">major pres\u00e8ncia i reconeixement de les entitats d&#8217;educaci\u00f3 en el lleure\u00a0a la societat i als mitjans de comunicaci\u00f3.<\/a> \u00abEn els moments dif\u00edcils per les nostres entitats s\u00ed que es fa ress\u00f2, sense escatimar detalls, del tipus d\u2019entitat que ha estat la responsable dels fets i es desvaloritza la nostra feina positiva\u00bb, apunta la resoluci\u00f3 aprovada a l\u2019Assemblea. I apunta, a m\u00e9s que \u00abla nostra tasca di\u00e0ria es mereix un espai en els mitjans de comunicaci\u00f3, tal com el tenen altres agents educatius\u00bb.<\/p>\n<p style=\"text-align: justify;\">A l&#8217;AGO es va aprovar tamb\u00e9 una tercera <a href=\"http:\/\/www.esplac.cat\/wp-content\/uploads\/2016\/10\/Islamofobia.pdf\" target=\"_blank\" rel=\"noopener noreferrer\">resoluci\u00f3 de rebuig a la islamof\u00f2bia<\/a>. Esplac es compromet, entre altres coses, a treballar per a qu\u00e8 els esplais esdevinguem espais d\u2019inclusi\u00f3 educativa, i que eduquin des de la interculturalitat i condemna qualsevol atac violent cap a persones o entitats per motius de fe, pensament o culte personal.<\/p>\n<h4 style=\"text-align: justify;\">Primer esplai a Lleida!<\/h4>\n<p style=\"text-align: justify;\">Enguany, set nous esplais han entrat a formar part de la federaci\u00f3: l&#8217;esplai A-Munt (Sabadell), l&#8217;esplai Santa Eul\u00e0lia (Santa Eul\u00e0lia de Ron\u00e7ana), l&#8217;esplai Minuatx (Manresa), l&#8217;esplai El Pas (Palafolls), l&#8217;esplai Mediny\u00e0 (Mediny\u00e0), l&#8217;esplai La Flama (Sant Quirze del Vall\u00e8s) i l&#8217;esplai Magdalena (Lleida). Amb l&#8217;entrada d&#8217;aquest \u00faltim, Esplac est\u00e0 present per primera vegada a Lleida i compta amb esplais a les quatre prov\u00edncies de Catalunya. <strong>Actualment, som\u00a0106 els esplais que formen part d&#8217;Esplac!<\/strong><\/p>\n<p style=\"text-align: justify;\">Com a cada Assemblea General, els esplais han debatut, esmenat i aprovat els principals documents del nou curs i de l&#8217;antic: la Mem\u00f2ria del curs 2015-16, el Pla de Treball 2016-17 i el Pressupost del 2017. A m\u00e9s, en una Assemblea Extraordin\u00e0ria a l&#8217;inici del dia es va aprovar la modificaci\u00f3 del\u00a0Reglament de R\u00e8gim Intern i els Estauts de l&#8217;associaci\u00f3.<\/p>\n<h4 style=\"text-align: justify;\">Presentaci\u00f3 del tr\u00e0iler del documental dels esplais<\/h4>\n<p style=\"text-align: justify;\">A la cloenda de l\u2019assemblea, es va presentar en exclusiva el tr\u00e0iler del documental \u00abTransformar Educant\u00bb,\u00a0el documental dels esplais catalans, que s&#8217;estrenar\u00e0 al febrer de 2017. Aquest projecte, realitzat per la productora Camille Zonca i finan\u00e7at parcialment a trav\u00e9s d\u2019una campanya de micromecenatge, pret\u00e9n explicar com funcionem els esplais a trav\u00e9s de personatges hist\u00f2rics, monitores i infants de diferents esplais. El documental, realitzat per la productora Camille Zonca i finan\u00e7at parcialment a trav\u00e9s d\u2019una campanya de micromecenatge, s\u2019estrenar\u00e0 al febrer de 2017. <strong>Estigueu atentes, el publicarem per xarxes el proper 1 de desembre!<\/strong><\/p>\n<p style=\"text-align: justify;\"><a href=\"https:\/\/www.facebook.com\/media\/set\/?set=a.1256722447683984.1073741867.164459493576957&amp;type=1&amp;l=c7bd00c851\" target=\"_blank\" rel=\"noopener noreferrer\"><strong>Podeu veure les fotos de l&#8217;#AGOEsplac16 penjades a Facebook clicant en aquest enlla\u00e7!<\/strong><\/a><\/p>\n","protected":false},"excerpt":{"rendered":"<p>M\u00e9s de 250\u00a0monitors de 66 esplais han\u00a0participat en el plenari [&hellip;]<\/p>\n","protected":false},"author":3,"featured_media":24971,"comment_status":"closed","ping_status":"open","sticky":false,"template":"","format":"standard","meta":{"om_disable_all_campaigns":false,"_monsterinsights_skip_tracking":false,"_monsterinsights_sitenote_active":false,"_monsterinsights_sitenote_note":"","_monsterinsights_sitenote_category":0,"_uf_show_specific_survey":0,"_uf_disable_surveys":false,"footnotes":""},"categories":[1111,1],"tags":[335,811,772,45],"class_list":["post-24969","post","type-post","status-publish","format-standard","has-post-thumbnail","hentry","category-activitats-esplac","category-sense-categoria","tag-ago","tag-ago-2016","tag-assemblea-general-ordinaria","tag-drets-dels-infants"],"yoast_head":"<!-- This site is optimized with the Yoast SEO plugin v27.5 - https:\/\/yoast.com\/product\/yoast-seo-wordpress\/ -->\n<title>Esplais Catalans reivindica el dret a veu i vot dels infants a la 35a Assemblea General - Esplac<\/title>\n<meta name=\"robots\" content=\"index, follow, max-snippet:-1, max-image-preview:large, max-video-preview:-1\" \/>\n<link rel=\"canonical\" href=\"https:\/\/www.esplac.cat\/esplais-catalans-reivindica-el-dret-a-veu-i-vot-dels-infants-a-la-35a-assemblea-general\/\" \/>\n<meta property=\"og:locale\" content=\"es_ES\" \/>\n<meta property=\"og:type\" content=\"article\" \/>\n<meta property=\"og:title\" content=\"Esplais Catalans reivindica el dret a veu i vot dels infants a la 35a Assemblea General - Esplac\" \/>\n<meta property=\"og:description\" content=\"M\u00e9s de 250\u00a0monitors de 66 esplais han\u00a0participat en el plenari [&hellip;]\" \/>\n<meta property=\"og:url\" content=\"https:\/\/www.esplac.cat\/esplais-catalans-reivindica-el-dret-a-veu-i-vot-dels-infants-a-la-35a-assemblea-general\/\" \/>\n<meta property=\"og:site_name\" content=\"Esplac\" \/>\n<meta property=\"article:published_time\" content=\"2016-11-29T14:55:56+00:00\" \/>\n<meta property=\"og:image\" content=\"https:\/\/www.esplac.cat\/wp-content\/uploads\/2016\/11\/20161129_Resum-AGO16.jpg\" \/>\n\t<meta property=\"og:image:width\" content=\"847\" \/>\n\t<meta property=\"og:image:height\" content=\"350\" \/>\n\t<meta property=\"og:image:type\" content=\"image\/jpeg\" \/>\n<meta name=\"author\" content=\"Comunicaci\u00f3 Esplac\" \/>\n<meta name=\"twitter:card\" content=\"summary_large_image\" \/>\n<meta name=\"twitter:label1\" content=\"Escrito por\" \/>\n\t<meta name=\"twitter:data1\" content=\"Comunicaci\u00f3 Esplac\" \/>\n\t<meta name=\"twitter:label2\" content=\"Tiempo de lectura\" \/>\n\t<meta name=\"twitter:data2\" content=\"3 minutos\" \/>\n<script type=\"application\/ld+json\" class=\"yoast-schema-graph\">{\"@context\":\"https:\\\/\\\/schema.org\",\"@graph\":[{\"@type\":\"Article\",\"@id\":\"https:\\\/\\\/www.esplac.cat\\\/esplais-catalans-reivindica-el-dret-a-veu-i-vot-dels-infants-a-la-35a-assemblea-general\\\/#article\",\"isPartOf\":{\"@id\":\"https:\\\/\\\/www.esplac.cat\\\/esplais-catalans-reivindica-el-dret-a-veu-i-vot-dels-infants-a-la-35a-assemblea-general\\\/\"},\"author\":{\"name\":\"Comunicaci\u00f3 Esplac\",\"@id\":\"https:\\\/\\\/www.esplac.cat\\\/#\\\/schema\\\/person\\\/908383cf240be18b68f8855d0583faca\"},\"headline\":\"Esplais Catalans reivindica el dret a veu i vot dels infants a la 35a Assemblea General\",\"datePublished\":\"2016-11-29T14:55:56+00:00\",\"mainEntityOfPage\":{\"@id\":\"https:\\\/\\\/www.esplac.cat\\\/esplais-catalans-reivindica-el-dret-a-veu-i-vot-dels-infants-a-la-35a-assemblea-general\\\/\"},\"wordCount\":685,\"publisher\":{\"@id\":\"https:\\\/\\\/www.esplac.cat\\\/#organization\"},\"image\":{\"@id\":\"https:\\\/\\\/www.esplac.cat\\\/esplais-catalans-reivindica-el-dret-a-veu-i-vot-dels-infants-a-la-35a-assemblea-general\\\/#primaryimage\"},\"thumbnailUrl\":\"https:\\\/\\\/www.esplac.cat\\\/wp-content\\\/uploads\\\/2016\\\/11\\\/20161129_Resum-AGO16.jpg\",\"keywords\":[\"AGO\",\"AGO 2016\",\"Assemblea General Ordin\u00e0ria\",\"drets dels infants\"],\"articleSection\":[\"Activitats esplac\",\"Sense categoria\"],\"inLanguage\":\"es\"},{\"@type\":\"WebPage\",\"@id\":\"https:\\\/\\\/www.esplac.cat\\\/esplais-catalans-reivindica-el-dret-a-veu-i-vot-dels-infants-a-la-35a-assemblea-general\\\/\",\"url\":\"https:\\\/\\\/www.esplac.cat\\\/esplais-catalans-reivindica-el-dret-a-veu-i-vot-dels-infants-a-la-35a-assemblea-general\\\/\",\"name\":\"Esplais Catalans reivindica el dret a veu i vot dels infants a la 35a Assemblea General - Esplac\",\"isPartOf\":{\"@id\":\"https:\\\/\\\/www.esplac.cat\\\/#website\"},\"primaryImageOfPage\":{\"@id\":\"https:\\\/\\\/www.esplac.cat\\\/esplais-catalans-reivindica-el-dret-a-veu-i-vot-dels-infants-a-la-35a-assemblea-general\\\/#primaryimage\"},\"image\":{\"@id\":\"https:\\\/\\\/www.esplac.cat\\\/esplais-catalans-reivindica-el-dret-a-veu-i-vot-dels-infants-a-la-35a-assemblea-general\\\/#primaryimage\"},\"thumbnailUrl\":\"https:\\\/\\\/www.esplac.cat\\\/wp-content\\\/uploads\\\/2016\\\/11\\\/20161129_Resum-AGO16.jpg\",\"datePublished\":\"2016-11-29T14:55:56+00:00\",\"breadcrumb\":{\"@id\":\"https:\\\/\\\/www.esplac.cat\\\/esplais-catalans-reivindica-el-dret-a-veu-i-vot-dels-infants-a-la-35a-assemblea-general\\\/#breadcrumb\"},\"inLanguage\":\"es\",\"potentialAction\":[{\"@type\":\"ReadAction\",\"target\":[\"https:\\\/\\\/www.esplac.cat\\\/esplais-catalans-reivindica-el-dret-a-veu-i-vot-dels-infants-a-la-35a-assemblea-general\\\/\"]}]},{\"@type\":\"ImageObject\",\"inLanguage\":\"es\",\"@id\":\"https:\\\/\\\/www.esplac.cat\\\/esplais-catalans-reivindica-el-dret-a-veu-i-vot-dels-infants-a-la-35a-assemblea-general\\\/#primaryimage\",\"url\":\"https:\\\/\\\/www.esplac.cat\\\/wp-content\\\/uploads\\\/2016\\\/11\\\/20161129_Resum-AGO16.jpg\",\"contentUrl\":\"https:\\\/\\\/www.esplac.cat\\\/wp-content\\\/uploads\\\/2016\\\/11\\\/20161129_Resum-AGO16.jpg\",\"width\":847,\"height\":350},{\"@type\":\"BreadcrumbList\",\"@id\":\"https:\\\/\\\/www.esplac.cat\\\/esplais-catalans-reivindica-el-dret-a-veu-i-vot-dels-infants-a-la-35a-assemblea-general\\\/#breadcrumb\",\"itemListElement\":[{\"@type\":\"ListItem\",\"position\":1,\"name\":\"Inici\",\"item\":\"https:\\\/\\\/www.esplac.cat\\\/es\\\/\"},{\"@type\":\"ListItem\",\"position\":2,\"name\":\"Esplais Catalans reivindica el dret a veu i vot dels infants a la 35a Assemblea General\"}]},{\"@type\":\"WebSite\",\"@id\":\"https:\\\/\\\/www.esplac.cat\\\/#website\",\"url\":\"https:\\\/\\\/www.esplac.cat\\\/\",\"name\":\"Esplac\",\"description\":\"Esplais Catalans\",\"publisher\":{\"@id\":\"https:\\\/\\\/www.esplac.cat\\\/#organization\"},\"potentialAction\":[{\"@type\":\"SearchAction\",\"target\":{\"@type\":\"EntryPoint\",\"urlTemplate\":\"https:\\\/\\\/www.esplac.cat\\\/?s={search_term_string}\"},\"query-input\":{\"@type\":\"PropertyValueSpecification\",\"valueRequired\":true,\"valueName\":\"search_term_string\"}}],\"inLanguage\":\"es\"},{\"@type\":\"Organization\",\"@id\":\"https:\\\/\\\/www.esplac.cat\\\/#organization\",\"name\":\"Esplac\",\"url\":\"https:\\\/\\\/www.esplac.cat\\\/\",\"logo\":{\"@type\":\"ImageObject\",\"inLanguage\":\"es\",\"@id\":\"https:\\\/\\\/www.esplac.cat\\\/#\\\/schema\\\/logo\\\/image\\\/\",\"url\":\"https:\\\/\\\/www.esplac.cat\\\/wp-content\\\/uploads\\\/2019\\\/08\\\/logox2.png\",\"contentUrl\":\"https:\\\/\\\/www.esplac.cat\\\/wp-content\\\/uploads\\\/2019\\\/08\\\/logox2.png\",\"width\":600,\"height\":295,\"caption\":\"Esplac\"},\"image\":{\"@id\":\"https:\\\/\\\/www.esplac.cat\\\/#\\\/schema\\\/logo\\\/image\\\/\"}},{\"@type\":\"Person\",\"@id\":\"https:\\\/\\\/www.esplac.cat\\\/#\\\/schema\\\/person\\\/908383cf240be18b68f8855d0583faca\",\"name\":\"Comunicaci\u00f3 Esplac\",\"image\":{\"@type\":\"ImageObject\",\"inLanguage\":\"es\",\"@id\":\"https:\\\/\\\/secure.gravatar.com\\\/avatar\\\/7a4cf8feb412a76ea4a740ca02d95b06b2907b5a6c648c2dd0a1082a093c3141?s=96&d=mm&r=g\",\"url\":\"https:\\\/\\\/secure.gravatar.com\\\/avatar\\\/7a4cf8feb412a76ea4a740ca02d95b06b2907b5a6c648c2dd0a1082a093c3141?s=96&d=mm&r=g\",\"contentUrl\":\"https:\\\/\\\/secure.gravatar.com\\\/avatar\\\/7a4cf8feb412a76ea4a740ca02d95b06b2907b5a6c648c2dd0a1082a093c3141?s=96&d=mm&r=g\",\"caption\":\"Comunicaci\u00f3 Esplac\"}}]}<\/script>\n<!-- \/ Yoast SEO plugin. -->","yoast_head_json":{"title":"Esplais Catalans reivindica el dret a veu i vot dels infants a la 35a Assemblea General - Esplac","robots":{"index":"index","follow":"follow","max-snippet":"max-snippet:-1","max-image-preview":"max-image-preview:large","max-video-preview":"max-video-preview:-1"},"canonical":"https:\/\/www.esplac.cat\/esplais-catalans-reivindica-el-dret-a-veu-i-vot-dels-infants-a-la-35a-assemblea-general\/","og_locale":"es_ES","og_type":"article","og_title":"Esplais Catalans reivindica el dret a veu i vot dels infants a la 35a Assemblea General - Esplac","og_description":"M\u00e9s de 250\u00a0monitors de 66 esplais han\u00a0participat en el plenari [&hellip;]","og_url":"https:\/\/www.esplac.cat\/esplais-catalans-reivindica-el-dret-a-veu-i-vot-dels-infants-a-la-35a-assemblea-general\/","og_site_name":"Esplac","article_published_time":"2016-11-29T14:55:56+00:00","og_image":[{"width":847,"height":350,"url":"https:\/\/www.esplac.cat\/wp-content\/uploads\/2016\/11\/20161129_Resum-AGO16.jpg","type":"image\/jpeg"}],"author":"Comunicaci\u00f3 Esplac","twitter_card":"summary_large_image","twitter_misc":{"Escrito por":"Comunicaci\u00f3 Esplac","Tiempo de lectura":"3 minutos"},"schema":{"@context":"https:\/\/schema.org","@graph":[{"@type":"Article","@id":"https:\/\/www.esplac.cat\/esplais-catalans-reivindica-el-dret-a-veu-i-vot-dels-infants-a-la-35a-assemblea-general\/#article","isPartOf":{"@id":"https:\/\/www.esplac.cat\/esplais-catalans-reivindica-el-dret-a-veu-i-vot-dels-infants-a-la-35a-assemblea-general\/"},"author":{"name":"Comunicaci\u00f3 Esplac","@id":"https:\/\/www.esplac.cat\/#\/schema\/person\/908383cf240be18b68f8855d0583faca"},"headline":"Esplais Catalans reivindica el dret a veu i vot dels infants a la 35a Assemblea General","datePublished":"2016-11-29T14:55:56+00:00","mainEntityOfPage":{"@id":"https:\/\/www.esplac.cat\/esplais-catalans-reivindica-el-dret-a-veu-i-vot-dels-infants-a-la-35a-assemblea-general\/"},"wordCount":685,"publisher":{"@id":"https:\/\/www.esplac.cat\/#organization"},"image":{"@id":"https:\/\/www.esplac.cat\/esplais-catalans-reivindica-el-dret-a-veu-i-vot-dels-infants-a-la-35a-assemblea-general\/#primaryimage"},"thumbnailUrl":"https:\/\/www.esplac.cat\/wp-content\/uploads\/2016\/11\/20161129_Resum-AGO16.jpg","keywords":["AGO","AGO 2016","Assemblea General Ordin\u00e0ria","drets dels infants"],"articleSection":["Activitats esplac","Sense categoria"],"inLanguage":"es"},{"@type":"WebPage","@id":"https:\/\/www.esplac.cat\/esplais-catalans-reivindica-el-dret-a-veu-i-vot-dels-infants-a-la-35a-assemblea-general\/","url":"https:\/\/www.esplac.cat\/esplais-catalans-reivindica-el-dret-a-veu-i-vot-dels-infants-a-la-35a-assemblea-general\/","name":"Esplais Catalans reivindica el dret a veu i vot dels infants a la 35a Assemblea General - Esplac","isPartOf":{"@id":"https:\/\/www.esplac.cat\/#website"},"primaryImageOfPage":{"@id":"https:\/\/www.esplac.cat\/esplais-catalans-reivindica-el-dret-a-veu-i-vot-dels-infants-a-la-35a-assemblea-general\/#primaryimage"},"image":{"@id":"https:\/\/www.esplac.cat\/esplais-catalans-reivindica-el-dret-a-veu-i-vot-dels-infants-a-la-35a-assemblea-general\/#primaryimage"},"thumbnailUrl":"https:\/\/www.esplac.cat\/wp-content\/uploads\/2016\/11\/20161129_Resum-AGO16.jpg","datePublished":"2016-11-29T14:55:56+00:00","breadcrumb":{"@id":"https:\/\/www.esplac.cat\/esplais-catalans-reivindica-el-dret-a-veu-i-vot-dels-infants-a-la-35a-assemblea-general\/#breadcrumb"},"inLanguage":"es","potentialAction":[{"@type":"ReadAction","target":["https:\/\/www.esplac.cat\/esplais-catalans-reivindica-el-dret-a-veu-i-vot-dels-infants-a-la-35a-assemblea-general\/"]}]},{"@type":"ImageObject","inLanguage":"es","@id":"https:\/\/www.esplac.cat\/esplais-catalans-reivindica-el-dret-a-veu-i-vot-dels-infants-a-la-35a-assemblea-general\/#primaryimage","url":"https:\/\/www.esplac.cat\/wp-content\/uploads\/2016\/11\/20161129_Resum-AGO16.jpg","contentUrl":"https:\/\/www.esplac.cat\/wp-content\/uploads\/2016\/11\/20161129_Resum-AGO16.jpg","width":847,"height":350},{"@type":"BreadcrumbList","@id":"https:\/\/www.esplac.cat\/esplais-catalans-reivindica-el-dret-a-veu-i-vot-dels-infants-a-la-35a-assemblea-general\/#breadcrumb","itemListElement":[{"@type":"ListItem","position":1,"name":"Inici","item":"https:\/\/www.esplac.cat\/es\/"},{"@type":"ListItem","position":2,"name":"Esplais Catalans reivindica el dret a veu i vot dels infants a la 35a Assemblea General"}]},{"@type":"WebSite","@id":"https:\/\/www.esplac.cat\/#website","url":"https:\/\/www.esplac.cat\/","name":"Esplac","description":"Esplais Catalans","publisher":{"@id":"https:\/\/www.esplac.cat\/#organization"},"potentialAction":[{"@type":"SearchAction","target":{"@type":"EntryPoint","urlTemplate":"https:\/\/www.esplac.cat\/?s={search_term_string}"},"query-input":{"@type":"PropertyValueSpecification","valueRequired":true,"valueName":"search_term_string"}}],"inLanguage":"es"},{"@type":"Organization","@id":"https:\/\/www.esplac.cat\/#organization","name":"Esplac","url":"https:\/\/www.esplac.cat\/","logo":{"@type":"ImageObject","inLanguage":"es","@id":"https:\/\/www.esplac.cat\/#\/schema\/logo\/image\/","url":"https:\/\/www.esplac.cat\/wp-content\/uploads\/2019\/08\/logox2.png","contentUrl":"https:\/\/www.esplac.cat\/wp-content\/uploads\/2019\/08\/logox2.png","width":600,"height":295,"caption":"Esplac"},"image":{"@id":"https:\/\/www.esplac.cat\/#\/schema\/logo\/image\/"}},{"@type":"Person","@id":"https:\/\/www.esplac.cat\/#\/schema\/person\/908383cf240be18b68f8855d0583faca","name":"Comunicaci\u00f3 Esplac","image":{"@type":"ImageObject","inLanguage":"es","@id":"https:\/\/secure.gravatar.com\/avatar\/7a4cf8feb412a76ea4a740ca02d95b06b2907b5a6c648c2dd0a1082a093c3141?s=96&d=mm&r=g","url":"https:\/\/secure.gravatar.com\/avatar\/7a4cf8feb412a76ea4a740ca02d95b06b2907b5a6c648c2dd0a1082a093c3141?s=96&d=mm&r=g","contentUrl":"https:\/\/secure.gravatar.com\/avatar\/7a4cf8feb412a76ea4a740ca02d95b06b2907b5a6c648c2dd0a1082a093c3141?s=96&d=mm&r=g","caption":"Comunicaci\u00f3 Esplac"}}]}},"_links":{"self":[{"href":"https:\/\/www.esplac.cat\/es\/wp-json\/wp\/v2\/posts\/24969","targetHints":{"allow":["GET"]}}],"collection":[{"href":"https:\/\/www.esplac.cat\/es\/wp-json\/wp\/v2\/posts"}],"about":[{"href":"https:\/\/www.esplac.cat\/es\/wp-json\/wp\/v2\/types\/post"}],"author":[{"embeddable":true,"href":"https:\/\/www.esplac.cat\/es\/wp-json\/wp\/v2\/users\/3"}],"replies":[{"embeddable":true,"href":"https:\/\/www.esplac.cat\/es\/wp-json\/wp\/v2\/comments?post=24969"}],"version-history":[{"count":0,"href":"https:\/\/www.esplac.cat\/es\/wp-json\/wp\/v2\/posts\/24969\/revisions"}],"wp:featuredmedia":[{"embeddable":true,"href":"https:\/\/www.esplac.cat\/es\/wp-json\/wp\/v2\/media\/24971"}],"wp:attachment":[{"href":"https:\/\/www.esplac.cat\/es\/wp-json\/wp\/v2\/media?parent=24969"}],"wp:term":[{"taxonomy":"category","embeddable":true,"href":"https:\/\/www.esplac.cat\/es\/wp-json\/wp\/v2\/categories?post=24969"},{"taxonomy":"post_tag","embeddable":true,"href":"https:\/\/www.esplac.cat\/es\/wp-json\/wp\/v2\/tags?post=24969"}],"curies":[{"name":"wp","href":"https:\/\/api.w.org\/{rel}","templated":true}]}}