{"id":24980,"date":"2016-11-15T15:49:39","date_gmt":"2016-11-15T13:49:39","guid":{"rendered":"http:\/\/www.esplac.cat\/?p=11543"},"modified":"2016-11-15T15:49:39","modified_gmt":"2016-11-15T13:49:39","slug":"nou-banc-de-recursos-accessible-a-traves-del-web-i-lesplacnet","status":"publish","type":"post","link":"https:\/\/www.esplac.cat\/es\/nou-banc-de-recursos-accessible-a-traves-del-web-i-lesplacnet\/","title":{"rendered":"Nou Banc de Recursos accessible a trav\u00e9s del web i l&#8217;EsplacNet"},"content":{"rendered":"<h3>La nova eina incorpora millores en la cerca de documents, la introducci\u00f3 de nous recursos o\u00a0millores per reservar-los<\/h3>\n<p><span style=\"font-weight: 400;\">En el marc de l\u2019evoluci\u00f3 de l\u2019Assac a l\u2019EsplacNet, us presentem el nou Banc de Recursos que a partir d\u2019avui ja teniu al vostre abast entrant <strong><a href=\"http:\/\/esplac.cat\/esplacnet\/login\/index.php\" target=\"_blank\" rel=\"noopener noreferrer\">a trav\u00e9s de la plataforma\u00a0EsplacNet amb el vostre usuari<\/a><\/strong> i tamb\u00e9 en la<strong> <a href=\"http:\/\/www.esplac.cat\/banc-de-recursos\/\" target=\"_blank\" rel=\"noopener noreferrer\">versi\u00f3 en obert a trav\u00e9s de la web d\u2019Esplac<\/a><\/strong>.<\/span><\/p>\n<p><span style=\"font-weight: 400;\">El Banc de Recursos \u00e9s ara tamb\u00e9 un apartat m\u00e9s del nou EsplacNet, que permet <strong>consultar i demanar en pr\u00e9stec recursos de tota mena:<\/strong><\/span><\/p>\n<ul>\n<li style=\"font-weight: 400;\"><span style=\"font-weight: 400;\">En format f\u00edsic: llibres o recursos oferts per Esplac o pels esplais.<\/span><\/li>\n<li style=\"font-weight: 400;\"><span style=\"font-weight: 400;\">Documents i webs: links a p\u00e0gines web que ofereixen eines d\u2019un gran valor pedag\u00f2gic.<\/span><\/li>\n<li style=\"font-weight: 400;\"><span style=\"font-weight: 400;\">Fitxes d\u2019activitat: idees per dur a terme activitats que han estat previament dissenyades. <\/span><\/li>\n<\/ul>\n<p><span style=\"font-weight: 400;\">El nou Banc de Recursos ens permet localitzar d&#8217;una manera clara i senzilla tots els recursos disponibles sobre la tem\u00e0tica concreta que estiguem treballant. Ofereix diverses opcions de cerca ja sigui introdu\u00efnt el nom concret d\u2019un recurs que coneixem o b\u00e9 a trav\u00e9s de cerques tem\u00e0tiques per categories.<\/span><\/p>\n<p><span style=\"font-weight: 400;\">Amb aquest nou format podeu descarregar-vos els recursos, comunicar incid\u00e8ncies, ordenar els recursos segons la seva valoraci\u00f3 i, fins i tot, indicar-ne les vostres pr\u00f2pies variacions.<\/span><\/p>\n<p><span style=\"font-weight: 400;\">Esperem que gaudiu de les novetats tafanejant tant com vulgueu i, si teniu algun recurs en ment que creieu que seria interessant afegir, recordeu que ens podeu fer arribar les vostres propostes!<\/span><\/p>\n","protected":false},"excerpt":{"rendered":"<p>La nova eina incorpora millores en la cerca de documents, [&hellip;]<\/p>\n","protected":false},"author":3,"featured_media":24981,"comment_status":"closed","ping_status":"open","sticky":false,"template":"","format":"standard","meta":{"om_disable_all_campaigns":false,"_monsterinsights_skip_tracking":false,"_monsterinsights_sitenote_active":false,"_monsterinsights_sitenote_note":"","_monsterinsights_sitenote_category":0,"_uf_show_specific_survey":0,"_uf_disable_surveys":false,"footnotes":""},"categories":[1111,1114,1],"tags":[44,557,805,806,807],"class_list":["post-24980","post","type-post","status-publish","format-standard","has-post-thumbnail","hentry","category-activitats-esplac","category-recursos","category-sense-categoria","tag-banc-de-recursos","tag-esplacnet","tag-fitxes-dactivitat","tag-prestec-de-documents","tag-recursos-educatius"],"yoast_head":"<!-- This site is optimized with the Yoast SEO plugin v27.4 - https:\/\/yoast.com\/product\/yoast-seo-wordpress\/ -->\n<title>Nou Banc de Recursos accessible a trav\u00e9s del web i l&#039;EsplacNet - Esplac<\/title>\n<meta name=\"robots\" content=\"index, follow, max-snippet:-1, max-image-preview:large, max-video-preview:-1\" \/>\n<link rel=\"canonical\" href=\"https:\/\/www.esplac.cat\/es\/nou-banc-de-recursos-accessible-a-traves-del-web-i-lesplacnet\/\" \/>\n<meta property=\"og:locale\" content=\"es_ES\" \/>\n<meta property=\"og:type\" content=\"article\" \/>\n<meta property=\"og:title\" content=\"Nou Banc de Recursos accessible a trav\u00e9s del web i l&#039;EsplacNet - Esplac\" \/>\n<meta property=\"og:description\" content=\"La nova eina incorpora millores en la cerca de documents, [&hellip;]\" \/>\n<meta property=\"og:url\" content=\"https:\/\/www.esplac.cat\/es\/nou-banc-de-recursos-accessible-a-traves-del-web-i-lesplacnet\/\" \/>\n<meta property=\"og:site_name\" content=\"Esplac\" \/>\n<meta property=\"article:published_time\" content=\"2016-11-15T13:49:39+00:00\" \/>\n<meta property=\"og:image\" content=\"https:\/\/www.esplac.cat\/wp-content\/uploads\/2016\/11\/20161115_Nou_BR.jpg\" \/>\n\t<meta property=\"og:image:width\" content=\"847\" \/>\n\t<meta property=\"og:image:height\" content=\"350\" \/>\n\t<meta property=\"og:image:type\" content=\"image\/jpeg\" \/>\n<meta name=\"author\" content=\"Comunicaci\u00f3 Esplac\" \/>\n<meta name=\"twitter:card\" content=\"summary_large_image\" \/>\n<meta name=\"twitter:label1\" content=\"Escrito por\" \/>\n\t<meta name=\"twitter:data1\" content=\"Comunicaci\u00f3 Esplac\" \/>\n\t<meta name=\"twitter:label2\" content=\"Tiempo de lectura\" \/>\n\t<meta name=\"twitter:data2\" content=\"1 minuto\" \/>\n<script type=\"application\/ld+json\" class=\"yoast-schema-graph\">{\"@context\":\"https:\\\/\\\/schema.org\",\"@graph\":[{\"@type\":\"Article\",\"@id\":\"https:\\\/\\\/www.esplac.cat\\\/es\\\/nou-banc-de-recursos-accessible-a-traves-del-web-i-lesplacnet\\\/#article\",\"isPartOf\":{\"@id\":\"https:\\\/\\\/www.esplac.cat\\\/es\\\/nou-banc-de-recursos-accessible-a-traves-del-web-i-lesplacnet\\\/\"},\"author\":{\"name\":\"Comunicaci\u00f3 Esplac\",\"@id\":\"https:\\\/\\\/www.esplac.cat\\\/#\\\/schema\\\/person\\\/908383cf240be18b68f8855d0583faca\"},\"headline\":\"Nou Banc de Recursos accessible a trav\u00e9s del web i l&#8217;EsplacNet\",\"datePublished\":\"2016-11-15T13:49:39+00:00\",\"mainEntityOfPage\":{\"@id\":\"https:\\\/\\\/www.esplac.cat\\\/es\\\/nou-banc-de-recursos-accessible-a-traves-del-web-i-lesplacnet\\\/\"},\"wordCount\":272,\"publisher\":{\"@id\":\"https:\\\/\\\/www.esplac.cat\\\/#organization\"},\"image\":{\"@id\":\"https:\\\/\\\/www.esplac.cat\\\/es\\\/nou-banc-de-recursos-accessible-a-traves-del-web-i-lesplacnet\\\/#primaryimage\"},\"thumbnailUrl\":\"https:\\\/\\\/www.esplac.cat\\\/wp-content\\\/uploads\\\/2016\\\/11\\\/20161115_Nou_BR.jpg\",\"keywords\":[\"banc de recursos\",\"EsplacNet\",\"fitxes d'activitat\",\"pr\u00e9stec de documents\",\"recursos educatius\"],\"articleSection\":[\"Activitats esplac\",\"Recursos\",\"Sense categoria\"],\"inLanguage\":\"es\"},{\"@type\":\"WebPage\",\"@id\":\"https:\\\/\\\/www.esplac.cat\\\/es\\\/nou-banc-de-recursos-accessible-a-traves-del-web-i-lesplacnet\\\/\",\"url\":\"https:\\\/\\\/www.esplac.cat\\\/es\\\/nou-banc-de-recursos-accessible-a-traves-del-web-i-lesplacnet\\\/\",\"name\":\"Nou Banc de Recursos accessible a trav\u00e9s del web i l'EsplacNet - Esplac\",\"isPartOf\":{\"@id\":\"https:\\\/\\\/www.esplac.cat\\\/#website\"},\"primaryImageOfPage\":{\"@id\":\"https:\\\/\\\/www.esplac.cat\\\/es\\\/nou-banc-de-recursos-accessible-a-traves-del-web-i-lesplacnet\\\/#primaryimage\"},\"image\":{\"@id\":\"https:\\\/\\\/www.esplac.cat\\\/es\\\/nou-banc-de-recursos-accessible-a-traves-del-web-i-lesplacnet\\\/#primaryimage\"},\"thumbnailUrl\":\"https:\\\/\\\/www.esplac.cat\\\/wp-content\\\/uploads\\\/2016\\\/11\\\/20161115_Nou_BR.jpg\",\"datePublished\":\"2016-11-15T13:49:39+00:00\",\"breadcrumb\":{\"@id\":\"https:\\\/\\\/www.esplac.cat\\\/es\\\/nou-banc-de-recursos-accessible-a-traves-del-web-i-lesplacnet\\\/#breadcrumb\"},\"inLanguage\":\"es\",\"potentialAction\":[{\"@type\":\"ReadAction\",\"target\":[\"https:\\\/\\\/www.esplac.cat\\\/es\\\/nou-banc-de-recursos-accessible-a-traves-del-web-i-lesplacnet\\\/\"]}]},{\"@type\":\"ImageObject\",\"inLanguage\":\"es\",\"@id\":\"https:\\\/\\\/www.esplac.cat\\\/es\\\/nou-banc-de-recursos-accessible-a-traves-del-web-i-lesplacnet\\\/#primaryimage\",\"url\":\"https:\\\/\\\/www.esplac.cat\\\/wp-content\\\/uploads\\\/2016\\\/11\\\/20161115_Nou_BR.jpg\",\"contentUrl\":\"https:\\\/\\\/www.esplac.cat\\\/wp-content\\\/uploads\\\/2016\\\/11\\\/20161115_Nou_BR.jpg\",\"width\":847,\"height\":350},{\"@type\":\"BreadcrumbList\",\"@id\":\"https:\\\/\\\/www.esplac.cat\\\/es\\\/nou-banc-de-recursos-accessible-a-traves-del-web-i-lesplacnet\\\/#breadcrumb\",\"itemListElement\":[{\"@type\":\"ListItem\",\"position\":1,\"name\":\"Inici\",\"item\":\"https:\\\/\\\/www.esplac.cat\\\/es\\\/\"},{\"@type\":\"ListItem\",\"position\":2,\"name\":\"Nou Banc de Recursos accessible a trav\u00e9s del web i l&#8217;EsplacNet\"}]},{\"@type\":\"WebSite\",\"@id\":\"https:\\\/\\\/www.esplac.cat\\\/#website\",\"url\":\"https:\\\/\\\/www.esplac.cat\\\/\",\"name\":\"Esplac\",\"description\":\"Esplais Catalans\",\"publisher\":{\"@id\":\"https:\\\/\\\/www.esplac.cat\\\/#organization\"},\"potentialAction\":[{\"@type\":\"SearchAction\",\"target\":{\"@type\":\"EntryPoint\",\"urlTemplate\":\"https:\\\/\\\/www.esplac.cat\\\/?s={search_term_string}\"},\"query-input\":{\"@type\":\"PropertyValueSpecification\",\"valueRequired\":true,\"valueName\":\"search_term_string\"}}],\"inLanguage\":\"es\"},{\"@type\":\"Organization\",\"@id\":\"https:\\\/\\\/www.esplac.cat\\\/#organization\",\"name\":\"Esplac\",\"url\":\"https:\\\/\\\/www.esplac.cat\\\/\",\"logo\":{\"@type\":\"ImageObject\",\"inLanguage\":\"es\",\"@id\":\"https:\\\/\\\/www.esplac.cat\\\/#\\\/schema\\\/logo\\\/image\\\/\",\"url\":\"https:\\\/\\\/www.esplac.cat\\\/wp-content\\\/uploads\\\/2019\\\/08\\\/logox2.png\",\"contentUrl\":\"https:\\\/\\\/www.esplac.cat\\\/wp-content\\\/uploads\\\/2019\\\/08\\\/logox2.png\",\"width\":600,\"height\":295,\"caption\":\"Esplac\"},\"image\":{\"@id\":\"https:\\\/\\\/www.esplac.cat\\\/#\\\/schema\\\/logo\\\/image\\\/\"}},{\"@type\":\"Person\",\"@id\":\"https:\\\/\\\/www.esplac.cat\\\/#\\\/schema\\\/person\\\/908383cf240be18b68f8855d0583faca\",\"name\":\"Comunicaci\u00f3 Esplac\",\"image\":{\"@type\":\"ImageObject\",\"inLanguage\":\"es\",\"@id\":\"https:\\\/\\\/secure.gravatar.com\\\/avatar\\\/7a4cf8feb412a76ea4a740ca02d95b06b2907b5a6c648c2dd0a1082a093c3141?s=96&d=mm&r=g\",\"url\":\"https:\\\/\\\/secure.gravatar.com\\\/avatar\\\/7a4cf8feb412a76ea4a740ca02d95b06b2907b5a6c648c2dd0a1082a093c3141?s=96&d=mm&r=g\",\"contentUrl\":\"https:\\\/\\\/secure.gravatar.com\\\/avatar\\\/7a4cf8feb412a76ea4a740ca02d95b06b2907b5a6c648c2dd0a1082a093c3141?s=96&d=mm&r=g\",\"caption\":\"Comunicaci\u00f3 Esplac\"}}]}<\/script>\n<!-- \/ Yoast SEO plugin. -->","yoast_head_json":{"title":"Nou Banc de Recursos accessible a trav\u00e9s del web i l'EsplacNet - Esplac","robots":{"index":"index","follow":"follow","max-snippet":"max-snippet:-1","max-image-preview":"max-image-preview:large","max-video-preview":"max-video-preview:-1"},"canonical":"https:\/\/www.esplac.cat\/es\/nou-banc-de-recursos-accessible-a-traves-del-web-i-lesplacnet\/","og_locale":"es_ES","og_type":"article","og_title":"Nou Banc de Recursos accessible a trav\u00e9s del web i l'EsplacNet - Esplac","og_description":"La nova eina incorpora millores en la cerca de documents, [&hellip;]","og_url":"https:\/\/www.esplac.cat\/es\/nou-banc-de-recursos-accessible-a-traves-del-web-i-lesplacnet\/","og_site_name":"Esplac","article_published_time":"2016-11-15T13:49:39+00:00","og_image":[{"width":847,"height":350,"url":"https:\/\/www.esplac.cat\/wp-content\/uploads\/2016\/11\/20161115_Nou_BR.jpg","type":"image\/jpeg"}],"author":"Comunicaci\u00f3 Esplac","twitter_card":"summary_large_image","twitter_misc":{"Escrito por":"Comunicaci\u00f3 Esplac","Tiempo de lectura":"1 minuto"},"schema":{"@context":"https:\/\/schema.org","@graph":[{"@type":"Article","@id":"https:\/\/www.esplac.cat\/es\/nou-banc-de-recursos-accessible-a-traves-del-web-i-lesplacnet\/#article","isPartOf":{"@id":"https:\/\/www.esplac.cat\/es\/nou-banc-de-recursos-accessible-a-traves-del-web-i-lesplacnet\/"},"author":{"name":"Comunicaci\u00f3 Esplac","@id":"https:\/\/www.esplac.cat\/#\/schema\/person\/908383cf240be18b68f8855d0583faca"},"headline":"Nou Banc de Recursos accessible a trav\u00e9s del web i l&#8217;EsplacNet","datePublished":"2016-11-15T13:49:39+00:00","mainEntityOfPage":{"@id":"https:\/\/www.esplac.cat\/es\/nou-banc-de-recursos-accessible-a-traves-del-web-i-lesplacnet\/"},"wordCount":272,"publisher":{"@id":"https:\/\/www.esplac.cat\/#organization"},"image":{"@id":"https:\/\/www.esplac.cat\/es\/nou-banc-de-recursos-accessible-a-traves-del-web-i-lesplacnet\/#primaryimage"},"thumbnailUrl":"https:\/\/www.esplac.cat\/wp-content\/uploads\/2016\/11\/20161115_Nou_BR.jpg","keywords":["banc de recursos","EsplacNet","fitxes d'activitat","pr\u00e9stec de documents","recursos educatius"],"articleSection":["Activitats esplac","Recursos","Sense categoria"],"inLanguage":"es"},{"@type":"WebPage","@id":"https:\/\/www.esplac.cat\/es\/nou-banc-de-recursos-accessible-a-traves-del-web-i-lesplacnet\/","url":"https:\/\/www.esplac.cat\/es\/nou-banc-de-recursos-accessible-a-traves-del-web-i-lesplacnet\/","name":"Nou Banc de Recursos accessible a trav\u00e9s del web i l'EsplacNet - Esplac","isPartOf":{"@id":"https:\/\/www.esplac.cat\/#website"},"primaryImageOfPage":{"@id":"https:\/\/www.esplac.cat\/es\/nou-banc-de-recursos-accessible-a-traves-del-web-i-lesplacnet\/#primaryimage"},"image":{"@id":"https:\/\/www.esplac.cat\/es\/nou-banc-de-recursos-accessible-a-traves-del-web-i-lesplacnet\/#primaryimage"},"thumbnailUrl":"https:\/\/www.esplac.cat\/wp-content\/uploads\/2016\/11\/20161115_Nou_BR.jpg","datePublished":"2016-11-15T13:49:39+00:00","breadcrumb":{"@id":"https:\/\/www.esplac.cat\/es\/nou-banc-de-recursos-accessible-a-traves-del-web-i-lesplacnet\/#breadcrumb"},"inLanguage":"es","potentialAction":[{"@type":"ReadAction","target":["https:\/\/www.esplac.cat\/es\/nou-banc-de-recursos-accessible-a-traves-del-web-i-lesplacnet\/"]}]},{"@type":"ImageObject","inLanguage":"es","@id":"https:\/\/www.esplac.cat\/es\/nou-banc-de-recursos-accessible-a-traves-del-web-i-lesplacnet\/#primaryimage","url":"https:\/\/www.esplac.cat\/wp-content\/uploads\/2016\/11\/20161115_Nou_BR.jpg","contentUrl":"https:\/\/www.esplac.cat\/wp-content\/uploads\/2016\/11\/20161115_Nou_BR.jpg","width":847,"height":350},{"@type":"BreadcrumbList","@id":"https:\/\/www.esplac.cat\/es\/nou-banc-de-recursos-accessible-a-traves-del-web-i-lesplacnet\/#breadcrumb","itemListElement":[{"@type":"ListItem","position":1,"name":"Inici","item":"https:\/\/www.esplac.cat\/es\/"},{"@type":"ListItem","position":2,"name":"Nou Banc de Recursos accessible a trav\u00e9s del web i l&#8217;EsplacNet"}]},{"@type":"WebSite","@id":"https:\/\/www.esplac.cat\/#website","url":"https:\/\/www.esplac.cat\/","name":"Esplac","description":"Esplais Catalans","publisher":{"@id":"https:\/\/www.esplac.cat\/#organization"},"potentialAction":[{"@type":"SearchAction","target":{"@type":"EntryPoint","urlTemplate":"https:\/\/www.esplac.cat\/?s={search_term_string}"},"query-input":{"@type":"PropertyValueSpecification","valueRequired":true,"valueName":"search_term_string"}}],"inLanguage":"es"},{"@type":"Organization","@id":"https:\/\/www.esplac.cat\/#organization","name":"Esplac","url":"https:\/\/www.esplac.cat\/","logo":{"@type":"ImageObject","inLanguage":"es","@id":"https:\/\/www.esplac.cat\/#\/schema\/logo\/image\/","url":"https:\/\/www.esplac.cat\/wp-content\/uploads\/2019\/08\/logox2.png","contentUrl":"https:\/\/www.esplac.cat\/wp-content\/uploads\/2019\/08\/logox2.png","width":600,"height":295,"caption":"Esplac"},"image":{"@id":"https:\/\/www.esplac.cat\/#\/schema\/logo\/image\/"}},{"@type":"Person","@id":"https:\/\/www.esplac.cat\/#\/schema\/person\/908383cf240be18b68f8855d0583faca","name":"Comunicaci\u00f3 Esplac","image":{"@type":"ImageObject","inLanguage":"es","@id":"https:\/\/secure.gravatar.com\/avatar\/7a4cf8feb412a76ea4a740ca02d95b06b2907b5a6c648c2dd0a1082a093c3141?s=96&d=mm&r=g","url":"https:\/\/secure.gravatar.com\/avatar\/7a4cf8feb412a76ea4a740ca02d95b06b2907b5a6c648c2dd0a1082a093c3141?s=96&d=mm&r=g","contentUrl":"https:\/\/secure.gravatar.com\/avatar\/7a4cf8feb412a76ea4a740ca02d95b06b2907b5a6c648c2dd0a1082a093c3141?s=96&d=mm&r=g","caption":"Comunicaci\u00f3 Esplac"}}]}},"_links":{"self":[{"href":"https:\/\/www.esplac.cat\/es\/wp-json\/wp\/v2\/posts\/24980","targetHints":{"allow":["GET"]}}],"collection":[{"href":"https:\/\/www.esplac.cat\/es\/wp-json\/wp\/v2\/posts"}],"about":[{"href":"https:\/\/www.esplac.cat\/es\/wp-json\/wp\/v2\/types\/post"}],"author":[{"embeddable":true,"href":"https:\/\/www.esplac.cat\/es\/wp-json\/wp\/v2\/users\/3"}],"replies":[{"embeddable":true,"href":"https:\/\/www.esplac.cat\/es\/wp-json\/wp\/v2\/comments?post=24980"}],"version-history":[{"count":0,"href":"https:\/\/www.esplac.cat\/es\/wp-json\/wp\/v2\/posts\/24980\/revisions"}],"wp:featuredmedia":[{"embeddable":true,"href":"https:\/\/www.esplac.cat\/es\/wp-json\/wp\/v2\/media\/24981"}],"wp:attachment":[{"href":"https:\/\/www.esplac.cat\/es\/wp-json\/wp\/v2\/media?parent=24980"}],"wp:term":[{"taxonomy":"category","embeddable":true,"href":"https:\/\/www.esplac.cat\/es\/wp-json\/wp\/v2\/categories?post=24980"},{"taxonomy":"post_tag","embeddable":true,"href":"https:\/\/www.esplac.cat\/es\/wp-json\/wp\/v2\/tags?post=24980"}],"curies":[{"name":"wp","href":"https:\/\/api.w.org\/{rel}","templated":true}]}}