{"id":24983,"date":"2016-11-11T12:30:59","date_gmt":"2016-11-11T10:30:59","guid":{"rendered":"http:\/\/www.esplac.cat\/?p=11498"},"modified":"2016-11-11T12:30:59","modified_gmt":"2016-11-11T10:30:59","slug":"us-heu-plantejat-mai-fer-una-acollida-internacional","status":"publish","type":"post","link":"https:\/\/www.esplac.cat\/es\/us-heu-plantejat-mai-fer-una-acollida-internacional\/","title":{"rendered":"Us heu plantejat mai fer una acollida internacional?"},"content":{"rendered":"<p style=\"text-align: justify;\" align=\"justify\">Quan planifiquem les activitats de vacances, ens hem de plantejar si volem fer campaments, col\u00f2nies o una ruta, hem de fixar unes dates, pensar si volem tractar un tema espec\u00edfic i quins valors treballar. L\u2019internacionalisme seria un d\u2019aquests valors, si el que decidiu \u00e9s fer una acollida internacional. Per\u00f2, <strong>qu\u00e8 vol dir exactament fer una acollida internacional?<\/strong><\/p>\n<p style=\"text-align: justify;\" align=\"justify\">Es tracta d\u2019organitzar una <b>activitat de vacances <\/b><b>com la que fem cada any<\/b> amb la difer\u00e8ncia de que convidem a un o varis grups (similars al nostre, en mida i edats), d\u2019altres pa\u00efsos. Aix\u00f2 ens aporta un munt de situacions educatives noves i <b>ens permet treballar valors com l\u2019internacionalisme, l\u2019interculturalitat, l\u2019empatia o la solidaritat<\/b>.<\/p>\n<p style=\"text-align: justify;\" align=\"justify\">Qualsevol activitat de vacances que fem aqu\u00ed \u00e9s f\u00e0cilment convertible en una activitat internacional. Per\u00f2 organitzar-ne una \u00e9s tot un repte: requereix <b>que l\u2019esplai surti de la <\/b><b>seva <\/b><b>zona de confort<\/b>, estiguem oberts a qu\u00e8 passin coses diferents i que fem molta pinya amb l\u2019equip i amb els monis del grup estranger.<\/p>\n<p style=\"text-align: justify;\">Les acollides internacionals s\u00f3n activitats recomanades per a:<\/p>\n<ul style=\"text-align: justify;\">\n<li>Fer un bon treball de <b>cohesi\u00f3 amb grups d\u2019adolescents i joves<\/b>,<\/li>\n<li>Preparar el terreny per <b>fer un bon relleu en l\u2019equip de <\/b><b>monis<\/b>,<\/li>\n<li>Consolidar les nostres <b>habilitats organitzatives<\/b> i sobretot millorar les <b>habilitats comunicatives<\/b>,<\/li>\n<li><span style=\"color: #000000;\"><b>Q\u00fcestionar-nos totes aquelles accions que fem \u00abperqu\u00e8 sempre ho hem fet aix\u00ed\u00bb<\/b> i adaptar-les per a compartir-les amb un altre grup,<\/span><\/li>\n<li><span style=\"color: #ff0000;\"><span style=\"color: #000000;\">Fer <\/span><span style=\"color: #000000;\"><b>noves relacions i contactes amb entitats de l&#8217;estranger<\/b><\/span><span style=\"color: #000000;\">, amb qui poder seguir organitzant noves activitats internacionals al llarg de la vida de l&#8217;espla<\/span><span style=\"color: #000000;\">i<\/span><span style=\"color: #000000;\">.<\/span><\/span><\/li>\n<\/ul>\n<p style=\"text-align: justify;\"><b>Esplac ofereix atenci\u00f3 personalitzada <\/b>als esplais que vulguin iniciar un projecte d\u2019aquest tipus. Ara que tenim tot el curs per davant, \u00e9s moment per decidir-ho!<\/p>\n<p>Per a con\u00e8ixer millor tot el que implica fer una acollida internacional, llegiu l\u2019infografia que hem fet:<\/p>\n<p><a href=\"http:\/\/www.esplac.cat\/wp-content\/uploads\/2016\/11\/20161111_Acollides-internacionals-infografia.png\"><img decoding=\"async\" class=\"aligncenter size-large wp-image-11508\" src=\"http:\/\/www.esplac.cat\/wp-content\/uploads\/2016\/11\/20161111_Acollides-internacionals-infografia-752x1024.png\" alt=\"20161111_acollides-internacionals-infografia\" width=\"752\" height=\"1024\" \/><\/a><\/p>\n","protected":false},"excerpt":{"rendered":"<p>Quan planifiquem les activitats de vacances, ens hem de plantejar [&hellip;]<\/p>\n","protected":false},"author":3,"featured_media":24986,"comment_status":"closed","ping_status":"open","sticky":false,"template":"","format":"standard","meta":{"om_disable_all_campaigns":false,"_monsterinsights_skip_tracking":false,"_monsterinsights_sitenote_active":false,"_monsterinsights_sitenote_note":"","_monsterinsights_sitenote_category":0,"_uf_show_specific_survey":0,"_uf_disable_surveys":false,"footnotes":""},"categories":[1117,1112,1],"tags":[804,53,720,104,109],"class_list":["post-24983","post","type-post","status-publish","format-standard","has-post-thumbnail","hentry","category-activitats-esplais","category-esplac-al-mon","category-sense-categoria","tag-acollides-internacionals","tag-campaments","tag-campaments-colonies-rutes","tag-colonies","tag-internacionalisme"],"yoast_head":"<!-- This site is optimized with the Yoast SEO plugin v27.4 - https:\/\/yoast.com\/product\/yoast-seo-wordpress\/ -->\n<title>Us heu plantejat mai fer una acollida internacional? - Esplac<\/title>\n<meta name=\"robots\" content=\"index, follow, max-snippet:-1, max-image-preview:large, max-video-preview:-1\" \/>\n<link rel=\"canonical\" href=\"https:\/\/www.esplac.cat\/us-heu-plantejat-mai-fer-una-acollida-internacional\/\" \/>\n<meta property=\"og:locale\" content=\"es_ES\" \/>\n<meta property=\"og:type\" content=\"article\" \/>\n<meta property=\"og:title\" content=\"Us heu plantejat mai fer una acollida internacional? - Esplac\" \/>\n<meta property=\"og:description\" content=\"Quan planifiquem les activitats de vacances, ens hem de plantejar [&hellip;]\" \/>\n<meta property=\"og:url\" content=\"https:\/\/www.esplac.cat\/us-heu-plantejat-mai-fer-una-acollida-internacional\/\" \/>\n<meta property=\"og:site_name\" content=\"Esplac\" \/>\n<meta property=\"article:published_time\" content=\"2016-11-11T10:30:59+00:00\" \/>\n<meta property=\"og:image\" content=\"https:\/\/www.esplac.cat\/wp-content\/uploads\/2016\/11\/20161111_Acollides-internacionals.jpg\" \/>\n\t<meta property=\"og:image:width\" content=\"847\" \/>\n\t<meta property=\"og:image:height\" content=\"350\" \/>\n\t<meta property=\"og:image:type\" content=\"image\/jpeg\" \/>\n<meta name=\"author\" content=\"Comunicaci\u00f3 Esplac\" \/>\n<meta name=\"twitter:card\" content=\"summary_large_image\" \/>\n<meta name=\"twitter:label1\" content=\"Escrito por\" \/>\n\t<meta name=\"twitter:data1\" content=\"Comunicaci\u00f3 Esplac\" \/>\n\t<meta name=\"twitter:label2\" content=\"Tiempo de lectura\" \/>\n\t<meta name=\"twitter:data2\" content=\"2 minutos\" \/>\n<script type=\"application\/ld+json\" class=\"yoast-schema-graph\">{\"@context\":\"https:\\\/\\\/schema.org\",\"@graph\":[{\"@type\":\"Article\",\"@id\":\"https:\\\/\\\/www.esplac.cat\\\/us-heu-plantejat-mai-fer-una-acollida-internacional\\\/#article\",\"isPartOf\":{\"@id\":\"https:\\\/\\\/www.esplac.cat\\\/us-heu-plantejat-mai-fer-una-acollida-internacional\\\/\"},\"author\":{\"name\":\"Comunicaci\u00f3 Esplac\",\"@id\":\"https:\\\/\\\/www.esplac.cat\\\/#\\\/schema\\\/person\\\/908383cf240be18b68f8855d0583faca\"},\"headline\":\"Us heu plantejat mai fer una acollida internacional?\",\"datePublished\":\"2016-11-11T10:30:59+00:00\",\"mainEntityOfPage\":{\"@id\":\"https:\\\/\\\/www.esplac.cat\\\/us-heu-plantejat-mai-fer-una-acollida-internacional\\\/\"},\"wordCount\":324,\"publisher\":{\"@id\":\"https:\\\/\\\/www.esplac.cat\\\/#organization\"},\"image\":{\"@id\":\"https:\\\/\\\/www.esplac.cat\\\/us-heu-plantejat-mai-fer-una-acollida-internacional\\\/#primaryimage\"},\"thumbnailUrl\":\"https:\\\/\\\/www.esplac.cat\\\/wp-content\\\/uploads\\\/2016\\\/11\\\/20161111_Acollides-internacionals.jpg\",\"keywords\":[\"acollides internacionals\",\"campaments\",\"campaments col\u00f2nies rutes\",\"colonies\",\"internacionalisme\"],\"articleSection\":[\"Activitats esplais\",\"Esplac al m\u00f3n\",\"Sense categoria\"],\"inLanguage\":\"es\"},{\"@type\":\"WebPage\",\"@id\":\"https:\\\/\\\/www.esplac.cat\\\/us-heu-plantejat-mai-fer-una-acollida-internacional\\\/\",\"url\":\"https:\\\/\\\/www.esplac.cat\\\/us-heu-plantejat-mai-fer-una-acollida-internacional\\\/\",\"name\":\"Us heu plantejat mai fer una acollida internacional? - Esplac\",\"isPartOf\":{\"@id\":\"https:\\\/\\\/www.esplac.cat\\\/#website\"},\"primaryImageOfPage\":{\"@id\":\"https:\\\/\\\/www.esplac.cat\\\/us-heu-plantejat-mai-fer-una-acollida-internacional\\\/#primaryimage\"},\"image\":{\"@id\":\"https:\\\/\\\/www.esplac.cat\\\/us-heu-plantejat-mai-fer-una-acollida-internacional\\\/#primaryimage\"},\"thumbnailUrl\":\"https:\\\/\\\/www.esplac.cat\\\/wp-content\\\/uploads\\\/2016\\\/11\\\/20161111_Acollides-internacionals.jpg\",\"datePublished\":\"2016-11-11T10:30:59+00:00\",\"breadcrumb\":{\"@id\":\"https:\\\/\\\/www.esplac.cat\\\/us-heu-plantejat-mai-fer-una-acollida-internacional\\\/#breadcrumb\"},\"inLanguage\":\"es\",\"potentialAction\":[{\"@type\":\"ReadAction\",\"target\":[\"https:\\\/\\\/www.esplac.cat\\\/us-heu-plantejat-mai-fer-una-acollida-internacional\\\/\"]}]},{\"@type\":\"ImageObject\",\"inLanguage\":\"es\",\"@id\":\"https:\\\/\\\/www.esplac.cat\\\/us-heu-plantejat-mai-fer-una-acollida-internacional\\\/#primaryimage\",\"url\":\"https:\\\/\\\/www.esplac.cat\\\/wp-content\\\/uploads\\\/2016\\\/11\\\/20161111_Acollides-internacionals.jpg\",\"contentUrl\":\"https:\\\/\\\/www.esplac.cat\\\/wp-content\\\/uploads\\\/2016\\\/11\\\/20161111_Acollides-internacionals.jpg\",\"width\":847,\"height\":350},{\"@type\":\"BreadcrumbList\",\"@id\":\"https:\\\/\\\/www.esplac.cat\\\/us-heu-plantejat-mai-fer-una-acollida-internacional\\\/#breadcrumb\",\"itemListElement\":[{\"@type\":\"ListItem\",\"position\":1,\"name\":\"Inici\",\"item\":\"https:\\\/\\\/www.esplac.cat\\\/es\\\/\"},{\"@type\":\"ListItem\",\"position\":2,\"name\":\"Us heu plantejat mai fer una acollida internacional?\"}]},{\"@type\":\"WebSite\",\"@id\":\"https:\\\/\\\/www.esplac.cat\\\/#website\",\"url\":\"https:\\\/\\\/www.esplac.cat\\\/\",\"name\":\"Esplac\",\"description\":\"Esplais Catalans\",\"publisher\":{\"@id\":\"https:\\\/\\\/www.esplac.cat\\\/#organization\"},\"potentialAction\":[{\"@type\":\"SearchAction\",\"target\":{\"@type\":\"EntryPoint\",\"urlTemplate\":\"https:\\\/\\\/www.esplac.cat\\\/?s={search_term_string}\"},\"query-input\":{\"@type\":\"PropertyValueSpecification\",\"valueRequired\":true,\"valueName\":\"search_term_string\"}}],\"inLanguage\":\"es\"},{\"@type\":\"Organization\",\"@id\":\"https:\\\/\\\/www.esplac.cat\\\/#organization\",\"name\":\"Esplac\",\"url\":\"https:\\\/\\\/www.esplac.cat\\\/\",\"logo\":{\"@type\":\"ImageObject\",\"inLanguage\":\"es\",\"@id\":\"https:\\\/\\\/www.esplac.cat\\\/#\\\/schema\\\/logo\\\/image\\\/\",\"url\":\"https:\\\/\\\/www.esplac.cat\\\/wp-content\\\/uploads\\\/2019\\\/08\\\/logox2.png\",\"contentUrl\":\"https:\\\/\\\/www.esplac.cat\\\/wp-content\\\/uploads\\\/2019\\\/08\\\/logox2.png\",\"width\":600,\"height\":295,\"caption\":\"Esplac\"},\"image\":{\"@id\":\"https:\\\/\\\/www.esplac.cat\\\/#\\\/schema\\\/logo\\\/image\\\/\"}},{\"@type\":\"Person\",\"@id\":\"https:\\\/\\\/www.esplac.cat\\\/#\\\/schema\\\/person\\\/908383cf240be18b68f8855d0583faca\",\"name\":\"Comunicaci\u00f3 Esplac\",\"image\":{\"@type\":\"ImageObject\",\"inLanguage\":\"es\",\"@id\":\"https:\\\/\\\/secure.gravatar.com\\\/avatar\\\/7a4cf8feb412a76ea4a740ca02d95b06b2907b5a6c648c2dd0a1082a093c3141?s=96&d=mm&r=g\",\"url\":\"https:\\\/\\\/secure.gravatar.com\\\/avatar\\\/7a4cf8feb412a76ea4a740ca02d95b06b2907b5a6c648c2dd0a1082a093c3141?s=96&d=mm&r=g\",\"contentUrl\":\"https:\\\/\\\/secure.gravatar.com\\\/avatar\\\/7a4cf8feb412a76ea4a740ca02d95b06b2907b5a6c648c2dd0a1082a093c3141?s=96&d=mm&r=g\",\"caption\":\"Comunicaci\u00f3 Esplac\"}}]}<\/script>\n<!-- \/ Yoast SEO plugin. -->","yoast_head_json":{"title":"Us heu plantejat mai fer una acollida internacional? - Esplac","robots":{"index":"index","follow":"follow","max-snippet":"max-snippet:-1","max-image-preview":"max-image-preview:large","max-video-preview":"max-video-preview:-1"},"canonical":"https:\/\/www.esplac.cat\/us-heu-plantejat-mai-fer-una-acollida-internacional\/","og_locale":"es_ES","og_type":"article","og_title":"Us heu plantejat mai fer una acollida internacional? - Esplac","og_description":"Quan planifiquem les activitats de vacances, ens hem de plantejar [&hellip;]","og_url":"https:\/\/www.esplac.cat\/us-heu-plantejat-mai-fer-una-acollida-internacional\/","og_site_name":"Esplac","article_published_time":"2016-11-11T10:30:59+00:00","og_image":[{"width":847,"height":350,"url":"https:\/\/www.esplac.cat\/wp-content\/uploads\/2016\/11\/20161111_Acollides-internacionals.jpg","type":"image\/jpeg"}],"author":"Comunicaci\u00f3 Esplac","twitter_card":"summary_large_image","twitter_misc":{"Escrito por":"Comunicaci\u00f3 Esplac","Tiempo de lectura":"2 minutos"},"schema":{"@context":"https:\/\/schema.org","@graph":[{"@type":"Article","@id":"https:\/\/www.esplac.cat\/us-heu-plantejat-mai-fer-una-acollida-internacional\/#article","isPartOf":{"@id":"https:\/\/www.esplac.cat\/us-heu-plantejat-mai-fer-una-acollida-internacional\/"},"author":{"name":"Comunicaci\u00f3 Esplac","@id":"https:\/\/www.esplac.cat\/#\/schema\/person\/908383cf240be18b68f8855d0583faca"},"headline":"Us heu plantejat mai fer una acollida internacional?","datePublished":"2016-11-11T10:30:59+00:00","mainEntityOfPage":{"@id":"https:\/\/www.esplac.cat\/us-heu-plantejat-mai-fer-una-acollida-internacional\/"},"wordCount":324,"publisher":{"@id":"https:\/\/www.esplac.cat\/#organization"},"image":{"@id":"https:\/\/www.esplac.cat\/us-heu-plantejat-mai-fer-una-acollida-internacional\/#primaryimage"},"thumbnailUrl":"https:\/\/www.esplac.cat\/wp-content\/uploads\/2016\/11\/20161111_Acollides-internacionals.jpg","keywords":["acollides internacionals","campaments","campaments col\u00f2nies rutes","colonies","internacionalisme"],"articleSection":["Activitats esplais","Esplac al m\u00f3n","Sense categoria"],"inLanguage":"es"},{"@type":"WebPage","@id":"https:\/\/www.esplac.cat\/us-heu-plantejat-mai-fer-una-acollida-internacional\/","url":"https:\/\/www.esplac.cat\/us-heu-plantejat-mai-fer-una-acollida-internacional\/","name":"Us heu plantejat mai fer una acollida internacional? - Esplac","isPartOf":{"@id":"https:\/\/www.esplac.cat\/#website"},"primaryImageOfPage":{"@id":"https:\/\/www.esplac.cat\/us-heu-plantejat-mai-fer-una-acollida-internacional\/#primaryimage"},"image":{"@id":"https:\/\/www.esplac.cat\/us-heu-plantejat-mai-fer-una-acollida-internacional\/#primaryimage"},"thumbnailUrl":"https:\/\/www.esplac.cat\/wp-content\/uploads\/2016\/11\/20161111_Acollides-internacionals.jpg","datePublished":"2016-11-11T10:30:59+00:00","breadcrumb":{"@id":"https:\/\/www.esplac.cat\/us-heu-plantejat-mai-fer-una-acollida-internacional\/#breadcrumb"},"inLanguage":"es","potentialAction":[{"@type":"ReadAction","target":["https:\/\/www.esplac.cat\/us-heu-plantejat-mai-fer-una-acollida-internacional\/"]}]},{"@type":"ImageObject","inLanguage":"es","@id":"https:\/\/www.esplac.cat\/us-heu-plantejat-mai-fer-una-acollida-internacional\/#primaryimage","url":"https:\/\/www.esplac.cat\/wp-content\/uploads\/2016\/11\/20161111_Acollides-internacionals.jpg","contentUrl":"https:\/\/www.esplac.cat\/wp-content\/uploads\/2016\/11\/20161111_Acollides-internacionals.jpg","width":847,"height":350},{"@type":"BreadcrumbList","@id":"https:\/\/www.esplac.cat\/us-heu-plantejat-mai-fer-una-acollida-internacional\/#breadcrumb","itemListElement":[{"@type":"ListItem","position":1,"name":"Inici","item":"https:\/\/www.esplac.cat\/es\/"},{"@type":"ListItem","position":2,"name":"Us heu plantejat mai fer una acollida internacional?"}]},{"@type":"WebSite","@id":"https:\/\/www.esplac.cat\/#website","url":"https:\/\/www.esplac.cat\/","name":"Esplac","description":"Esplais Catalans","publisher":{"@id":"https:\/\/www.esplac.cat\/#organization"},"potentialAction":[{"@type":"SearchAction","target":{"@type":"EntryPoint","urlTemplate":"https:\/\/www.esplac.cat\/?s={search_term_string}"},"query-input":{"@type":"PropertyValueSpecification","valueRequired":true,"valueName":"search_term_string"}}],"inLanguage":"es"},{"@type":"Organization","@id":"https:\/\/www.esplac.cat\/#organization","name":"Esplac","url":"https:\/\/www.esplac.cat\/","logo":{"@type":"ImageObject","inLanguage":"es","@id":"https:\/\/www.esplac.cat\/#\/schema\/logo\/image\/","url":"https:\/\/www.esplac.cat\/wp-content\/uploads\/2019\/08\/logox2.png","contentUrl":"https:\/\/www.esplac.cat\/wp-content\/uploads\/2019\/08\/logox2.png","width":600,"height":295,"caption":"Esplac"},"image":{"@id":"https:\/\/www.esplac.cat\/#\/schema\/logo\/image\/"}},{"@type":"Person","@id":"https:\/\/www.esplac.cat\/#\/schema\/person\/908383cf240be18b68f8855d0583faca","name":"Comunicaci\u00f3 Esplac","image":{"@type":"ImageObject","inLanguage":"es","@id":"https:\/\/secure.gravatar.com\/avatar\/7a4cf8feb412a76ea4a740ca02d95b06b2907b5a6c648c2dd0a1082a093c3141?s=96&d=mm&r=g","url":"https:\/\/secure.gravatar.com\/avatar\/7a4cf8feb412a76ea4a740ca02d95b06b2907b5a6c648c2dd0a1082a093c3141?s=96&d=mm&r=g","contentUrl":"https:\/\/secure.gravatar.com\/avatar\/7a4cf8feb412a76ea4a740ca02d95b06b2907b5a6c648c2dd0a1082a093c3141?s=96&d=mm&r=g","caption":"Comunicaci\u00f3 Esplac"}}]}},"_links":{"self":[{"href":"https:\/\/www.esplac.cat\/es\/wp-json\/wp\/v2\/posts\/24983","targetHints":{"allow":["GET"]}}],"collection":[{"href":"https:\/\/www.esplac.cat\/es\/wp-json\/wp\/v2\/posts"}],"about":[{"href":"https:\/\/www.esplac.cat\/es\/wp-json\/wp\/v2\/types\/post"}],"author":[{"embeddable":true,"href":"https:\/\/www.esplac.cat\/es\/wp-json\/wp\/v2\/users\/3"}],"replies":[{"embeddable":true,"href":"https:\/\/www.esplac.cat\/es\/wp-json\/wp\/v2\/comments?post=24983"}],"version-history":[{"count":0,"href":"https:\/\/www.esplac.cat\/es\/wp-json\/wp\/v2\/posts\/24983\/revisions"}],"wp:featuredmedia":[{"embeddable":true,"href":"https:\/\/www.esplac.cat\/es\/wp-json\/wp\/v2\/media\/24986"}],"wp:attachment":[{"href":"https:\/\/www.esplac.cat\/es\/wp-json\/wp\/v2\/media?parent=24983"}],"wp:term":[{"taxonomy":"category","embeddable":true,"href":"https:\/\/www.esplac.cat\/es\/wp-json\/wp\/v2\/categories?post=24983"},{"taxonomy":"post_tag","embeddable":true,"href":"https:\/\/www.esplac.cat\/es\/wp-json\/wp\/v2\/tags?post=24983"}],"curies":[{"name":"wp","href":"https:\/\/api.w.org\/{rel}","templated":true}]}}