{"id":25004,"date":"2016-07-15T08:25:52","date_gmt":"2016-07-15T06:25:52","guid":{"rendered":"http:\/\/esplac.cat\/?p=11055"},"modified":"2019-10-15T18:15:31","modified_gmt":"2019-10-15T16:15:31","slug":"bona-practica-el-treball-en-xarxa","status":"publish","type":"post","link":"https:\/\/www.esplac.cat\/es\/bona-practica-el-treball-en-xarxa\/","title":{"rendered":"Bona pr\u00e0ctica: el treball en xarxa"},"content":{"rendered":"<h4 style=\"text-align: justify;\">La interacci\u00f3 positiva entre persones o entitats s\u2019anomena treball en xarxa. Tenir relacions externes des de l\u2019esplai pot ser benefici\u00f3s per l\u2019entitat i per a nosaltres mateixes. Us presentem dues experi\u00e8ncies d\u2019esplais que col\u00b7laboren amb altres entitats realitzar activitats i accions per a tota la ciutadania m\u00e9s propera dels esplais!<\/h4>\n<p style=\"text-align: justify;\">L\u2019esplai Roques Albes de Sallent (<a href=\"http:\/\/esplac.cat\/sector-geografic-bages-bergueda\/\" target=\"_blank\" rel=\"noopener noreferrer\"><strong>Sector Bages-Bergued\u00e0<\/strong><\/a>) treballen en xarxa amb algunes entitats i col\u00b7lectius que hi ha al municipi. Algunes d\u2019elles s\u00f3n el Carrilet, organitzadora del Carnaval, l\u2019Ateneu Popular Rocaus (on s&#8217;hi porten a terme activitats tant culturals com socials i que pret\u00e9n dinamitzar el poble) i col\u00b7lectius pol\u00edtics, com Arran Sallent. Amb aquestes, el Roques Albes fa un treball continuat durant tot el curs, <a href=\"http:\/\/www.somesplai.cat\/index.php\/refugiats-i-refugiades-no-esteu-soles\/\" target=\"_blank\" rel=\"noopener noreferrer\">com podem llegir en la seg\u00fcent cr\u00f2nica al Som Esplai<\/a>, una\u00a0jornadaen suport a les persones refugiades on la solidaritat va ser la protagonista, realitzada l\u2019onze de juny de 2016.<\/p>\n<p style=\"text-align: justify;\">L\u2019esplai Roques Albes, coordinadament amb les entitats ja esmentades i amb el suport de persones a nivell individual i altres entitats com el FAES (Foment Arqueol\u00f2gic i Excursionista Sallent\u00ed), les AMPAs de les escoles, el grup de suport de la PAH de Sallent i els Gegants i els Nans del poble, organitzen\u00a0<strong>la Fumera: la Festa Major Alternativa<\/strong>. Les comunicacions amb les altres entitats solen ser amb reunions de representants de cada entitat. \u00c9s a dir, si han\u00a0d&#8217;organitzar La Fumera creen\u00a0una comissi\u00f3 dins de l&#8217;equip de monitors i monitores i aquesta comissi\u00f3 ser\u00e0 la que es posar\u00e0 en contacte amb tot l&#8217;equip organitzador de la Festa Major Alternativa. La comissi\u00f3 ser\u00e0 el pont de comunicaci\u00f3 i presa de decisions i ho traslladar\u00e0 a la resta de l\u2019equip (que es reuneixen setmanalment) i hi prenen les decisions.<\/p>\n<p style=\"text-align: justify;\">Com a beneficis, l\u2019esplai Roques Alba valora que el m\u00e9s important \u00e9s que aprenen com funcionen les entitats del poble i aix\u00f2 els ajuda a millorar la nostra manera de fer. A part d&#8217;aix\u00f2, \u00e9s una manera de participar a actes que potser no organitzen totalment,\u00a0per\u00f2 que aix\u00ed es tornen una mica \u00abnostres\u00bb tamb\u00e9.<\/p>\n<p style=\"text-align: justify;\">En aquesta l\u00ednia, l\u2019esplai Papu-Tisores de Llagostera (<a href=\"http:\/\/esplac.cat\/sector-geografic-girona\/\" target=\"_blank\" rel=\"noopener noreferrer\"><strong>Sector Girona<\/strong><\/a>) s\u2019impliquen i tamb\u00e9 troben beneficis del treball en xarxa.<\/p>\n<p style=\"text-align: justify;\">A la darrera festa major (2016), l\u2019esplai giron\u00ed va tenir l&#8217;oportunitat de fer el Preg\u00f3 (que \u00e9s quelcom bastant important al poble). A m\u00e9s, i com cada any, coordinadament amb la Colla Gegantera de Llagostera fan ballar la Cuca Feliua, una mena de drag\u00f3 que obre la cercavila de la Festa Major i on tots els infants del poble poden entrar i fer-la ballar. Aquest passa-carrers es realitza en dos dies; i en el segon, el ball de la Cuca es fa a la pla\u00e7a del poble.<\/p>\n<p style=\"text-align: justify;\">Al grup de joves de l&#8217;esplai tamb\u00e9 se&#8217;ls d\u00f3na l&#8217;oportunitat de participar de la Festa Major i ho aprofiten tamb\u00e9 com a campanya econ\u00f2mica. Fins ara, han organitzat la baixada de pilotes de ping-pong: consistia en vendre pilotes de diferents colors per a que els i les ve\u00efnes les tiressin des de dalt d&#8217;un carrer i la primera a baixar guanyava. Per organitzar-ho, comptaven amb el suport de l&#8217;ajuntament, que els proporcionava entrades o altres regals per als guanyadors. Aquest any, l&#8217;activitat es va\u00a0canviat per no caure en la rutina i es va organitzar una mena de <em>hipop\u00f3tamo tragabolas<\/em>\u00a0que van inventar els i les joves de l\u2019esplai. Tota l&#8217;associaci\u00f3 de botiguers hi va contribuir aportant diferents regals per als i les guanyadores. I tamb\u00e9, el Papu-Tisores va poder col\u00b7laborar amb la festa l&#8217;\u00faltim dia organitzant la xocolatada, tamb\u00e9 a c\u00e0rrec dels i les joves de l&#8217;Esplai. Tot va ser autogestionat pel grup amb el suport del restaurant Ca la Maria de Llagostera.<\/p>\n<p style=\"text-align: justify;\">Per poder saber-ne m\u00e9s i fer una diagnosi de les relacions externes de l\u2019esplai o com millorar-les, podem donar-li un cop d\u2019ull al recurs <strong><a href=\"http:\/\/esplac.cat\/assac\/documents\/document_i_web379.pdf\">Mapa de l\u2019entorn<\/a><\/strong>.\u00a0Aquest t\u00e9 la finalitat d\u2019ajudar-nos d\u2019una manera visual i compartida per tot l\u2019equip de monitores a entendre quines relacions tenim i perqu\u00e8 s\u00f3n importants. Si teniu bones pr\u00e0ctiques sobre el vostre treball en xarxa, feu-nos-les arribar!<\/p>\n","protected":false},"excerpt":{"rendered":"<p>La interacci\u00f3 positiva entre persones o entitats s\u2019anomena treball en [&hellip;]<\/p>\n","protected":false},"author":3,"featured_media":25005,"comment_status":"closed","ping_status":"open","sticky":false,"template":"","format":"standard","meta":{"om_disable_all_campaigns":false,"_monsterinsights_skip_tracking":false,"_monsterinsights_sitenote_active":false,"_monsterinsights_sitenote_note":"","_monsterinsights_sitenote_category":0,"_uf_show_specific_survey":0,"_uf_disable_surveys":false,"footnotes":""},"categories":[1110,1121,1133,1],"tags":[764,765,766,118,121,602],"class_list":["post-25004","post","type-post","status-publish","format-standard","has-post-thumbnail","hentry","category-activitats-sectors","category-bones-practiques-2","category-sector-bages-bergueda-cerdanya","category-sense-categoria","tag-esplai-papu-tisores","tag-fumera","tag-roques-albes","tag-sector-bages-bergueda","tag-sector-girona","tag-som-esplai"],"yoast_head":"<!-- This site is optimized with the Yoast SEO plugin v27.5 - https:\/\/yoast.com\/product\/yoast-seo-wordpress\/ -->\n<title>Bona pr\u00e0ctica: el treball en xarxa - Esplac<\/title>\n<meta name=\"robots\" content=\"index, follow, max-snippet:-1, max-image-preview:large, max-video-preview:-1\" \/>\n<link rel=\"canonical\" href=\"https:\/\/www.esplac.cat\/bona-practica-el-treball-en-xarxa\/\" \/>\n<meta property=\"og:locale\" content=\"es_ES\" \/>\n<meta property=\"og:type\" content=\"article\" \/>\n<meta property=\"og:title\" content=\"Bona pr\u00e0ctica: el treball en xarxa - Esplac\" \/>\n<meta property=\"og:description\" content=\"La interacci\u00f3 positiva entre persones o entitats s\u2019anomena treball en [&hellip;]\" \/>\n<meta property=\"og:url\" content=\"https:\/\/www.esplac.cat\/bona-practica-el-treball-en-xarxa\/\" \/>\n<meta property=\"og:site_name\" content=\"Esplac\" \/>\n<meta property=\"article:published_time\" content=\"2016-07-15T06:25:52+00:00\" \/>\n<meta property=\"article:modified_time\" content=\"2019-10-15T16:15:31+00:00\" \/>\n<meta property=\"og:image\" content=\"https:\/\/www.esplac.cat\/wp-content\/uploads\/2016\/07\/20160715_BP-treball-xarxa-1.jpg\" \/>\n\t<meta property=\"og:image:width\" content=\"847\" \/>\n\t<meta property=\"og:image:height\" content=\"350\" \/>\n\t<meta property=\"og:image:type\" content=\"image\/jpeg\" \/>\n<meta name=\"author\" content=\"Comunicaci\u00f3 Esplac\" \/>\n<meta name=\"twitter:card\" content=\"summary_large_image\" \/>\n<meta name=\"twitter:label1\" content=\"Escrito por\" \/>\n\t<meta name=\"twitter:data1\" content=\"Comunicaci\u00f3 Esplac\" \/>\n\t<meta name=\"twitter:label2\" content=\"Tiempo de lectura\" \/>\n\t<meta name=\"twitter:data2\" content=\"4 minutos\" \/>\n<script type=\"application\/ld+json\" class=\"yoast-schema-graph\">{\"@context\":\"https:\\\/\\\/schema.org\",\"@graph\":[{\"@type\":\"Article\",\"@id\":\"https:\\\/\\\/www.esplac.cat\\\/bona-practica-el-treball-en-xarxa\\\/#article\",\"isPartOf\":{\"@id\":\"https:\\\/\\\/www.esplac.cat\\\/bona-practica-el-treball-en-xarxa\\\/\"},\"author\":{\"name\":\"Comunicaci\u00f3 Esplac\",\"@id\":\"https:\\\/\\\/www.esplac.cat\\\/#\\\/schema\\\/person\\\/908383cf240be18b68f8855d0583faca\"},\"headline\":\"Bona pr\u00e0ctica: el treball en xarxa\",\"datePublished\":\"2016-07-15T06:25:52+00:00\",\"dateModified\":\"2019-10-15T16:15:31+00:00\",\"mainEntityOfPage\":{\"@id\":\"https:\\\/\\\/www.esplac.cat\\\/bona-practica-el-treball-en-xarxa\\\/\"},\"wordCount\":737,\"publisher\":{\"@id\":\"https:\\\/\\\/www.esplac.cat\\\/#organization\"},\"image\":{\"@id\":\"https:\\\/\\\/www.esplac.cat\\\/bona-practica-el-treball-en-xarxa\\\/#primaryimage\"},\"thumbnailUrl\":\"https:\\\/\\\/www.esplac.cat\\\/wp-content\\\/uploads\\\/2016\\\/07\\\/20160715_BP-treball-xarxa-1.jpg\",\"keywords\":[\"esplai Papu-Tisores\",\"Fumera\",\"roques albes\",\"Sector Bages-Bergued\u00e0\",\"sector Girona\",\"som esplai\"],\"articleSection\":[\"Activitats sectors\",\"Bones pr\u00e0ctiques\",\"Sector Bages, Bergued\u00e0 i La Cerdanya\",\"Sense categoria\"],\"inLanguage\":\"es\"},{\"@type\":\"WebPage\",\"@id\":\"https:\\\/\\\/www.esplac.cat\\\/bona-practica-el-treball-en-xarxa\\\/\",\"url\":\"https:\\\/\\\/www.esplac.cat\\\/bona-practica-el-treball-en-xarxa\\\/\",\"name\":\"Bona pr\u00e0ctica: el treball en xarxa - Esplac\",\"isPartOf\":{\"@id\":\"https:\\\/\\\/www.esplac.cat\\\/#website\"},\"primaryImageOfPage\":{\"@id\":\"https:\\\/\\\/www.esplac.cat\\\/bona-practica-el-treball-en-xarxa\\\/#primaryimage\"},\"image\":{\"@id\":\"https:\\\/\\\/www.esplac.cat\\\/bona-practica-el-treball-en-xarxa\\\/#primaryimage\"},\"thumbnailUrl\":\"https:\\\/\\\/www.esplac.cat\\\/wp-content\\\/uploads\\\/2016\\\/07\\\/20160715_BP-treball-xarxa-1.jpg\",\"datePublished\":\"2016-07-15T06:25:52+00:00\",\"dateModified\":\"2019-10-15T16:15:31+00:00\",\"breadcrumb\":{\"@id\":\"https:\\\/\\\/www.esplac.cat\\\/bona-practica-el-treball-en-xarxa\\\/#breadcrumb\"},\"inLanguage\":\"es\",\"potentialAction\":[{\"@type\":\"ReadAction\",\"target\":[\"https:\\\/\\\/www.esplac.cat\\\/bona-practica-el-treball-en-xarxa\\\/\"]}]},{\"@type\":\"ImageObject\",\"inLanguage\":\"es\",\"@id\":\"https:\\\/\\\/www.esplac.cat\\\/bona-practica-el-treball-en-xarxa\\\/#primaryimage\",\"url\":\"https:\\\/\\\/www.esplac.cat\\\/wp-content\\\/uploads\\\/2016\\\/07\\\/20160715_BP-treball-xarxa-1.jpg\",\"contentUrl\":\"https:\\\/\\\/www.esplac.cat\\\/wp-content\\\/uploads\\\/2016\\\/07\\\/20160715_BP-treball-xarxa-1.jpg\",\"width\":847,\"height\":350},{\"@type\":\"BreadcrumbList\",\"@id\":\"https:\\\/\\\/www.esplac.cat\\\/bona-practica-el-treball-en-xarxa\\\/#breadcrumb\",\"itemListElement\":[{\"@type\":\"ListItem\",\"position\":1,\"name\":\"Inici\",\"item\":\"https:\\\/\\\/www.esplac.cat\\\/es\\\/\"},{\"@type\":\"ListItem\",\"position\":2,\"name\":\"Bona pr\u00e0ctica: el treball en xarxa\"}]},{\"@type\":\"WebSite\",\"@id\":\"https:\\\/\\\/www.esplac.cat\\\/#website\",\"url\":\"https:\\\/\\\/www.esplac.cat\\\/\",\"name\":\"Esplac\",\"description\":\"Esplais Catalans\",\"publisher\":{\"@id\":\"https:\\\/\\\/www.esplac.cat\\\/#organization\"},\"potentialAction\":[{\"@type\":\"SearchAction\",\"target\":{\"@type\":\"EntryPoint\",\"urlTemplate\":\"https:\\\/\\\/www.esplac.cat\\\/?s={search_term_string}\"},\"query-input\":{\"@type\":\"PropertyValueSpecification\",\"valueRequired\":true,\"valueName\":\"search_term_string\"}}],\"inLanguage\":\"es\"},{\"@type\":\"Organization\",\"@id\":\"https:\\\/\\\/www.esplac.cat\\\/#organization\",\"name\":\"Esplac\",\"url\":\"https:\\\/\\\/www.esplac.cat\\\/\",\"logo\":{\"@type\":\"ImageObject\",\"inLanguage\":\"es\",\"@id\":\"https:\\\/\\\/www.esplac.cat\\\/#\\\/schema\\\/logo\\\/image\\\/\",\"url\":\"https:\\\/\\\/www.esplac.cat\\\/wp-content\\\/uploads\\\/2019\\\/08\\\/logox2.png\",\"contentUrl\":\"https:\\\/\\\/www.esplac.cat\\\/wp-content\\\/uploads\\\/2019\\\/08\\\/logox2.png\",\"width\":600,\"height\":295,\"caption\":\"Esplac\"},\"image\":{\"@id\":\"https:\\\/\\\/www.esplac.cat\\\/#\\\/schema\\\/logo\\\/image\\\/\"}},{\"@type\":\"Person\",\"@id\":\"https:\\\/\\\/www.esplac.cat\\\/#\\\/schema\\\/person\\\/908383cf240be18b68f8855d0583faca\",\"name\":\"Comunicaci\u00f3 Esplac\",\"image\":{\"@type\":\"ImageObject\",\"inLanguage\":\"es\",\"@id\":\"https:\\\/\\\/secure.gravatar.com\\\/avatar\\\/7a4cf8feb412a76ea4a740ca02d95b06b2907b5a6c648c2dd0a1082a093c3141?s=96&d=mm&r=g\",\"url\":\"https:\\\/\\\/secure.gravatar.com\\\/avatar\\\/7a4cf8feb412a76ea4a740ca02d95b06b2907b5a6c648c2dd0a1082a093c3141?s=96&d=mm&r=g\",\"contentUrl\":\"https:\\\/\\\/secure.gravatar.com\\\/avatar\\\/7a4cf8feb412a76ea4a740ca02d95b06b2907b5a6c648c2dd0a1082a093c3141?s=96&d=mm&r=g\",\"caption\":\"Comunicaci\u00f3 Esplac\"}}]}<\/script>\n<!-- \/ Yoast SEO plugin. -->","yoast_head_json":{"title":"Bona pr\u00e0ctica: el treball en xarxa - Esplac","robots":{"index":"index","follow":"follow","max-snippet":"max-snippet:-1","max-image-preview":"max-image-preview:large","max-video-preview":"max-video-preview:-1"},"canonical":"https:\/\/www.esplac.cat\/bona-practica-el-treball-en-xarxa\/","og_locale":"es_ES","og_type":"article","og_title":"Bona pr\u00e0ctica: el treball en xarxa - Esplac","og_description":"La interacci\u00f3 positiva entre persones o entitats s\u2019anomena treball en [&hellip;]","og_url":"https:\/\/www.esplac.cat\/bona-practica-el-treball-en-xarxa\/","og_site_name":"Esplac","article_published_time":"2016-07-15T06:25:52+00:00","article_modified_time":"2019-10-15T16:15:31+00:00","og_image":[{"width":847,"height":350,"url":"https:\/\/www.esplac.cat\/wp-content\/uploads\/2016\/07\/20160715_BP-treball-xarxa-1.jpg","type":"image\/jpeg"}],"author":"Comunicaci\u00f3 Esplac","twitter_card":"summary_large_image","twitter_misc":{"Escrito por":"Comunicaci\u00f3 Esplac","Tiempo de lectura":"4 minutos"},"schema":{"@context":"https:\/\/schema.org","@graph":[{"@type":"Article","@id":"https:\/\/www.esplac.cat\/bona-practica-el-treball-en-xarxa\/#article","isPartOf":{"@id":"https:\/\/www.esplac.cat\/bona-practica-el-treball-en-xarxa\/"},"author":{"name":"Comunicaci\u00f3 Esplac","@id":"https:\/\/www.esplac.cat\/#\/schema\/person\/908383cf240be18b68f8855d0583faca"},"headline":"Bona pr\u00e0ctica: el treball en xarxa","datePublished":"2016-07-15T06:25:52+00:00","dateModified":"2019-10-15T16:15:31+00:00","mainEntityOfPage":{"@id":"https:\/\/www.esplac.cat\/bona-practica-el-treball-en-xarxa\/"},"wordCount":737,"publisher":{"@id":"https:\/\/www.esplac.cat\/#organization"},"image":{"@id":"https:\/\/www.esplac.cat\/bona-practica-el-treball-en-xarxa\/#primaryimage"},"thumbnailUrl":"https:\/\/www.esplac.cat\/wp-content\/uploads\/2016\/07\/20160715_BP-treball-xarxa-1.jpg","keywords":["esplai Papu-Tisores","Fumera","roques albes","Sector Bages-Bergued\u00e0","sector Girona","som esplai"],"articleSection":["Activitats sectors","Bones pr\u00e0ctiques","Sector Bages, Bergued\u00e0 i La Cerdanya","Sense categoria"],"inLanguage":"es"},{"@type":"WebPage","@id":"https:\/\/www.esplac.cat\/bona-practica-el-treball-en-xarxa\/","url":"https:\/\/www.esplac.cat\/bona-practica-el-treball-en-xarxa\/","name":"Bona pr\u00e0ctica: el treball en xarxa - Esplac","isPartOf":{"@id":"https:\/\/www.esplac.cat\/#website"},"primaryImageOfPage":{"@id":"https:\/\/www.esplac.cat\/bona-practica-el-treball-en-xarxa\/#primaryimage"},"image":{"@id":"https:\/\/www.esplac.cat\/bona-practica-el-treball-en-xarxa\/#primaryimage"},"thumbnailUrl":"https:\/\/www.esplac.cat\/wp-content\/uploads\/2016\/07\/20160715_BP-treball-xarxa-1.jpg","datePublished":"2016-07-15T06:25:52+00:00","dateModified":"2019-10-15T16:15:31+00:00","breadcrumb":{"@id":"https:\/\/www.esplac.cat\/bona-practica-el-treball-en-xarxa\/#breadcrumb"},"inLanguage":"es","potentialAction":[{"@type":"ReadAction","target":["https:\/\/www.esplac.cat\/bona-practica-el-treball-en-xarxa\/"]}]},{"@type":"ImageObject","inLanguage":"es","@id":"https:\/\/www.esplac.cat\/bona-practica-el-treball-en-xarxa\/#primaryimage","url":"https:\/\/www.esplac.cat\/wp-content\/uploads\/2016\/07\/20160715_BP-treball-xarxa-1.jpg","contentUrl":"https:\/\/www.esplac.cat\/wp-content\/uploads\/2016\/07\/20160715_BP-treball-xarxa-1.jpg","width":847,"height":350},{"@type":"BreadcrumbList","@id":"https:\/\/www.esplac.cat\/bona-practica-el-treball-en-xarxa\/#breadcrumb","itemListElement":[{"@type":"ListItem","position":1,"name":"Inici","item":"https:\/\/www.esplac.cat\/es\/"},{"@type":"ListItem","position":2,"name":"Bona pr\u00e0ctica: el treball en xarxa"}]},{"@type":"WebSite","@id":"https:\/\/www.esplac.cat\/#website","url":"https:\/\/www.esplac.cat\/","name":"Esplac","description":"Esplais Catalans","publisher":{"@id":"https:\/\/www.esplac.cat\/#organization"},"potentialAction":[{"@type":"SearchAction","target":{"@type":"EntryPoint","urlTemplate":"https:\/\/www.esplac.cat\/?s={search_term_string}"},"query-input":{"@type":"PropertyValueSpecification","valueRequired":true,"valueName":"search_term_string"}}],"inLanguage":"es"},{"@type":"Organization","@id":"https:\/\/www.esplac.cat\/#organization","name":"Esplac","url":"https:\/\/www.esplac.cat\/","logo":{"@type":"ImageObject","inLanguage":"es","@id":"https:\/\/www.esplac.cat\/#\/schema\/logo\/image\/","url":"https:\/\/www.esplac.cat\/wp-content\/uploads\/2019\/08\/logox2.png","contentUrl":"https:\/\/www.esplac.cat\/wp-content\/uploads\/2019\/08\/logox2.png","width":600,"height":295,"caption":"Esplac"},"image":{"@id":"https:\/\/www.esplac.cat\/#\/schema\/logo\/image\/"}},{"@type":"Person","@id":"https:\/\/www.esplac.cat\/#\/schema\/person\/908383cf240be18b68f8855d0583faca","name":"Comunicaci\u00f3 Esplac","image":{"@type":"ImageObject","inLanguage":"es","@id":"https:\/\/secure.gravatar.com\/avatar\/7a4cf8feb412a76ea4a740ca02d95b06b2907b5a6c648c2dd0a1082a093c3141?s=96&d=mm&r=g","url":"https:\/\/secure.gravatar.com\/avatar\/7a4cf8feb412a76ea4a740ca02d95b06b2907b5a6c648c2dd0a1082a093c3141?s=96&d=mm&r=g","contentUrl":"https:\/\/secure.gravatar.com\/avatar\/7a4cf8feb412a76ea4a740ca02d95b06b2907b5a6c648c2dd0a1082a093c3141?s=96&d=mm&r=g","caption":"Comunicaci\u00f3 Esplac"}}]}},"_links":{"self":[{"href":"https:\/\/www.esplac.cat\/es\/wp-json\/wp\/v2\/posts\/25004","targetHints":{"allow":["GET"]}}],"collection":[{"href":"https:\/\/www.esplac.cat\/es\/wp-json\/wp\/v2\/posts"}],"about":[{"href":"https:\/\/www.esplac.cat\/es\/wp-json\/wp\/v2\/types\/post"}],"author":[{"embeddable":true,"href":"https:\/\/www.esplac.cat\/es\/wp-json\/wp\/v2\/users\/3"}],"replies":[{"embeddable":true,"href":"https:\/\/www.esplac.cat\/es\/wp-json\/wp\/v2\/comments?post=25004"}],"version-history":[{"count":0,"href":"https:\/\/www.esplac.cat\/es\/wp-json\/wp\/v2\/posts\/25004\/revisions"}],"wp:featuredmedia":[{"embeddable":true,"href":"https:\/\/www.esplac.cat\/es\/wp-json\/wp\/v2\/media\/25005"}],"wp:attachment":[{"href":"https:\/\/www.esplac.cat\/es\/wp-json\/wp\/v2\/media?parent=25004"}],"wp:term":[{"taxonomy":"category","embeddable":true,"href":"https:\/\/www.esplac.cat\/es\/wp-json\/wp\/v2\/categories?post=25004"},{"taxonomy":"post_tag","embeddable":true,"href":"https:\/\/www.esplac.cat\/es\/wp-json\/wp\/v2\/tags?post=25004"}],"curies":[{"name":"wp","href":"https:\/\/api.w.org\/{rel}","templated":true}]}}