{"id":25011,"date":"2016-07-01T10:03:08","date_gmt":"2016-07-01T08:03:08","guid":{"rendered":"http:\/\/esplac.cat\/?p=11000"},"modified":"2019-10-15T18:15:36","modified_gmt":"2019-10-15T16:15:36","slug":"bona-practica-eines-de-comunicacio","status":"publish","type":"post","link":"https:\/\/www.esplac.cat\/es\/bona-practica-eines-de-comunicacio\/","title":{"rendered":"Bona pr\u00e0ctica: eines de comunicaci\u00f3 i participaci\u00f3 col\u00b7lectiva"},"content":{"rendered":"<h4 style=\"text-align: justify;\">La comunicaci\u00f3 \u00e9s un dels pilars fonamentals de qualsevol organitzaci\u00f3 o associaci\u00f3, tamb\u00e9 de l\u2019esplai<\/h4>\n<p style=\"text-align: justify;\">Comunicar, de fet, significa \u00abposar en com\u00fa\u00bb i, per tant, construir col\u00b7lectivament. Per tant, \u00e9s important que all\u00f2 que comuniquem i, sobretot, la manera en qu\u00e8 ho fem sigui coherent amb la nostra manera de fer les coses i la nostra visi\u00f3 del m\u00f3n.<\/p>\n<p style=\"text-align: justify;\">Si un dels pilars del nostre projecte educatiu a l\u2019esplai \u00e9s la participaci\u00f3,<strong> les nostres accions i projectes comunicatius tamb\u00e9 haurien de ser tamb\u00e9 participatius<\/strong> i garantir que puguem fer servir eines comunicatives \u00fatils per treballar la participaci\u00f3 dins l\u2019esplai, que siguin properes i que infants, monis i fam\u00edlies se les facin seves.<\/p>\n<p style=\"text-align: justify;\">En aquest sentit, recollim <strong>dues experi\u00e8ncies<\/strong> que utilitzen la comunicaci\u00f3 com a eina din\u00e0mica per a treballar la participaci\u00f3 i la cohesi\u00f3 a l\u2019esplai.<\/p>\n<p style=\"text-align: justify;\"><strong>L\u2019esplai Xiroc<\/strong> (barri del Fort Pienc, Barcelona) utilitza en alguns moments durant el curs i tamb\u00e9 a les seves col\u00f2nies la <strong>gravaci\u00f3 de v\u00eddeos<\/strong> com a excusa per a qu\u00e8 els infants i joves s\u2019encarreguin de pensar qu\u00e8 volen gravar, com ho volen fer i aprenguin a treballar en equip. Una de les seves monitores ens explica com va sorgir el v\u00eddeo \u00abXiroquianes Viatgeres\u00bb que van fer en unes col\u00f2nies d\u2019estiu.<\/p>\n<blockquote>\n<p style=\"text-align: justify;\">El v\u00eddeo s&#8217;emmarca en les Col\u00f2nies de Primavera de 2015, que tenien com a eix central les tecnologies. Cada dia, un dels grups, s&#8217;encarregava de gravar el que feia un altre grup, aix\u00ed quedava tot enregistrat. Les diferents activitats, amb infants de totes les edats, eren molt variades. Per exemple, inventar-se un rap i enregistrar-lo (posant-se d&#8217;acord per escriure la lletra, que quadr\u00e9s amb la que la resta de grups feia i dividir-se les frases per rapejar) o pensar un invent que pugui millorar alguna situaci\u00f3 del m\u00f3n que no ens agradi, constru\u00efr-lo amb reciclatge i despr\u00e9s explicar-ho a c\u00e0mera.<\/p>\n<p style=\"text-align: justify;\">El grup que rodava cada dia, havia de pensar en alguna secci\u00f3 del programa \u00abXiroquianes Viatgeres\u00bb. Alguns van fer la secci\u00f3 del temps, els altres la del cor, altres van fer un format not\u00edcies, anuncis, entrevistes&#8230;<\/p>\n<p style=\"text-align: justify;\">Realment va funcionar molt b\u00e9, els va motivar molt gravar i servia com a excusa per a acostar-se als altres infants, posar-se d&#8217;acord i dividir tasques. Tothom va poder fer una mica de tot, aix\u00ed com sortir pr\u00f2piament al v\u00eddeo (i veure&#8217;s l&#8217;\u00faltim dia), que tamb\u00e9 els va agradar molt!<\/p>\n<p style=\"text-align: justify;\">El fet de fer un v\u00eddeo permet que cada infant participi i faci la tasca que m\u00e9s li agradi: alg\u00fa grava, altres surten presentant, altres decoren els espais o als personatges, altres fan un gui\u00f3, etc&#8230; Funciona molt b\u00e9 com a projecte de col\u00f2nies i tamb\u00e9 durant el curs.<\/p>\n<\/blockquote>\n<p style=\"text-align: justify;\"><a href=\"http:\/\/esplac.cat\/wp-content\/uploads\/2016\/07\/Captura-de-pantalla-2016-07-01-a-les-11.35.03.png\"><img decoding=\"async\" class=\"aligncenter wp-image-11002\" src=\"http:\/\/esplac.cat\/wp-content\/uploads\/2016\/07\/Captura-de-pantalla-2016-07-01-a-les-11.35.03.png\" alt=\"Captura de pantalla 2016-07-01 a les 11.35.03\" width=\"612\" height=\"347\" \/><\/a><\/p>\n<p style=\"text-align: justify;\">A <strong>l\u2019esplai MIV<\/strong> (Vilafranca del Pened\u00e8s), tamb\u00e9 tenen un canal de comunicaci\u00f3 molt \u00fatil: <strong>la revista \u00abL\u2019esquitx\u00bb<\/strong>. Aquesta serveix tant de manera externa, per apropar la feina de l\u2019esplai a les fam\u00edlies, com per a qu\u00e8 els grups de l\u2019esplai participin alhora d\u2019elaborar els continguts. Un dels monitors del MIV ens explica el projecte.<\/p>\n<blockquote>\n<p style=\"text-align: justify;\">La revista mensual que fem al MIV, L&#8217;esquitx, fa molt de temps que est\u00e0 vigent. De fet, anem per l&#8217;edici\u00f3 220 el maig del 2016! \u00c9s una eina de comunicaci\u00f3 i informaci\u00f3 entre all\u00f2 que passa a l&#8217;esplai i les fam\u00edlies. I no nom\u00e9s aix\u00f2: els monitors i monitores la fem servir com a espai de cr\u00edtica social, per despertar la curiositat en certs temes dels infants i fam\u00edlies, etc..<\/p>\n<p style=\"text-align: justify;\">El projecte com a tal el duu a terme un c\u00e0rrec (format per monitores i monitors, actualment 5 en total) que es divideixen les seccions que creuen que hi ha d&#8217;haver en cada edici\u00f3. Aquest curs, la revista t\u00e9 20 p\u00e0gines i se&#8217;n fa una\u00a0tirada de 100 exemplars cada mes per tal de donar-les (gratu\u00eftament) a cada fam\u00edlia (intentem que els germans d&#8217;una mateixa fam\u00edlia no se n&#8217;emportin m\u00e9s d&#8217;un, no ho aconseguim sempre, hehehe).<\/p>\n<p style=\"text-align: justify;\">A banda de les monitores del c\u00e0rrec que gestiona la revista, els infants tamb\u00e9 hi participen. La revista t\u00e9 un correu electr\u00f2nic on els infants poden enviar xafarderies (per a la secci\u00f3 MIVxafarderies) o participar en alguns concursos. Per altra banda hi ha mitja p\u00e0gina destinada a cada grup d&#8217;edat de l&#8217;esplai i cadascun gestiona qu\u00e8 hi posa i qui ho escriu. Habitualment en els grups m\u00e9s petits s\u00f3n les monitores les que fan la p\u00e0gina de grup, per\u00f2 en grups de grans i joves s\u00f3n els propis infants i joves qui envien la seva p\u00e0gina.<\/p>\n<p style=\"text-align: justify;\">Enguany a m\u00e9s hem encetat una nova secci\u00f3 que \u00e9s el grup del mes. Una p\u00e0gina sencera destinada a un sol grup que hi pot posar el que m\u00e9s li convingui cada mes.<\/p>\n<p style=\"text-align: justify;\">Les revistes les podeu trobar a la <a href=\"https:\/\/mivsite.wordpress.com\/category\/esquitx\/\" target=\"_blank\" rel=\"noopener noreferrer\">p\u00e0gina web de l&#8217;esplai <\/a>a l&#8217;apartat \u00abhemeroteca\u00bb.<\/p>\n<p style=\"text-align: justify;\"><a href=\"http:\/\/esplac.cat\/wp-content\/uploads\/2016\/07\/Captura-de-pantalla-2016-07-01-a-les-11.42.19.png\"><img decoding=\"async\" class=\"aligncenter wp-image-11003\" src=\"http:\/\/esplac.cat\/wp-content\/uploads\/2016\/07\/Captura-de-pantalla-2016-07-01-a-les-11.42.19.png\" alt=\"Captura de pantalla 2016-07-01 a les 11.42.19\" width=\"487\" height=\"167\" \/><\/a><\/p>\n<p style=\"text-align: justify;\">Dins de L\u2019Esquitx hi ha v\u00e0ries seccions entre les quals hi ha: l&#8217;Editorial (espai de cr\u00edtica social i educativa), MIVTimes (not\u00edcies interessants o de mentida, de temes que creiem interessants o not\u00edcies de\u00a0<a href=\"http:\/\/somesplai.cat\/\" target=\"_blank\" rel=\"noopener noreferrer\">somesplai.cat<\/a>), la MIVentrevista, Cuinemmm (receptes), ExperiMIV (ci\u00e8ncia per infants) o La Vida fora del MIV (on particpen exmonis i fam\u00edlies), entre d\u2019altres.<\/p>\n<\/blockquote>\n<p>Teniu altres bones pr\u00e0ctiques a l\u2019esplai d\u2019experi\u00e8ncies comunicatives i participatives? Feu-nos-les arribar!<\/p>\n","protected":false},"excerpt":{"rendered":"<p>La comunicaci\u00f3 \u00e9s un dels pilars fonamentals de qualsevol organitzaci\u00f3 [&hellip;]<\/p>\n","protected":false},"author":3,"featured_media":25012,"comment_status":"closed","ping_status":"open","sticky":false,"template":"","format":"standard","meta":{"om_disable_all_campaigns":false,"_monsterinsights_skip_tracking":false,"_monsterinsights_sitenote_active":false,"_monsterinsights_sitenote_note":"","_monsterinsights_sitenote_category":0,"_uf_show_specific_survey":0,"_uf_disable_surveys":false,"footnotes":""},"categories":[1121,1128,1123,1],"tags":[67,94],"class_list":["post-25011","post","type-post","status-publish","format-standard","has-post-thumbnail","hentry","category-bones-practiques-2","category-sector-barcelona","category-sector-penedes-garraf-anoia","category-sense-categoria","tag-bones-practiques","tag-comunicacio"],"yoast_head":"<!-- This site is optimized with the Yoast SEO plugin v27.4 - https:\/\/yoast.com\/product\/yoast-seo-wordpress\/ -->\n<title>Bona pr\u00e0ctica: eines de comunicaci\u00f3 i participaci\u00f3 col\u00b7lectiva - Esplac<\/title>\n<meta name=\"robots\" content=\"index, follow, max-snippet:-1, max-image-preview:large, max-video-preview:-1\" \/>\n<link rel=\"canonical\" href=\"https:\/\/www.esplac.cat\/bona-practica-eines-de-comunicacio\/\" \/>\n<meta property=\"og:locale\" content=\"es_ES\" \/>\n<meta property=\"og:type\" content=\"article\" \/>\n<meta property=\"og:title\" content=\"Bona pr\u00e0ctica: eines de comunicaci\u00f3 i participaci\u00f3 col\u00b7lectiva - Esplac\" \/>\n<meta property=\"og:description\" content=\"La comunicaci\u00f3 \u00e9s un dels pilars fonamentals de qualsevol organitzaci\u00f3 [&hellip;]\" \/>\n<meta property=\"og:url\" content=\"https:\/\/www.esplac.cat\/bona-practica-eines-de-comunicacio\/\" \/>\n<meta property=\"og:site_name\" content=\"Esplac\" \/>\n<meta property=\"article:published_time\" content=\"2016-07-01T08:03:08+00:00\" \/>\n<meta property=\"article:modified_time\" content=\"2019-10-15T16:15:36+00:00\" \/>\n<meta property=\"og:image\" content=\"https:\/\/www.esplac.cat\/wp-content\/uploads\/2016\/07\/20160701_BP_Comunicacio.jpg\" \/>\n\t<meta property=\"og:image:width\" content=\"847\" \/>\n\t<meta property=\"og:image:height\" content=\"350\" \/>\n\t<meta property=\"og:image:type\" content=\"image\/jpeg\" \/>\n<meta name=\"author\" content=\"Comunicaci\u00f3 Esplac\" \/>\n<meta name=\"twitter:card\" content=\"summary_large_image\" \/>\n<meta name=\"twitter:label1\" content=\"Escrito por\" \/>\n\t<meta name=\"twitter:data1\" content=\"Comunicaci\u00f3 Esplac\" \/>\n\t<meta name=\"twitter:label2\" content=\"Tiempo de lectura\" \/>\n\t<meta name=\"twitter:data2\" content=\"5 minutos\" \/>\n<script type=\"application\/ld+json\" class=\"yoast-schema-graph\">{\"@context\":\"https:\\\/\\\/schema.org\",\"@graph\":[{\"@type\":\"Article\",\"@id\":\"https:\\\/\\\/www.esplac.cat\\\/bona-practica-eines-de-comunicacio\\\/#article\",\"isPartOf\":{\"@id\":\"https:\\\/\\\/www.esplac.cat\\\/bona-practica-eines-de-comunicacio\\\/\"},\"author\":{\"name\":\"Comunicaci\u00f3 Esplac\",\"@id\":\"https:\\\/\\\/www.esplac.cat\\\/#\\\/schema\\\/person\\\/908383cf240be18b68f8855d0583faca\"},\"headline\":\"Bona pr\u00e0ctica: eines de comunicaci\u00f3 i participaci\u00f3 col\u00b7lectiva\",\"datePublished\":\"2016-07-01T08:03:08+00:00\",\"dateModified\":\"2019-10-15T16:15:36+00:00\",\"mainEntityOfPage\":{\"@id\":\"https:\\\/\\\/www.esplac.cat\\\/bona-practica-eines-de-comunicacio\\\/\"},\"wordCount\":946,\"publisher\":{\"@id\":\"https:\\\/\\\/www.esplac.cat\\\/#organization\"},\"image\":{\"@id\":\"https:\\\/\\\/www.esplac.cat\\\/bona-practica-eines-de-comunicacio\\\/#primaryimage\"},\"thumbnailUrl\":\"https:\\\/\\\/www.esplac.cat\\\/wp-content\\\/uploads\\\/2016\\\/07\\\/20160701_BP_Comunicacio.jpg\",\"keywords\":[\"bones pr\u00e0ctiques\",\"comunicaci\u00f3\"],\"articleSection\":[\"Bones pr\u00e0ctiques\",\"Sector Barcelona\",\"Sector Pened\u00e8s, Garraf i Anoia\",\"Sense categoria\"],\"inLanguage\":\"es\"},{\"@type\":\"WebPage\",\"@id\":\"https:\\\/\\\/www.esplac.cat\\\/bona-practica-eines-de-comunicacio\\\/\",\"url\":\"https:\\\/\\\/www.esplac.cat\\\/bona-practica-eines-de-comunicacio\\\/\",\"name\":\"Bona pr\u00e0ctica: eines de comunicaci\u00f3 i participaci\u00f3 col\u00b7lectiva - Esplac\",\"isPartOf\":{\"@id\":\"https:\\\/\\\/www.esplac.cat\\\/#website\"},\"primaryImageOfPage\":{\"@id\":\"https:\\\/\\\/www.esplac.cat\\\/bona-practica-eines-de-comunicacio\\\/#primaryimage\"},\"image\":{\"@id\":\"https:\\\/\\\/www.esplac.cat\\\/bona-practica-eines-de-comunicacio\\\/#primaryimage\"},\"thumbnailUrl\":\"https:\\\/\\\/www.esplac.cat\\\/wp-content\\\/uploads\\\/2016\\\/07\\\/20160701_BP_Comunicacio.jpg\",\"datePublished\":\"2016-07-01T08:03:08+00:00\",\"dateModified\":\"2019-10-15T16:15:36+00:00\",\"breadcrumb\":{\"@id\":\"https:\\\/\\\/www.esplac.cat\\\/bona-practica-eines-de-comunicacio\\\/#breadcrumb\"},\"inLanguage\":\"es\",\"potentialAction\":[{\"@type\":\"ReadAction\",\"target\":[\"https:\\\/\\\/www.esplac.cat\\\/bona-practica-eines-de-comunicacio\\\/\"]}]},{\"@type\":\"ImageObject\",\"inLanguage\":\"es\",\"@id\":\"https:\\\/\\\/www.esplac.cat\\\/bona-practica-eines-de-comunicacio\\\/#primaryimage\",\"url\":\"https:\\\/\\\/www.esplac.cat\\\/wp-content\\\/uploads\\\/2016\\\/07\\\/20160701_BP_Comunicacio.jpg\",\"contentUrl\":\"https:\\\/\\\/www.esplac.cat\\\/wp-content\\\/uploads\\\/2016\\\/07\\\/20160701_BP_Comunicacio.jpg\",\"width\":847,\"height\":350},{\"@type\":\"BreadcrumbList\",\"@id\":\"https:\\\/\\\/www.esplac.cat\\\/bona-practica-eines-de-comunicacio\\\/#breadcrumb\",\"itemListElement\":[{\"@type\":\"ListItem\",\"position\":1,\"name\":\"Inici\",\"item\":\"https:\\\/\\\/www.esplac.cat\\\/es\\\/\"},{\"@type\":\"ListItem\",\"position\":2,\"name\":\"Bona pr\u00e0ctica: eines de comunicaci\u00f3 i participaci\u00f3 col\u00b7lectiva\"}]},{\"@type\":\"WebSite\",\"@id\":\"https:\\\/\\\/www.esplac.cat\\\/#website\",\"url\":\"https:\\\/\\\/www.esplac.cat\\\/\",\"name\":\"Esplac\",\"description\":\"Esplais Catalans\",\"publisher\":{\"@id\":\"https:\\\/\\\/www.esplac.cat\\\/#organization\"},\"potentialAction\":[{\"@type\":\"SearchAction\",\"target\":{\"@type\":\"EntryPoint\",\"urlTemplate\":\"https:\\\/\\\/www.esplac.cat\\\/?s={search_term_string}\"},\"query-input\":{\"@type\":\"PropertyValueSpecification\",\"valueRequired\":true,\"valueName\":\"search_term_string\"}}],\"inLanguage\":\"es\"},{\"@type\":\"Organization\",\"@id\":\"https:\\\/\\\/www.esplac.cat\\\/#organization\",\"name\":\"Esplac\",\"url\":\"https:\\\/\\\/www.esplac.cat\\\/\",\"logo\":{\"@type\":\"ImageObject\",\"inLanguage\":\"es\",\"@id\":\"https:\\\/\\\/www.esplac.cat\\\/#\\\/schema\\\/logo\\\/image\\\/\",\"url\":\"https:\\\/\\\/www.esplac.cat\\\/wp-content\\\/uploads\\\/2019\\\/08\\\/logox2.png\",\"contentUrl\":\"https:\\\/\\\/www.esplac.cat\\\/wp-content\\\/uploads\\\/2019\\\/08\\\/logox2.png\",\"width\":600,\"height\":295,\"caption\":\"Esplac\"},\"image\":{\"@id\":\"https:\\\/\\\/www.esplac.cat\\\/#\\\/schema\\\/logo\\\/image\\\/\"}},{\"@type\":\"Person\",\"@id\":\"https:\\\/\\\/www.esplac.cat\\\/#\\\/schema\\\/person\\\/908383cf240be18b68f8855d0583faca\",\"name\":\"Comunicaci\u00f3 Esplac\",\"image\":{\"@type\":\"ImageObject\",\"inLanguage\":\"es\",\"@id\":\"https:\\\/\\\/secure.gravatar.com\\\/avatar\\\/7a4cf8feb412a76ea4a740ca02d95b06b2907b5a6c648c2dd0a1082a093c3141?s=96&d=mm&r=g\",\"url\":\"https:\\\/\\\/secure.gravatar.com\\\/avatar\\\/7a4cf8feb412a76ea4a740ca02d95b06b2907b5a6c648c2dd0a1082a093c3141?s=96&d=mm&r=g\",\"contentUrl\":\"https:\\\/\\\/secure.gravatar.com\\\/avatar\\\/7a4cf8feb412a76ea4a740ca02d95b06b2907b5a6c648c2dd0a1082a093c3141?s=96&d=mm&r=g\",\"caption\":\"Comunicaci\u00f3 Esplac\"}}]}<\/script>\n<!-- \/ Yoast SEO plugin. -->","yoast_head_json":{"title":"Bona pr\u00e0ctica: eines de comunicaci\u00f3 i participaci\u00f3 col\u00b7lectiva - Esplac","robots":{"index":"index","follow":"follow","max-snippet":"max-snippet:-1","max-image-preview":"max-image-preview:large","max-video-preview":"max-video-preview:-1"},"canonical":"https:\/\/www.esplac.cat\/bona-practica-eines-de-comunicacio\/","og_locale":"es_ES","og_type":"article","og_title":"Bona pr\u00e0ctica: eines de comunicaci\u00f3 i participaci\u00f3 col\u00b7lectiva - Esplac","og_description":"La comunicaci\u00f3 \u00e9s un dels pilars fonamentals de qualsevol organitzaci\u00f3 [&hellip;]","og_url":"https:\/\/www.esplac.cat\/bona-practica-eines-de-comunicacio\/","og_site_name":"Esplac","article_published_time":"2016-07-01T08:03:08+00:00","article_modified_time":"2019-10-15T16:15:36+00:00","og_image":[{"width":847,"height":350,"url":"https:\/\/www.esplac.cat\/wp-content\/uploads\/2016\/07\/20160701_BP_Comunicacio.jpg","type":"image\/jpeg"}],"author":"Comunicaci\u00f3 Esplac","twitter_card":"summary_large_image","twitter_misc":{"Escrito por":"Comunicaci\u00f3 Esplac","Tiempo de lectura":"5 minutos"},"schema":{"@context":"https:\/\/schema.org","@graph":[{"@type":"Article","@id":"https:\/\/www.esplac.cat\/bona-practica-eines-de-comunicacio\/#article","isPartOf":{"@id":"https:\/\/www.esplac.cat\/bona-practica-eines-de-comunicacio\/"},"author":{"name":"Comunicaci\u00f3 Esplac","@id":"https:\/\/www.esplac.cat\/#\/schema\/person\/908383cf240be18b68f8855d0583faca"},"headline":"Bona pr\u00e0ctica: eines de comunicaci\u00f3 i participaci\u00f3 col\u00b7lectiva","datePublished":"2016-07-01T08:03:08+00:00","dateModified":"2019-10-15T16:15:36+00:00","mainEntityOfPage":{"@id":"https:\/\/www.esplac.cat\/bona-practica-eines-de-comunicacio\/"},"wordCount":946,"publisher":{"@id":"https:\/\/www.esplac.cat\/#organization"},"image":{"@id":"https:\/\/www.esplac.cat\/bona-practica-eines-de-comunicacio\/#primaryimage"},"thumbnailUrl":"https:\/\/www.esplac.cat\/wp-content\/uploads\/2016\/07\/20160701_BP_Comunicacio.jpg","keywords":["bones pr\u00e0ctiques","comunicaci\u00f3"],"articleSection":["Bones pr\u00e0ctiques","Sector Barcelona","Sector Pened\u00e8s, Garraf i Anoia","Sense categoria"],"inLanguage":"es"},{"@type":"WebPage","@id":"https:\/\/www.esplac.cat\/bona-practica-eines-de-comunicacio\/","url":"https:\/\/www.esplac.cat\/bona-practica-eines-de-comunicacio\/","name":"Bona pr\u00e0ctica: eines de comunicaci\u00f3 i participaci\u00f3 col\u00b7lectiva - Esplac","isPartOf":{"@id":"https:\/\/www.esplac.cat\/#website"},"primaryImageOfPage":{"@id":"https:\/\/www.esplac.cat\/bona-practica-eines-de-comunicacio\/#primaryimage"},"image":{"@id":"https:\/\/www.esplac.cat\/bona-practica-eines-de-comunicacio\/#primaryimage"},"thumbnailUrl":"https:\/\/www.esplac.cat\/wp-content\/uploads\/2016\/07\/20160701_BP_Comunicacio.jpg","datePublished":"2016-07-01T08:03:08+00:00","dateModified":"2019-10-15T16:15:36+00:00","breadcrumb":{"@id":"https:\/\/www.esplac.cat\/bona-practica-eines-de-comunicacio\/#breadcrumb"},"inLanguage":"es","potentialAction":[{"@type":"ReadAction","target":["https:\/\/www.esplac.cat\/bona-practica-eines-de-comunicacio\/"]}]},{"@type":"ImageObject","inLanguage":"es","@id":"https:\/\/www.esplac.cat\/bona-practica-eines-de-comunicacio\/#primaryimage","url":"https:\/\/www.esplac.cat\/wp-content\/uploads\/2016\/07\/20160701_BP_Comunicacio.jpg","contentUrl":"https:\/\/www.esplac.cat\/wp-content\/uploads\/2016\/07\/20160701_BP_Comunicacio.jpg","width":847,"height":350},{"@type":"BreadcrumbList","@id":"https:\/\/www.esplac.cat\/bona-practica-eines-de-comunicacio\/#breadcrumb","itemListElement":[{"@type":"ListItem","position":1,"name":"Inici","item":"https:\/\/www.esplac.cat\/es\/"},{"@type":"ListItem","position":2,"name":"Bona pr\u00e0ctica: eines de comunicaci\u00f3 i participaci\u00f3 col\u00b7lectiva"}]},{"@type":"WebSite","@id":"https:\/\/www.esplac.cat\/#website","url":"https:\/\/www.esplac.cat\/","name":"Esplac","description":"Esplais Catalans","publisher":{"@id":"https:\/\/www.esplac.cat\/#organization"},"potentialAction":[{"@type":"SearchAction","target":{"@type":"EntryPoint","urlTemplate":"https:\/\/www.esplac.cat\/?s={search_term_string}"},"query-input":{"@type":"PropertyValueSpecification","valueRequired":true,"valueName":"search_term_string"}}],"inLanguage":"es"},{"@type":"Organization","@id":"https:\/\/www.esplac.cat\/#organization","name":"Esplac","url":"https:\/\/www.esplac.cat\/","logo":{"@type":"ImageObject","inLanguage":"es","@id":"https:\/\/www.esplac.cat\/#\/schema\/logo\/image\/","url":"https:\/\/www.esplac.cat\/wp-content\/uploads\/2019\/08\/logox2.png","contentUrl":"https:\/\/www.esplac.cat\/wp-content\/uploads\/2019\/08\/logox2.png","width":600,"height":295,"caption":"Esplac"},"image":{"@id":"https:\/\/www.esplac.cat\/#\/schema\/logo\/image\/"}},{"@type":"Person","@id":"https:\/\/www.esplac.cat\/#\/schema\/person\/908383cf240be18b68f8855d0583faca","name":"Comunicaci\u00f3 Esplac","image":{"@type":"ImageObject","inLanguage":"es","@id":"https:\/\/secure.gravatar.com\/avatar\/7a4cf8feb412a76ea4a740ca02d95b06b2907b5a6c648c2dd0a1082a093c3141?s=96&d=mm&r=g","url":"https:\/\/secure.gravatar.com\/avatar\/7a4cf8feb412a76ea4a740ca02d95b06b2907b5a6c648c2dd0a1082a093c3141?s=96&d=mm&r=g","contentUrl":"https:\/\/secure.gravatar.com\/avatar\/7a4cf8feb412a76ea4a740ca02d95b06b2907b5a6c648c2dd0a1082a093c3141?s=96&d=mm&r=g","caption":"Comunicaci\u00f3 Esplac"}}]}},"_links":{"self":[{"href":"https:\/\/www.esplac.cat\/es\/wp-json\/wp\/v2\/posts\/25011","targetHints":{"allow":["GET"]}}],"collection":[{"href":"https:\/\/www.esplac.cat\/es\/wp-json\/wp\/v2\/posts"}],"about":[{"href":"https:\/\/www.esplac.cat\/es\/wp-json\/wp\/v2\/types\/post"}],"author":[{"embeddable":true,"href":"https:\/\/www.esplac.cat\/es\/wp-json\/wp\/v2\/users\/3"}],"replies":[{"embeddable":true,"href":"https:\/\/www.esplac.cat\/es\/wp-json\/wp\/v2\/comments?post=25011"}],"version-history":[{"count":0,"href":"https:\/\/www.esplac.cat\/es\/wp-json\/wp\/v2\/posts\/25011\/revisions"}],"wp:featuredmedia":[{"embeddable":true,"href":"https:\/\/www.esplac.cat\/es\/wp-json\/wp\/v2\/media\/25012"}],"wp:attachment":[{"href":"https:\/\/www.esplac.cat\/es\/wp-json\/wp\/v2\/media?parent=25011"}],"wp:term":[{"taxonomy":"category","embeddable":true,"href":"https:\/\/www.esplac.cat\/es\/wp-json\/wp\/v2\/categories?post=25011"},{"taxonomy":"post_tag","embeddable":true,"href":"https:\/\/www.esplac.cat\/es\/wp-json\/wp\/v2\/tags?post=25011"}],"curies":[{"name":"wp","href":"https:\/\/api.w.org\/{rel}","templated":true}]}}