{"id":25017,"date":"2016-06-28T11:19:05","date_gmt":"2016-06-28T09:19:05","guid":{"rendered":"http:\/\/esplac.cat\/?p=10988"},"modified":"2019-10-15T18:15:56","modified_gmt":"2019-10-15T16:15:56","slug":"reivindiquem-lesperit-de-stonewall-i-eduquem-en-la-diversitat","status":"publish","type":"post","link":"https:\/\/www.esplac.cat\/es\/reivindiquem-lesperit-de-stonewall-i-eduquem-en-la-diversitat\/","title":{"rendered":"Reivindiquem l&#8217;esperit de Stonewall i eduquem en la diversitat"},"content":{"rendered":"<p style=\"text-align: justify;\">Avui, 28 de Juny, es commemora el <strong>Dia Internacional de l\u2019Orgull LGTBI<\/strong> (L\u00e8sbic, Gai, Trans*, Bisexual, Intersexual), data marcada per la reivindicaci\u00f3 i la den\u00fancia, que commemora l\u2019onada de manifestacions i protestes que es van generar l\u2019any 1969 despr\u00e9s d\u2019una batuda de la policia al bar Stonewall (a Nova York). En aquells moments, els enfrontaments entre cossos de seguretat i persones amb diversitat de g\u00e8nere i sexualitat eren recurrents, vulnerant aix\u00ed els seus drets com a persones.<\/p>\n<p style=\"text-align: justify;\"><span style=\"font-weight: 400;\">D\u2019en\u00e7\u00e0 d\u2019aquests fets la situaci\u00f3 ha canviat molt, per\u00f2 tot i aix\u00ed encara segueixen havent-hi pa\u00efsos on l\u2019homosexualitat \u00e9s considerada una malaltia i fins i tot est\u00e0 penada amb la mort. A Catalunya, la situaci\u00f3 ha avan\u00e7at amb la Llei del dret de les persones LGBTI aprovada<\/span><span style=\"font-weight: 400;\"> l\u2019<\/span><span style=\"font-weight: 400;\">octubre de 2014, la qual intenta eradicar les situacions de f\u00f2bia cap a la diversitat de g\u00e8nere i sexualitat de les persones. Tot i aix\u00ed, <strong>encara queda molt per fer, i els esplais tenim molt a dir!<\/strong><\/span><\/p>\n<p style=\"text-align: justify;\"><span style=\"font-weight: 400;\">Des d\u2019Esplais Catalans <strong>ens comprometem:<\/strong><\/span><\/p>\n<ul style=\"text-align: justify;\">\n<li style=\"font-weight: 400;\"><span style=\"font-weight: 400;\">A seguir donant visibilitat i reconeixement a la comunitat LGTBI.<\/span><\/li>\n<li style=\"font-weight: 400;\"><span style=\"font-weight: 400;\">A seguir reivindicant que la Llei contra la LGTBIf\u00f2bia s\u2019implementi r\u00e0pidament.<\/span><\/li>\n<li style=\"font-weight: 400;\"><span style=\"font-weight: 400;\">A continuar educant-nos i educant en la diversitat.<\/span><\/li>\n<li style=\"font-weight: 400;\"><span style=\"font-weight: 400;\">A ser, com som, un espai d\u2019expressi\u00f3 lliure i sense por.<\/span><\/li>\n<li style=\"font-weight: 400;\"><span style=\"font-weight: 400;\">A prendre consci\u00e8ncia, com a monitores, de per qu\u00e8 cal commemorar una diada com aquesta per a poder transmetre el missatge a infants i joves.<\/span><\/li>\n<li style=\"font-weight: 400;\"><span style=\"font-weight: 400;\">A tenir clares les situacions de desigualtat a les que s\u2019enfronten les persones LGTBI per a poder-les encarar des d\u2019una altra perspectiva.<\/span><\/li>\n<li style=\"font-weight: 400;\"><span style=\"font-weight: 400;\">A continuar treballant per no callar davant actituds i situacions hom\u00f2fobes, transf\u00f2biques i bif\u00f2biques dins dels esplais. <\/span><\/li>\n<li style=\"font-weight: 400;\"><span style=\"font-weight: 400;\">A promoure la visibilitat, la consciencia i la critica davant de situacions injustes, aprendre dels errors i seguir millorant com a persones i com a col\u00b7lectiu.<\/span><\/li>\n<\/ul>\n<p style=\"text-align: justify;\"><span style=\"font-weight: 400;\">Els esplais tenim un enorme potencial a les nostres mans, podem ser una gran part del canvi amb la tasca que fem amb els infants, ells s\u00f3n el present i el futur, i <strong>un infant apoderat pot incidir activament en el canvi cap a una societat justa i inclusiva.\u00a0<\/strong><\/span><\/p>\n<p style=\"text-align: justify;\"><em>** Posicionament aprovat pels esplais d&#8217;Esplac mitjan\u00e7ant el <strong><a href=\"http:\/\/esplac.cat\/circuit-de-posicionaments-i-adhesions\/\" target=\"_blank\" rel=\"noopener noreferrer\">nou\u00a0circuit per aprovar posicionaments i adhesions d&#8217;Esplais Catalans<\/a>.<\/strong><\/em><\/p>\n","protected":false},"excerpt":{"rendered":"<p>Avui, 28 de Juny, es commemora el Dia Internacional de [&hellip;]<\/p>\n","protected":false},"author":3,"featured_media":25018,"comment_status":"closed","ping_status":"open","sticky":false,"template":"","format":"standard","meta":{"om_disable_all_campaigns":false,"_monsterinsights_skip_tracking":false,"_monsterinsights_sitenote_active":false,"_monsterinsights_sitenote_note":"","_monsterinsights_sitenote_category":0,"_uf_show_specific_survey":0,"_uf_disable_surveys":false,"footnotes":""},"categories":[1127,1],"tags":[758,326],"class_list":["post-25017","post","type-post","status-publish","format-standard","has-post-thumbnail","hentry","category-comunicats-posicionaments","category-sense-categoria","tag-28-j","tag-posicionament"],"yoast_head":"<!-- This site is optimized with the Yoast SEO plugin v27.4 - https:\/\/yoast.com\/product\/yoast-seo-wordpress\/ -->\n<title>Reivindiquem l&#039;esperit de Stonewall i eduquem en la diversitat - Esplac<\/title>\n<meta name=\"robots\" content=\"index, follow, max-snippet:-1, max-image-preview:large, max-video-preview:-1\" \/>\n<link rel=\"canonical\" href=\"https:\/\/www.esplac.cat\/reivindiquem-lesperit-de-stonewall-i-eduquem-en-la-diversitat\/\" \/>\n<meta property=\"og:locale\" content=\"es_ES\" \/>\n<meta property=\"og:type\" content=\"article\" \/>\n<meta property=\"og:title\" content=\"Reivindiquem l&#039;esperit de Stonewall i eduquem en la diversitat - Esplac\" \/>\n<meta property=\"og:description\" content=\"Avui, 28 de Juny, es commemora el Dia Internacional de [&hellip;]\" \/>\n<meta property=\"og:url\" content=\"https:\/\/www.esplac.cat\/reivindiquem-lesperit-de-stonewall-i-eduquem-en-la-diversitat\/\" \/>\n<meta property=\"og:site_name\" content=\"Esplac\" \/>\n<meta property=\"article:published_time\" content=\"2016-06-28T09:19:05+00:00\" \/>\n<meta property=\"article:modified_time\" content=\"2019-10-15T16:15:56+00:00\" \/>\n<meta property=\"og:image\" content=\"https:\/\/www.esplac.cat\/wp-content\/uploads\/2016\/06\/20160628_Posicionament-28j.jpg\" \/>\n\t<meta property=\"og:image:width\" content=\"847\" \/>\n\t<meta property=\"og:image:height\" content=\"350\" \/>\n\t<meta property=\"og:image:type\" content=\"image\/jpeg\" \/>\n<meta name=\"author\" content=\"Comunicaci\u00f3 Esplac\" \/>\n<meta name=\"twitter:card\" content=\"summary_large_image\" \/>\n<meta name=\"twitter:label1\" content=\"Escrito por\" \/>\n\t<meta name=\"twitter:data1\" content=\"Comunicaci\u00f3 Esplac\" \/>\n\t<meta name=\"twitter:label2\" content=\"Tiempo de lectura\" \/>\n\t<meta name=\"twitter:data2\" content=\"2 minutos\" \/>\n<script type=\"application\/ld+json\" class=\"yoast-schema-graph\">{\"@context\":\"https:\\\/\\\/schema.org\",\"@graph\":[{\"@type\":\"Article\",\"@id\":\"https:\\\/\\\/www.esplac.cat\\\/reivindiquem-lesperit-de-stonewall-i-eduquem-en-la-diversitat\\\/#article\",\"isPartOf\":{\"@id\":\"https:\\\/\\\/www.esplac.cat\\\/reivindiquem-lesperit-de-stonewall-i-eduquem-en-la-diversitat\\\/\"},\"author\":{\"name\":\"Comunicaci\u00f3 Esplac\",\"@id\":\"https:\\\/\\\/www.esplac.cat\\\/#\\\/schema\\\/person\\\/908383cf240be18b68f8855d0583faca\"},\"headline\":\"Reivindiquem l&#8217;esperit de Stonewall i eduquem en la diversitat\",\"datePublished\":\"2016-06-28T09:19:05+00:00\",\"dateModified\":\"2019-10-15T16:15:56+00:00\",\"mainEntityOfPage\":{\"@id\":\"https:\\\/\\\/www.esplac.cat\\\/reivindiquem-lesperit-de-stonewall-i-eduquem-en-la-diversitat\\\/\"},\"wordCount\":400,\"publisher\":{\"@id\":\"https:\\\/\\\/www.esplac.cat\\\/#organization\"},\"image\":{\"@id\":\"https:\\\/\\\/www.esplac.cat\\\/reivindiquem-lesperit-de-stonewall-i-eduquem-en-la-diversitat\\\/#primaryimage\"},\"thumbnailUrl\":\"https:\\\/\\\/www.esplac.cat\\\/wp-content\\\/uploads\\\/2016\\\/06\\\/20160628_Posicionament-28j.jpg\",\"keywords\":[\"28-J\",\"posicionament\"],\"articleSection\":[\"Comunicats i posicionaments\",\"Sense categoria\"],\"inLanguage\":\"es\"},{\"@type\":\"WebPage\",\"@id\":\"https:\\\/\\\/www.esplac.cat\\\/reivindiquem-lesperit-de-stonewall-i-eduquem-en-la-diversitat\\\/\",\"url\":\"https:\\\/\\\/www.esplac.cat\\\/reivindiquem-lesperit-de-stonewall-i-eduquem-en-la-diversitat\\\/\",\"name\":\"Reivindiquem l'esperit de Stonewall i eduquem en la diversitat - Esplac\",\"isPartOf\":{\"@id\":\"https:\\\/\\\/www.esplac.cat\\\/#website\"},\"primaryImageOfPage\":{\"@id\":\"https:\\\/\\\/www.esplac.cat\\\/reivindiquem-lesperit-de-stonewall-i-eduquem-en-la-diversitat\\\/#primaryimage\"},\"image\":{\"@id\":\"https:\\\/\\\/www.esplac.cat\\\/reivindiquem-lesperit-de-stonewall-i-eduquem-en-la-diversitat\\\/#primaryimage\"},\"thumbnailUrl\":\"https:\\\/\\\/www.esplac.cat\\\/wp-content\\\/uploads\\\/2016\\\/06\\\/20160628_Posicionament-28j.jpg\",\"datePublished\":\"2016-06-28T09:19:05+00:00\",\"dateModified\":\"2019-10-15T16:15:56+00:00\",\"breadcrumb\":{\"@id\":\"https:\\\/\\\/www.esplac.cat\\\/reivindiquem-lesperit-de-stonewall-i-eduquem-en-la-diversitat\\\/#breadcrumb\"},\"inLanguage\":\"es\",\"potentialAction\":[{\"@type\":\"ReadAction\",\"target\":[\"https:\\\/\\\/www.esplac.cat\\\/reivindiquem-lesperit-de-stonewall-i-eduquem-en-la-diversitat\\\/\"]}]},{\"@type\":\"ImageObject\",\"inLanguage\":\"es\",\"@id\":\"https:\\\/\\\/www.esplac.cat\\\/reivindiquem-lesperit-de-stonewall-i-eduquem-en-la-diversitat\\\/#primaryimage\",\"url\":\"https:\\\/\\\/www.esplac.cat\\\/wp-content\\\/uploads\\\/2016\\\/06\\\/20160628_Posicionament-28j.jpg\",\"contentUrl\":\"https:\\\/\\\/www.esplac.cat\\\/wp-content\\\/uploads\\\/2016\\\/06\\\/20160628_Posicionament-28j.jpg\",\"width\":847,\"height\":350},{\"@type\":\"BreadcrumbList\",\"@id\":\"https:\\\/\\\/www.esplac.cat\\\/reivindiquem-lesperit-de-stonewall-i-eduquem-en-la-diversitat\\\/#breadcrumb\",\"itemListElement\":[{\"@type\":\"ListItem\",\"position\":1,\"name\":\"Inici\",\"item\":\"https:\\\/\\\/www.esplac.cat\\\/es\\\/\"},{\"@type\":\"ListItem\",\"position\":2,\"name\":\"Reivindiquem l&#8217;esperit de Stonewall i eduquem en la diversitat\"}]},{\"@type\":\"WebSite\",\"@id\":\"https:\\\/\\\/www.esplac.cat\\\/#website\",\"url\":\"https:\\\/\\\/www.esplac.cat\\\/\",\"name\":\"Esplac\",\"description\":\"Esplais Catalans\",\"publisher\":{\"@id\":\"https:\\\/\\\/www.esplac.cat\\\/#organization\"},\"potentialAction\":[{\"@type\":\"SearchAction\",\"target\":{\"@type\":\"EntryPoint\",\"urlTemplate\":\"https:\\\/\\\/www.esplac.cat\\\/?s={search_term_string}\"},\"query-input\":{\"@type\":\"PropertyValueSpecification\",\"valueRequired\":true,\"valueName\":\"search_term_string\"}}],\"inLanguage\":\"es\"},{\"@type\":\"Organization\",\"@id\":\"https:\\\/\\\/www.esplac.cat\\\/#organization\",\"name\":\"Esplac\",\"url\":\"https:\\\/\\\/www.esplac.cat\\\/\",\"logo\":{\"@type\":\"ImageObject\",\"inLanguage\":\"es\",\"@id\":\"https:\\\/\\\/www.esplac.cat\\\/#\\\/schema\\\/logo\\\/image\\\/\",\"url\":\"https:\\\/\\\/www.esplac.cat\\\/wp-content\\\/uploads\\\/2019\\\/08\\\/logox2.png\",\"contentUrl\":\"https:\\\/\\\/www.esplac.cat\\\/wp-content\\\/uploads\\\/2019\\\/08\\\/logox2.png\",\"width\":600,\"height\":295,\"caption\":\"Esplac\"},\"image\":{\"@id\":\"https:\\\/\\\/www.esplac.cat\\\/#\\\/schema\\\/logo\\\/image\\\/\"}},{\"@type\":\"Person\",\"@id\":\"https:\\\/\\\/www.esplac.cat\\\/#\\\/schema\\\/person\\\/908383cf240be18b68f8855d0583faca\",\"name\":\"Comunicaci\u00f3 Esplac\",\"image\":{\"@type\":\"ImageObject\",\"inLanguage\":\"es\",\"@id\":\"https:\\\/\\\/secure.gravatar.com\\\/avatar\\\/7a4cf8feb412a76ea4a740ca02d95b06b2907b5a6c648c2dd0a1082a093c3141?s=96&d=mm&r=g\",\"url\":\"https:\\\/\\\/secure.gravatar.com\\\/avatar\\\/7a4cf8feb412a76ea4a740ca02d95b06b2907b5a6c648c2dd0a1082a093c3141?s=96&d=mm&r=g\",\"contentUrl\":\"https:\\\/\\\/secure.gravatar.com\\\/avatar\\\/7a4cf8feb412a76ea4a740ca02d95b06b2907b5a6c648c2dd0a1082a093c3141?s=96&d=mm&r=g\",\"caption\":\"Comunicaci\u00f3 Esplac\"}}]}<\/script>\n<!-- \/ Yoast SEO plugin. -->","yoast_head_json":{"title":"Reivindiquem l'esperit de Stonewall i eduquem en la diversitat - Esplac","robots":{"index":"index","follow":"follow","max-snippet":"max-snippet:-1","max-image-preview":"max-image-preview:large","max-video-preview":"max-video-preview:-1"},"canonical":"https:\/\/www.esplac.cat\/reivindiquem-lesperit-de-stonewall-i-eduquem-en-la-diversitat\/","og_locale":"es_ES","og_type":"article","og_title":"Reivindiquem l'esperit de Stonewall i eduquem en la diversitat - Esplac","og_description":"Avui, 28 de Juny, es commemora el Dia Internacional de [&hellip;]","og_url":"https:\/\/www.esplac.cat\/reivindiquem-lesperit-de-stonewall-i-eduquem-en-la-diversitat\/","og_site_name":"Esplac","article_published_time":"2016-06-28T09:19:05+00:00","article_modified_time":"2019-10-15T16:15:56+00:00","og_image":[{"width":847,"height":350,"url":"https:\/\/www.esplac.cat\/wp-content\/uploads\/2016\/06\/20160628_Posicionament-28j.jpg","type":"image\/jpeg"}],"author":"Comunicaci\u00f3 Esplac","twitter_card":"summary_large_image","twitter_misc":{"Escrito por":"Comunicaci\u00f3 Esplac","Tiempo de lectura":"2 minutos"},"schema":{"@context":"https:\/\/schema.org","@graph":[{"@type":"Article","@id":"https:\/\/www.esplac.cat\/reivindiquem-lesperit-de-stonewall-i-eduquem-en-la-diversitat\/#article","isPartOf":{"@id":"https:\/\/www.esplac.cat\/reivindiquem-lesperit-de-stonewall-i-eduquem-en-la-diversitat\/"},"author":{"name":"Comunicaci\u00f3 Esplac","@id":"https:\/\/www.esplac.cat\/#\/schema\/person\/908383cf240be18b68f8855d0583faca"},"headline":"Reivindiquem l&#8217;esperit de Stonewall i eduquem en la diversitat","datePublished":"2016-06-28T09:19:05+00:00","dateModified":"2019-10-15T16:15:56+00:00","mainEntityOfPage":{"@id":"https:\/\/www.esplac.cat\/reivindiquem-lesperit-de-stonewall-i-eduquem-en-la-diversitat\/"},"wordCount":400,"publisher":{"@id":"https:\/\/www.esplac.cat\/#organization"},"image":{"@id":"https:\/\/www.esplac.cat\/reivindiquem-lesperit-de-stonewall-i-eduquem-en-la-diversitat\/#primaryimage"},"thumbnailUrl":"https:\/\/www.esplac.cat\/wp-content\/uploads\/2016\/06\/20160628_Posicionament-28j.jpg","keywords":["28-J","posicionament"],"articleSection":["Comunicats i posicionaments","Sense categoria"],"inLanguage":"es"},{"@type":"WebPage","@id":"https:\/\/www.esplac.cat\/reivindiquem-lesperit-de-stonewall-i-eduquem-en-la-diversitat\/","url":"https:\/\/www.esplac.cat\/reivindiquem-lesperit-de-stonewall-i-eduquem-en-la-diversitat\/","name":"Reivindiquem l'esperit de Stonewall i eduquem en la diversitat - Esplac","isPartOf":{"@id":"https:\/\/www.esplac.cat\/#website"},"primaryImageOfPage":{"@id":"https:\/\/www.esplac.cat\/reivindiquem-lesperit-de-stonewall-i-eduquem-en-la-diversitat\/#primaryimage"},"image":{"@id":"https:\/\/www.esplac.cat\/reivindiquem-lesperit-de-stonewall-i-eduquem-en-la-diversitat\/#primaryimage"},"thumbnailUrl":"https:\/\/www.esplac.cat\/wp-content\/uploads\/2016\/06\/20160628_Posicionament-28j.jpg","datePublished":"2016-06-28T09:19:05+00:00","dateModified":"2019-10-15T16:15:56+00:00","breadcrumb":{"@id":"https:\/\/www.esplac.cat\/reivindiquem-lesperit-de-stonewall-i-eduquem-en-la-diversitat\/#breadcrumb"},"inLanguage":"es","potentialAction":[{"@type":"ReadAction","target":["https:\/\/www.esplac.cat\/reivindiquem-lesperit-de-stonewall-i-eduquem-en-la-diversitat\/"]}]},{"@type":"ImageObject","inLanguage":"es","@id":"https:\/\/www.esplac.cat\/reivindiquem-lesperit-de-stonewall-i-eduquem-en-la-diversitat\/#primaryimage","url":"https:\/\/www.esplac.cat\/wp-content\/uploads\/2016\/06\/20160628_Posicionament-28j.jpg","contentUrl":"https:\/\/www.esplac.cat\/wp-content\/uploads\/2016\/06\/20160628_Posicionament-28j.jpg","width":847,"height":350},{"@type":"BreadcrumbList","@id":"https:\/\/www.esplac.cat\/reivindiquem-lesperit-de-stonewall-i-eduquem-en-la-diversitat\/#breadcrumb","itemListElement":[{"@type":"ListItem","position":1,"name":"Inici","item":"https:\/\/www.esplac.cat\/es\/"},{"@type":"ListItem","position":2,"name":"Reivindiquem l&#8217;esperit de Stonewall i eduquem en la diversitat"}]},{"@type":"WebSite","@id":"https:\/\/www.esplac.cat\/#website","url":"https:\/\/www.esplac.cat\/","name":"Esplac","description":"Esplais Catalans","publisher":{"@id":"https:\/\/www.esplac.cat\/#organization"},"potentialAction":[{"@type":"SearchAction","target":{"@type":"EntryPoint","urlTemplate":"https:\/\/www.esplac.cat\/?s={search_term_string}"},"query-input":{"@type":"PropertyValueSpecification","valueRequired":true,"valueName":"search_term_string"}}],"inLanguage":"es"},{"@type":"Organization","@id":"https:\/\/www.esplac.cat\/#organization","name":"Esplac","url":"https:\/\/www.esplac.cat\/","logo":{"@type":"ImageObject","inLanguage":"es","@id":"https:\/\/www.esplac.cat\/#\/schema\/logo\/image\/","url":"https:\/\/www.esplac.cat\/wp-content\/uploads\/2019\/08\/logox2.png","contentUrl":"https:\/\/www.esplac.cat\/wp-content\/uploads\/2019\/08\/logox2.png","width":600,"height":295,"caption":"Esplac"},"image":{"@id":"https:\/\/www.esplac.cat\/#\/schema\/logo\/image\/"}},{"@type":"Person","@id":"https:\/\/www.esplac.cat\/#\/schema\/person\/908383cf240be18b68f8855d0583faca","name":"Comunicaci\u00f3 Esplac","image":{"@type":"ImageObject","inLanguage":"es","@id":"https:\/\/secure.gravatar.com\/avatar\/7a4cf8feb412a76ea4a740ca02d95b06b2907b5a6c648c2dd0a1082a093c3141?s=96&d=mm&r=g","url":"https:\/\/secure.gravatar.com\/avatar\/7a4cf8feb412a76ea4a740ca02d95b06b2907b5a6c648c2dd0a1082a093c3141?s=96&d=mm&r=g","contentUrl":"https:\/\/secure.gravatar.com\/avatar\/7a4cf8feb412a76ea4a740ca02d95b06b2907b5a6c648c2dd0a1082a093c3141?s=96&d=mm&r=g","caption":"Comunicaci\u00f3 Esplac"}}]}},"_links":{"self":[{"href":"https:\/\/www.esplac.cat\/es\/wp-json\/wp\/v2\/posts\/25017","targetHints":{"allow":["GET"]}}],"collection":[{"href":"https:\/\/www.esplac.cat\/es\/wp-json\/wp\/v2\/posts"}],"about":[{"href":"https:\/\/www.esplac.cat\/es\/wp-json\/wp\/v2\/types\/post"}],"author":[{"embeddable":true,"href":"https:\/\/www.esplac.cat\/es\/wp-json\/wp\/v2\/users\/3"}],"replies":[{"embeddable":true,"href":"https:\/\/www.esplac.cat\/es\/wp-json\/wp\/v2\/comments?post=25017"}],"version-history":[{"count":0,"href":"https:\/\/www.esplac.cat\/es\/wp-json\/wp\/v2\/posts\/25017\/revisions"}],"wp:featuredmedia":[{"embeddable":true,"href":"https:\/\/www.esplac.cat\/es\/wp-json\/wp\/v2\/media\/25018"}],"wp:attachment":[{"href":"https:\/\/www.esplac.cat\/es\/wp-json\/wp\/v2\/media?parent=25017"}],"wp:term":[{"taxonomy":"category","embeddable":true,"href":"https:\/\/www.esplac.cat\/es\/wp-json\/wp\/v2\/categories?post=25017"},{"taxonomy":"post_tag","embeddable":true,"href":"https:\/\/www.esplac.cat\/es\/wp-json\/wp\/v2\/tags?post=25017"}],"curies":[{"name":"wp","href":"https:\/\/api.w.org\/{rel}","templated":true}]}}