{"id":25021,"date":"2016-06-23T10:29:37","date_gmt":"2016-06-23T08:29:37","guid":{"rendered":"http:\/\/esplac.cat\/?p=10977"},"modified":"2019-10-15T18:15:58","modified_gmt":"2019-10-15T16:15:58","slug":"comenca-lestiu-i-amb-ell-els-campaments-colonies-i-rutes-dels-esplais","status":"publish","type":"post","link":"https:\/\/www.esplac.cat\/es\/comenca-lestiu-i-amb-ell-els-campaments-colonies-i-rutes-dels-esplais\/","title":{"rendered":"Comen\u00e7a l&#8217;estiu i, amb ell, els campaments, col\u00f2nies i rutes dels esplais!"},"content":{"rendered":"<h4>L\u2019esplai Papu Tisores comen\u00e7a avui la primera de les 135 activitats que duran a terme els esplais aquest estiu<\/h4>\n<p align=\"justify\">Ja arriba l\u2019estiu, i, amb ell, les nombroses activitats que fan els esplais per culminar la tasca educativa de tot el curs, compartint uns quants dies a plena natura. Com sempre, aquest \u00e9s el moment m\u00e9s intens de l\u2019any, on els infants i joves experimenten moments m\u00e0gics de conviv\u00e8ncia amb els companys i companyes, desconnecten completament de la rutina i descobreixen nous racons de m\u00f3n, i potser tamb\u00e9 nous amics i amigues.<\/p>\n<p align=\"justify\">Els campaments, col\u00f2nies i rutes s\u00f3n un moment \u00fanic i ideal per a posar en pr\u00e0ctica i seguir aprenent tot el que l\u2019esplai ens aporta. La conviv\u00e8ncia amb el grup i amb la natura ens permeten treballar de manera intensa i vivencial els objectius proposats per aquell curs, i permeten posar de manifest valors com l\u2019autonomia personal, la cooperaci\u00f3 i el treball en equip, el consum responsable i el respecte per les persones i per l\u2019entorn que ens envolta.<\/p>\n<p align=\"justify\"><strong>Enguany, 67 esplais d\u2019Esplac realitzaran un total de 135 activitats d\u2019estiu, de les quals 29 s\u00f3n col\u00f2nies, 55 campaments i 32 rutes.<\/strong><\/p>\n<p align=\"justify\">A m\u00e9s, <strong>10 esplais d\u2019Esplac participaran a l\u2019IFM Camp a N\u00fcremberg (Alemanya)<\/strong>, un campament organitzat per l\u2019International Falcon Movement on hi participen diverses entitats juvenils europees.<\/p>\n<p align=\"justify\">9 esplais han optat tamb\u00e9 per altres activitats fora de Catalunya, realitzant diverses rutes per les comunitats de les Illes Balears, el Pa\u00eds Basc, Gal\u00edcia i tamb\u00e9 Portugal.<\/p>\n<p align=\"justify\">A part de l\u2019elevada participaci\u00f3 en l\u2019activitat internacional, aquest any volem destacar l\u2019elevat nombre de campaments i rutes, que segueix creixent any rere any. L\u2019estiu passat, per primera vegada, el nombre de campaments va superar el de col\u00f2nies, i enguany aquest ha crescut encara m\u00e9s, gaireb\u00e9 doblant el nombre d\u2019activitats en cases de col\u00f2nies. Les rutes tamb\u00e9 comencen a ser activitats molt consolidades en alguns esplais, i cada cop en s\u00f3n m\u00e9s els que es decideixen a fer-ne.<\/p>\n<p align=\"justify\">Veiem, doncs, que<strong> cada vegada els esplais aposten m\u00e9s pels campaments o rutes<\/strong>, com una oportunitat m\u00e9s directa i vivencial d\u2019interaccionar amb la natura i aprendre a conviure sense les facilitats que tenim al dia a dia, desconnectant completament de la civilitzaci\u00f3. Els destins m\u00e9s escollits pels esplais segueixen sent les zones del prepirineu i Pirineu, especialment les comarques del Ripoll\u00e8s, el Bergued\u00e0 i la Garrotxa.<\/p>\n","protected":false},"excerpt":{"rendered":"<p>L\u2019esplai Papu Tisores comen\u00e7a avui la primera de les 135 [&hellip;]<\/p>\n","protected":false},"author":3,"featured_media":25022,"comment_status":"closed","ping_status":"open","sticky":false,"template":"","format":"standard","meta":{"om_disable_all_campaigns":false,"_monsterinsights_skip_tracking":false,"_monsterinsights_sitenote_active":false,"_monsterinsights_sitenote_note":"","_monsterinsights_sitenote_category":0,"_uf_show_specific_survey":0,"_uf_disable_surveys":false,"footnotes":""},"categories":[1117,1],"tags":[451,270,53,429,104,102,518,115],"class_list":["post-25021","post","type-post","status-publish","format-standard","has-post-thumbnail","hentry","category-activitats-esplais","category-sense-categoria","tag-activitats-destiu","tag-activitats-internacionals","tag-campaments","tag-ccr","tag-colonies","tag-estiu","tag-ifm","tag-rutes"],"yoast_head":"<!-- This site is optimized with the Yoast SEO plugin v27.4 - https:\/\/yoast.com\/product\/yoast-seo-wordpress\/ -->\n<title>Comen\u00e7a l&#039;estiu i, amb ell, els campaments, col\u00f2nies i rutes dels esplais! - Esplac<\/title>\n<meta name=\"robots\" content=\"index, follow, max-snippet:-1, max-image-preview:large, max-video-preview:-1\" \/>\n<link rel=\"canonical\" href=\"https:\/\/www.esplac.cat\/comenca-lestiu-i-amb-ell-els-campaments-colonies-i-rutes-dels-esplais\/\" \/>\n<meta property=\"og:locale\" content=\"es_ES\" \/>\n<meta property=\"og:type\" content=\"article\" \/>\n<meta property=\"og:title\" content=\"Comen\u00e7a l&#039;estiu i, amb ell, els campaments, col\u00f2nies i rutes dels esplais! - Esplac\" \/>\n<meta property=\"og:description\" content=\"L\u2019esplai Papu Tisores comen\u00e7a avui la primera de les 135 [&hellip;]\" \/>\n<meta property=\"og:url\" content=\"https:\/\/www.esplac.cat\/comenca-lestiu-i-amb-ell-els-campaments-colonies-i-rutes-dels-esplais\/\" \/>\n<meta property=\"og:site_name\" content=\"Esplac\" \/>\n<meta property=\"article:published_time\" content=\"2016-06-23T08:29:37+00:00\" \/>\n<meta property=\"article:modified_time\" content=\"2019-10-15T16:15:58+00:00\" \/>\n<meta property=\"og:image\" content=\"https:\/\/www.esplac.cat\/wp-content\/uploads\/2016\/06\/Untitled-design.jpg\" \/>\n\t<meta property=\"og:image:width\" content=\"847\" \/>\n\t<meta property=\"og:image:height\" content=\"350\" \/>\n\t<meta property=\"og:image:type\" content=\"image\/jpeg\" \/>\n<meta name=\"author\" content=\"Comunicaci\u00f3 Esplac\" \/>\n<meta name=\"twitter:card\" content=\"summary_large_image\" \/>\n<meta name=\"twitter:label1\" content=\"Escrito por\" \/>\n\t<meta name=\"twitter:data1\" content=\"Comunicaci\u00f3 Esplac\" \/>\n\t<meta name=\"twitter:label2\" content=\"Tiempo de lectura\" \/>\n\t<meta name=\"twitter:data2\" content=\"2 minutos\" \/>\n<script type=\"application\/ld+json\" class=\"yoast-schema-graph\">{\"@context\":\"https:\\\/\\\/schema.org\",\"@graph\":[{\"@type\":\"Article\",\"@id\":\"https:\\\/\\\/www.esplac.cat\\\/comenca-lestiu-i-amb-ell-els-campaments-colonies-i-rutes-dels-esplais\\\/#article\",\"isPartOf\":{\"@id\":\"https:\\\/\\\/www.esplac.cat\\\/comenca-lestiu-i-amb-ell-els-campaments-colonies-i-rutes-dels-esplais\\\/\"},\"author\":{\"name\":\"Comunicaci\u00f3 Esplac\",\"@id\":\"https:\\\/\\\/www.esplac.cat\\\/#\\\/schema\\\/person\\\/908383cf240be18b68f8855d0583faca\"},\"headline\":\"Comen\u00e7a l&#8217;estiu i, amb ell, els campaments, col\u00f2nies i rutes dels esplais!\",\"datePublished\":\"2016-06-23T08:29:37+00:00\",\"dateModified\":\"2019-10-15T16:15:58+00:00\",\"mainEntityOfPage\":{\"@id\":\"https:\\\/\\\/www.esplac.cat\\\/comenca-lestiu-i-amb-ell-els-campaments-colonies-i-rutes-dels-esplais\\\/\"},\"wordCount\":438,\"publisher\":{\"@id\":\"https:\\\/\\\/www.esplac.cat\\\/#organization\"},\"image\":{\"@id\":\"https:\\\/\\\/www.esplac.cat\\\/comenca-lestiu-i-amb-ell-els-campaments-colonies-i-rutes-dels-esplais\\\/#primaryimage\"},\"thumbnailUrl\":\"https:\\\/\\\/www.esplac.cat\\\/wp-content\\\/uploads\\\/2016\\\/06\\\/Untitled-design.jpg\",\"keywords\":[\"activitats d'estiu\",\"activitats internacionals\",\"campaments\",\"CCR\",\"colonies\",\"estiu\",\"ifm\",\"rutes\"],\"articleSection\":[\"Activitats esplais\",\"Sense categoria\"],\"inLanguage\":\"es\"},{\"@type\":\"WebPage\",\"@id\":\"https:\\\/\\\/www.esplac.cat\\\/comenca-lestiu-i-amb-ell-els-campaments-colonies-i-rutes-dels-esplais\\\/\",\"url\":\"https:\\\/\\\/www.esplac.cat\\\/comenca-lestiu-i-amb-ell-els-campaments-colonies-i-rutes-dels-esplais\\\/\",\"name\":\"Comen\u00e7a l'estiu i, amb ell, els campaments, col\u00f2nies i rutes dels esplais! - Esplac\",\"isPartOf\":{\"@id\":\"https:\\\/\\\/www.esplac.cat\\\/#website\"},\"primaryImageOfPage\":{\"@id\":\"https:\\\/\\\/www.esplac.cat\\\/comenca-lestiu-i-amb-ell-els-campaments-colonies-i-rutes-dels-esplais\\\/#primaryimage\"},\"image\":{\"@id\":\"https:\\\/\\\/www.esplac.cat\\\/comenca-lestiu-i-amb-ell-els-campaments-colonies-i-rutes-dels-esplais\\\/#primaryimage\"},\"thumbnailUrl\":\"https:\\\/\\\/www.esplac.cat\\\/wp-content\\\/uploads\\\/2016\\\/06\\\/Untitled-design.jpg\",\"datePublished\":\"2016-06-23T08:29:37+00:00\",\"dateModified\":\"2019-10-15T16:15:58+00:00\",\"breadcrumb\":{\"@id\":\"https:\\\/\\\/www.esplac.cat\\\/comenca-lestiu-i-amb-ell-els-campaments-colonies-i-rutes-dels-esplais\\\/#breadcrumb\"},\"inLanguage\":\"es\",\"potentialAction\":[{\"@type\":\"ReadAction\",\"target\":[\"https:\\\/\\\/www.esplac.cat\\\/comenca-lestiu-i-amb-ell-els-campaments-colonies-i-rutes-dels-esplais\\\/\"]}]},{\"@type\":\"ImageObject\",\"inLanguage\":\"es\",\"@id\":\"https:\\\/\\\/www.esplac.cat\\\/comenca-lestiu-i-amb-ell-els-campaments-colonies-i-rutes-dels-esplais\\\/#primaryimage\",\"url\":\"https:\\\/\\\/www.esplac.cat\\\/wp-content\\\/uploads\\\/2016\\\/06\\\/Untitled-design.jpg\",\"contentUrl\":\"https:\\\/\\\/www.esplac.cat\\\/wp-content\\\/uploads\\\/2016\\\/06\\\/Untitled-design.jpg\",\"width\":847,\"height\":350},{\"@type\":\"BreadcrumbList\",\"@id\":\"https:\\\/\\\/www.esplac.cat\\\/comenca-lestiu-i-amb-ell-els-campaments-colonies-i-rutes-dels-esplais\\\/#breadcrumb\",\"itemListElement\":[{\"@type\":\"ListItem\",\"position\":1,\"name\":\"Inici\",\"item\":\"https:\\\/\\\/www.esplac.cat\\\/es\\\/\"},{\"@type\":\"ListItem\",\"position\":2,\"name\":\"Comen\u00e7a l&#8217;estiu i, amb ell, els campaments, col\u00f2nies i rutes dels esplais!\"}]},{\"@type\":\"WebSite\",\"@id\":\"https:\\\/\\\/www.esplac.cat\\\/#website\",\"url\":\"https:\\\/\\\/www.esplac.cat\\\/\",\"name\":\"Esplac\",\"description\":\"Esplais Catalans\",\"publisher\":{\"@id\":\"https:\\\/\\\/www.esplac.cat\\\/#organization\"},\"potentialAction\":[{\"@type\":\"SearchAction\",\"target\":{\"@type\":\"EntryPoint\",\"urlTemplate\":\"https:\\\/\\\/www.esplac.cat\\\/?s={search_term_string}\"},\"query-input\":{\"@type\":\"PropertyValueSpecification\",\"valueRequired\":true,\"valueName\":\"search_term_string\"}}],\"inLanguage\":\"es\"},{\"@type\":\"Organization\",\"@id\":\"https:\\\/\\\/www.esplac.cat\\\/#organization\",\"name\":\"Esplac\",\"url\":\"https:\\\/\\\/www.esplac.cat\\\/\",\"logo\":{\"@type\":\"ImageObject\",\"inLanguage\":\"es\",\"@id\":\"https:\\\/\\\/www.esplac.cat\\\/#\\\/schema\\\/logo\\\/image\\\/\",\"url\":\"https:\\\/\\\/www.esplac.cat\\\/wp-content\\\/uploads\\\/2019\\\/08\\\/logox2.png\",\"contentUrl\":\"https:\\\/\\\/www.esplac.cat\\\/wp-content\\\/uploads\\\/2019\\\/08\\\/logox2.png\",\"width\":600,\"height\":295,\"caption\":\"Esplac\"},\"image\":{\"@id\":\"https:\\\/\\\/www.esplac.cat\\\/#\\\/schema\\\/logo\\\/image\\\/\"}},{\"@type\":\"Person\",\"@id\":\"https:\\\/\\\/www.esplac.cat\\\/#\\\/schema\\\/person\\\/908383cf240be18b68f8855d0583faca\",\"name\":\"Comunicaci\u00f3 Esplac\",\"image\":{\"@type\":\"ImageObject\",\"inLanguage\":\"es\",\"@id\":\"https:\\\/\\\/secure.gravatar.com\\\/avatar\\\/7a4cf8feb412a76ea4a740ca02d95b06b2907b5a6c648c2dd0a1082a093c3141?s=96&d=mm&r=g\",\"url\":\"https:\\\/\\\/secure.gravatar.com\\\/avatar\\\/7a4cf8feb412a76ea4a740ca02d95b06b2907b5a6c648c2dd0a1082a093c3141?s=96&d=mm&r=g\",\"contentUrl\":\"https:\\\/\\\/secure.gravatar.com\\\/avatar\\\/7a4cf8feb412a76ea4a740ca02d95b06b2907b5a6c648c2dd0a1082a093c3141?s=96&d=mm&r=g\",\"caption\":\"Comunicaci\u00f3 Esplac\"}}]}<\/script>\n<!-- \/ Yoast SEO plugin. -->","yoast_head_json":{"title":"Comen\u00e7a l'estiu i, amb ell, els campaments, col\u00f2nies i rutes dels esplais! - Esplac","robots":{"index":"index","follow":"follow","max-snippet":"max-snippet:-1","max-image-preview":"max-image-preview:large","max-video-preview":"max-video-preview:-1"},"canonical":"https:\/\/www.esplac.cat\/comenca-lestiu-i-amb-ell-els-campaments-colonies-i-rutes-dels-esplais\/","og_locale":"es_ES","og_type":"article","og_title":"Comen\u00e7a l'estiu i, amb ell, els campaments, col\u00f2nies i rutes dels esplais! - Esplac","og_description":"L\u2019esplai Papu Tisores comen\u00e7a avui la primera de les 135 [&hellip;]","og_url":"https:\/\/www.esplac.cat\/comenca-lestiu-i-amb-ell-els-campaments-colonies-i-rutes-dels-esplais\/","og_site_name":"Esplac","article_published_time":"2016-06-23T08:29:37+00:00","article_modified_time":"2019-10-15T16:15:58+00:00","og_image":[{"width":847,"height":350,"url":"https:\/\/www.esplac.cat\/wp-content\/uploads\/2016\/06\/Untitled-design.jpg","type":"image\/jpeg"}],"author":"Comunicaci\u00f3 Esplac","twitter_card":"summary_large_image","twitter_misc":{"Escrito por":"Comunicaci\u00f3 Esplac","Tiempo de lectura":"2 minutos"},"schema":{"@context":"https:\/\/schema.org","@graph":[{"@type":"Article","@id":"https:\/\/www.esplac.cat\/comenca-lestiu-i-amb-ell-els-campaments-colonies-i-rutes-dels-esplais\/#article","isPartOf":{"@id":"https:\/\/www.esplac.cat\/comenca-lestiu-i-amb-ell-els-campaments-colonies-i-rutes-dels-esplais\/"},"author":{"name":"Comunicaci\u00f3 Esplac","@id":"https:\/\/www.esplac.cat\/#\/schema\/person\/908383cf240be18b68f8855d0583faca"},"headline":"Comen\u00e7a l&#8217;estiu i, amb ell, els campaments, col\u00f2nies i rutes dels esplais!","datePublished":"2016-06-23T08:29:37+00:00","dateModified":"2019-10-15T16:15:58+00:00","mainEntityOfPage":{"@id":"https:\/\/www.esplac.cat\/comenca-lestiu-i-amb-ell-els-campaments-colonies-i-rutes-dels-esplais\/"},"wordCount":438,"publisher":{"@id":"https:\/\/www.esplac.cat\/#organization"},"image":{"@id":"https:\/\/www.esplac.cat\/comenca-lestiu-i-amb-ell-els-campaments-colonies-i-rutes-dels-esplais\/#primaryimage"},"thumbnailUrl":"https:\/\/www.esplac.cat\/wp-content\/uploads\/2016\/06\/Untitled-design.jpg","keywords":["activitats d'estiu","activitats internacionals","campaments","CCR","colonies","estiu","ifm","rutes"],"articleSection":["Activitats esplais","Sense categoria"],"inLanguage":"es"},{"@type":"WebPage","@id":"https:\/\/www.esplac.cat\/comenca-lestiu-i-amb-ell-els-campaments-colonies-i-rutes-dels-esplais\/","url":"https:\/\/www.esplac.cat\/comenca-lestiu-i-amb-ell-els-campaments-colonies-i-rutes-dels-esplais\/","name":"Comen\u00e7a l'estiu i, amb ell, els campaments, col\u00f2nies i rutes dels esplais! - Esplac","isPartOf":{"@id":"https:\/\/www.esplac.cat\/#website"},"primaryImageOfPage":{"@id":"https:\/\/www.esplac.cat\/comenca-lestiu-i-amb-ell-els-campaments-colonies-i-rutes-dels-esplais\/#primaryimage"},"image":{"@id":"https:\/\/www.esplac.cat\/comenca-lestiu-i-amb-ell-els-campaments-colonies-i-rutes-dels-esplais\/#primaryimage"},"thumbnailUrl":"https:\/\/www.esplac.cat\/wp-content\/uploads\/2016\/06\/Untitled-design.jpg","datePublished":"2016-06-23T08:29:37+00:00","dateModified":"2019-10-15T16:15:58+00:00","breadcrumb":{"@id":"https:\/\/www.esplac.cat\/comenca-lestiu-i-amb-ell-els-campaments-colonies-i-rutes-dels-esplais\/#breadcrumb"},"inLanguage":"es","potentialAction":[{"@type":"ReadAction","target":["https:\/\/www.esplac.cat\/comenca-lestiu-i-amb-ell-els-campaments-colonies-i-rutes-dels-esplais\/"]}]},{"@type":"ImageObject","inLanguage":"es","@id":"https:\/\/www.esplac.cat\/comenca-lestiu-i-amb-ell-els-campaments-colonies-i-rutes-dels-esplais\/#primaryimage","url":"https:\/\/www.esplac.cat\/wp-content\/uploads\/2016\/06\/Untitled-design.jpg","contentUrl":"https:\/\/www.esplac.cat\/wp-content\/uploads\/2016\/06\/Untitled-design.jpg","width":847,"height":350},{"@type":"BreadcrumbList","@id":"https:\/\/www.esplac.cat\/comenca-lestiu-i-amb-ell-els-campaments-colonies-i-rutes-dels-esplais\/#breadcrumb","itemListElement":[{"@type":"ListItem","position":1,"name":"Inici","item":"https:\/\/www.esplac.cat\/es\/"},{"@type":"ListItem","position":2,"name":"Comen\u00e7a l&#8217;estiu i, amb ell, els campaments, col\u00f2nies i rutes dels esplais!"}]},{"@type":"WebSite","@id":"https:\/\/www.esplac.cat\/#website","url":"https:\/\/www.esplac.cat\/","name":"Esplac","description":"Esplais Catalans","publisher":{"@id":"https:\/\/www.esplac.cat\/#organization"},"potentialAction":[{"@type":"SearchAction","target":{"@type":"EntryPoint","urlTemplate":"https:\/\/www.esplac.cat\/?s={search_term_string}"},"query-input":{"@type":"PropertyValueSpecification","valueRequired":true,"valueName":"search_term_string"}}],"inLanguage":"es"},{"@type":"Organization","@id":"https:\/\/www.esplac.cat\/#organization","name":"Esplac","url":"https:\/\/www.esplac.cat\/","logo":{"@type":"ImageObject","inLanguage":"es","@id":"https:\/\/www.esplac.cat\/#\/schema\/logo\/image\/","url":"https:\/\/www.esplac.cat\/wp-content\/uploads\/2019\/08\/logox2.png","contentUrl":"https:\/\/www.esplac.cat\/wp-content\/uploads\/2019\/08\/logox2.png","width":600,"height":295,"caption":"Esplac"},"image":{"@id":"https:\/\/www.esplac.cat\/#\/schema\/logo\/image\/"}},{"@type":"Person","@id":"https:\/\/www.esplac.cat\/#\/schema\/person\/908383cf240be18b68f8855d0583faca","name":"Comunicaci\u00f3 Esplac","image":{"@type":"ImageObject","inLanguage":"es","@id":"https:\/\/secure.gravatar.com\/avatar\/7a4cf8feb412a76ea4a740ca02d95b06b2907b5a6c648c2dd0a1082a093c3141?s=96&d=mm&r=g","url":"https:\/\/secure.gravatar.com\/avatar\/7a4cf8feb412a76ea4a740ca02d95b06b2907b5a6c648c2dd0a1082a093c3141?s=96&d=mm&r=g","contentUrl":"https:\/\/secure.gravatar.com\/avatar\/7a4cf8feb412a76ea4a740ca02d95b06b2907b5a6c648c2dd0a1082a093c3141?s=96&d=mm&r=g","caption":"Comunicaci\u00f3 Esplac"}}]}},"_links":{"self":[{"href":"https:\/\/www.esplac.cat\/es\/wp-json\/wp\/v2\/posts\/25021","targetHints":{"allow":["GET"]}}],"collection":[{"href":"https:\/\/www.esplac.cat\/es\/wp-json\/wp\/v2\/posts"}],"about":[{"href":"https:\/\/www.esplac.cat\/es\/wp-json\/wp\/v2\/types\/post"}],"author":[{"embeddable":true,"href":"https:\/\/www.esplac.cat\/es\/wp-json\/wp\/v2\/users\/3"}],"replies":[{"embeddable":true,"href":"https:\/\/www.esplac.cat\/es\/wp-json\/wp\/v2\/comments?post=25021"}],"version-history":[{"count":0,"href":"https:\/\/www.esplac.cat\/es\/wp-json\/wp\/v2\/posts\/25021\/revisions"}],"wp:featuredmedia":[{"embeddable":true,"href":"https:\/\/www.esplac.cat\/es\/wp-json\/wp\/v2\/media\/25022"}],"wp:attachment":[{"href":"https:\/\/www.esplac.cat\/es\/wp-json\/wp\/v2\/media?parent=25021"}],"wp:term":[{"taxonomy":"category","embeddable":true,"href":"https:\/\/www.esplac.cat\/es\/wp-json\/wp\/v2\/categories?post=25021"},{"taxonomy":"post_tag","embeddable":true,"href":"https:\/\/www.esplac.cat\/es\/wp-json\/wp\/v2\/tags?post=25021"}],"curies":[{"name":"wp","href":"https:\/\/api.w.org\/{rel}","templated":true}]}}