{"id":25023,"date":"2016-06-22T10:46:46","date_gmt":"2016-06-22T08:46:46","guid":{"rendered":"http:\/\/esplac.cat\/?p=10919"},"modified":"2019-11-14T13:38:36","modified_gmt":"2019-11-14T11:38:36","slug":"coneix-les-protagonistes-del-documental-transformar-educant","status":"publish","type":"post","link":"https:\/\/www.esplac.cat\/es\/coneix-les-protagonistes-del-documental-transformar-educant\/","title":{"rendered":"Coneix les protagonistes del documental \u00abTransformar educant\u00bb"},"content":{"rendered":"<h4>Tres perfils diferents, tots ells vinculats activament a l&#8217;esplai, representaran la realitat dels esplais catalans al documental \u00abTranformar educant\u00bb, que actualment est\u00e0 en fase de pre-producci\u00f3.<\/h4>\n<p><iframe src=\"https:\/\/www.verkami.com\/projects\/14968-transformar-educant-el-documental-dels-esplais-catalans\/widget_landscape\" width=\"586\" height=\"265\" frameborder=\"0\" scrolling=\"no\">No iframes supported<\/iframe><\/p>\n<div id=\"magicdomid5\" class=\"\" style=\"text-align: justify;\"><span class=\"author-g-lamgwshwle8nm209\">Des d\u2019Esplais Catalans estem impulsant un projecte de gran envergadura, que passa per la recuperaci\u00f3 de la mem\u00f2ria hist\u00f2rica dels esplais, copsada en l\u2019<strong>estudi \u201cTransformar educant: Una hist\u00f2ria dels esplais catalans\u201d<\/strong>, i la creaci\u00f3 d\u2019un <strong>documental<\/strong> que generi discurs sobre el present i el futur dels esplais. Per a fer possible l&#8217;edici\u00f3 del llibre i part del documental hem engegat una <a href=\"http:\/\/www.verkami.com\/locale\/ca\/projects\/14968-transformar-educant-el-documental-dels-esplais-catalans\" target=\"_blank\" rel=\"noopener noreferrer\">campanya de micromecenatge<\/a> per a recollir aportacions de tota mena i amb recompenses que no us podeu perdre.<\/span><\/div>\n<div class=\"\" style=\"text-align: justify;\"><\/div>\n<div id=\"magicdomid7\" class=\"\" style=\"text-align: justify;\"><span class=\"author-g-lamgwshwle8nm209\">Aix\u00ed, lluny de fer un retrat de la nostra federaci\u00f3 i el seu funcionament, volem anar m\u00e9s enll\u00e0 i donar imatges a tots aquests valors que encarna el lleure associatiu laic a Catalunya. La productora barcelonina <a href=\"http:\/\/www.camillezonca.com\/\" target=\"_blank\" rel=\"noopener noreferrer\"><strong>Camille Zonca<\/strong><\/a> treballa actualment en l\u2019elaboraci\u00f3 del gui\u00f3 d\u2019aquest projecte, per a encarar els rodatges a l\u2019estiu i poder enllestir la pel\u00b7l\u00edcula a la tardor d\u2019aquest any. El resultat ser\u00e0 un documental amb un format que barreja l\u2019observaci\u00f3 de la realitat i les entrevistes a les protagonistes, aix\u00ed com l\u2019\u00fas d\u2019arxiu hist\u00f2ric i recent, d\u2019uns 30 minuts de durada.\u00a0<\/span><\/div>\n<div class=\"\" style=\"text-align: justify;\"><\/div>\n<div id=\"magicdomid8\" class=\"\" style=\"text-align: justify;\"><\/div>\n<div id=\"magicdomid1243\" class=\"ace-line\" style=\"text-align: justify;\"><span class=\"author-g-lamgwshwle8nm209\">Com podem retratar, per\u00f2, tot el que representa l\u2019esplai? Est\u00e0 clar que \u00e9s una tasca dif\u00edcil i que <strong>un sol retrat mai ser\u00e0 representatiu de la diversitat dels esplais al nostre territori<\/strong>. Tanmateix, el gui\u00f3 el documental ha volgut basar-se en<strong> tres perfils diferents<\/strong> &#8211; i grans pilars de l\u2019esplai &#8211; per mostrar b\u00e9 aquesta riquesa. Aquests perfils tamb\u00e9 ens permeten posar de manifest les diferents etapes de l\u2019esplai, les persones que hi participen des de postures i maneres diferents i les difer\u00e8ncies de fer i ser de cada centre. <strong>Els infants<\/strong>, primers protagonistes de l&#8217;esplai, juntament amb <strong>les monitores i les fam\u00edlies<\/strong>, representen aquest triangle &#8211; o aquesta xarxa &#8211; que dia a dia fa possible un lleure que educa i transforma. Per la import\u00e0ncia que tenen cadascun d&#8217;aquests perfils, conjuntament i de manera separada, creiem oport\u00fa retratar-los i retratar aix\u00ed la seva realitat. L&#8217;infant representa la viv\u00e8ncia primera de l&#8217;esplai; la monitora \u00e9s el puntal actiu que fa possible les activitats de dissabte i els campaments i col\u00f2nies i les fam\u00edlies es volquen en un projecte en el qual confien i amb el que tamb\u00e9 participen activament.\u00a0\u00a0<\/span><\/div>\n<div id=\"magicdomid10\" class=\"\" style=\"text-align: justify;\"><\/div>\n<h4 id=\"magicdomid1547\" class=\"ace-line\" style=\"text-align: justify;\"><span class=\"author-g-lamgwshwle8nm209\">\u00a0\u00a0\u00a0\u00a0\u00a0\u00a0\u00a0 <\/span><span class=\"author-g-lamgwshwle8nm209 b\"><b>Andrea i Lamin (Esplai La Tribu) <\/b><\/span><span class=\"author-g-lamgwshwle8nm209\">| El treball amb les joves i l\u2019arrelament al barri<\/span><\/h4>\n<div id=\"magicdomid144\" class=\"ace-line\" style=\"text-align: justify;\"><span class=\"author-g-lamgwshwle8nm209\">L\u2019Andrea te\u0301 22 anys i ha format part de l\u2019esplai des que en te\u0301 memo\u0300ria.<\/span><\/div>\n<div id=\"magicdomid1550\" class=\"ace-line\" style=\"text-align: justify;\"><span class=\"author-g-lamgwshwle8nm209\">La seva fami\u0301lia ha estat implicada des de sempre en el moviment esplai i l\u2019esplai ha estat des de l\u2019inici, molt implicat al barri on viu l\u2019Andrea. E\u0301s un barri que es va construir amb l\u2019arribada de la immigracio\u0301 espanyola els anys 60 i 70 i que durant molt de temps va ser escenari d\u2019esforc\u0327ades lluites i reivindicacions obreres. Fa uns anys, el barri tambe\u0301 s\u2019ha convertit en l\u2019habitat d\u2019altres immigrants que ara prove- nen sobretot del nord d\u2019A\u0300frica i d\u2019Ame\u0300rica del Sud.<\/span><\/div>\n<div id=\"magicdomid1551\" class=\"ace-line\" style=\"text-align: justify;\"><\/div>\n<div id=\"magicdomid1552\" class=\"ace-line\" style=\"text-align: justify;\"><span class=\"author-g-lamgwshwle8nm209\">Per<strong> l\u2019Andrea<\/strong>, ser monitora d\u2019esplai e\u0301s una manera de fer poli\u0301tica molt en contacte amb el carrer, creu que per canviar les coses s\u2019ha de fer de base i de manera conti\u0301nua. I ho fa cada dissabte, influint en la formacio\u0301 del <strong>grup de joves<\/strong> del que e\u0301s responsable.\u00a0<\/span><\/div>\n<div id=\"magicdomid1553\" class=\"ace-line\" style=\"text-align: justify;\"><\/div>\n<div id=\"magicdomid729\" class=\"ace-line\" style=\"text-align: justify;\"><span class=\"author-g-lamgwshwle8nm209\">En un espai on hi conviuen persones d&#8217;origens tant diferents, l&#8217;esplai \u00e9s un punt neur\u00e0lgic de riquesa i diversitat, i alhora un element molt important per a la cohesi\u00f3 social del barri. Les monitores de La Tribu representen tamb\u00e9 aquestes caracter\u00edstiques i treballen dia a dia amb el carrer com a base i el barri com a punt de trobada i aprenentatge. El grup de joves \u00e9s, doncs, un element clau per a la participaci\u00f3 m\u00e9s enll\u00e0 de l&#8217;esplai (a les festes majors, en activitats diverses, en espais d&#8217;oci&#8230;) i un conjunt representatiu del<strong> barri de Molins de Matar\u00f3<\/strong>.\u00a0\u00a0<\/span><\/div>\n<div id=\"magicdomid733\" class=\"ace-line\" style=\"text-align: justify;\"><span class=\"author-g-lamgwshwle8nm209\"><a href=\"http:\/\/esplac.cat\/wp-content\/uploads\/2016\/06\/Polaroid_Tribu.png\"><img decoding=\"async\" class=\"aligncenter wp-image-10957\" src=\"http:\/\/esplac.cat\/wp-content\/uploads\/2016\/06\/Polaroid_Tribu.png\" alt=\"Polaroid_Tribu\" width=\"656\" height=\"486\" \/><\/a>\u00a0\u00a0\u00a0\u00a0\u00a0\u00a0\u00a0\u00a0\u00a0\u00a0\u00a0\u00a0\u00a0\u00a0\u00a0\u00a0\u00a0\u00a0\u00a0\u00a0\u00a0\u00a0\u00a0\u00a0\u00a0\u00a0\u00a0\u00a0\u00a0\u00a0\u00a0\u00a0\u00a0\u00a0\u00a0\u00a0\u00a0\u00a0<\/span><\/div>\n<div id=\"magicdomid1725\" class=\"ace-line\" style=\"text-align: justify;\"><span class=\"author-g-lamgwshwle8nm209\">En <strong>Lamin<\/strong> sembla que s&#8217;hagi d&#8217;estar a l&#8217;esplai tota la vida. Va comen\u00e7ar als 6 anys com infant i ara ja fa 8 que \u00e9s monitor. \u00c9s la m\u00e0 dreta de tota la resta de monitres, figura imprescindible a l&#8217;assemblea. Com l&#8217;Andrea, est\u00e0 molt arrelat al barri i creu que la millor manera de millorar el lloc on viu \u00e9s transmetre als joves els valors que defensa l&#8217;esplai.\u00a0<\/span><\/div>\n<div id=\"magicdomid136\" class=\"ace-line\" style=\"text-align: justify;\"><span class=\"author-g-lamgwshwle8nm209\">\u00a0 \u00a0 \u00a0 \u00a0 \u00a0 \u00a0 \u00a0 \u00a0 \u00a0 \u00a0 \u00a0 \u00a0 \u00a0\u00a0<\/span><\/div>\n<div id=\"magicdomid137\" class=\"ace-line\" style=\"text-align: justify;\"><span class=\"author-g-lamgwshwle8nm209\">El barri dels Molins e\u0301s el seu camp de batalla.\u00a0<\/span><\/div>\n<div id=\"magicdomid13\" class=\"\" style=\"text-align: justify;\"><\/div>\n<h4 id=\"magicdomid1726\" class=\"ace-line\" style=\"text-align: justify;\"><span class=\"author-g-lamgwshwle8nm209\">\u00a0\u00a0\u00a0\u00a0\u00a0\u00a0\u00a0 <\/span><span class=\"author-g-lamgwshwle8nm209 b\"><b>Dolors i Carles <\/b><\/span><span class=\"author-g-lamgwshwle8nm209\">(<\/span><span class=\"author-g-lamgwshwle8nm209 b\"><b>Esplai Espurna) <\/b><\/span><span class=\"author-g-lamgwshwle8nm209\">| De la fundaci\u00f3 a l\u2019organitzaci\u00f3 de les fam\u00edlies<\/span><\/h4>\n<div id=\"magicdomid215\" class=\"ace-line\" style=\"text-align: justify;\"><span class=\"author-g-lamgwshwle8nm209\">\u00a0\u00a0\u00a0\u00a0\u00a0\u00a0\u00a0\u00a0\u00a0\u00a0\u00a0\u00a0\u00a0\u00a0\u00a0\u00a0\u00a0\u00a0\u00a0\u00a0\u00a0\u00a0\u00a0\u00a0\u00a0\u00a0\u00a0\u00a0\u00a0\u00a0\u00a0\u00a0\u00a0\u00a0\u00a0\u00a0\u00a0\u00a0\u00a0\u00a0\u00a0\u00a0\u00a0\u00a0\u00a0\u00a0\u00a0\u00a0\u00a0\u00a0\u00a0\u00a0\u00a0\u00a0\u00a0\u00a0\u00a0\u00a0\u00a0\u00a0\u00a0\u00a0\u00a0<\/span><\/div>\n<div id=\"magicdomid217\" class=\"ace-line\" style=\"text-align: justify;\"><span class=\"author-g-lamgwshwle8nm209\">La Dolors i el Carles so\u0301n una parella que ha estat relacionada amb el moviment esplai des del 1975 fins l\u2019actualitat, ininterrompudament. Quan tenien 18 anys van decidir, amb una colla d\u2019amics, que volien fer alguna cosa u\u0301til per la societat, implicar-se en el mo\u0301n on vivien. Van decidir que farien un grup d\u2019esplai per als nens del barri on vivien, a Sants, Barcelona. Allo\u0300 va ser l\u2019inici de l\u2019esplai Espurna, un esplai amb 40 anys d\u2019histo\u0300ria que actualment continua essent un actiu del barri i que fins i tot te\u0301 llista d\u2019espera.<\/span><\/div>\n<div class=\"ace-line\"><span class=\"author-g-lamgwshwle8nm209\"><a href=\"http:\/\/esplac.cat\/wp-content\/uploads\/2016\/06\/Espurna_Polaroid.png\"><img decoding=\"async\" class=\"wp-image-10961 alignleft\" src=\"http:\/\/esplac.cat\/wp-content\/uploads\/2016\/06\/Espurna_Polaroid.png\" alt=\"Espurna_Polaroid\" width=\"545\" height=\"423\" \/><\/a><\/span><\/div>\n<div class=\"ace-line\"><\/div>\n<div class=\"ace-line\"><\/div>\n<div class=\"ace-line\"><span class=\"author-g-lamgwshwle8nm209\">Eren molt joves pero\u0300 tenien clars els valors que volien transmetre als infants: la laicitat, el respecte, la col.laboracio\u0301 i la catalanitat, entre d\u2019altres. So\u0301n conscients del que ells van aconseguir aportar a la societat, pero\u0300 sobretot tenen clar que el ser monitor aporta un<a href=\"http:\/\/esplac.cat\/wp-content\/uploads\/2016\/06\/Espurna_Polaroid2.png\"><img decoding=\"async\" class=\"wp-image-10962 alignright\" src=\"http:\/\/esplac.cat\/wp-content\/uploads\/2016\/06\/Espurna_Polaroid2.png\" alt=\"Espurna_Polaroid2\" width=\"512\" height=\"398\" \/><\/a> creixement personal que e\u0301s molt difi\u0301cil de trobar enlloc me\u0301s.\u00a0<\/span><\/div>\n<div id=\"magicdomid205\" class=\"ace-line\" style=\"text-align: justify;\"><span class=\"author-g-lamgwshwle8nm209\">\u00a0\u00a0\u00a0\u00a0\u00a0\u00a0\u00a0\u00a0\u00a0\u00a0\u00a0\u00a0\u00a0\u00a0\u00a0\u00a0\u00a0\u00a0\u00a0<\/span><\/div>\n<div class=\"ace-line\" style=\"text-align: justify;\"><\/div>\n<div class=\"ace-line\" style=\"text-align: justify;\"><\/div>\n<div class=\"ace-line\" style=\"text-align: justify;\"><\/div>\n<div class=\"ace-line\" style=\"text-align: justify;\"><\/div>\n<div class=\"ace-line\" style=\"text-align: justify;\"><\/div>\n<div class=\"ace-line\" style=\"text-align: justify;\"><\/div>\n<div class=\"ace-line\" style=\"text-align: justify;\"><\/div>\n<div class=\"ace-line\" style=\"text-align: justify;\"><span class=\"author-g-lamgwshwle8nm209\">\u00a0\u00a0\u00a0\u00a0\u00a0\u00a0\u00a0\u00a0\u00a0\u00a0\u00a0\u00a0\u00a0\u00a0\u00a0\u00a0\u00a0\u00a0\u00a0\u00a0\u00a0<\/span><\/div>\n<div id=\"magicdomid206\" class=\"ace-line\" style=\"text-align: justify;\"><span class=\"author-g-lamgwshwle8nm209\">Durant 10 anys van ser monitors actius de l\u2019esplai, despre\u0301s van passar a ser pares: els seus quatre fills han anat a l\u2019esplai i gairebe\u0301 tots han sigut monitors durant diversos anys. Actualment, el me\u0301s petit, en Samu, te\u0301 pensat d\u2019anar a fer d\u2019ajudant de monitor durant les colo\u0300nies que l\u2019esplai fa cada estiu. Com que no s\u2019ha pogut implicar com a monitor titular durant tot l\u2019any, aportara\u0300 el seu temps durant les vacances d\u2019estiu per acabar d\u2019escriure un dels darrers capi\u0301tols de la relacio\u0301 de la fami\u0301lia amb l\u2019Espurna.\u00a0<\/span><\/div>\n<div id=\"magicdomid207\" class=\"ace-line\" style=\"text-align: justify;\"><span class=\"author-g-lamgwshwle8nm209\">\u00a0\u00a0\u00a0\u00a0\u00a0\u00a0\u00a0\u00a0\u00a0\u00a0\u00a0\u00a0\u00a0\u00a0\u00a0\u00a0\u00a0\u00a0\u00a0\u00a0\u00a0\u00a0\u00a0\u00a0\u00a0\u00a0\u00a0\u00a0\u00a0\u00a0\u00a0\u00a0\u00a0\u00a0\u00a0\u00a0\u00a0\u00a0\u00a0\u00a0<\/span><\/div>\n<div id=\"magicdomid208\" class=\"ace-line\" style=\"text-align: justify;\"><span class=\"author-g-lamgwshwle8nm209\">Tant el Carles com la Dolors es van dedicar professionalment a la doce\u0300ncia: els dos fan de mestres en escoles de prima\u0300ria.\u00a0<\/span><\/div>\n<div id=\"magicdomid209\" class=\"ace-line\" style=\"text-align: justify;\"><span class=\"author-g-lamgwshwle8nm209\">\u00a0\u00a0\u00a0\u00a0\u00a0\u00a0\u00a0\u00a0\u00a0\u00a0\u00a0\u00a0\u00a0\u00a0\u00a0\u00a0\u00a0\u00a0\u00a0\u00a0\u00a0\u00a0\u00a0\u00a0\u00a0\u00a0\u00a0\u00a0\u00a0\u00a0\u00a0\u00a0<\/span><\/div>\n<div id=\"magicdomid223\" class=\"ace-line\" style=\"text-align: justify;\"><span class=\"author-g-lamgwshwle8nm209\">\u00a0\u00a0\u00a0\u00a0<\/span><\/div>\n<div class=\"ace-line\" style=\"text-align: justify;\"><\/div>\n<h4 id=\"magicdomid69\" class=\"ace-line\" style=\"text-align: justify;\"><span class=\"author-g-lamgwshwle8nm209\">\u00a0\u00a0\u00a0\u00a0\u00a0\u00a0<strong>\u00a0 Anna i Berta<\/strong> (<\/span><span class=\"author-g-lamgwshwle8nm209 b\"><b>Esplai Roques-Albes)<\/b><\/span><span class=\"author-g-lamgwshwle8nm209\"> | Inf\u00e0ncia: viv\u00e8ncies i relleu<\/span><\/h4>\n<div id=\"magicdomid114\" class=\"ace-line\" style=\"text-align: justify;\"><\/div>\n<div id=\"magicdomid105\" class=\"ace-line\" style=\"text-align: justify;\"><span class=\"author-g-lamgwshwle8nm209\">L\u2019<strong>Anna i la Berta<\/strong> son dues germanes de <strong>Sallent<\/strong>, al Bages, que estan boges per l&#8217;esplai. L\u2019Anna ja te\u0301 12 anys i va ser la pionera. La Berta, des de sempre, ha volgut anar-hi. Ara ja e\u0301s el segon any i fins i tot ja va anar de campaments l\u2019estiu passat.\u00a0<\/span><\/div>\n<div class=\"ace-line\" style=\"text-align: justify;\"><\/div>\n<div id=\"magicdomid116\" class=\"ace-line\" style=\"text-align: justify;\"><span class=\"author-g-lamgwshwle8nm209\">Per a elles els campaments que fan a l\u2019esplai Roques Albes e\u0301s el millor moment de l\u2019any: se\u2019n van una colla de 50 infants i joves amb una desena de monitores a viure 12 dies en una tenda de campanya, al mig de la muntanya.\u00a0<\/span><\/div>\n<div class=\"ace-line\" style=\"text-align: justify;\"><span class=\"author-g-lamgwshwle8nm209\">\u00a0 \u00a0 \u00a0 \u00a0 \u00a0\u00a0<\/span><\/div>\n<div id=\"magicdomid78\" class=\"ace-line\" style=\"text-align: justify;\"><span class=\"author-g-lamgwshwle8nm209\">Tant per l\u2019Anna com per la Berta, les seves monitores son les seves heroi\u0308nes: n\u2019hi ha que estudien per ser metgesses, n\u2019hi ha que saben tocar la guitarra. So\u0301n els seus companys i punts de refere\u0300ncia. Per aixo\u0300 l\u2019Anna te\u0301 molt clar que quan faci els 18 anys sera\u0300 monitora: per ensenyar a altres infants els valors que ella ha apre\u0300s a l\u2019esplai.\u00a0<\/span><\/div>\n<div class=\"ace-line\" style=\"text-align: justify;\"><\/div>\n<div class=\"ace-line\" style=\"text-align: justify;\"><\/div>\n<div class=\"ace-line\" style=\"text-align: justify;\"><span class=\"author-g-lamgwshwle8nm209\"><a href=\"http:\/\/esplac.cat\/wp-content\/uploads\/2016\/06\/RoquesAlbes_Polaroid.png\"><img decoding=\"async\" class=\"aligncenter wp-image-10959\" src=\"http:\/\/esplac.cat\/wp-content\/uploads\/2016\/06\/RoquesAlbes_Polaroid.png\" alt=\"RoquesAlbes_Polaroid\" width=\"456\" height=\"354\" \/><\/a><\/span><\/div>\n<div class=\"ace-line\" style=\"text-align: justify;\"><\/div>\n<div class=\"ace-line\" style=\"text-align: justify;\">\n<hr \/>\n<\/div>\n<div class=\"ace-line\" style=\"text-align: justify;\"><\/div>\n<div class=\"ace-line\" style=\"text-align: justify;\">Al llarg d&#8217;aquest estiu, l&#8217;equip de Camille Zonca far\u00e0 un s<strong>eguiment d&#8217;aquests personatges<\/strong> en activitats diferents i representatives de l&#8217;esplai. El documental, per tant, contar\u00e0 amb un retrat d&#8217;uns campaments, de l&#8217;organitzaci\u00f3 d&#8217;unes festes majors o la trobada amb antics fundadors d&#8217;un esplai i la participaci\u00f3 de les fam\u00edlies en el quotidi\u00e0 esplaiero. La nostra intenci\u00f3, doncs, \u00e9s la d&#8217;aconseguir <strong>una<\/strong> <strong>visi\u00f3 global de totes aquestes peces que conformen la nostra realitat.<\/strong><\/div>\n<div class=\"ace-line\" style=\"text-align: justify;\"><\/div>\n<div class=\"ace-line\" style=\"text-align: justify;\">Seguiu el projecte al <a href=\"http:\/\/esplac.cat\/transformar-educant\/\" target=\"_blank\" rel=\"noopener noreferrer\">nostre web<\/a> i a les xarxes, buscant l&#8217;etiqueta <strong>#TransformarEducant.<\/strong> Encara teniu uns dies per a <strong>col\u00b7laborar amb la <a href=\"http:\/\/www.verkami.com\/projects\/14968-transformar-educant-el-documental-dels-esplais-catalans\" target=\"_blank\" rel=\"noopener noreferrer\">campanya de Verkami<\/a> <\/strong>per a fer possible l&#8217;edici\u00f3 del llibre i el documental entre totes!<\/div>\n<div class=\"ace-line\" style=\"text-align: justify;\"><\/div>\n<div class=\"ace-line\" style=\"text-align: justify;\"><\/div>\n<div class=\"ace-line\" style=\"text-align: justify;\">\u00a0<span class=\"author-g-lamgwshwle8nm209\">\u00a0\u00a0\u00a0\u00a0\u00a0\u00a0\u00a0\u00a0\u00a0\u00a0\u00a0\u00a0\u00a0\u00a0\u00a0\u00a0\u00a0\u00a0\u00a0\u00a0\u00a0\u00a0<\/span><\/div>\n","protected":false},"excerpt":{"rendered":"<p>Tres perfils diferents, tots ells vinculats activament a l&#8217;esplai, representaran [&hellip;]<\/p>\n","protected":false},"author":3,"featured_media":25024,"comment_status":"closed","ping_status":"open","sticky":false,"template":"","format":"standard","meta":{"om_disable_all_campaigns":false,"_monsterinsights_skip_tracking":false,"_monsterinsights_sitenote_active":false,"_monsterinsights_sitenote_note":"","_monsterinsights_sitenote_category":0,"_uf_show_specific_survey":0,"_uf_disable_surveys":false,"footnotes":""},"categories":[1167,1,1142],"tags":[],"class_list":["post-25023","post","type-post","status-publish","format-standard","has-post-thumbnail","hentry","category-infancia","category-sense-categoria","category-transformar-educant-historia-dels-esplais"],"yoast_head":"<!-- This site is optimized with the Yoast SEO plugin v27.4 - https:\/\/yoast.com\/product\/yoast-seo-wordpress\/ -->\n<title>Coneix les protagonistes del documental &quot;Transformar educant&quot; - Esplac<\/title>\n<meta name=\"robots\" content=\"index, follow, max-snippet:-1, max-image-preview:large, max-video-preview:-1\" \/>\n<link rel=\"canonical\" href=\"https:\/\/www.esplac.cat\/coneix-les-protagonistes-del-documental-transformar-educant\/\" \/>\n<meta property=\"og:locale\" content=\"es_ES\" \/>\n<meta property=\"og:type\" content=\"article\" \/>\n<meta property=\"og:title\" content=\"Coneix les protagonistes del documental &quot;Transformar educant&quot; - Esplac\" \/>\n<meta property=\"og:description\" content=\"Tres perfils diferents, tots ells vinculats activament a l&#8217;esplai, representaran [&hellip;]\" \/>\n<meta property=\"og:url\" content=\"https:\/\/www.esplac.cat\/coneix-les-protagonistes-del-documental-transformar-educant\/\" \/>\n<meta property=\"og:site_name\" content=\"Esplac\" \/>\n<meta property=\"article:published_time\" content=\"2016-06-22T08:46:46+00:00\" \/>\n<meta property=\"article:modified_time\" content=\"2019-11-14T11:38:36+00:00\" \/>\n<meta property=\"og:image\" content=\"https:\/\/www.esplac.cat\/wp-content\/uploads\/2016\/06\/Portada_Final-1.jpg\" \/>\n\t<meta property=\"og:image:width\" content=\"847\" \/>\n\t<meta property=\"og:image:height\" content=\"350\" \/>\n\t<meta property=\"og:image:type\" content=\"image\/jpeg\" \/>\n<meta name=\"author\" content=\"Comunicaci\u00f3 Esplac\" \/>\n<meta name=\"twitter:card\" content=\"summary_large_image\" \/>\n<meta name=\"twitter:label1\" content=\"Escrito por\" \/>\n\t<meta name=\"twitter:data1\" content=\"Comunicaci\u00f3 Esplac\" \/>\n\t<meta name=\"twitter:label2\" content=\"Tiempo de lectura\" \/>\n\t<meta name=\"twitter:data2\" content=\"7 minutos\" \/>\n<script type=\"application\/ld+json\" class=\"yoast-schema-graph\">{\"@context\":\"https:\\\/\\\/schema.org\",\"@graph\":[{\"@type\":\"Article\",\"@id\":\"https:\\\/\\\/www.esplac.cat\\\/coneix-les-protagonistes-del-documental-transformar-educant\\\/#article\",\"isPartOf\":{\"@id\":\"https:\\\/\\\/www.esplac.cat\\\/coneix-les-protagonistes-del-documental-transformar-educant\\\/\"},\"author\":{\"name\":\"Comunicaci\u00f3 Esplac\",\"@id\":\"https:\\\/\\\/www.esplac.cat\\\/#\\\/schema\\\/person\\\/908383cf240be18b68f8855d0583faca\"},\"headline\":\"Coneix les protagonistes del documental \u00abTransformar educant\u00bb\",\"datePublished\":\"2016-06-22T08:46:46+00:00\",\"dateModified\":\"2019-11-14T11:38:36+00:00\",\"mainEntityOfPage\":{\"@id\":\"https:\\\/\\\/www.esplac.cat\\\/coneix-les-protagonistes-del-documental-transformar-educant\\\/\"},\"wordCount\":1418,\"publisher\":{\"@id\":\"https:\\\/\\\/www.esplac.cat\\\/#organization\"},\"image\":{\"@id\":\"https:\\\/\\\/www.esplac.cat\\\/coneix-les-protagonistes-del-documental-transformar-educant\\\/#primaryimage\"},\"thumbnailUrl\":\"https:\\\/\\\/www.esplac.cat\\\/wp-content\\\/uploads\\\/2016\\\/06\\\/Portada_Final-1.jpg\",\"articleSection\":[\"Inf\u00e0ncia i Esplaiada\",\"Sense categoria\",\"Transformar educant: hist\u00f2ria dels esplais\"],\"inLanguage\":\"es\"},{\"@type\":\"WebPage\",\"@id\":\"https:\\\/\\\/www.esplac.cat\\\/coneix-les-protagonistes-del-documental-transformar-educant\\\/\",\"url\":\"https:\\\/\\\/www.esplac.cat\\\/coneix-les-protagonistes-del-documental-transformar-educant\\\/\",\"name\":\"Coneix les protagonistes del documental \\\"Transformar educant\\\" - Esplac\",\"isPartOf\":{\"@id\":\"https:\\\/\\\/www.esplac.cat\\\/#website\"},\"primaryImageOfPage\":{\"@id\":\"https:\\\/\\\/www.esplac.cat\\\/coneix-les-protagonistes-del-documental-transformar-educant\\\/#primaryimage\"},\"image\":{\"@id\":\"https:\\\/\\\/www.esplac.cat\\\/coneix-les-protagonistes-del-documental-transformar-educant\\\/#primaryimage\"},\"thumbnailUrl\":\"https:\\\/\\\/www.esplac.cat\\\/wp-content\\\/uploads\\\/2016\\\/06\\\/Portada_Final-1.jpg\",\"datePublished\":\"2016-06-22T08:46:46+00:00\",\"dateModified\":\"2019-11-14T11:38:36+00:00\",\"breadcrumb\":{\"@id\":\"https:\\\/\\\/www.esplac.cat\\\/coneix-les-protagonistes-del-documental-transformar-educant\\\/#breadcrumb\"},\"inLanguage\":\"es\",\"potentialAction\":[{\"@type\":\"ReadAction\",\"target\":[\"https:\\\/\\\/www.esplac.cat\\\/coneix-les-protagonistes-del-documental-transformar-educant\\\/\"]}]},{\"@type\":\"ImageObject\",\"inLanguage\":\"es\",\"@id\":\"https:\\\/\\\/www.esplac.cat\\\/coneix-les-protagonistes-del-documental-transformar-educant\\\/#primaryimage\",\"url\":\"https:\\\/\\\/www.esplac.cat\\\/wp-content\\\/uploads\\\/2016\\\/06\\\/Portada_Final-1.jpg\",\"contentUrl\":\"https:\\\/\\\/www.esplac.cat\\\/wp-content\\\/uploads\\\/2016\\\/06\\\/Portada_Final-1.jpg\",\"width\":847,\"height\":350},{\"@type\":\"BreadcrumbList\",\"@id\":\"https:\\\/\\\/www.esplac.cat\\\/coneix-les-protagonistes-del-documental-transformar-educant\\\/#breadcrumb\",\"itemListElement\":[{\"@type\":\"ListItem\",\"position\":1,\"name\":\"Inici\",\"item\":\"https:\\\/\\\/www.esplac.cat\\\/es\\\/\"},{\"@type\":\"ListItem\",\"position\":2,\"name\":\"Coneix les protagonistes del documental &#8220;Transformar educant&#8221;\"}]},{\"@type\":\"WebSite\",\"@id\":\"https:\\\/\\\/www.esplac.cat\\\/#website\",\"url\":\"https:\\\/\\\/www.esplac.cat\\\/\",\"name\":\"Esplac\",\"description\":\"Esplais Catalans\",\"publisher\":{\"@id\":\"https:\\\/\\\/www.esplac.cat\\\/#organization\"},\"potentialAction\":[{\"@type\":\"SearchAction\",\"target\":{\"@type\":\"EntryPoint\",\"urlTemplate\":\"https:\\\/\\\/www.esplac.cat\\\/?s={search_term_string}\"},\"query-input\":{\"@type\":\"PropertyValueSpecification\",\"valueRequired\":true,\"valueName\":\"search_term_string\"}}],\"inLanguage\":\"es\"},{\"@type\":\"Organization\",\"@id\":\"https:\\\/\\\/www.esplac.cat\\\/#organization\",\"name\":\"Esplac\",\"url\":\"https:\\\/\\\/www.esplac.cat\\\/\",\"logo\":{\"@type\":\"ImageObject\",\"inLanguage\":\"es\",\"@id\":\"https:\\\/\\\/www.esplac.cat\\\/#\\\/schema\\\/logo\\\/image\\\/\",\"url\":\"https:\\\/\\\/www.esplac.cat\\\/wp-content\\\/uploads\\\/2019\\\/08\\\/logox2.png\",\"contentUrl\":\"https:\\\/\\\/www.esplac.cat\\\/wp-content\\\/uploads\\\/2019\\\/08\\\/logox2.png\",\"width\":600,\"height\":295,\"caption\":\"Esplac\"},\"image\":{\"@id\":\"https:\\\/\\\/www.esplac.cat\\\/#\\\/schema\\\/logo\\\/image\\\/\"}},{\"@type\":\"Person\",\"@id\":\"https:\\\/\\\/www.esplac.cat\\\/#\\\/schema\\\/person\\\/908383cf240be18b68f8855d0583faca\",\"name\":\"Comunicaci\u00f3 Esplac\",\"image\":{\"@type\":\"ImageObject\",\"inLanguage\":\"es\",\"@id\":\"https:\\\/\\\/secure.gravatar.com\\\/avatar\\\/7a4cf8feb412a76ea4a740ca02d95b06b2907b5a6c648c2dd0a1082a093c3141?s=96&d=mm&r=g\",\"url\":\"https:\\\/\\\/secure.gravatar.com\\\/avatar\\\/7a4cf8feb412a76ea4a740ca02d95b06b2907b5a6c648c2dd0a1082a093c3141?s=96&d=mm&r=g\",\"contentUrl\":\"https:\\\/\\\/secure.gravatar.com\\\/avatar\\\/7a4cf8feb412a76ea4a740ca02d95b06b2907b5a6c648c2dd0a1082a093c3141?s=96&d=mm&r=g\",\"caption\":\"Comunicaci\u00f3 Esplac\"}}]}<\/script>\n<!-- \/ Yoast SEO plugin. -->","yoast_head_json":{"title":"Coneix les protagonistes del documental \"Transformar educant\" - Esplac","robots":{"index":"index","follow":"follow","max-snippet":"max-snippet:-1","max-image-preview":"max-image-preview:large","max-video-preview":"max-video-preview:-1"},"canonical":"https:\/\/www.esplac.cat\/coneix-les-protagonistes-del-documental-transformar-educant\/","og_locale":"es_ES","og_type":"article","og_title":"Coneix les protagonistes del documental \"Transformar educant\" - Esplac","og_description":"Tres perfils diferents, tots ells vinculats activament a l&#8217;esplai, representaran [&hellip;]","og_url":"https:\/\/www.esplac.cat\/coneix-les-protagonistes-del-documental-transformar-educant\/","og_site_name":"Esplac","article_published_time":"2016-06-22T08:46:46+00:00","article_modified_time":"2019-11-14T11:38:36+00:00","og_image":[{"width":847,"height":350,"url":"https:\/\/www.esplac.cat\/wp-content\/uploads\/2016\/06\/Portada_Final-1.jpg","type":"image\/jpeg"}],"author":"Comunicaci\u00f3 Esplac","twitter_card":"summary_large_image","twitter_misc":{"Escrito por":"Comunicaci\u00f3 Esplac","Tiempo de lectura":"7 minutos"},"schema":{"@context":"https:\/\/schema.org","@graph":[{"@type":"Article","@id":"https:\/\/www.esplac.cat\/coneix-les-protagonistes-del-documental-transformar-educant\/#article","isPartOf":{"@id":"https:\/\/www.esplac.cat\/coneix-les-protagonistes-del-documental-transformar-educant\/"},"author":{"name":"Comunicaci\u00f3 Esplac","@id":"https:\/\/www.esplac.cat\/#\/schema\/person\/908383cf240be18b68f8855d0583faca"},"headline":"Coneix les protagonistes del documental \u00abTransformar educant\u00bb","datePublished":"2016-06-22T08:46:46+00:00","dateModified":"2019-11-14T11:38:36+00:00","mainEntityOfPage":{"@id":"https:\/\/www.esplac.cat\/coneix-les-protagonistes-del-documental-transformar-educant\/"},"wordCount":1418,"publisher":{"@id":"https:\/\/www.esplac.cat\/#organization"},"image":{"@id":"https:\/\/www.esplac.cat\/coneix-les-protagonistes-del-documental-transformar-educant\/#primaryimage"},"thumbnailUrl":"https:\/\/www.esplac.cat\/wp-content\/uploads\/2016\/06\/Portada_Final-1.jpg","articleSection":["Inf\u00e0ncia i Esplaiada","Sense categoria","Transformar educant: hist\u00f2ria dels esplais"],"inLanguage":"es"},{"@type":"WebPage","@id":"https:\/\/www.esplac.cat\/coneix-les-protagonistes-del-documental-transformar-educant\/","url":"https:\/\/www.esplac.cat\/coneix-les-protagonistes-del-documental-transformar-educant\/","name":"Coneix les protagonistes del documental \"Transformar educant\" - Esplac","isPartOf":{"@id":"https:\/\/www.esplac.cat\/#website"},"primaryImageOfPage":{"@id":"https:\/\/www.esplac.cat\/coneix-les-protagonistes-del-documental-transformar-educant\/#primaryimage"},"image":{"@id":"https:\/\/www.esplac.cat\/coneix-les-protagonistes-del-documental-transformar-educant\/#primaryimage"},"thumbnailUrl":"https:\/\/www.esplac.cat\/wp-content\/uploads\/2016\/06\/Portada_Final-1.jpg","datePublished":"2016-06-22T08:46:46+00:00","dateModified":"2019-11-14T11:38:36+00:00","breadcrumb":{"@id":"https:\/\/www.esplac.cat\/coneix-les-protagonistes-del-documental-transformar-educant\/#breadcrumb"},"inLanguage":"es","potentialAction":[{"@type":"ReadAction","target":["https:\/\/www.esplac.cat\/coneix-les-protagonistes-del-documental-transformar-educant\/"]}]},{"@type":"ImageObject","inLanguage":"es","@id":"https:\/\/www.esplac.cat\/coneix-les-protagonistes-del-documental-transformar-educant\/#primaryimage","url":"https:\/\/www.esplac.cat\/wp-content\/uploads\/2016\/06\/Portada_Final-1.jpg","contentUrl":"https:\/\/www.esplac.cat\/wp-content\/uploads\/2016\/06\/Portada_Final-1.jpg","width":847,"height":350},{"@type":"BreadcrumbList","@id":"https:\/\/www.esplac.cat\/coneix-les-protagonistes-del-documental-transformar-educant\/#breadcrumb","itemListElement":[{"@type":"ListItem","position":1,"name":"Inici","item":"https:\/\/www.esplac.cat\/es\/"},{"@type":"ListItem","position":2,"name":"Coneix les protagonistes del documental &#8220;Transformar educant&#8221;"}]},{"@type":"WebSite","@id":"https:\/\/www.esplac.cat\/#website","url":"https:\/\/www.esplac.cat\/","name":"Esplac","description":"Esplais Catalans","publisher":{"@id":"https:\/\/www.esplac.cat\/#organization"},"potentialAction":[{"@type":"SearchAction","target":{"@type":"EntryPoint","urlTemplate":"https:\/\/www.esplac.cat\/?s={search_term_string}"},"query-input":{"@type":"PropertyValueSpecification","valueRequired":true,"valueName":"search_term_string"}}],"inLanguage":"es"},{"@type":"Organization","@id":"https:\/\/www.esplac.cat\/#organization","name":"Esplac","url":"https:\/\/www.esplac.cat\/","logo":{"@type":"ImageObject","inLanguage":"es","@id":"https:\/\/www.esplac.cat\/#\/schema\/logo\/image\/","url":"https:\/\/www.esplac.cat\/wp-content\/uploads\/2019\/08\/logox2.png","contentUrl":"https:\/\/www.esplac.cat\/wp-content\/uploads\/2019\/08\/logox2.png","width":600,"height":295,"caption":"Esplac"},"image":{"@id":"https:\/\/www.esplac.cat\/#\/schema\/logo\/image\/"}},{"@type":"Person","@id":"https:\/\/www.esplac.cat\/#\/schema\/person\/908383cf240be18b68f8855d0583faca","name":"Comunicaci\u00f3 Esplac","image":{"@type":"ImageObject","inLanguage":"es","@id":"https:\/\/secure.gravatar.com\/avatar\/7a4cf8feb412a76ea4a740ca02d95b06b2907b5a6c648c2dd0a1082a093c3141?s=96&d=mm&r=g","url":"https:\/\/secure.gravatar.com\/avatar\/7a4cf8feb412a76ea4a740ca02d95b06b2907b5a6c648c2dd0a1082a093c3141?s=96&d=mm&r=g","contentUrl":"https:\/\/secure.gravatar.com\/avatar\/7a4cf8feb412a76ea4a740ca02d95b06b2907b5a6c648c2dd0a1082a093c3141?s=96&d=mm&r=g","caption":"Comunicaci\u00f3 Esplac"}}]}},"_links":{"self":[{"href":"https:\/\/www.esplac.cat\/es\/wp-json\/wp\/v2\/posts\/25023","targetHints":{"allow":["GET"]}}],"collection":[{"href":"https:\/\/www.esplac.cat\/es\/wp-json\/wp\/v2\/posts"}],"about":[{"href":"https:\/\/www.esplac.cat\/es\/wp-json\/wp\/v2\/types\/post"}],"author":[{"embeddable":true,"href":"https:\/\/www.esplac.cat\/es\/wp-json\/wp\/v2\/users\/3"}],"replies":[{"embeddable":true,"href":"https:\/\/www.esplac.cat\/es\/wp-json\/wp\/v2\/comments?post=25023"}],"version-history":[{"count":0,"href":"https:\/\/www.esplac.cat\/es\/wp-json\/wp\/v2\/posts\/25023\/revisions"}],"wp:featuredmedia":[{"embeddable":true,"href":"https:\/\/www.esplac.cat\/es\/wp-json\/wp\/v2\/media\/25024"}],"wp:attachment":[{"href":"https:\/\/www.esplac.cat\/es\/wp-json\/wp\/v2\/media?parent=25023"}],"wp:term":[{"taxonomy":"category","embeddable":true,"href":"https:\/\/www.esplac.cat\/es\/wp-json\/wp\/v2\/categories?post=25023"},{"taxonomy":"post_tag","embeddable":true,"href":"https:\/\/www.esplac.cat\/es\/wp-json\/wp\/v2\/tags?post=25023"}],"curies":[{"name":"wp","href":"https:\/\/api.w.org\/{rel}","templated":true}]}}