{"id":25037,"date":"2016-06-22T10:37:30","date_gmt":"2016-06-22T08:37:30","guid":{"rendered":"http:\/\/esplac.cat\/?p=10967"},"modified":"2019-10-15T18:16:41","modified_gmt":"2019-10-15T16:16:41","slug":"bona-practica-la-fera-dorm-al-carrer-campanya-reivindicativa-per-un-local","status":"publish","type":"post","link":"https:\/\/www.esplac.cat\/es\/bona-practica-la-fera-dorm-al-carrer-campanya-reivindicativa-per-un-local\/","title":{"rendered":"Bona Pr\u00e0ctica: \u00abLa Fera dorm al carrer\u00bb Campanya reivindicativa per un local"},"content":{"rendered":"<h4 align=\"JUSTIFY\">L\u2019esplai la Fera va realitzar una campanya reivindicativa per aconseguir un local on desenvolupar la seva tasca. Conjuntament infants, fam\u00edlies i monis van realitzar actes i treballar per fer-se visibles i aconseguir un espai.<\/h4>\n<p align=\"JUSTIFY\">\u00c9s molt important que els esplais guadim d\u2019un espai de refer\u00e8ncia per poder dur a terme la nostre tasca educativa. Tamb\u00e9 \u00e9s important que l\u2019Administraci\u00f3 reconegui tot el treball i l\u2019agent educatiu que som a trav\u00e9s de la cessi\u00f3 d\u2019espais i la realitzaci\u00f3 de convenis per poder oferir una estabilitat a l\u2019entitat. <strong>Tant els infants com els i les monis necessitem un espai que sigui nostre, que doni resposta a les nostres necessitats i realitat, adaptat als infants i joves!<\/strong><\/p>\n<p align=\"JUSTIFY\">Les monis de l&#8217;esplai la Fera ens expliquen la seva experi\u00e8ncia:<\/p>\n<p align=\"JUSTIFY\"><em>Despr\u00e9s de 3 anys fent esplai al barri de Poblenou de Terrassa i passar de 10 a 70 infants, ens vam trobar amb la necessitat de tenir un espai propi. Un espai on infants, fam\u00edlies i monis poguessin fer-se\u2019l i sentir-se\u2019l seu, on poguessin cr\u00e9ixer, sentir, estimar&#8230; <\/em><\/p>\n<p align=\"JUSTIFY\"><em>D\u2019aquesta necessitat va n\u00e9ixer la \u201cComi Locals\u201d, encarregada de fer una recerca de possibles propostes, tant d\u2019espais f\u00edsics com de recolzaments externs. M\u00e9s d\u2019un any de recerca i contactes i segu\u00edem en el mateix punt de partida, aix\u00f2 s\u00ed, sabent per\u00f2 que l\u2019Administraci\u00f3 ens havia esquivat en tot moment. Va ser en aquest punt que vam decidir engegar #laferadormalcarrer, una campanya reivindicativa que tenia com a objectiu donar veu de la situaci\u00f3, conscienciant de la import\u00e0ncia de tenir un espai on realitzar la nostra activitat. <\/em><\/p>\n<p align=\"JUSTIFY\"><em>Des del minut 1 es va treballar conjuntament amb infants, fam\u00edlies i monis. A grans trets, la campanya i mobilitzaci\u00f3 reivindicativa, va estar basada en les seg\u00fcents accions:<\/em><\/p>\n<ol>\n<li>\n<p align=\"JUSTIFY\"><em><strong>Difusi\u00f3<\/strong><strong> de la campanya<\/strong> a trav\u00e9s de les xarxes socials i de marxandatge. L\u2019eina de promoci\u00f3 m\u00e9s eficient va ser la nostra <a href=\"https:\/\/www.facebook.com\/laferadormalcarrer\/?fref=ts\" target=\"_blank\" rel=\"noopener noreferrer\">p\u00e0gina de Facebook,<\/a> destinada a compartir el proc\u00e9s, per\u00f2 tamb\u00e9 a ser un altaveu en la lluita de les entitats de lleure i associatives. <\/em><\/p>\n<\/li>\n<\/ol>\n<ol start=\"2\">\n<li>\n<p align=\"JUSTIFY\"><em><strong>Expansi\u00f3 i col\u00b7laboraci\u00f3 amb el teixit associatiu <\/strong>de la ciutat i comarca. Les relacions externes van ser un punt clau en la mobilitzaci\u00f3. Al llarg de l\u2019any, es van teixir relacions, es va participar d\u2019espais i d\u2019intercanvis, de festes locals i actes reivindicatius vinculats amb l\u2019educaci\u00f3. La relaci\u00f3 amb altres entitats va ser la manera d\u2019obtenir suports i donar a con\u00e8ixer la nostra situaci\u00f3. <\/em><\/p>\n<\/li>\n<li>\n<p align=\"JUSTIFY\"><em><strong>Realitzaci\u00f3 d\u2019una gran Trobada reivindicativa<\/strong> convidant a tots els esplais del sector i de la nostra ciutat. Va ser un dia per emmarcar: la pla\u00e7a plena d\u2019infants, jugant, rient i reivindicant un espai per a elles mateixes. La trobada, va estar plegada de simbolisme, com una lectura del manifest i una manifestaci\u00f3 pels carrers de la ciutat, acabant a l\u2019Ajuntament. <\/em><\/p>\n<\/li>\n<li>\n<p align=\"JUSTIFY\"><em><strong>Treball de sensibilitzaci\u00f3 transversal amb infants i fam\u00edlies<\/strong>. Al llarg de l\u2019any es van crear espais entre monis, fam\u00edlies i infants per treballar el tema, agafar propostes i participar de la campanya. Entre aquests espais, hi havia un centre d\u2019inter\u00e8s que girava entorn al tema, dissabtes tem\u00e0tics i la comparsa en la Rua de Carnestoltes, carregada de simbolisme i reivindicaci\u00f3.<\/em><\/p>\n<\/li>\n<li>\n<p align=\"JUSTIFY\"><em><strong>L\u2019elaboraci\u00f3 d\u2019un projecte<\/strong> va ser clau per explicar els motius de la nostra demanda, i qu\u00e8 ens havia portat a engegar la campanya. No desaprofit\u00e0vem cap oportunitat per fer arribar al projecte a l\u2019Administraci\u00f3, principal responsable en la recerca de solucions. <\/em><\/p>\n<\/li>\n<li>\n<p align=\"JUSTIFY\"><em><strong>Participaci\u00f3 i veu en actes pol\u00edtics<\/strong>. Des del primer moment, un dels objectius principals de la campanya va ser estar dins l\u2019agenda pol\u00edtica local. Aix\u00f2 es va aconseguir a base de parlar amb partits pol\u00edtics de la ciutat i de participar en debats o espais.<\/em><em><a name=\"docs-internal-guid-23601480-52fc-06ed-ea75-4bf9a89620dc\"><\/a><\/em><\/p>\n<\/li>\n<\/ol>\n<p align=\"JUSTIFY\"><em>Qu\u00e8 hem aconseguit amb la campanya?<\/em><\/p>\n<p align=\"JUSTIFY\"><em>Malgrat estar encara a l\u2019espera d\u2019un local, s\u2019ha aconseguit captar l\u2019atenci\u00f3 de l\u2019Administraci\u00f3 i la seva implicaci\u00f3. L\u2019Ajuntament s\u2019ha comprom\u00e8s a dotar-nos de recursos econ\u00f2mics en l\u2019arrendament d\u2019un espai. En l\u2019\u00faltim any, hem tingut moltes possibilitats d\u2019aconseguir el local, per\u00f2 en \u00faltima inst\u00e0ncia, sempre ha fallat alguna cosa. <\/em><\/p>\n<p align=\"JUSTIFY\"><em>Ara fa 1 any d\u2019aquella festa i, sense haver deixat de reivindicar la necessitat, despr\u00e9s de moltes reunions, recerques de locals, escrits a mitjans de comunicaci\u00f3, altres actes reivindicatius&#8230; <strong>sembla que #laferadormalcarrer est\u00e0 a punt d\u2019aconseguir el seu objectiu, UN LOCAL! <\/strong><\/em><\/p>\n<p align=\"JUSTIFY\"><em>Tot i aix\u00ed, des de l\u2019equip de monis de La Fera no volem que aix\u00f2 mori aqu\u00ed, i seguirem reivindicant un local digne per a tots aquells esplais que no el tinguin! Animem a tots aquells esplais que ho necessitin, que engeguin la lluita per reivindicar el seu propi espai. Teixir xarxes, empoderar infants i fam\u00edlies en la lluita i no perdre les forces s\u00f3n claus d\u2019\u00e8xit!!!<\/em><\/p>\n<p align=\"JUSTIFY\">A la web d\u2019Esplac podeu trobar un <a href=\"http:\/\/esplac.cat\/assac\/documents\/document_i_web368.pdf\" target=\"_blank\" rel=\"noopener noreferrer\">model conveni<\/a> per tal de treballar-lo amb la persona o entitat que us cedeix l\u2019espai. A m\u00e9s a m\u00e9s, el Grup de Treball d&#8217;espais p\u00fablics i locals dels esplais, creat per elaborar un discurs pedag\u00f2gic i reivindicatiu, ha fet un <a href=\"http:\/\/esplac.cat\/wp-content\/uploads\/2016\/05\/20160511_LocalsEspaiPublic_Document_comp.pdf\" target=\"_blank\" rel=\"noopener noreferrer\">document<\/a> on es parla i es treballa sobre aquests temes.<\/p>\n<p align=\"JUSTIFY\">Altres sectors de la federaci\u00f3 tamb\u00e9 han fet varies activitat reivindicatives a les seves poblacions sobre la tem\u00e0tica, \u00e9s el cas del projecte <a href=\"http:\/\/localitzat.org\/\" target=\"_blank\" rel=\"noopener noreferrer\">Localitza&#8217;t<\/a> que el 21 de maig va realitzar una <a href=\"https:\/\/directa.cat\/actualitat\/caus-esplais-de-barcelona-valles-demanen-reconeixement-locals-dignes\" target=\"_blank\" rel=\"noopener noreferrer\">nova activitat reivindicativa<\/a>, enguany amb la participaci\u00f3 d&#8217;alguns esplais del sector Vall\u00e9s.<\/p>\n<p align=\"JUSTIFY\"><a name=\"docs-internal-guid-23601480-52fc-7c10-43ff-81e7476b66ea\"><\/a> En veure les realitats de molts esplais us animem a compartir la vostra: quina gesti\u00f3 feu del vostre local? Pagueu lloguer? Quina relaci\u00f3 teniu amb els\/les propiet\u00e0ries? I en quines condicions? Quin \u00fas l\u2019hi doneu?<\/p>\n<p align=\"JUSTIFY\">\u00c9s clau con\u00e8ixer les realitats dels esplais per poder reivindicar all\u00f2 que creiem que \u00e9s necessari: apoderar-nos de l\u2019espai p\u00fablic, aconseguir que sigui un espai real de participaci\u00f3 i lleure i no pas un espai de pas. Creure la tasca educativa que duem a terme i la necessitat de tenir un espai-local de refer\u00e8ncia pels infants, joves, monis i fam\u00edlies que participen en el nostre projecte i que di a adia, el fem m\u00e9s gran i important.<\/p>\n<p align=\"JUSTIFY\"><span style=\"font-size: small;\"><br \/>\n<\/span><\/p>\n","protected":false},"excerpt":{"rendered":"<p>L\u2019esplai la Fera va realitzar una campanya reivindicativa per aconseguir [&hellip;]<\/p>\n","protected":false},"author":3,"featured_media":25038,"comment_status":"closed","ping_status":"open","sticky":false,"template":"","format":"standard","meta":{"om_disable_all_campaigns":false,"_monsterinsights_skip_tracking":false,"_monsterinsights_sitenote_active":false,"_monsterinsights_sitenote_note":"","_monsterinsights_sitenote_category":0,"_uf_show_specific_survey":0,"_uf_disable_surveys":false,"footnotes":""},"categories":[1110,1121,1137,1],"tags":[],"class_list":["post-25037","post","type-post","status-publish","format-standard","has-post-thumbnail","hentry","category-activitats-sectors","category-bones-practiques-2","category-sector-valles","category-sense-categoria"],"yoast_head":"<!-- This site is optimized with the Yoast SEO plugin v27.4 - https:\/\/yoast.com\/product\/yoast-seo-wordpress\/ -->\n<title>Bona Pr\u00e0ctica: &quot;La Fera dorm al carrer&quot; Campanya reivindicativa per un local - Esplac<\/title>\n<meta name=\"robots\" content=\"index, follow, max-snippet:-1, max-image-preview:large, max-video-preview:-1\" \/>\n<link rel=\"canonical\" href=\"https:\/\/www.esplac.cat\/bona-practica-la-fera-dorm-al-carrer-campanya-reivindicativa-per-un-local\/\" \/>\n<meta property=\"og:locale\" content=\"es_ES\" \/>\n<meta property=\"og:type\" content=\"article\" \/>\n<meta property=\"og:title\" content=\"Bona Pr\u00e0ctica: &quot;La Fera dorm al carrer&quot; Campanya reivindicativa per un local - Esplac\" \/>\n<meta property=\"og:description\" content=\"L\u2019esplai la Fera va realitzar una campanya reivindicativa per aconseguir [&hellip;]\" \/>\n<meta property=\"og:url\" content=\"https:\/\/www.esplac.cat\/bona-practica-la-fera-dorm-al-carrer-campanya-reivindicativa-per-un-local\/\" \/>\n<meta property=\"og:site_name\" content=\"Esplac\" \/>\n<meta property=\"article:published_time\" content=\"2016-06-22T08:37:30+00:00\" \/>\n<meta property=\"article:modified_time\" content=\"2019-10-15T16:16:41+00:00\" \/>\n<meta property=\"og:image\" content=\"https:\/\/www.esplac.cat\/wp-content\/uploads\/2016\/06\/20160622_FeraDormalCarrer_Web.jpg\" \/>\n\t<meta property=\"og:image:width\" content=\"847\" \/>\n\t<meta property=\"og:image:height\" content=\"350\" \/>\n\t<meta property=\"og:image:type\" content=\"image\/jpeg\" \/>\n<meta name=\"author\" content=\"Comunicaci\u00f3 Esplac\" \/>\n<meta name=\"twitter:card\" content=\"summary_large_image\" \/>\n<meta name=\"twitter:label1\" content=\"Escrito por\" \/>\n\t<meta name=\"twitter:data1\" content=\"Comunicaci\u00f3 Esplac\" \/>\n\t<meta name=\"twitter:label2\" content=\"Tiempo de lectura\" \/>\n\t<meta name=\"twitter:data2\" content=\"5 minutos\" \/>\n<script type=\"application\/ld+json\" class=\"yoast-schema-graph\">{\"@context\":\"https:\\\/\\\/schema.org\",\"@graph\":[{\"@type\":\"Article\",\"@id\":\"https:\\\/\\\/www.esplac.cat\\\/bona-practica-la-fera-dorm-al-carrer-campanya-reivindicativa-per-un-local\\\/#article\",\"isPartOf\":{\"@id\":\"https:\\\/\\\/www.esplac.cat\\\/bona-practica-la-fera-dorm-al-carrer-campanya-reivindicativa-per-un-local\\\/\"},\"author\":{\"name\":\"Comunicaci\u00f3 Esplac\",\"@id\":\"https:\\\/\\\/www.esplac.cat\\\/#\\\/schema\\\/person\\\/908383cf240be18b68f8855d0583faca\"},\"headline\":\"Bona Pr\u00e0ctica: \u00abLa Fera dorm al carrer\u00bb Campanya reivindicativa per un local\",\"datePublished\":\"2016-06-22T08:37:30+00:00\",\"dateModified\":\"2019-10-15T16:16:41+00:00\",\"mainEntityOfPage\":{\"@id\":\"https:\\\/\\\/www.esplac.cat\\\/bona-practica-la-fera-dorm-al-carrer-campanya-reivindicativa-per-un-local\\\/\"},\"wordCount\":1081,\"publisher\":{\"@id\":\"https:\\\/\\\/www.esplac.cat\\\/#organization\"},\"image\":{\"@id\":\"https:\\\/\\\/www.esplac.cat\\\/bona-practica-la-fera-dorm-al-carrer-campanya-reivindicativa-per-un-local\\\/#primaryimage\"},\"thumbnailUrl\":\"https:\\\/\\\/www.esplac.cat\\\/wp-content\\\/uploads\\\/2016\\\/06\\\/20160622_FeraDormalCarrer_Web.jpg\",\"articleSection\":[\"Activitats sectors\",\"Bones pr\u00e0ctiques\",\"Sector Vall\u00e8s\",\"Sense categoria\"],\"inLanguage\":\"es\"},{\"@type\":\"WebPage\",\"@id\":\"https:\\\/\\\/www.esplac.cat\\\/bona-practica-la-fera-dorm-al-carrer-campanya-reivindicativa-per-un-local\\\/\",\"url\":\"https:\\\/\\\/www.esplac.cat\\\/bona-practica-la-fera-dorm-al-carrer-campanya-reivindicativa-per-un-local\\\/\",\"name\":\"Bona Pr\u00e0ctica: \\\"La Fera dorm al carrer\\\" Campanya reivindicativa per un local - Esplac\",\"isPartOf\":{\"@id\":\"https:\\\/\\\/www.esplac.cat\\\/#website\"},\"primaryImageOfPage\":{\"@id\":\"https:\\\/\\\/www.esplac.cat\\\/bona-practica-la-fera-dorm-al-carrer-campanya-reivindicativa-per-un-local\\\/#primaryimage\"},\"image\":{\"@id\":\"https:\\\/\\\/www.esplac.cat\\\/bona-practica-la-fera-dorm-al-carrer-campanya-reivindicativa-per-un-local\\\/#primaryimage\"},\"thumbnailUrl\":\"https:\\\/\\\/www.esplac.cat\\\/wp-content\\\/uploads\\\/2016\\\/06\\\/20160622_FeraDormalCarrer_Web.jpg\",\"datePublished\":\"2016-06-22T08:37:30+00:00\",\"dateModified\":\"2019-10-15T16:16:41+00:00\",\"breadcrumb\":{\"@id\":\"https:\\\/\\\/www.esplac.cat\\\/bona-practica-la-fera-dorm-al-carrer-campanya-reivindicativa-per-un-local\\\/#breadcrumb\"},\"inLanguage\":\"es\",\"potentialAction\":[{\"@type\":\"ReadAction\",\"target\":[\"https:\\\/\\\/www.esplac.cat\\\/bona-practica-la-fera-dorm-al-carrer-campanya-reivindicativa-per-un-local\\\/\"]}]},{\"@type\":\"ImageObject\",\"inLanguage\":\"es\",\"@id\":\"https:\\\/\\\/www.esplac.cat\\\/bona-practica-la-fera-dorm-al-carrer-campanya-reivindicativa-per-un-local\\\/#primaryimage\",\"url\":\"https:\\\/\\\/www.esplac.cat\\\/wp-content\\\/uploads\\\/2016\\\/06\\\/20160622_FeraDormalCarrer_Web.jpg\",\"contentUrl\":\"https:\\\/\\\/www.esplac.cat\\\/wp-content\\\/uploads\\\/2016\\\/06\\\/20160622_FeraDormalCarrer_Web.jpg\",\"width\":847,\"height\":350},{\"@type\":\"BreadcrumbList\",\"@id\":\"https:\\\/\\\/www.esplac.cat\\\/bona-practica-la-fera-dorm-al-carrer-campanya-reivindicativa-per-un-local\\\/#breadcrumb\",\"itemListElement\":[{\"@type\":\"ListItem\",\"position\":1,\"name\":\"Inici\",\"item\":\"https:\\\/\\\/www.esplac.cat\\\/es\\\/\"},{\"@type\":\"ListItem\",\"position\":2,\"name\":\"Bona Pr\u00e0ctica: &#8220;La Fera dorm al carrer&#8221; Campanya reivindicativa per un local\"}]},{\"@type\":\"WebSite\",\"@id\":\"https:\\\/\\\/www.esplac.cat\\\/#website\",\"url\":\"https:\\\/\\\/www.esplac.cat\\\/\",\"name\":\"Esplac\",\"description\":\"Esplais Catalans\",\"publisher\":{\"@id\":\"https:\\\/\\\/www.esplac.cat\\\/#organization\"},\"potentialAction\":[{\"@type\":\"SearchAction\",\"target\":{\"@type\":\"EntryPoint\",\"urlTemplate\":\"https:\\\/\\\/www.esplac.cat\\\/?s={search_term_string}\"},\"query-input\":{\"@type\":\"PropertyValueSpecification\",\"valueRequired\":true,\"valueName\":\"search_term_string\"}}],\"inLanguage\":\"es\"},{\"@type\":\"Organization\",\"@id\":\"https:\\\/\\\/www.esplac.cat\\\/#organization\",\"name\":\"Esplac\",\"url\":\"https:\\\/\\\/www.esplac.cat\\\/\",\"logo\":{\"@type\":\"ImageObject\",\"inLanguage\":\"es\",\"@id\":\"https:\\\/\\\/www.esplac.cat\\\/#\\\/schema\\\/logo\\\/image\\\/\",\"url\":\"https:\\\/\\\/www.esplac.cat\\\/wp-content\\\/uploads\\\/2019\\\/08\\\/logox2.png\",\"contentUrl\":\"https:\\\/\\\/www.esplac.cat\\\/wp-content\\\/uploads\\\/2019\\\/08\\\/logox2.png\",\"width\":600,\"height\":295,\"caption\":\"Esplac\"},\"image\":{\"@id\":\"https:\\\/\\\/www.esplac.cat\\\/#\\\/schema\\\/logo\\\/image\\\/\"}},{\"@type\":\"Person\",\"@id\":\"https:\\\/\\\/www.esplac.cat\\\/#\\\/schema\\\/person\\\/908383cf240be18b68f8855d0583faca\",\"name\":\"Comunicaci\u00f3 Esplac\",\"image\":{\"@type\":\"ImageObject\",\"inLanguage\":\"es\",\"@id\":\"https:\\\/\\\/secure.gravatar.com\\\/avatar\\\/7a4cf8feb412a76ea4a740ca02d95b06b2907b5a6c648c2dd0a1082a093c3141?s=96&d=mm&r=g\",\"url\":\"https:\\\/\\\/secure.gravatar.com\\\/avatar\\\/7a4cf8feb412a76ea4a740ca02d95b06b2907b5a6c648c2dd0a1082a093c3141?s=96&d=mm&r=g\",\"contentUrl\":\"https:\\\/\\\/secure.gravatar.com\\\/avatar\\\/7a4cf8feb412a76ea4a740ca02d95b06b2907b5a6c648c2dd0a1082a093c3141?s=96&d=mm&r=g\",\"caption\":\"Comunicaci\u00f3 Esplac\"}}]}<\/script>\n<!-- \/ Yoast SEO plugin. -->","yoast_head_json":{"title":"Bona Pr\u00e0ctica: \"La Fera dorm al carrer\" Campanya reivindicativa per un local - Esplac","robots":{"index":"index","follow":"follow","max-snippet":"max-snippet:-1","max-image-preview":"max-image-preview:large","max-video-preview":"max-video-preview:-1"},"canonical":"https:\/\/www.esplac.cat\/bona-practica-la-fera-dorm-al-carrer-campanya-reivindicativa-per-un-local\/","og_locale":"es_ES","og_type":"article","og_title":"Bona Pr\u00e0ctica: \"La Fera dorm al carrer\" Campanya reivindicativa per un local - Esplac","og_description":"L\u2019esplai la Fera va realitzar una campanya reivindicativa per aconseguir [&hellip;]","og_url":"https:\/\/www.esplac.cat\/bona-practica-la-fera-dorm-al-carrer-campanya-reivindicativa-per-un-local\/","og_site_name":"Esplac","article_published_time":"2016-06-22T08:37:30+00:00","article_modified_time":"2019-10-15T16:16:41+00:00","og_image":[{"width":847,"height":350,"url":"https:\/\/www.esplac.cat\/wp-content\/uploads\/2016\/06\/20160622_FeraDormalCarrer_Web.jpg","type":"image\/jpeg"}],"author":"Comunicaci\u00f3 Esplac","twitter_card":"summary_large_image","twitter_misc":{"Escrito por":"Comunicaci\u00f3 Esplac","Tiempo de lectura":"5 minutos"},"schema":{"@context":"https:\/\/schema.org","@graph":[{"@type":"Article","@id":"https:\/\/www.esplac.cat\/bona-practica-la-fera-dorm-al-carrer-campanya-reivindicativa-per-un-local\/#article","isPartOf":{"@id":"https:\/\/www.esplac.cat\/bona-practica-la-fera-dorm-al-carrer-campanya-reivindicativa-per-un-local\/"},"author":{"name":"Comunicaci\u00f3 Esplac","@id":"https:\/\/www.esplac.cat\/#\/schema\/person\/908383cf240be18b68f8855d0583faca"},"headline":"Bona Pr\u00e0ctica: \u00abLa Fera dorm al carrer\u00bb Campanya reivindicativa per un local","datePublished":"2016-06-22T08:37:30+00:00","dateModified":"2019-10-15T16:16:41+00:00","mainEntityOfPage":{"@id":"https:\/\/www.esplac.cat\/bona-practica-la-fera-dorm-al-carrer-campanya-reivindicativa-per-un-local\/"},"wordCount":1081,"publisher":{"@id":"https:\/\/www.esplac.cat\/#organization"},"image":{"@id":"https:\/\/www.esplac.cat\/bona-practica-la-fera-dorm-al-carrer-campanya-reivindicativa-per-un-local\/#primaryimage"},"thumbnailUrl":"https:\/\/www.esplac.cat\/wp-content\/uploads\/2016\/06\/20160622_FeraDormalCarrer_Web.jpg","articleSection":["Activitats sectors","Bones pr\u00e0ctiques","Sector Vall\u00e8s","Sense categoria"],"inLanguage":"es"},{"@type":"WebPage","@id":"https:\/\/www.esplac.cat\/bona-practica-la-fera-dorm-al-carrer-campanya-reivindicativa-per-un-local\/","url":"https:\/\/www.esplac.cat\/bona-practica-la-fera-dorm-al-carrer-campanya-reivindicativa-per-un-local\/","name":"Bona Pr\u00e0ctica: \"La Fera dorm al carrer\" Campanya reivindicativa per un local - Esplac","isPartOf":{"@id":"https:\/\/www.esplac.cat\/#website"},"primaryImageOfPage":{"@id":"https:\/\/www.esplac.cat\/bona-practica-la-fera-dorm-al-carrer-campanya-reivindicativa-per-un-local\/#primaryimage"},"image":{"@id":"https:\/\/www.esplac.cat\/bona-practica-la-fera-dorm-al-carrer-campanya-reivindicativa-per-un-local\/#primaryimage"},"thumbnailUrl":"https:\/\/www.esplac.cat\/wp-content\/uploads\/2016\/06\/20160622_FeraDormalCarrer_Web.jpg","datePublished":"2016-06-22T08:37:30+00:00","dateModified":"2019-10-15T16:16:41+00:00","breadcrumb":{"@id":"https:\/\/www.esplac.cat\/bona-practica-la-fera-dorm-al-carrer-campanya-reivindicativa-per-un-local\/#breadcrumb"},"inLanguage":"es","potentialAction":[{"@type":"ReadAction","target":["https:\/\/www.esplac.cat\/bona-practica-la-fera-dorm-al-carrer-campanya-reivindicativa-per-un-local\/"]}]},{"@type":"ImageObject","inLanguage":"es","@id":"https:\/\/www.esplac.cat\/bona-practica-la-fera-dorm-al-carrer-campanya-reivindicativa-per-un-local\/#primaryimage","url":"https:\/\/www.esplac.cat\/wp-content\/uploads\/2016\/06\/20160622_FeraDormalCarrer_Web.jpg","contentUrl":"https:\/\/www.esplac.cat\/wp-content\/uploads\/2016\/06\/20160622_FeraDormalCarrer_Web.jpg","width":847,"height":350},{"@type":"BreadcrumbList","@id":"https:\/\/www.esplac.cat\/bona-practica-la-fera-dorm-al-carrer-campanya-reivindicativa-per-un-local\/#breadcrumb","itemListElement":[{"@type":"ListItem","position":1,"name":"Inici","item":"https:\/\/www.esplac.cat\/es\/"},{"@type":"ListItem","position":2,"name":"Bona Pr\u00e0ctica: &#8220;La Fera dorm al carrer&#8221; Campanya reivindicativa per un local"}]},{"@type":"WebSite","@id":"https:\/\/www.esplac.cat\/#website","url":"https:\/\/www.esplac.cat\/","name":"Esplac","description":"Esplais Catalans","publisher":{"@id":"https:\/\/www.esplac.cat\/#organization"},"potentialAction":[{"@type":"SearchAction","target":{"@type":"EntryPoint","urlTemplate":"https:\/\/www.esplac.cat\/?s={search_term_string}"},"query-input":{"@type":"PropertyValueSpecification","valueRequired":true,"valueName":"search_term_string"}}],"inLanguage":"es"},{"@type":"Organization","@id":"https:\/\/www.esplac.cat\/#organization","name":"Esplac","url":"https:\/\/www.esplac.cat\/","logo":{"@type":"ImageObject","inLanguage":"es","@id":"https:\/\/www.esplac.cat\/#\/schema\/logo\/image\/","url":"https:\/\/www.esplac.cat\/wp-content\/uploads\/2019\/08\/logox2.png","contentUrl":"https:\/\/www.esplac.cat\/wp-content\/uploads\/2019\/08\/logox2.png","width":600,"height":295,"caption":"Esplac"},"image":{"@id":"https:\/\/www.esplac.cat\/#\/schema\/logo\/image\/"}},{"@type":"Person","@id":"https:\/\/www.esplac.cat\/#\/schema\/person\/908383cf240be18b68f8855d0583faca","name":"Comunicaci\u00f3 Esplac","image":{"@type":"ImageObject","inLanguage":"es","@id":"https:\/\/secure.gravatar.com\/avatar\/7a4cf8feb412a76ea4a740ca02d95b06b2907b5a6c648c2dd0a1082a093c3141?s=96&d=mm&r=g","url":"https:\/\/secure.gravatar.com\/avatar\/7a4cf8feb412a76ea4a740ca02d95b06b2907b5a6c648c2dd0a1082a093c3141?s=96&d=mm&r=g","contentUrl":"https:\/\/secure.gravatar.com\/avatar\/7a4cf8feb412a76ea4a740ca02d95b06b2907b5a6c648c2dd0a1082a093c3141?s=96&d=mm&r=g","caption":"Comunicaci\u00f3 Esplac"}}]}},"_links":{"self":[{"href":"https:\/\/www.esplac.cat\/es\/wp-json\/wp\/v2\/posts\/25037","targetHints":{"allow":["GET"]}}],"collection":[{"href":"https:\/\/www.esplac.cat\/es\/wp-json\/wp\/v2\/posts"}],"about":[{"href":"https:\/\/www.esplac.cat\/es\/wp-json\/wp\/v2\/types\/post"}],"author":[{"embeddable":true,"href":"https:\/\/www.esplac.cat\/es\/wp-json\/wp\/v2\/users\/3"}],"replies":[{"embeddable":true,"href":"https:\/\/www.esplac.cat\/es\/wp-json\/wp\/v2\/comments?post=25037"}],"version-history":[{"count":0,"href":"https:\/\/www.esplac.cat\/es\/wp-json\/wp\/v2\/posts\/25037\/revisions"}],"wp:featuredmedia":[{"embeddable":true,"href":"https:\/\/www.esplac.cat\/es\/wp-json\/wp\/v2\/media\/25038"}],"wp:attachment":[{"href":"https:\/\/www.esplac.cat\/es\/wp-json\/wp\/v2\/media?parent=25037"}],"wp:term":[{"taxonomy":"category","embeddable":true,"href":"https:\/\/www.esplac.cat\/es\/wp-json\/wp\/v2\/categories?post=25037"},{"taxonomy":"post_tag","embeddable":true,"href":"https:\/\/www.esplac.cat\/es\/wp-json\/wp\/v2\/tags?post=25037"}],"curies":[{"name":"wp","href":"https:\/\/api.w.org\/{rel}","templated":true}]}}